{"id":55966,"date":"2020-05-04T10:01:52","date_gmt":"2020-05-04T07:01:52","guid":{"rendered":"https:\/\/tautastribunals.eu\/?p=55966"},"modified":"2020-05-04T10:01:52","modified_gmt":"2020-05-04T07:01:52","slug":"tautasvarasfronte-protams-ka-4-maija-vdd-viltus-cinitaji","status":"publish","type":"post","link":"https:\/\/tautastribunals.eu\/?p=55966","title":{"rendered":"TautasVarasFronte ? Protams, ka 4. maija VDD viltus &#8220;c\u012bn\u012bt\u0101ji&#8221;!"},"content":{"rendered":"\n<figure class=\"wp-block-image\"><img decoding=\"async\" loading=\"lazy\" width=\"800\" height=\"116\" src=\"https:\/\/tautastribunals.eu\/wp-content\/uploads\/2020\/05\/L.Granti\u0146\u0161.J.Z\u012bvertsBord\u0101nsBut\u0101nsLRTT-1-800x116.png\" alt=\"\" class=\"wp-image-55995\" srcset=\"https:\/\/tautastribunals.eu\/wp-content\/uploads\/2020\/05\/L.Granti\u0146\u0161.J.Z\u012bvertsBord\u0101nsBut\u0101nsLRTT-1-800x116.png 800w, https:\/\/tautastribunals.eu\/wp-content\/uploads\/2020\/05\/L.Granti\u0146\u0161.J.Z\u012bvertsBord\u0101nsBut\u0101nsLRTT-1-300x44.png 300w, https:\/\/tautastribunals.eu\/wp-content\/uploads\/2020\/05\/L.Granti\u0146\u0161.J.Z\u012bvertsBord\u0101nsBut\u0101nsLRTT-1-768x112.png 768w, https:\/\/tautastribunals.eu\/wp-content\/uploads\/2020\/05\/L.Granti\u0146\u0161.J.Z\u012bvertsBord\u0101nsBut\u0101nsLRTT-1.png 1073w\" sizes=\"(max-width: 800px) 100vw, 800px\" \/><\/figure>\n\n\n\n<figure class=\"wp-block-image\"><img decoding=\"async\" loading=\"lazy\" width=\"785\" height=\"356\" src=\"https:\/\/tautastribunals.eu\/wp-content\/uploads\/2020\/05\/grafik-1.png\" alt=\"\" class=\"wp-image-55991\" srcset=\"https:\/\/tautastribunals.eu\/wp-content\/uploads\/2020\/05\/grafik-1.png 785w, https:\/\/tautastribunals.eu\/wp-content\/uploads\/2020\/05\/grafik-1-300x136.png 300w, https:\/\/tautastribunals.eu\/wp-content\/uploads\/2020\/05\/grafik-1-768x348.png 768w\" sizes=\"(max-width: 785px) 100vw, 785px\" \/><figcaption><strong>Foto:<em> Pareizie d\u017eeki ! Visi ar meln\u0101m brill\u0113m, ka jau tas pie band\u012btiem pie\u0146emts !<\/em><\/strong><\/figcaption><\/figure>\n\n\n\n<p style=\"background-color:#12533b\" class=\"has-text-color has-background has-medium-font-size has-very-light-gray-color\"><strong>TautasVarasFronte<\/strong>&#8211; m\u016bsu tautas slepkavu rad\u012bts \u0101kstu bars<\/p>\n\n\n\n<p style=\"font-size:14px\" class=\"has-background has-very-light-gray-background-color\">Kas tad bija tie, kuri p\u0113c <strong>Borovkova &amp; \u0122ir\u0123ena &amp; Me\u017evieta<\/strong><em>(b\u016bt\u012bb\u0101 p\u0113c valdo\u0161\u0101s kli\u0137es pav\u0113les)<\/em> pav\u0113les<strong> 1. MAIJ\u0100<\/strong> \u0101kst\u012bj\u0101s pie <strong>Br\u012bv\u012bbas Pieminek\u013ca<\/strong> ar<strong> Latvijas karogu <\/strong>un bauroja <strong>Latvijas HIMNU<\/strong> ? <\/p>\n\n\n\n<p style=\"font-size:14px\" class=\"has-background has-very-light-gray-background-color\"> <strong>T<\/strong>autas<strong>V<\/strong>aras<strong>F<\/strong>rontisti<strong> <\/strong>ir nekas cits, k\u0101 veco \u010dekistu rad\u012bts &#8220;<strong>produkts<\/strong>&#8220;, gaisa jauc\u0113ji tiem, kuri v\u0113l\u0113tos patiesi uzst\u0101ties pret \u0161odiens <strong>4. maija \u010dekistu bandas kli\u0137i<\/strong>, kura laupa un slepkavo bez sirdsapzin\u0101s p\u0101rmetumiem. <\/p>\n\n\n\n<p style=\"font-size:14px\" class=\"has-background has-light-green-cyan-background-color\"><a href=\"https:\/\/www.facebook.com\/kasis.kasis.96780?comment_id=Y29tbWVudDo2OTcyMjAyNTc3NTYwNDVfNjk3NTU0ODE0Mzg5MjU2\"><strong>Kaspars Kuncis<\/strong><\/a><strong> <\/strong><em>\u0160o  grupejumu,veidojumu(nosac\u012bti) izveidoja krem\u013ca a\u0123ent\u016bra. Es tie\u0161i \u0161\u012bs  biedr\u012bbas tap\u0161anas br\u012bd\u012b run\u0101u ar Jerem\u0113juvu un da\u017eu min\u016b\u0161u laik\u0101 k\u013cuva  skaidrs,ka tas ir krem\u013ca projekts. Vi\u0146i aicina boikot\u0113t  jebkuras v\u0113l\u0113\u0161anas labi zinot,ka latvie\u0161i var neaiziet, bet &#8220;russkij  mir&#8221; p\u0101rst\u0101vji skries. Jau redzams, ka vi\u0146u aktivit\u0101\u0161u rezult\u0101t\u0101 ir EP  iek\u013cuvu\u0161i kremlim labv\u0113l\u012bgi tip\u0101\u017ei. No vi\u0146u puses notiek  patst\u0101v\u012bgas provok\u0101cijas. Akcijas pie MK, kur patst\u0101v\u012bgi tika veiktas  da\u017e\u0101da veida s\u012bkas provok\u0101cijas, no \u0161o biedru puses. Sav\u0101s rind\u0101s vi\u0146i iek\u013cau,\u013coti aprobe\u017eotu publiku, alkoholi\u0137us, cilv\u0113kus bez patst\u0101v\u012bgas  dz\u012bves vietas, drogu lietot\u0101jus, muslimus pat iesp\u0113jams noziedznieki. Sniedz intervijas &#8220;sput\u0146ik&#8221; krem\u013ca propagondoniem. \u0160is ir \u013coti l\u012bdz\u012bgs \u017eidanokas veidojumam,tik vilt\u012bg\u0101ks,ar apsl\u0113ptu m\u0113r\u0137i <\/em><\/p>\n\n\n\n<p><\/p>\n\n\n\n<p><\/p>\n\n\n\n<p><\/p>\n\n\n\n<p style=\"font-size:14px\" class=\"has-background has-light-green-cyan-background-color\"><a href=\"https:\/\/www.facebook.com\/linard.grantins?comment_id=Y29tbWVudDoyNTcwMjQyMDU5OTU5OTg1XzI1NzAyODA1Mzk5NTYxMzc%3D\"><strong>Linard Grantins<\/strong><\/a><strong> <\/strong> Tas viss ir <strong> A. Borovkova<\/strong> kantora<em>(VDK)<\/em> rad\u012bts te\u0101tris ! Ja tas neb\u016btu te\u0101tris, tad  policisti uz \u0161iem p\u0101ris \u0101kstiem neb\u016btu rea\u0123\u0113ju\u0161i, jo neviens ta\u010du vi\u0146us  neiev\u0113roja !!! Bet, t\u0101 k\u0101 tas bija <strong>TE\u0100TRIS<\/strong>, tad uzrad\u0101s gan <strong>policija,<\/strong> gan <strong>\u017eurn\u0101listi.<\/strong>.. . Tie\u0161i prokrievisk\u0101 policija vi\u0146us patais\u012bja par  <strong>&#8220;disidentiem&#8221;<\/strong> !!! <\/p>\n\n\n\n<p style=\"font-size:14px\" class=\"has-background has-very-light-gray-background-color\">\u0160eit m\u0113s sastopamies ar viena no <strong>TVF<\/strong> akt\u012bvista <strong>M\u0101ra B\u0113rzi\u0146a <\/strong>politisk\u0101s &#8220;<strong>apzi\u0146as matricu<\/strong>&#8220;, kur vi\u0146\u0161 mums liek \u0146emt par piem\u0113ru<strong> V.V. Putina<\/strong> <strong>&#8220;r\u016bpes par tautu&#8221;<\/strong> ! Saprotam\u0101k jau vairs nav iesp\u0113jams pateikt, kuram saimniekam vi\u0146\u0161 kalpo. Visa t\u0101 jezga notika ar okupantu valodas l\u012bdzdal\u012bbu. Vi\u0146a <strong>Feisbuks <\/strong>pies\u0101tin\u0101ts ar<strong> okupantu valodu un sadarb\u012bbu ar vi\u0146iem<\/strong> !!!<\/p>\n\n\n\n<figure class=\"wp-block-image\"><img decoding=\"async\" loading=\"lazy\" width=\"800\" height=\"514\" src=\"https:\/\/tautastribunals.eu\/wp-content\/uploads\/2020\/05\/grafik-2-800x514.png\" alt=\"\" class=\"wp-image-56002\" srcset=\"https:\/\/tautastribunals.eu\/wp-content\/uploads\/2020\/05\/grafik-2-800x514.png 800w, https:\/\/tautastribunals.eu\/wp-content\/uploads\/2020\/05\/grafik-2-300x193.png 300w, https:\/\/tautastribunals.eu\/wp-content\/uploads\/2020\/05\/grafik-2-768x493.png 768w, https:\/\/tautastribunals.eu\/wp-content\/uploads\/2020\/05\/grafik-2.png 917w\" sizes=\"(max-width: 800px) 100vw, 800px\" \/><figcaption><strong>Foto:<\/strong> <em><strong>No t\u0101 br\u012b\u017ea, M\u0101ri B\u0113rzi\u0146, kad Tu nosauci amerik\u0101\u0146us par pindosiem, es sapratu, ka esi provokators <\/strong>!<strong> Tu esi nodevis visu, gan Dzimteni, gan Gintu, gan savu m\u0101ti, sevi un pat savas apak\u0161bikses. Tu esi k\u013cuvis par apsmieklu cilv\u0113ku ac\u012bs&#8230; !<\/strong><\/em><strong><em> Tu esi k\u013cuvis par kalpu- k\u0101jslau\u0137i tiem, pret kurim Tu it k\u0101 c\u012bnies !<\/em><\/strong><\/figcaption><\/figure>\n\n\n\n<figure class=\"wp-block-image\"><img decoding=\"async\" loading=\"lazy\" width=\"800\" height=\"279\" src=\"https:\/\/tautastribunals.eu\/wp-content\/uploads\/2020\/05\/grafik-800x279.png\" alt=\"\" class=\"wp-image-55988\" srcset=\"https:\/\/tautastribunals.eu\/wp-content\/uploads\/2020\/05\/grafik-800x279.png 800w, https:\/\/tautastribunals.eu\/wp-content\/uploads\/2020\/05\/grafik-300x105.png 300w, https:\/\/tautastribunals.eu\/wp-content\/uploads\/2020\/05\/grafik-768x268.png 768w, https:\/\/tautastribunals.eu\/wp-content\/uploads\/2020\/05\/grafik.png 1278w\" sizes=\"(max-width: 800px) 100vw, 800px\" \/><figcaption> <a href=\"https:\/\/www.facebook.com\/watch\/live\/?v=577963209487248\">https:\/\/www.facebook.com\/watch\/live\/?v=577963209487248<\/a> <\/figcaption><\/figure>\n\n\n\n<p style=\"font-size:14px\" class=\"has-background has-light-green-cyan-background-color\"><a href=\"https:\/\/www.facebook.com\/maris.berzins.779?__tn__=%2CdC-R-R&amp;eid=ARCOtbpZnA8nRNGkDYS6RjJTZPL1iqf9jzX9fLxMiPq-PD_J-OcZXwSMalrwEBKBl2EpGuaC82Oh0c1W&amp;hc_ref=ARQpsN4pAK1zunc796FPqPkLt3QnDdmoGG4Q88ioa82m0-SDIi708m8ZpBKJrWxlG9U&amp;fref=nf\"><strong>M\u0101ris B\u0113rzi\u0146\u0161<\/strong><\/a><strong> <\/strong><em>Neesmu  P\u016b\u0137a vai Krievijas fans. Ne tuvu. Bet man piem\u012bt kritisk\u0101 dom\u0101\u0161ana. Nu  k\u0101d\u0113\u013c man j\u0101priec\u0101jas, ka k\u0101dai citai valstij ir re\u0101ls prezidents.  Vienalga, cik no pateikt\u0101 tiks izdar\u012bts. M\u016bs\u0113jais pat pateicis nav. Pat  no\u0161\u0137aud\u012bjies cilv\u0113ku, tautas virzien\u0101. Tikai t\u0101da v\u0101vu\u013co\u0161ana, k\u0101 nu m\u0113s  biznesu atbalst\u012bsim. Bet cilv\u0113kiem j\u0101dz\u012bvo, \u0161odien, r\u012bt. M\u0113s te nu jau  divus miljardus, bet kur? Pietuvin\u0101to bedr\u0113? Bezidiben\u012b, ja b\u016bsim  prec\u012bzi. K\u0101d\u0113\u013c Egils Levits ner\u016bp\u0113jas par cilv\u0113kiem, bet tikai muld  (piedo\u0161anu) par kaut k\u0101du pal\u012bdz\u012bbu uz\u0146\u0113mumiem? Egils Levits  noklausaties \u0161o runu, Jums tur daudz ko m\u0101c\u012bties. P.S. Neesmu krem\u013ca  trollis, neesmu apmaks\u0101ts RU a\u0123ents, man vienk\u0101r\u0161i kauns par Latviju,  par valsti, kuru m\u012blu, par kuru ar\u012b dz\u012bv\u012bbu ziedotu, bet ne jau par  \u0161it\u0101du prezidentu, piedodiet, bet manu cie\u0146u peln\u012bjis neesat.<\/em><\/p>\n\n\n\n<p class=\"has-text-color has-background has-medium-font-size has-very-light-gray-color has-very-dark-gray-background-color\">\u0160eit m\u0113s varam uzzin\u0101t par<strong> TVF<\/strong>rontie\u0161a<strong> A. R. K\u013cimovi\u010da<\/strong> dz\u012bves izpratni<\/p>\n\n\n\n<figure class=\"wp-block-image is-resized\"><img decoding=\"async\" loading=\"lazy\" src=\"https:\/\/tautastribunals.eu\/wp-content\/uploads\/2020\/05\/grafik-3.png\" alt=\"\" class=\"wp-image-56007\" width=\"665\" height=\"456\" srcset=\"https:\/\/tautastribunals.eu\/wp-content\/uploads\/2020\/05\/grafik-3.png 616w, https:\/\/tautastribunals.eu\/wp-content\/uploads\/2020\/05\/grafik-3-300x206.png 300w\" sizes=\"(max-width: 665px) 100vw, 665px\" \/><figcaption><strong>FOTO:<\/strong><em><strong> Latvijas Tiesiskuma p\u0101rst\u0101vis- Ahmeds Roberts K\u013cimovi\u010ds !!!<\/strong><\/em><\/figcaption><\/figure>\n\n\n\n<p style=\"font-size:14px\" class=\"has-background has-light-green-cyan-background-color\"> <em>&#8220;Ja sieviete tiek kr\u0101pta vai pati kr\u0101pj, tad t\u0101 ir vi\u0146as pa\u0161as atbild\u012bba, uzskata <\/em><strong><em>Ahmeds Roberts Klimovi\u010ds<\/em><\/strong><em> !&#8221;   &#8220;T\u0101pat <\/em><strong><em>Klimovi\u010ds <\/em><\/strong><em>uzskata, ka sievietei nedr\u012bkst b\u016bt br\u012bv\u012bbas visp\u0101r  nek\u0101das. Vi\u0146ai ir j\u0101b\u016bt stingriem noteikumiem, bet tie noteikumi  sievietei un v\u012brietim at\u0161\u0137iras.&#8221; &#8221; Re\u017eisors, producents un publicists <\/em><strong><em>Roberts Klimovi\u010ds<\/em><\/strong><em> uzskata, ka  latviet\u0113m vajadz\u0113tu prec\u0113ties tikai ar isl\u0101ma tic\u012bgajiem v\u012brie\u0161iem,  savuk\u0101rt pa\u0161iem muslimiem vi\u0146\u0161 neiesaka ar latviet\u0113m prec\u0113ties.&#8221; &#8220;Mana sieva ir tik br\u012bni\u0161\u0137\u012bga un laba attiec\u012bb\u0101 pret mani, ka&#8230; J\u0101, es  saprotu, ka man vi\u0146u vajadz\u0113tu t\u0101pat p\u0113rt&#8230;&#8221; raid\u012bjum\u0101 &#8220;Sieviete.  Person\u012bgi&#8221; st\u0101sta isl\u0101mtic\u012bgais re\u017eisors Roberts Klimovi\u010ds.&#8221; <\/em><\/p>\n\n\n\n<p style=\"font-size:14px\" class=\"has-background has-light-green-cyan-background-color\"><strong><em>Roberts Klimovi\u010ds: <\/em><\/strong><em>Steidz\u012bt, latvietis, baltais,  p\u016bkainais, \u0137eng\u0101, nodod, no\u0161auj, apzog, citu balto p\u016bkaino. At\u0161\u0137ir\u012bb\u0101 no  nebalt\u0101 nelatvie\u0161a, vi\u0146\u0161 to dara ar Dievs sv\u0113t\u012b Latviju uz l\u016bp\u0101m. Tas  viss. V\u0113lu veiksmes latviet\u012bb\u0101, bet palieku cilv\u0113c\u012bb\u0101. <\/em><\/p>\n\n\n\n<p style=\"font-size:14px\" class=\"has-background has-very-light-gray-background-color\"><strong>LRTT.<\/strong> Redz&#8217; tikai, k\u0101ds ir latvietis<em>(jebrejs no t\u0113va puses) <\/em><strong>Ahmeda Roberta K\u013cimovi\u010da <\/strong>ac\u012bs !!! Kuras sektas p\u0101rst\u0101vjiem \u0161is teiktais ir k\u0101 medusmaize mu\u0161\u0101m, tas nav gr\u016bti uzmin\u0113t, jo pabija ta\u010du<strong> Izra\u0113l\u0101 <\/strong>attiecigajos kursos !!! Un pareizi<strong> Kaspars Kunc\u012btis<\/strong> saka: <em>&#8220;Sav\u0101s rind\u0101s vi\u0146i iek\u013cau, \u013coti aprobe\u017eotu publiku, alkoholi\u0137us,  cilv\u0113kus bez patst\u0101v\u012bgas  dz\u012bves vietas, drogu lietot\u0101jus, muslimus pat  iesp\u0113jams noziedznieki.<\/em>&#8221; T\u0101 teikt: <strong>&#8220;Krievu pasaules&#8221;<\/strong> kontingents !<\/p>\n\n\n\n<p style=\"font-size:17px\" class=\"has-text-color has-background has-very-light-gray-color has-very-dark-gray-background-color\">\u0160aj\u0101 video m\u0113s redzam, k\u0101 \u0161ie provokatori dikredit\u0113 m\u016bsu &#8220;VELNA KALPUS&#8221; !<\/p>\n\n\n\n<figure class=\"wp-block-embed-facebook wp-block-embed is-type-video is-provider-facebook\"><div class=\"wp-block-embed__wrapper\">\n<div id=\"fb-root\"><\/div><script async=\"1\" defer=\"1\" crossorigin=\"anonymous\" src=\"https:\/\/connect.facebook.net\/de_DE\/sdk.js#xfbml=1&amp;version=v6.0\"><\/script><div class=\"fb-video\" data-href=\"https:\/\/www.facebook.com\/roberts.raimo\/videos\/3959692507404522\/?comment_id=3960142304026209&amp;reply_comment_id=3961967903843649&amp;notif_id=1588488573477296&amp;notif_t=comment_mention\" data-width=\"500\"><blockquote cite=\"https:\/\/www.facebook.com\/roberts.raimo\/videos\/3959692507404522\/\" class=\"fb-xfbml-parse-ignore\"><a href=\"https:\/\/www.facebook.com\/roberts.raimo\/videos\/3959692507404522\/\"><\/a><p><\/p>Gepostet von <a href=\"https:\/\/www.facebook.com\/roberts.raimo\">Roberts Raimo<\/a> am Samstag, 2. Mai 2020<\/blockquote><\/div>\n<\/div><\/figure>\n\n\n\n<p>04.05.20               L. Granti\u0146\u0161<\/p>\n","protected":false},"excerpt":{"rendered":"<p>TautasVarasFronte&#8211; m\u016bsu tautas slepkavu rad\u012bts \u0101kstu bars Kas tad bija tie, kuri p\u0113c Borovkova &amp; \u0122ir\u0123ena &amp; Me\u017evieta(b\u016bt\u012bb\u0101 p\u0113c valdo\u0161\u0101s kli\u0137es pav\u0113les) pav\u0113les 1. MAIJ\u0100 \u0101kst\u012bj\u0101s pie Br\u012bv\u012bbas Pieminek\u013ca ar Latvijas karogu un bauroja&#46;&#46;&#46;<\/p>\n","protected":false},"author":1,"featured_media":0,"comment_status":"open","ping_status":"open","sticky":false,"template":"","format":"standard","meta":[],"categories":[1],"tags":[],"_links":{"self":[{"href":"https:\/\/tautastribunals.eu\/index.php?rest_route=\/wp\/v2\/posts\/55966"}],"collection":[{"href":"https:\/\/tautastribunals.eu\/index.php?rest_route=\/wp\/v2\/posts"}],"about":[{"href":"https:\/\/tautastribunals.eu\/index.php?rest_route=\/wp\/v2\/types\/post"}],"author":[{"embeddable":true,"href":"https:\/\/tautastribunals.eu\/index.php?rest_route=\/wp\/v2\/users\/1"}],"replies":[{"embeddable":true,"href":"https:\/\/tautastribunals.eu\/index.php?rest_route=%2Fwp%2Fv2%2Fcomments&post=55966"}],"version-history":[{"count":27,"href":"https:\/\/tautastribunals.eu\/index.php?rest_route=\/wp\/v2\/posts\/55966\/revisions"}],"predecessor-version":[{"id":56021,"href":"https:\/\/tautastribunals.eu\/index.php?rest_route=\/wp\/v2\/posts\/55966\/revisions\/56021"}],"wp:attachment":[{"href":"https:\/\/tautastribunals.eu\/index.php?rest_route=%2Fwp%2Fv2%2Fmedia&parent=55966"}],"wp:term":[{"taxonomy":"category","embeddable":true,"href":"https:\/\/tautastribunals.eu\/index.php?rest_route=%2Fwp%2Fv2%2Fcategories&post=55966"},{"taxonomy":"post_tag","embeddable":true,"href":"https:\/\/tautastribunals.eu\/index.php?rest_route=%2Fwp%2Fv2%2Ftags&post=55966"}],"curies":[{"name":"wp","href":"https:\/\/api.w.org\/{rel}","templated":true}]}}