{"id":55961,"date":"2020-05-02T12:07:39","date_gmt":"2020-05-02T09:07:39","guid":{"rendered":"https:\/\/tautastribunals.eu\/?p=55961"},"modified":"2020-05-02T12:10:32","modified_gmt":"2020-05-02T09:10:32","slug":"v-freimantals-lr-prezidenti-uzsplauj-likumiem","status":"publish","type":"post","link":"https:\/\/tautastribunals.eu\/?p=55961","title":{"rendered":"V. Freimant\u0101ls. LR prezidenti uzsp\u013cauj LIKUMIEM !"},"content":{"rendered":"\n<figure class=\"wp-block-image\"><img decoding=\"async\" loading=\"lazy\" width=\"744\" height=\"211\" src=\"https:\/\/tautastribunals.eu\/wp-content\/uploads\/2019\/10\/Valdis-Freimant\u0101lsL.Granti\u0146\u0161.LRTT3_-1.png\" alt=\"\" class=\"wp-image-53210\" srcset=\"https:\/\/tautastribunals.eu\/wp-content\/uploads\/2019\/10\/Valdis-Freimant\u0101lsL.Granti\u0146\u0161.LRTT3_-1.png 744w, https:\/\/tautastribunals.eu\/wp-content\/uploads\/2019\/10\/Valdis-Freimant\u0101lsL.Granti\u0146\u0161.LRTT3_-1-300x85.png 300w\" sizes=\"(max-width: 744px) 100vw, 744px\" \/><\/figure>\n\n\n\n<p style=\"background-color:#245e49\" class=\"has-text-color has-background has-large-font-size has-very-light-gray-color\">Atbilde Armandam<\/p>\n\n\n\n<p>Ko bl\u0113\u0146as run\u0101 Armand !<\/p>\n\n\n\n<p>Tautai nebija ne maz\u0101k\u0101 iesp\u0113ja\nnokrat\u012bt komunistu un \u010dekistu varu \u2013 jo vi\u0146i ne uz mirkli nav izlaidu\u0161i no\nrokam varas zizli!<\/p>\n\n\n\n<p>Tie bija tikai se\u0161i m\u0113ne\u0161i, kad <strong>R\u012bgas\nLatvie\u0161u Biedr\u012bb\u0101<\/strong> pulc\u0113jas patiesie <strong>Latvijas patrioti<\/strong>, kuri izdar\u012bja\nneticamu varo\u0146darbu \u2013 atrada un atjaunoja <strong>R\u012bgas Latvie\u0161u Biedr\u012bbas<\/strong>\nlikum\u012bgos 1938. gada <em>(NOSLEPENOTOS)<\/em> stat\u016btus un 18. j\u016blija kopsapulc\u0113\ntos likum\u012bgi atjaunoja balsojot. (Kopsapulce un balso\u0161ana notika M\u0101mu\u013c\u0101, R\u012bg\u0101,\nMer\u0137e\u013ca iel\u0101 13.)<\/p>\n\n\n\n<p>\u0160is notikums latvie\u0161u tautas dz\u012bv\u0113 ir ne maz\u0101k svar\u012bgs k\u0101 <strong>Helsinku 86 <\/strong>cilv\u0113kties\u012bbu aizst\u0101v\u012bbas grupas rad\u012b\u0161ana ! <em>(Jo uzskat\u0101ms par lo\u0123isku latvie\u0161u tautas APZIN\u0100TU Latvijas valsts likumu un trad\u012bciju atjauno\u0161anu p\u0113c ilg\u0101s un posto\u0161\u0101s<\/em> komunistu un \u010dekistu okup\u0101cijas.)<\/p>\n\n\n\n<p>Tautai nebija vairs nek\u0101du iesp\u0113ju\npulc\u0113ties un lemt par komunistu varas nokrat\u012b\u0161anu kop\u0161 1993. gada 18. febru\u0101ra\nnakts <strong>\u201eLatvijas ce\u013ca\u201c<\/strong> organiz\u0113t\u0101 pretlatvisk\u0101 pu\u010da.. <em>(Gotfr\u012bds\nKellers \u0161o v\u0101rdu ieviesa \u201e(putch)\u201c politisk\u0101 noz\u012bm\u0113 V\u0101cij\u0101 19.gadsimt\u0101). <\/em><\/p>\n\n\n\n<p>P\u0113c <strong>\u201eLatvijas ce\u013ca\u201c<\/strong> tieslietu ministra <strong>Egila Levita PRETLATVISK\u0100S<\/strong> un <strong>PRETLIKUM\u012aGAS <\/strong>band\u012btu un nakts teroristu grupas aizst\u0101v\u012bbas 1993. gad\u0101, mums bija liegts biedroties un satikties <strong>R\u012bgas Latviesu Biedr\u012bbas<\/strong> nam\u0101 \u2013 M\u0101mu\u013c\u0101 !<\/p>\n\n\n\n<figure class=\"wp-block-image\"><img decoding=\"async\" loading=\"lazy\" width=\"722\" height=\"581\" src=\"https:\/\/tautastribunals.eu\/wp-content\/uploads\/2020\/05\/Levits.Granti\u0146\u0161.Freimant\u0101ls.LRTT_.jpg\" alt=\"\" class=\"wp-image-55963\" srcset=\"https:\/\/tautastribunals.eu\/wp-content\/uploads\/2020\/05\/Levits.Granti\u0146\u0161.Freimant\u0101ls.LRTT_.jpg 722w, https:\/\/tautastribunals.eu\/wp-content\/uploads\/2020\/05\/Levits.Granti\u0146\u0161.Freimant\u0101ls.LRTT_-300x241.jpg 300w\" sizes=\"(max-width: 722px) 100vw, 722px\" \/><\/figure>\n\n\n\n<p>M\u0113ne\u0161iem ilgi m\u0113s tik\u0101mies <strong>V\u0113rmanes\npark\u0101<\/strong> pret\u012b <strong>R\u012bgas Latvie\u0161u Biedr\u012bbai<\/strong> un tur k\u0101du laiku notur\u0113j\u0101m\nsapulces zem klajas debess. <em>(Tas bija pazemojo\u0161i un pret\u012bgi).<\/em><\/p>\n\n\n\n<p>Izmisums un bezizeja pret \u201e<strong>Latvijas\nce\u013ca<\/strong>\u201c partijas patva\u013cu bija neizsak\u0101ms ! Prokurat\u016bra, policija, tiesne\u0161i \u2013\nvisi bija iek\u013c\u0101vu\u0161ies<strong> \u201eLatvijas ce\u013ca\u201c band\u0101 <\/strong>!<\/p>\n\n\n\n<p>T\u0101 k\u0101, <strong>Armand<\/strong>, nemurgo\npar: <strong>\u201eV\u0113l\u0113\u0161anos tik pie desi\u0146as piek\u013c\u016bt\u201c !<\/strong> <\/p>\n\n\n\n<p>Tevis min\u0113t\u0101 loc\u012b\u0161an\u0101s <strong>\u201ekrimin\u0101lo\nm\u0113slu\u201c <\/strong>priek\u0161\u0101 ir idiotisks izdom\u0101jums !<\/p>\n\n\n\n<p>Neviens latvietis nav loc\u012bjies un\nnekad neloc\u012bsies komunistu un \u010dekistu izdzimte\u0146u varas priek\u0161\u0101 !<em> (To\nizdar\u012bja tikai Gunara Meierovica Pasaules Br\u012bvo Latvie\u0161u Apvien\u012bbas uzpirktie\nkangari).<\/em><\/p>\n\n\n\n<p>Latvie\u0161u tauta nav uzp\u0113rkama un\napmu\u013c\u0137ojama visp\u0101r ! <\/p>\n\n\n\n<p>Poligr\u0101fi\u0137u klub\u0101<em> (kur bijam\nsan\u0101ku\u0161i RLB sapulc\u0113) <\/em>uz L\u0101\u010dpl\u0113\u0161a ielas, RLB sapulce pilnvaroja mani un <strong>Heino\nL\u0101mu<\/strong> zi\u0146ot valsts prezidentam par <strong>RLB <\/strong>prettiesisko izn\u012bcin\u0101\u0161anu\n1993. gada 18. febru\u0101ra nakt\u012b !<em> (Heino L\u0101mas l\u012b\u0137is v\u0113l l\u012bdz \u0161odienai nav\natrasts).<\/em><\/p>\n\n\n\n<p>Esmu iesniedzis <strong>Ulmanim\nGuntim, V\u012b\u0137ei Freibergai Vairai RLB<\/strong> kategoriskus juridiskus dokumentus par <strong>RLB<\/strong>\nvarm\u0101c\u012bgo likvid\u0101ciju 1993. gada 18. febru\u0101ra nakt\u012b un <strong>RLB <\/strong>likum\u012bgo\n1938. gada stat\u016btu prettiesisku aizlieg\u0161anu <strong>RLBiedr\u012bb\u0101<\/strong> !<\/p>\n\n\n\n<p>Sekojusi piln\u012bga ignorance no <strong>Latvijas valsts prezidentu<\/strong> puses !<\/p>\n\n\n\n<p>Ko var dar\u012bt tauta, ja <strong>prezidenti\nuzsp\u013cauj Latvijas likumiem <\/strong>?<\/p>\n\n\n\n<p>T\u0101 k\u0101 <strong>Taviem<\/strong> spriedumiem\nnav nek\u0101da pamata, god\u0101tais <strong>Armand <\/strong>!<\/p>\n\n\n\n<p>02.05.20<\/p>\n","protected":false},"excerpt":{"rendered":"<p>Atbilde Armandam Ko bl\u0113\u0146as run\u0101 Armand ! Tautai nebija ne maz\u0101k\u0101 iesp\u0113ja nokrat\u012bt komunistu un \u010dekistu varu \u2013 jo vi\u0146i ne uz mirkli nav izlaidu\u0161i no rokam varas zizli! Tie bija tikai se\u0161i m\u0113ne\u0161i,&#46;&#46;&#46;<\/p>\n","protected":false},"author":1,"featured_media":0,"comment_status":"open","ping_status":"open","sticky":false,"template":"","format":"standard","meta":[],"categories":[1],"tags":[],"_links":{"self":[{"href":"https:\/\/tautastribunals.eu\/index.php?rest_route=\/wp\/v2\/posts\/55961"}],"collection":[{"href":"https:\/\/tautastribunals.eu\/index.php?rest_route=\/wp\/v2\/posts"}],"about":[{"href":"https:\/\/tautastribunals.eu\/index.php?rest_route=\/wp\/v2\/types\/post"}],"author":[{"embeddable":true,"href":"https:\/\/tautastribunals.eu\/index.php?rest_route=\/wp\/v2\/users\/1"}],"replies":[{"embeddable":true,"href":"https:\/\/tautastribunals.eu\/index.php?rest_route=%2Fwp%2Fv2%2Fcomments&post=55961"}],"version-history":[{"count":2,"href":"https:\/\/tautastribunals.eu\/index.php?rest_route=\/wp\/v2\/posts\/55961\/revisions"}],"predecessor-version":[{"id":55965,"href":"https:\/\/tautastribunals.eu\/index.php?rest_route=\/wp\/v2\/posts\/55961\/revisions\/55965"}],"wp:attachment":[{"href":"https:\/\/tautastribunals.eu\/index.php?rest_route=%2Fwp%2Fv2%2Fmedia&parent=55961"}],"wp:term":[{"taxonomy":"category","embeddable":true,"href":"https:\/\/tautastribunals.eu\/index.php?rest_route=%2Fwp%2Fv2%2Fcategories&post=55961"},{"taxonomy":"post_tag","embeddable":true,"href":"https:\/\/tautastribunals.eu\/index.php?rest_route=%2Fwp%2Fv2%2Ftags&post=55961"}],"curies":[{"name":"wp","href":"https:\/\/api.w.org\/{rel}","templated":true}]}}