{"id":55843,"date":"2020-04-19T10:17:22","date_gmt":"2020-04-19T07:17:22","guid":{"rendered":"https:\/\/tautastribunals.eu\/?p=55843"},"modified":"2020-04-19T11:26:10","modified_gmt":"2020-04-19T08:26:10","slug":"lrtt-viedoklis-v-freimantala-un-armanda-jautajuma","status":"publish","type":"post","link":"https:\/\/tautastribunals.eu\/?p=55843","title":{"rendered":"LRTT viedoklis V. Freimant\u0101la un Armanda &#8220;jaut\u0101jum\u0101&#8221;"},"content":{"rendered":"\n<figure class=\"wp-block-image\"><img decoding=\"async\" loading=\"lazy\" width=\"800\" height=\"112\" src=\"https:\/\/tautastribunals.eu\/wp-content\/uploads\/2019\/11\/www.tautastribunals.eu-12-800x112.png\" alt=\"\" class=\"wp-image-53856\" srcset=\"https:\/\/tautastribunals.eu\/wp-content\/uploads\/2019\/11\/www.tautastribunals.eu-12-800x112.png 800w, https:\/\/tautastribunals.eu\/wp-content\/uploads\/2019\/11\/www.tautastribunals.eu-12-300x42.png 300w, https:\/\/tautastribunals.eu\/wp-content\/uploads\/2019\/11\/www.tautastribunals.eu-12-768x108.png 768w, https:\/\/tautastribunals.eu\/wp-content\/uploads\/2019\/11\/www.tautastribunals.eu-12.png 950w\" sizes=\"(max-width: 800px) 100vw, 800px\" \/><\/figure>\n\n\n\n<p class=\"has-text-color has-background has-small-font-size has-very-light-gray-color has-very-dark-gray-background-color\"><strong>Armanda koment\u0101rs:  <\/strong><em>T\u0101s \u0161ausmu lietas m\u0113s daudzi zin\u0101m, bet, k\u0101 uzvar\u0113t t\u0101s \u0161ausmas? Iero\u010di  mums k\u0101di? Neliek mieru man doma, k\u0101 uzlaist avi\u0101cijas bumbu <\/em><a href=\"http:\/\/www.9maija.ru\"><em>http:\/\/www.9maija.ru<\/em><\/a><em>  vsem lgu i sru uz t\u0101s prezidenta pils. Jau vair\u0101k par 10 gadiem dom\u0101ju,  k\u0101 piek\u013c\u016bt pie saujama, kad atn\u0101ks cipetaji, lai tiem dotu pret sparu.  Atradu pag\u0101ju\u0161o gadu me\u017e\u0101 neuzpragusu avi\u0101cijas bumbu, bet vienam to  realiz\u0113t ir pagr\u016bti, jo dikti smaga. T\u0101 nav spragusi i vesela un priek\u0161  Levita pils gan jau der\u0113s. V\u0113l var\u0113tu spr\u0101dzienu palielin\u0101t, ja k\u0101dam ir  kaut kas no pasaules kara laika spragstos saglab\u0101jies. S\u016bds ar vi\u0146iem  visiem un vieta vi\u0146iem irdinat zemi. <\/em><\/p>\n\n\n\n<figure class=\"wp-block-embed-wordpress wp-block-embed is-type-wp-embed is-provider-latvijas-republikas-tautas\"><div class=\"wp-block-embed__wrapper\">\n<blockquote class=\"wp-embedded-content\" data-secret=\"me4Ad3koeG\"><a href=\"https:\/\/tautastribunals.eu\/?p=55822\">V. Freimant\u0101ls. LRTT las\u012bt\u0101jiem !<\/a><\/blockquote><iframe title=\"&#8222;V. Freimant\u0101ls. LRTT las\u012bt\u0101jiem !&#8220; &#8212; Latvijas Republikas tautas\" class=\"wp-embedded-content\" sandbox=\"allow-scripts\" security=\"restricted\" style=\"position: absolute; clip: rect(1px, 1px, 1px, 1px);\" src=\"https:\/\/tautastribunals.eu\/?p=55822&#038;embed=true#?secret=me4Ad3koeG\" data-secret=\"me4Ad3koeG\" width=\"500\" height=\"282\" frameborder=\"0\" marginwidth=\"0\" marginheight=\"0\" scrolling=\"no\"><\/iframe>\n<\/div><\/figure>\n\n\n\n<p class=\"has-background has-very-light-gray-background-color\">Sapr\u0101tam ir j\u0101\u0146em virsroka, nevis emocij\u0101m un it sevi\u0161\u0137i t\u0101m,\nkuras tiek <strong>\u201cpiesviestas\u201d<\/strong> no malas. Nu, tad ar sapr\u0101tu ar\u012b <em>\u201capstr\u0101d\u0101sim\u201d<\/em>\n<strong>Armanda<\/strong> rakst\u012bto tekstu. Ja <strong>Armands <\/strong>run\u0101ja par bumbu, tad\npaanaliz\u0113sim: k\u0101p\u0113c vi\u0146\u0161 par to run\u0101ja, nevis moment\u0101 krit\u012bsim panik\u0101, ka bumba\nta\u010du \u0101rda un izn\u012bcina- t\u0101tad <strong>Armands<\/strong> ir nelietis !!! <\/p>\n\n\n\n<p class=\"has-background has-very-light-gray-background-color\">Tiesiskums nav nekontrol\u0113ta emociju izpausme, bet konsekventa seko\u0161ana <strong>LIKUMIEM.<\/strong> Katrai probl\u0113mai ir c\u0113lonis. Visu pirms noskaidrosim c\u0113loni un tikai tad pie\u0146emsim l\u0113mumu. Armanda koment\u0101ra <strong>\u201cc\u0113lonis\u201d <\/strong>ir \u0161odienas <strong>Latvijas katastrof\u0101lais st\u0101voklis<\/strong>.&nbsp; Ja <strong>Latvij\u0101 <\/strong>viss b\u016btu k\u0101rt\u012bb\u0101, vai tad <strong>Armands <\/strong>run\u0101tu par <strong>\u201cavi\u0101cijas bumb\u0101m\u201d<\/strong> ? <strong>Latvija<\/strong> 1940. gad\u0101 tika okup\u0113ta ! Pret latvie\u0161u tautu tika izv\u0113rsts neiedom\u0101jams terors-<strong> GENOC\u012aDS<\/strong>, kas procentu\u0101li bija k\u0101 minimums- desmit reizes liel\u0101ks par <strong>HOLOKAUSTU-<\/strong> pret j\u016bdaisma reli\u0123ijas sekot\u0101jiem !!! Visi starptautiskie<strong> LIKUMI <\/strong>paredz, ka p\u0113c okup\u0101cijas ir j\u0101notiek deokup\u0101cijai- visu nelikum\u012bgi iece\u013cojo\u0161o kolonistu 100%t\u012bga padz\u012b\u0161ana no okup\u0113t\u0101s teritorijas ! Bija j\u0101notiek oblig\u0101tai okup\u0101cijas varas strukt\u016bru demont\u0101\u017eai un to p\u0101rst\u0101vju arestiem un ties\u0101\u0161anai. Atjaunot\u0101s valsts strukt\u016br\u0101s nedr\u012bkst\u0113ja atrasties neviens no biju\u0161ajiem okup\u0101cijas re\u017e\u012bma p\u0101rst\u0101vjiem. It sevi\u0161\u0137a uzman\u012bba bija j\u0101velta t\u0101s repres\u012bvajiem- slepen\u0101 dienesta<em>(KGB)<\/em> p\u0101rst\u0101vjiem. M\u0113s zin\u0101m, ka taj\u0101 l\u012bdz p\u0113d\u0113jam br\u012bdim str\u0101d\u0101ja atkl\u0101ti- brut\u0101li slepkavas. M\u0113s bij\u0101m un esam liecinieki tam, ka nekas taml\u012bdz\u012bgs nenotika. Visi <strong>KGB<\/strong> darbinieki un vi\u0146u pav\u0113lnieki- komunisti- tie, kuri slepkavoja latvie\u0161u tautu, atrodas ar\u012b \u0161odien pie varas gro\u017eiem un turpina slepkavot !!! T\u0101tad,- <strong>Latvija <\/strong>ir <strong>\u201cokup\u0101cijas un kara st\u0101vokl\u012b\u201d <\/strong>! Tas ir tie\u0161i t\u0101, k\u0101 es to \u0161eit aprakstu. Un no t\u0101 izriet:<strong> \u201cArmands ir sac\u012bjis to, kas ir j\u0101saka katram okup\u0113t\u0101s valsts p\u0101rst\u0101vim- patriotam !\u201d <\/strong>Vi\u0146\u0161 nav p\u0101rk\u0101pis nevienu <strong>CIVILIZ\u0112T\u0100S PASAULES LIKUMU <\/strong>! <\/p>\n\n\n\n<figure class=\"wp-block-image is-resized\"><img decoding=\"async\" loading=\"lazy\" src=\"https:\/\/tautastribunals.eu\/wp-content\/uploads\/2020\/01\/Kalme.-Savickis.Godmanis.Plaudis.Granti\u0146\u0161.LRTT_-1-543x800.png\" alt=\"\" class=\"wp-image-54538\" width=\"626\" height=\"922\" srcset=\"https:\/\/tautastribunals.eu\/wp-content\/uploads\/2020\/01\/Kalme.-Savickis.Godmanis.Plaudis.Granti\u0146\u0161.LRTT_-1-543x800.png 543w, https:\/\/tautastribunals.eu\/wp-content\/uploads\/2020\/01\/Kalme.-Savickis.Godmanis.Plaudis.Granti\u0146\u0161.LRTT_-1-204x300.png 204w, https:\/\/tautastribunals.eu\/wp-content\/uploads\/2020\/01\/Kalme.-Savickis.Godmanis.Plaudis.Granti\u0146\u0161.LRTT_-1.png 663w\" sizes=\"(max-width: 626px) 100vw, 626px\" \/><\/figure>\n\n\n\n<p class=\"has-background has-very-light-gray-background-color\"><strong>LR Prezidenta Pil\u012b <\/strong>s\u0113\u017e vis\u012bst\u0101kais noziedznieks,- <strong>M\u016aSU TAUTAS SLEPKAVA<\/strong>, kura <strong>t\u0113vs bija t\u0101ds pats slepkava<\/strong>&#8211; okupantu varas visrepres\u012bv\u0101ko org\u0101nu p\u0101rst\u0101vis- <strong>PO\u013bITRUKS <\/strong>! Pien\u0101ks diena, kad \u0161is izdzimums un visa vi\u0146a komanda tiks ties\u0101ti !<\/p>\n\n\n\n<p class=\"has-medium-font-size\"><a href=\"https:\/\/pietiek.com\/raksti\/nodevibai,_par_kuru_negrib_atcereties,_25_gadi\">Nodevibai,_par_kuru_negrib_atcereties,_25_gadi<\/a><\/p>\n\n\n\n<p class=\"has-text-color has-background has-small-font-size has-very-light-gray-color has-very-dark-gray-background-color\"><em>\u201cKrievija \u0161eit var\u0113ja atst\u0101t\np\u0113c l\u012bguma, ko parakst\u012bja Levits, ap 200 000 krievu a\u0123entu kop\u0101 ar l\u012bdz\n1992.gadam demobiliz\u0113t\u0101m milit\u0101rperson\u0101m un agr\u0101k \u0161eit dz\u012bvojo\u0161iem VDK, k\u0101 ar\u012b\nneskat\u0101mu specspiego\u0161anas iest\u0101\u017eu okupantu bariem kop\u0101 ar \u0123imenes locek\u013ciem.\nTas ir uzpirk\u0161anas un verv\u0113\u0161anas depoz\u012bts. Pret sagatavoto nodev\u012bgo l\u012bgumu\nprotest\u0113ja pie Br\u012bv\u012bbas pieminek\u013ca tauta, un t\u0101 laika nacion\u0101\u013ci 1994.gada\n21.apr\u012bl\u012b balsoja par vald\u012bbas demisiju. Tikai ar 51 balsi vald\u012bba notur\u0113j\u0101s\npie varas. \u0160odienas NA ir piln\u012bgi pret\u0113j\u0101s poz\u012bcij\u0101s un virza nedev\u012bg\u0101 l\u012bguma\nparakst\u012bt\u0101ju E. Levitu saul\u012bt\u0113. \u0160odienas nacion\u0101\u013ci un p\u0101r\u0113j\u0101 6.oktobra paaudze\nir uzpirkti un atbalsta <\/em><em><strong>Saska\u0146as<\/strong><\/em><em> elektor\u0101ta rad\u012b\u0161anas l\u012bdzautora E. Levita &#8211; kura\nt\u0113vs komunists Jonass Levits turkl\u0101t bija 1940.g.okup\u0101cijas \u012bstenot\u0101js &#8211;\nvirz\u012b\u0161anu par \u201cN\u0101cijas t\u0113vu\u201d. Ar pr\u0101tu to nevar saprast!\u201c<strong>,<\/strong><\/em><strong>\nsaka Antons Mikoss<\/strong><\/p>\n\n\n\n<p class=\"has-background has-very-light-gray-background-color\">\u0160is teksts, <strong>Freimant\u0101la kungs, <\/strong>nav dom\u0101ts lai <strong>J\u016bs <\/strong>aizskartu vai pied\u0113v\u0113tu nezin ko\u2026. <em>(bija koment\u0101ri, kuri nesaudz\u0113ja J\u016bs. Tie netika apstiprin\u0101ti, jo es labi zinu, ka <\/em><strong><em>Jums<\/em><\/strong><em> ar nodev\u012bbu nav nekas kop\u012bgs)<\/em>. Nemald\u012b\u0161os, ja sac\u012b\u0161u, ka <strong>Jums<\/strong> k\u0101ds \u0161o <strong>\u201cuzbrukumu Armandam\u201d<\/strong> piesp\u0113l\u0113ja, jo moment\u0101 koment\u0101ros uzrad\u0101s k\u0101ds \u010deka ok\u0161\u0137eris, kuram bija uzdots uzman\u012bt <strong>R. Bitenieku<\/strong>. Kad pien\u0101ks <strong>LAIKS,<\/strong> tad \u0161im \u201c<strong>egm\u0101ram<\/strong><em>(tedim &amp; co)<\/em>\u201d, kur\u0161 \u010dekas uzdevum\u0101 ar saviem <strong>\u201ckoment\u0101riem\u201d <\/strong>pies\u0101r\u0146o <strong>PIETIEK.COM <\/strong>, tiks uzdots jaut\u0101jums:<strong> \u201cKur tu biji, kad \u201cnokrita\u201d R. Bitenieks ?\u201d<\/strong><\/p>\n\n\n\n<p class=\"has-background has-very-light-gray-background-color\"><strong>Freimant\u0101la kungs, Armands<\/strong> nav nedz m\u016bsu ienaidnieks, nedz provokators, kaut ar\u012b vi\u0146\u0161 ne sevi\u0161\u0137i labi savos koment\u0101ros izsak\u0101s par latvie\u0161iem. Vi\u0146\u0161, k\u0101 nelatviskas izcelsmes <strong>\u201clatvietis\u201d,<\/strong> t\u0101s lietas redz t\u0101d\u0101 gaism\u0101\u2026. Un, vai vi\u0146\u0161 ir sac\u012bjis, ka latvie\u0161i ir j\u0101sit\u2026 ? <\/p>\n\n\n\n<figure class=\"wp-block-image\"><img decoding=\"async\" loading=\"lazy\" width=\"689\" height=\"321\" src=\"https:\/\/tautastribunals.eu\/wp-content\/uploads\/2019\/10\/Peters-godmanis-din\u0113vi\u010ds-\u0161kapars-\u0113lerte-ra\u017euks-kalniete-1-Kopie.jpg\" alt=\"\" class=\"wp-image-53351\" srcset=\"https:\/\/tautastribunals.eu\/wp-content\/uploads\/2019\/10\/Peters-godmanis-din\u0113vi\u010ds-\u0161kapars-\u0113lerte-ra\u017euks-kalniete-1-Kopie.jpg 689w, https:\/\/tautastribunals.eu\/wp-content\/uploads\/2019\/10\/Peters-godmanis-din\u0113vi\u010ds-\u0161kapars-\u0113lerte-ra\u017euks-kalniete-1-Kopie-300x140.jpg 300w\" sizes=\"(max-width: 689px) 100vw, 689px\" \/><figcaption><strong>L\u016bk, m\u016bsu ienaidnieki, Latvijas valsts likvidatori un latvie\u0161u tautas slepkavas !<\/strong><\/figcaption><\/figure>\n\n\n\n<figure class=\"wp-block-image\"><img decoding=\"async\" loading=\"lazy\" width=\"676\" height=\"385\" src=\"https:\/\/tautastribunals.eu\/wp-content\/uploads\/2019\/03\/Gorbunovs.MeierovicsLevitsFreimant\u0101lsGrantin\u0161LRTT.jpg\" alt=\"\" class=\"wp-image-49423\" srcset=\"https:\/\/tautastribunals.eu\/wp-content\/uploads\/2019\/03\/Gorbunovs.MeierovicsLevitsFreimant\u0101lsGrantin\u0161LRTT.jpg 676w, https:\/\/tautastribunals.eu\/wp-content\/uploads\/2019\/03\/Gorbunovs.MeierovicsLevitsFreimant\u0101lsGrantin\u0161LRTT-300x171.jpg 300w\" sizes=\"(max-width: 676px) 100vw, 676px\" \/><figcaption><strong>Miniet, k\u0101das &#8220;taut\u012bbas&#8221; p\u0101rst\u0101vji ir \u0161eit skat\u0101mi ? Visi 50%t\u012bgi Levita tautie\u0161i !<\/strong><\/figcaption><\/figure>\n\n\n\n<p>19.04.20          LRTT<\/p>\n\n\n\n<figure class=\"wp-block-embed-facebook wp-block-embed is-type-video is-provider-facebook\"><div class=\"wp-block-embed__wrapper\">\n<div id=\"fb-root\"><\/div><script async=\"1\" defer=\"1\" crossorigin=\"anonymous\" src=\"https:\/\/connect.facebook.net\/de_DE\/sdk.js#xfbml=1&amp;version=v6.0\"><\/script><div class=\"fb-video\" data-href=\"https:\/\/www.facebook.com\/100000270180460\/videos\/3159354510750191\/UzpfSTEwMDAwMDc4OTk5OTU4NToyOTg3NDc5MDkxMjg4Mzk1\/\" data-width=\"500\"><blockquote cite=\"https:\/\/www.facebook.com\/100000270180460\/videos\/3159354510750191\/\" class=\"fb-xfbml-parse-ignore\"><a href=\"https:\/\/www.facebook.com\/100000270180460\/videos\/3159354510750191\/\"><\/a><p>Sv\u0113tvakars &#8211; cover by Anna Wohl \ud83c\udf20Raimonda Paula dziesma ar Imanta Ziedo\u0146a v\u0101rdiem. Pavad\u012bjums : Austris Zel\u010ds<\/p>Gepostet von <a href=\"#\" role=\"button\">Anna Wohl<\/a> am Samstag, 4. April 2020<\/blockquote><\/div>\n<\/div><\/figure>\n","protected":false},"excerpt":{"rendered":"<p>Armanda koment\u0101rs: T\u0101s \u0161ausmu lietas m\u0113s daudzi zin\u0101m, bet, k\u0101 uzvar\u0113t t\u0101s \u0161ausmas? Iero\u010di mums k\u0101di? Neliek mieru man doma, k\u0101 uzlaist avi\u0101cijas bumbu http:\/\/www.9maija.ru vsem lgu i sru uz t\u0101s prezidenta pils. Jau&#46;&#46;&#46;<\/p>\n","protected":false},"author":1,"featured_media":0,"comment_status":"open","ping_status":"open","sticky":false,"template":"","format":"standard","meta":[],"categories":[1],"tags":[],"_links":{"self":[{"href":"https:\/\/tautastribunals.eu\/index.php?rest_route=\/wp\/v2\/posts\/55843"}],"collection":[{"href":"https:\/\/tautastribunals.eu\/index.php?rest_route=\/wp\/v2\/posts"}],"about":[{"href":"https:\/\/tautastribunals.eu\/index.php?rest_route=\/wp\/v2\/types\/post"}],"author":[{"embeddable":true,"href":"https:\/\/tautastribunals.eu\/index.php?rest_route=\/wp\/v2\/users\/1"}],"replies":[{"embeddable":true,"href":"https:\/\/tautastribunals.eu\/index.php?rest_route=%2Fwp%2Fv2%2Fcomments&post=55843"}],"version-history":[{"count":14,"href":"https:\/\/tautastribunals.eu\/index.php?rest_route=\/wp\/v2\/posts\/55843\/revisions"}],"predecessor-version":[{"id":55857,"href":"https:\/\/tautastribunals.eu\/index.php?rest_route=\/wp\/v2\/posts\/55843\/revisions\/55857"}],"wp:attachment":[{"href":"https:\/\/tautastribunals.eu\/index.php?rest_route=%2Fwp%2Fv2%2Fmedia&parent=55843"}],"wp:term":[{"taxonomy":"category","embeddable":true,"href":"https:\/\/tautastribunals.eu\/index.php?rest_route=%2Fwp%2Fv2%2Fcategories&post=55843"},{"taxonomy":"post_tag","embeddable":true,"href":"https:\/\/tautastribunals.eu\/index.php?rest_route=%2Fwp%2Fv2%2Ftags&post=55843"}],"curies":[{"name":"wp","href":"https:\/\/api.w.org\/{rel}","templated":true}]}}