{"id":55773,"date":"2020-04-12T09:58:18","date_gmt":"2020-04-12T06:58:18","guid":{"rendered":"https:\/\/tautastribunals.eu\/?p=55773"},"modified":"2020-04-12T09:58:18","modified_gmt":"2020-04-12T06:58:18","slug":"par-satanistu-midzeni-parazitiem-uz-tautas-miesas","status":"publish","type":"post","link":"https:\/\/tautastribunals.eu\/?p=55773","title":{"rendered":"Par s\u0101tanistu midzeni- paraz\u012btiem uz tautas miesas"},"content":{"rendered":"\n<figure class=\"wp-block-image\"><img decoding=\"async\" loading=\"lazy\" width=\"800\" height=\"112\" src=\"https:\/\/tautastribunals.eu\/wp-content\/uploads\/2019\/11\/www.tautastribunals.eu-12-800x112.png\" alt=\"\" class=\"wp-image-53856\" srcset=\"https:\/\/tautastribunals.eu\/wp-content\/uploads\/2019\/11\/www.tautastribunals.eu-12-800x112.png 800w, https:\/\/tautastribunals.eu\/wp-content\/uploads\/2019\/11\/www.tautastribunals.eu-12-300x42.png 300w, https:\/\/tautastribunals.eu\/wp-content\/uploads\/2019\/11\/www.tautastribunals.eu-12-768x108.png 768w, https:\/\/tautastribunals.eu\/wp-content\/uploads\/2019\/11\/www.tautastribunals.eu-12.png 950w\" sizes=\"(max-width: 800px) 100vw, 800px\" \/><\/figure>\n\n\n\n<p style=\"font-size:23px\" class=\"has-text-color has-background has-very-dark-gray-color has-cyan-bluish-gray-background-color\">Valsts prezidenta kancelejas vad\u012bba- s\u0101tanistu midzenis <\/p>\n\n\n\n<figure class=\"wp-block-image is-resized\"><img decoding=\"async\" loading=\"lazy\" src=\"https:\/\/tautastribunals.eu\/wp-content\/uploads\/2020\/04\/E.Levits.Prezidents.Kari\u0146\u0161.Granti\u0146\u0161.LRTT_-461x800.png\" alt=\"\" class=\"wp-image-55787\" width=\"642\" height=\"1114\" srcset=\"https:\/\/tautastribunals.eu\/wp-content\/uploads\/2020\/04\/E.Levits.Prezidents.Kari\u0146\u0161.Granti\u0146\u0161.LRTT_-461x800.png 461w, https:\/\/tautastribunals.eu\/wp-content\/uploads\/2020\/04\/E.Levits.Prezidents.Kari\u0146\u0161.Granti\u0146\u0161.LRTT_-173x300.png 173w, https:\/\/tautastribunals.eu\/wp-content\/uploads\/2020\/04\/E.Levits.Prezidents.Kari\u0146\u0161.Granti\u0146\u0161.LRTT_.png 600w\" sizes=\"(max-width: 642px) 100vw, 642px\" \/><\/figure>\n\n\n\n<p style=\"font-size:14px\" class=\"has-text-color has-background has-very-dark-gray-color has-light-green-cyan-background-color\"><strong>Ir\u0113na Kucina<\/strong>&#8211; Kancelejas vad\u012bt\u0101ja vietniece \u2013 VP padomnieku biroja vad\u012bt\u0101ja, Valsts prezidenta padomniece tiesiskuma un ES ties\u012bbu politikas jaut\u0101jumos. <strong>Andris Teikmanis<\/strong>&#8211; VP kancelejas vad\u012bt\u0101js. <strong>Laila Jurc\u0113na<\/strong>&#8211; VP kancelejas vad\u012bt\u0101ja vietniece. <strong>Sarm\u012bte \u0112lerte-<\/strong> VP padomniece kult\u016brpolitikas jaut\u0101jumos. <strong>Alise P\u012bka-<\/strong> VP padomniece ekonomikas politikas jaut\u0101jumos. Solveiga Silkalna- VP \u0101rlietu padomniece. <strong>J\u0101nis Pleps<\/strong>&#8211; VP padomnieks ties\u012bbu politikas jaut\u0101jumos. <strong>J\u0101nis Ka\u017eoci\u0146\u0161<\/strong>&#8211; VP padomnieks nacion\u0101l\u0101s dro\u0161\u012bbas jaut\u0101jumos\u200b\u200b\u200b\u200b\u200b\u200b, Nacion\u0101l\u0101s dro\u0161\u012bbas padomes sekret\u0101rs. <strong>Aiva Rozenberga<\/strong>&#8211; VP padomniece sazi\u0146ai ar sabiedr\u012bbu. <strong>Ilvesa Valsts<\/strong> prezidenta padomniece informat\u012bv\u0101s telpas un digit\u0101l\u0101s politikas jaut\u0101jumos<strong>. R. Lappu\u0137e<\/strong> VP \u0101r\u0161tata padomnieks viedo tehnolo\u0123iju jaut\u0101jumos.<strong> Ieva Sili\u0146a<\/strong>&#8211; VP \u0101r\u0161tata padomniece zin\u0101tnes un izgl\u012bt\u012bbas politikas jaut\u0101jumos. <strong>Jur\u0123is Kloti\u0146\u0161<\/strong>&#8211; VP \u0101r\u0161tata padomnieks v\u0113sturisk\u0101s atmi\u0146as un pieder\u012bbas jaut\u0101jumos. <strong>Anete Krieva<\/strong>&#8211; VP protokola vad\u012bt\u0101ja. <strong>Laila Rutks ar\u012b Rutkis<\/strong>&#8211; Sekretari\u0101ta vad\u012bt\u0101ja. <strong>Irina P\u016br\u012bte<\/strong> Ap\u017e\u0113lo\u0161anas dienesta vad\u012bt\u0101ja <strong>Just\u012bne Dei\u010dmane<\/strong> Mediju centra vad\u012bt\u0101ja\u2026. . <\/p>\n\n\n\n<p style=\"font-size:27px\" class=\"has-background has-cyan-bluish-gray-background-color\">LRTT koment\u0101rs<\/p>\n\n\n\n<p style=\"font-size:14px\" class=\"has-background has-light-green-cyan-background-color\">Dom\u0101jams, ka \u0161ie nav v\u0113l visi \u2026. Un, ja paskat\u0101mies inform\u0101ciju par atl\u012bdz\u012bbu, tad jau mati ce\u013cas st\u0101vus tikai no t\u0101 vien, kas ir ofici\u0101li nor\u0101d\u012bts, bet ir jau t\u0101s sl\u0113pt\u0101s piemaksas un pr\u0113mijas\u2026 !!! Ja redzam, ka \u0161im <strong>N\u0100CIJAS F\u0100TERIM<\/strong> ir devi\u0146i padomnieki, tad secin\u0101jums ir viens- <strong>VI\u0145\u0160<\/strong> ir stulb\u0101ks par <strong>\u201cz\u0101baku\u201d <\/strong>! Un, vai nav kuriozs,- <strong>VI\u0145AM<\/strong> ir padomnieks v\u0113sturisk\u0101s atmi\u0146as un pieder\u012bbas jaut\u0101jumos<em>(varb\u016bt k\u0101ds var paskaidrot: ko noz\u012bm\u0113 \u0161is v\u0101rdu sav\u0101rst\u012bjums?) <\/em>!!! <\/p>\n\n\n\n<p style=\"font-size:14px\" class=\"has-text-color has-background has-very-dark-gray-color has-light-green-cyan-background-color\">Vai ir v\u0113l k\u0101da paraz\u012btisk\u0101ka iest\u0101de, k\u0101<strong> \u201cprezidenta pils\u201d<\/strong> ?! Vis\u012bst\u0101k\u0101s vamp\u012br- \u0113rces, kuras k\u0101 m\u0113ra baci\u013ci pies\u016bku\u0161ies tautas miesai un izs\u016bc TAI p\u0113d\u0113jo dz\u012bv\u012bbas sulu ! \u0160is izdzimte\u0146u bars ir ne tikai j\u0101padzen, bet j\u0101iespund\u0113 aiz rest\u0113m uz pa\u0161u r\u0113\u0137ina- iztiku, \u012bres maksu un apkalpojo\u0161\u0101 person\u0101la apmaksu ! K\u0101da velna p\u0113c mums \u0161is paraz\u012bt- kantoris ir vajadz\u012bgs ? Ko \u0161is <strong>\u201clevits\u201d<\/strong> un vi\u0146a varen\u0101 varza ir paveiku\u0161i latvie\u0161u tautas lab\u0101 ? Vi\u0146\u0161, k\u0101 sarkano s\u0101tanistu kurators, jau no<strong> Atmodas<\/strong> laikiem kori\u0123\u0113 latvie\u0161u etnosa izn\u012bcin\u0101\u0161anu- padz\u012b\u0161anu no <strong>Dzimtenes.<\/strong> Vi\u0146\u0161 ir cien\u012bgs sava t\u0113va- po\u013citruka <strong>Jonasa Levita<\/strong> ies\u0101kt\u0101 darba \u012bstenot\u0101js. <\/p>\n\n\n\n<p style=\"font-size:14px\" class=\"has-text-color has-background has-very-dark-gray-color has-light-green-cyan-background-color\"><strong>LR <\/strong>prezidentam j\u0101b\u016bt <strong>Latvijas pamat-n\u0101cijas p\u0101rst\u0101vim<\/strong>, savas tautas\nm\u012blo\u0161am un tautas m\u012bl\u0113tam, sakoptam, ar staltu st\u0101ju, skaidru acu skatienu, latvie\u0161u\ntautas v\u0113stures p\u0101rzino\u0161am, un ar nopelniem \u0161\u012bs Valsts neatkar\u012bbas atjauno\u0161an\u0101\n!!! Vi\u0146a sv\u012bta: <strong>VI\u0145\u0160 <\/strong>pats un vi\u0146a sekret\u0101re, jo patreiz\u0113j\u0101 prezidenta <strong>LOMA\n<\/strong>ir tikai valsti reprezent\u0113jo\u0161a ! Vi\u0146a atalgojums- ministra algas apm\u0113r\u0101, bet\nsekret\u0101res 60% no prezidenta atalgojuma ! \u0160odienas \u0101rk\u0101rtas situ\u0101cijas d\u0113\u013c, \u0161\u012b<strong>\nINSTIT\u016aCIJA<\/strong> ir j\u0101sl\u0113dz un l\u012bdzek\u013ci j\u0101novirza aktu\u0101laj\u0101m vajadz\u012bb\u0101m- tautas\nizdz\u012bvo\u0161anai !<\/p>\n\n\n\n<figure class=\"wp-block-image is-resized\"><img decoding=\"async\" loading=\"lazy\" src=\"https:\/\/tautastribunals.eu\/wp-content\/uploads\/2020\/04\/Prezidents.L.-Granti\u0146\u0161.-E.-Levits.-K.-Kari\u0146\u0161.-LRTT-534x800.png\" alt=\"\" class=\"wp-image-55779\" width=\"644\" height=\"965\" srcset=\"https:\/\/tautastribunals.eu\/wp-content\/uploads\/2020\/04\/Prezidents.L.-Granti\u0146\u0161.-E.-Levits.-K.-Kari\u0146\u0161.-LRTT-534x800.png 534w, https:\/\/tautastribunals.eu\/wp-content\/uploads\/2020\/04\/Prezidents.L.-Granti\u0146\u0161.-E.-Levits.-K.-Kari\u0146\u0161.-LRTT-200x300.png 200w, https:\/\/tautastribunals.eu\/wp-content\/uploads\/2020\/04\/Prezidents.L.-Granti\u0146\u0161.-E.-Levits.-K.-Kari\u0146\u0161.-LRTT-768x1150.png 768w, https:\/\/tautastribunals.eu\/wp-content\/uploads\/2020\/04\/Prezidents.L.-Granti\u0146\u0161.-E.-Levits.-K.-Kari\u0146\u0161.-LRTT.png 800w\" sizes=\"(max-width: 644px) 100vw, 644px\" \/><\/figure>\n\n\n\n<p>12.04.20<\/p>\n","protected":false},"excerpt":{"rendered":"<p>Valsts prezidenta kancelejas vad\u012bba- s\u0101tanistu midzenis Ir\u0113na Kucina&#8211; Kancelejas vad\u012bt\u0101ja vietniece \u2013 VP padomnieku biroja vad\u012bt\u0101ja, Valsts prezidenta padomniece tiesiskuma un ES ties\u012bbu politikas jaut\u0101jumos. Andris Teikmanis&#8211; VP kancelejas vad\u012bt\u0101js. Laila Jurc\u0113na&#8211; VP kancelejas&#46;&#46;&#46;<\/p>\n","protected":false},"author":1,"featured_media":0,"comment_status":"open","ping_status":"open","sticky":false,"template":"","format":"standard","meta":[],"categories":[1],"tags":[],"_links":{"self":[{"href":"https:\/\/tautastribunals.eu\/index.php?rest_route=\/wp\/v2\/posts\/55773"}],"collection":[{"href":"https:\/\/tautastribunals.eu\/index.php?rest_route=\/wp\/v2\/posts"}],"about":[{"href":"https:\/\/tautastribunals.eu\/index.php?rest_route=\/wp\/v2\/types\/post"}],"author":[{"embeddable":true,"href":"https:\/\/tautastribunals.eu\/index.php?rest_route=\/wp\/v2\/users\/1"}],"replies":[{"embeddable":true,"href":"https:\/\/tautastribunals.eu\/index.php?rest_route=%2Fwp%2Fv2%2Fcomments&post=55773"}],"version-history":[{"count":13,"href":"https:\/\/tautastribunals.eu\/index.php?rest_route=\/wp\/v2\/posts\/55773\/revisions"}],"predecessor-version":[{"id":55789,"href":"https:\/\/tautastribunals.eu\/index.php?rest_route=\/wp\/v2\/posts\/55773\/revisions\/55789"}],"wp:attachment":[{"href":"https:\/\/tautastribunals.eu\/index.php?rest_route=%2Fwp%2Fv2%2Fmedia&parent=55773"}],"wp:term":[{"taxonomy":"category","embeddable":true,"href":"https:\/\/tautastribunals.eu\/index.php?rest_route=%2Fwp%2Fv2%2Fcategories&post=55773"},{"taxonomy":"post_tag","embeddable":true,"href":"https:\/\/tautastribunals.eu\/index.php?rest_route=%2Fwp%2Fv2%2Ftags&post=55773"}],"curies":[{"name":"wp","href":"https:\/\/api.w.org\/{rel}","templated":true}]}}