{"id":55681,"date":"2020-06-17T07:26:43","date_gmt":"2020-06-17T04:26:43","guid":{"rendered":"https:\/\/tautastribunals.eu\/?p=55681"},"modified":"2020-06-17T07:26:43","modified_gmt":"2020-06-17T04:26:43","slug":"v-freimantals-j-bordanam-sis-launums-ir-jaiznicina","status":"publish","type":"post","link":"https:\/\/tautastribunals.eu\/?p=55681","title":{"rendered":"V. Freimant\u0101ls. J. Bord\u0101nam \u0161is \u013caunums ir j\u0101izn\u012bcina"},"content":{"rendered":"\n<figure class=\"wp-block-image\"><img decoding=\"async\" loading=\"lazy\" width=\"800\" height=\"112\" src=\"https:\/\/tautastribunals.eu\/wp-content\/uploads\/2019\/11\/www.tautastribunals.eu-12-800x112.png\" alt=\"\" class=\"wp-image-53856\" srcset=\"https:\/\/tautastribunals.eu\/wp-content\/uploads\/2019\/11\/www.tautastribunals.eu-12-800x112.png 800w, https:\/\/tautastribunals.eu\/wp-content\/uploads\/2019\/11\/www.tautastribunals.eu-12-300x42.png 300w, https:\/\/tautastribunals.eu\/wp-content\/uploads\/2019\/11\/www.tautastribunals.eu-12-768x108.png 768w, https:\/\/tautastribunals.eu\/wp-content\/uploads\/2019\/11\/www.tautastribunals.eu-12.png 950w\" sizes=\"(max-width: 800px) 100vw, 800px\" \/><\/figure>\n\n\n\n<p>Liel\u0101kais\n\u013caunums sl\u0113pjas latvie\u0161u \u0123ime\u0146u izn\u012bcin\u0101\u0161an\u0101 \u2013 da\u017e\u0101dos veidos <strong>pan\u0101kot\nlatvie\u0161u \u0123ime\u0146u izjauk\u0161anu<\/strong> !<\/p>\n\n\n\n<p>T\u0101 ir vilt\u012bga komunistu sp\u0113le !<\/p>\n\n\n\n<p>Rezult\u0101ts \u2013 demogr\u0101fiska un\npsiholo\u0123iska n\u0101cijas traum\u0113\u0161ana.<\/p>\n\n\n\n<p>\u0160\u0137iet neticama prakse , bet tas\njau sen ir pier\u0101d\u012bjies dz\u012bv\u0113.<\/p>\n\n\n\n<p class=\"has-medium-font-size\">Atcer\u0113simies, ka m\u016bsu ienaidnieks\nir neizm\u0113rojami cietsird\u012bgs, zemisks un \u013cauns.<\/p>\n\n\n\n<p>Un tie\u0161i tagad <strong>Tieslietu\nministrijai<\/strong> ir j\u0101pan\u0101k lai tiktu nosod\u012bti visi \u0123ime\u0146u izjauk\u0161anas\nm\u0113\u0123in\u0101jumi no valsts amatpersonu puses \u2013 vispirms.<em>(Nepamatoti\nadministrat\u012bvie sodi, da\u017e\u0101di apgr\u016btin\u0101jumi, nodok\u013ci utt.)<\/em> <\/p>\n\n\n\n<p>Valsts politikai ir j\u0101b\u016bt \u0123ime\u0146u\nstiprino\u0161ai \u2013 ne graujo\u0161ai !<em>(Nemaz nerun\u0101jot par specdienestu apzin\u0101to,\nnoziedz\u012bgo pretlatvisko darb\u012bbu).<\/em><\/p>\n\n\n\n<p>T\u0101d\u0113\u013c gaid\u0101m no <strong>J. Bord\u0101na <\/strong>komandas\nnekav\u0113jo\u0161us \u0123ime\u0146u stiprin\u0101\u0161anas pas\u0101kumus.<\/p>\n\n\n\n<p>Un nesaudz\u012bgu v\u0113r\u0161anos pret\n\u0123ime\u0146u apzin\u0101tu grau\u0161anu no da\u017e\u0101du valsts p\u0101rvaldes amatpersonu puses. <\/p>\n\n\n\n<p>Ir j\u0101veic anal\u012bze, uzskait\u012bjums\nun j\u0101run\u0101 par \u0161o sas\u0101p\u0113ju\u0161o jaut\u0101jumu piln\u0101 bals\u012b !<\/p>\n\n\n\n<p class=\"has-text-color has-background has-medium-font-size has-very-light-gray-color has-very-dark-gray-background-color\">LRTT: Mums apk\u0101rt, Freimant\u0101la kungs, ir vieni vien\u012bgi od\u017eu dzimumi !<\/p>\n\n\n\n<p class=\"has-background has-small-font-size has-cyan-bluish-gray-background-color\">Ir velt\u012bgi v\u0113rsties pie komunistu <strong>SIRDSAPZI\u0145AS<\/strong>, jo vi\u0146iem t\u0101das nav. Vi\u0146i nav cilv\u0113k- rad\u012bjumi. Vi\u0146i viens otru paz\u012bst p\u0113c smakas un<strong> &#8220;sve\u0161ais&#8221;<\/strong> nekad \u0161aj\u0101 bar\u0101 netiek ielaists, bet ja iek\u013cuvis, tad izmests vai nagalin\u0101ts ! Bet, kas attiecas uz <strong>J. Bord\u0101nu,<\/strong> ja tauta vi\u0146u neaizst\u0101v\u0113s, vi\u0146\u0161 k\u013cus par \u0161o<strong> s\u0101tanisko<\/strong><em>(k\u016btr- kalnmeier, borovkov)<\/em><strong> izdzimumu <\/strong>upuri. Skat tikai k\u0101 <strong>K\u016btris<\/strong>, kur\u0161 veicis liel\u0101ko noziegumu pret latvie\u0161u tautu un Latvijas valsti, uzbr\u016bk <strong>Bord\u0101nam<\/strong>:<\/p>\n\n\n\n<div class=\"wp-block-image\"><figure class=\"alignleft is-resized\"><img decoding=\"async\" loading=\"lazy\" src=\"https:\/\/tautastribunals.eu\/wp-content\/uploads\/2019\/02\/Kozlovskis.K\u016btris.Bord\u0101ns.BunkaGranti\u0146\u0161.LRTT_-1.png\" alt=\"\" class=\"wp-image-49298\" width=\"671\" height=\"285\" srcset=\"https:\/\/tautastribunals.eu\/wp-content\/uploads\/2019\/02\/Kozlovskis.K\u016btris.Bord\u0101ns.BunkaGranti\u0146\u0161.LRTT_-1.png 621w, https:\/\/tautastribunals.eu\/wp-content\/uploads\/2019\/02\/Kozlovskis.K\u016btris.Bord\u0101ns.BunkaGranti\u0146\u0161.LRTT_-1-300x128.png 300w\" sizes=\"(max-width: 671px) 100vw, 671px\" \/><figcaption><a href=\"https:\/\/tautastribunals.eu\/?p=49270\"> Kas tad ir \u0161is K\u016btris ?<\/a><br> Protams, ka <strong>K\u016btrim,<\/strong> kur\u0161 veicis <strong>Latvijas valstiskuma demont\u0101\u017eu- str\u0101d\u0101jis kop\u0101 ar starptautisko cionistu mafiju<\/strong>, redzot<strong> J.Bord\u0101na<\/strong> darb\u012bbu, k\u0101jas s\u0101k \u013codz\u012bties un v\u0113dera saturs ieg\u016bst plazmas st\u0101vokli, kas teju, teju viss izsl\u012bd\u0113s caur sl\u0113dz\u0113jmuskuli biks\u0113s.<br> Vai tad tas nebija <strong>K\u016btris<\/strong>, kur\u0161 <strong>APSTIPRIN\u0100JA ABRENES ATDO\u0160ANU KRIEVIJAS SLEPKAVU RE\u017d\u012aMAM<\/strong> ?<br> Nav iesp\u0113jams vairs veikt liel\u0101ku noziegumu, k\u0101du<strong> G. K\u016btris<\/strong> ir veicis pret latvie\u0161u tautu un <strong>Latvijas valsti<\/strong> !  <strong>Gun\u0101rs K\u016btris<\/strong> ir ties\u0101jams ar\u012b par <strong>Satversmes tiesneses<\/strong> <strong>Krist\u012bnes Kr\u016bmas \u201enov\u0101k\u0161anu\u201c,<\/strong> jo vi\u0146a bija vien\u012bg\u0101, kura pret to ska\u013ci iebilda !<br> Par \u0161o noziegumu pien\u0101kas<strong> N\u0100VES SODS<\/strong> ! Uz zemes neatrad\u012bsies neviens advok\u0101ts, kur\u0161 <strong>G. K\u016btri<\/strong> var\u0113s pagl\u0101bt no \u0161\u012b soda. Kad j\u016bdasam <strong>K\u016btrim<\/strong>  \u0161is sods tiks izpild\u012bts, ir tikai laika jaut\u0101jums. Vi\u0146\u0161 to \u013coti labi  apzin\u0101s un t\u0101p\u0113c pirmsn\u0101ves agonij\u0101 s\u0101k gvelst kaut k\u0101du murgu par <strong>TIESISKU VALSTI, KURU PATS IR IZN\u012aCIN\u0100JIS<\/strong> !<br> Ko tad sac\u012bja<strong> G. K\u016btra<\/strong> bandas noslepkavotais latvie\u0161u v\u0113sturnieks- profesors <strong>Indulis Ronis<\/strong>:<br> <a href=\"https:\/\/tautastribunals.eu\/?p=13433\">LRTT. Noteikti izlasi, ko saka Indulis Ronis<\/a> <\/figcaption><\/figure><\/div>\n\n\n\n<p><\/p>\n\n\n\n<div class=\"wp-block-image\"><figure class=\"alignleft is-resized\"><img decoding=\"async\" loading=\"lazy\" src=\"https:\/\/tautastribunals.eu\/wp-content\/uploads\/2019\/02\/K\u016btris.Bord\u0101ns.BunkaGranti\u0146\u0161.LRTT_.png\" alt=\"\" class=\"wp-image-49271\" width=\"636\" height=\"444\" srcset=\"https:\/\/tautastribunals.eu\/wp-content\/uploads\/2019\/02\/K\u016btris.Bord\u0101ns.BunkaGranti\u0146\u0161.LRTT_.png 658w, https:\/\/tautastribunals.eu\/wp-content\/uploads\/2019\/02\/K\u016btris.Bord\u0101ns.BunkaGranti\u0146\u0161.LRTT_-300x210.png 300w\" sizes=\"(max-width: 636px) 100vw, 636px\" \/><figcaption>K\u0101 lai Bord\u0101ns neap\u0161aub\u012btu l\u012bdz \u0161im valdo\u0161o Tiesiskumu, ja Satversmes Tiesas priek\u0161s\u0113d\u0113t\u0101js G. K\u016btris UZD\u0100VINA Latvijas teritoriju- Abreni okup\u0113t\u0101jvalstij !?!<\/figcaption><\/figure><\/div>\n\n\n\n<p><\/p>\n\n\n\n<figure class=\"wp-block-embed-youtube wp-block-embed is-type-video is-provider-youtube wp-embed-aspect-16-9 wp-has-aspect-ratio\"><div class=\"wp-block-embed__wrapper\">\n<div class=\"video-container\"><iframe loading=\"lazy\" title=\"Egons Pic\u030cners - Dv\u0113sel\u012bte (BILDES 2019)\" width=\"500\" height=\"281\" src=\"https:\/\/www.youtube.com\/embed\/F9-o0dn9uXc?feature=oembed&#038;wmode=opaque\" frameborder=\"0\" allow=\"accelerometer; autoplay; encrypted-media; gyroscope; picture-in-picture\" allowfullscreen><\/iframe><\/div>\n<\/div><\/figure>\n\n\n\n<p style=\"background-color:#1a6247\" class=\"has-text-color has-background has-medium-font-size has-very-light-gray-color\">Pareizi saka &#8220;dziesmu teic\u0113js&#8221;&#8230; sve\u0161ie m\u016bsu dz\u012bvi lemj un iemin m\u016bsu Dv\u0113seli dub\u013cos !!!<\/p>\n\n\n\n<p>17.06.20<\/p>\n","protected":false},"excerpt":{"rendered":"<p>Liel\u0101kais \u013caunums sl\u0113pjas latvie\u0161u \u0123ime\u0146u izn\u012bcin\u0101\u0161an\u0101 \u2013 da\u017e\u0101dos veidos pan\u0101kot latvie\u0161u \u0123ime\u0146u izjauk\u0161anu ! T\u0101 ir vilt\u012bga komunistu sp\u0113le ! Rezult\u0101ts \u2013 demogr\u0101fiska un psiholo\u0123iska n\u0101cijas traum\u0113\u0161ana. \u0160\u0137iet neticama prakse , bet tas jau&#46;&#46;&#46;<\/p>\n","protected":false},"author":1,"featured_media":0,"comment_status":"open","ping_status":"open","sticky":false,"template":"","format":"standard","meta":[],"categories":[1],"tags":[],"_links":{"self":[{"href":"https:\/\/tautastribunals.eu\/index.php?rest_route=\/wp\/v2\/posts\/55681"}],"collection":[{"href":"https:\/\/tautastribunals.eu\/index.php?rest_route=\/wp\/v2\/posts"}],"about":[{"href":"https:\/\/tautastribunals.eu\/index.php?rest_route=\/wp\/v2\/types\/post"}],"author":[{"embeddable":true,"href":"https:\/\/tautastribunals.eu\/index.php?rest_route=\/wp\/v2\/users\/1"}],"replies":[{"embeddable":true,"href":"https:\/\/tautastribunals.eu\/index.php?rest_route=%2Fwp%2Fv2%2Fcomments&post=55681"}],"version-history":[{"count":14,"href":"https:\/\/tautastribunals.eu\/index.php?rest_route=\/wp\/v2\/posts\/55681\/revisions"}],"predecessor-version":[{"id":56468,"href":"https:\/\/tautastribunals.eu\/index.php?rest_route=\/wp\/v2\/posts\/55681\/revisions\/56468"}],"wp:attachment":[{"href":"https:\/\/tautastribunals.eu\/index.php?rest_route=%2Fwp%2Fv2%2Fmedia&parent=55681"}],"wp:term":[{"taxonomy":"category","embeddable":true,"href":"https:\/\/tautastribunals.eu\/index.php?rest_route=%2Fwp%2Fv2%2Fcategories&post=55681"},{"taxonomy":"post_tag","embeddable":true,"href":"https:\/\/tautastribunals.eu\/index.php?rest_route=%2Fwp%2Fv2%2Ftags&post=55681"}],"curies":[{"name":"wp","href":"https:\/\/api.w.org\/{rel}","templated":true}]}}