{"id":55623,"date":"2020-04-11T11:00:17","date_gmt":"2020-04-11T08:00:17","guid":{"rendered":"https:\/\/tautastribunals.eu\/?p=55623"},"modified":"2020-04-11T11:01:03","modified_gmt":"2020-04-11T08:01:03","slug":"valdiba-sevi-apstiprina-ka-vdk-mantinieci","status":"publish","type":"post","link":"https:\/\/tautastribunals.eu\/?p=55623","title":{"rendered":"Kari\u0146a vald\u012bba sevi apstiprina k\u0101 VDK mantinieci !"},"content":{"rendered":"\n<figure class=\"wp-block-image\"><img decoding=\"async\" loading=\"lazy\" width=\"800\" height=\"116\" src=\"https:\/\/tautastribunals.eu\/wp-content\/uploads\/2020\/02\/L.Granti\u0146\u0161.J.Z\u012bvertsBord\u0101nsBut\u0101nsLRTT-1-4-800x116.png\" alt=\"\" class=\"wp-image-55084\" srcset=\"https:\/\/tautastribunals.eu\/wp-content\/uploads\/2020\/02\/L.Granti\u0146\u0161.J.Z\u012bvertsBord\u0101nsBut\u0101nsLRTT-1-4-800x116.png 800w, https:\/\/tautastribunals.eu\/wp-content\/uploads\/2020\/02\/L.Granti\u0146\u0161.J.Z\u012bvertsBord\u0101nsBut\u0101nsLRTT-1-4-300x44.png 300w, https:\/\/tautastribunals.eu\/wp-content\/uploads\/2020\/02\/L.Granti\u0146\u0161.J.Z\u012bvertsBord\u0101nsBut\u0101nsLRTT-1-4-768x112.png 768w, https:\/\/tautastribunals.eu\/wp-content\/uploads\/2020\/02\/L.Granti\u0146\u0161.J.Z\u012bvertsBord\u0101nsBut\u0101nsLRTT-1-4.png 1073w\" sizes=\"(max-width: 800px) 100vw, 800px\" \/><\/figure>\n\n\n\n<p style=\"background-color:#0b4c34;font-size:15px\" class=\"has-text-color has-background has-very-light-gray-color\"><a href=\"https:\/\/nra.lv\/latvija\/izglitiba-karjera\/309061-valdiba-apstiprina-muiznieku-latvijas-universitates-rektora-amata.htm?fbclid=IwAR1LwiRMxY0VpwgcXweqFT5cTvn-ftmfTUf3onL0Vm5d0tflzlcYUEpps_4\"> Vald\u012bba ceturtdien att\u0101lin\u0101taj\u0101 \u0101rk\u0101rtas s\u0113d\u0113 bez diskusij\u0101m  apstiprin\u0101ja<\/a><strong><a href=\"https:\/\/nra.lv\/latvija\/izglitiba-karjera\/309061-valdiba-apstiprina-muiznieku-latvijas-universitates-rektora-amata.htm?fbclid=IwAR1LwiRMxY0VpwgcXweqFT5cTvn-ftmfTUf3onL0Vm5d0tflzlcYUEpps_4\"> Indri\u0137i Mui\u017enieku Latvijas Universit\u0101tes<\/a><\/strong><a href=\"https:\/\/nra.lv\/latvija\/izglitiba-karjera\/309061-valdiba-apstiprina-muiznieku-latvijas-universitates-rektora-amata.htm?fbclid=IwAR1LwiRMxY0VpwgcXweqFT5cTvn-ftmfTUf3onL0Vm5d0tflzlcYUEpps_4\"> (LU) rektora  amat\u0101<strong><em>(atv\u0113rt).<\/em><\/strong> <\/a><\/p>\n\n\n\n<figure class=\"wp-block-image is-resized\"><img decoding=\"async\" loading=\"lazy\" src=\"https:\/\/tautastribunals.eu\/wp-content\/uploads\/2019\/09\/Indri\u0137is-Mui\u017enieksJ\u0101nis-Bord\u0101ns.Grnti\u0146\u0161.LRTT_-1.png\" alt=\"\" class=\"wp-image-52545\" width=\"669\" height=\"750\" srcset=\"https:\/\/tautastribunals.eu\/wp-content\/uploads\/2019\/09\/Indri\u0137is-Mui\u017enieksJ\u0101nis-Bord\u0101ns.Grnti\u0146\u0161.LRTT_-1.png 589w, https:\/\/tautastribunals.eu\/wp-content\/uploads\/2019\/09\/Indri\u0137is-Mui\u017enieksJ\u0101nis-Bord\u0101ns.Grnti\u0146\u0161.LRTT_-1-267x300.png 267w\" sizes=\"(max-width: 669px) 100vw, 669px\" \/><\/figure>\n\n\n\n<p class=\"has-background has-cyan-bluish-gray-background-color\">Vai j\u016bs saprat\u0101t, ko noz\u012bm\u0113 debilo\u012bda <strong>Armanda Krauzes<\/strong> sac\u012btais ? Tas noz\u012bm\u0113 ne tikai to, ka atdzimst sarkanais m\u0113ris, bet gan to,&nbsp; ka tas piln\u012bb\u0101<strong> Latvij\u0101<\/strong> p\u0101r\u0146\u0113mis <strong>VALD\u012aBAS GRO\u017dUS<\/strong>. <strong>LR<\/strong> tiesa atjauno <strong>\u010dekas a\u0123entu<\/strong><em>(ok\u0161\u0137eri, nodev\u0113ju un slepkavu- nodev\u0113js vienm\u0113r ir slepkavas status\u0101)<\/em> <strong>LU rektora amat\u0101<\/strong> ! Tas noz\u012bm\u0113, ka neeksist\u0113 nek\u0101das <strong>LR tiesas<\/strong>, bet gan <strong>LPSR tiesas<\/strong> ! V\u0113l jo vair\u0101k, \u0161is pats pl\u0101npr\u0101ti\u0146a izskata<strong> Krauze<\/strong>, ministrei <strong>\u0160uplinskai <\/strong>pieprasa atmaks\u0101t <strong>LPSR tiesas izdevumus<\/strong> ! Kas tad ir vi\u0146a skolot\u0101js ? Komunists- <strong>VDK pav\u0113\u013cu dev\u0113js jebrejs Brigmanis<\/strong>, kur\u0161 bija akt\u012bvs <strong>Atmodas pretinieks<\/strong> un <strong>Oskara Kalpaka<\/strong> pieminek\u013ca nosl\u012bcin\u0101tais purv\u0101, kur\u0161 \u0161odien ir miljon\u0101rs ar \u012bpa\u0161umiem <strong>Anglij\u0101<\/strong>, kuros dz\u012bvo vi\u0146a s\u0101tanisk\u0101s spermas<em>(mazb\u0113rni vairs latviski nerun\u0101, kas ar\u012b nor\u0101da, ka Brigmanis nav latvietis)<\/em> produkti un rij latvie\u0161u tautai nozagto. <strong>Latvij\u0101 <\/strong>apkopj&nbsp; jau neskait\u0101mus simtus hekt\u0101ru aramzemes, kas prettiesiski atsavin\u0101ti t\u0101s \u012bpa\u0161niekiem ! Praktiski jau viss \u0161is uzbrukums v\u0113rsts pret<strong> J. Bord\u0101nu<\/strong>, kur\u0161 pieteicis karu <strong>Latvijas izlaup\u012bt\u0101jiem- \u010dekistiem un komunistiem<\/strong>. Un, &#8211; kuram tad kalpo t\u0101di <strong>KRAUZES un BRIGMA\u0145I<\/strong> ?<strong> Latvijas<\/strong> varen\u0101kajam izlaup\u012bt\u0101jam- jewam <strong>A. Lembergam <\/strong>!<\/p>\n\n\n\n<p><a href=\"https:\/\/nra.lv\/latvija\/izglitiba-karjera\/309061-valdiba-apstiprina-muiznieku-latvijas-universitates-rektora-amata.htm?fbclid=IwAR1LwiRMxY0VpwgcXweqFT5cTvn-ftmfTUf3onL0Vm5d0tflzlcYUEpps_4\">https:\/\/nra.lv\/latvija\/izglitiba-karjera\/309061-valdiba-apstiprina-muiznieku-latvijas-universitates-rektora-amata.htm?fbclid=IwAR1LwiRMxY0VpwgcXweqFT5cTvn-ftmfTUf3onL0Vm5d0tflzlcYUEpps_4<\/a><\/p>\n\n\n\n<p class=\"has-background has-very-light-gray-background-color\"><em>LZS aicina \u0160uplinsku atmaks\u0101t ties\u0101\u0161anas izdevumus saist\u012bb\u0101 Mui\u017enieka apstiprin\u0101\u0161anu amat\u0101<br>R\u012bga, 27.marts, LETA. Izgl\u012bt\u012bbas un zin\u0101tnes ministrei Ilgai \u0160uplinskai  (JKP) b\u016btu j\u0101atmaks\u0101 izt\u0113r\u0113tie l\u012bdzek\u013ci, ties\u0101joties ar Indri\u0137i  Mui\u017enieku par vi\u0146a apstiprin\u0101\u0161anu Latvijas Universit\u0101tes (LU) rektora  amat\u0101, uzskata Latvijas Zemnieku savien\u012bbas (LZS) valde. K\u0101 a\u0123ent\u016bru LETA inform\u0113ja politiskaj\u0101 sp\u0113k\u0101, LZS valde pau\u017e, ka \u0160uplinskai t\u0101d\u0113j\u0101di j\u0101uz\u0146emas atbild\u012bba par teju gadu ilgsto\u0161o neskaidr\u012bbu ap Latvijas liel\u0101k\u0101s augstskolas vad\u012bbu. Partij\u0101 pau\u017e, ka kop\u0161 p\u0113rn\u0101 gada 24.maija, kad notika LU rektora  v\u0113l\u0113\u0161anas izgl\u012bt\u012bbas un zin\u0101tnes ministre da\u017e\u0101diem l\u012bdzek\u013ciem kav\u0113ja  vald\u012bbas l\u0113mumu par Mui\u017enieka apstiprin\u0101\u0161anu amat\u0101, kas rezult\u0113j\u0101s ar  tiesved\u012bbu. 10.febru\u0101r\u012b tiesa apmierin\u0101ja Mui\u017enieka pieteikumu un atzina  par prettiesisku, k\u0101 ar\u012b atc\u0113la Ministru kabineta r\u012bkojumu, ar kuru  Mui\u017enieks netika apstiprin\u0101ts LU rektora amat\u0101.<\/em><\/p>\n\n\n\n<p class=\"has-background has-very-light-gray-background-color\"><em> &#8220;\u0160uplinskas  r\u012bc\u012bba un publiskie izteikumi rad\u012bja reput\u0101cijas riskus universit\u0101tei,  kas nav nov\u0113rt\u0113jami finansi\u0101li. Savuk\u0101rt tiesved\u012bbas izdevumi ir skaidri  zin\u0101mi un ministrei b\u016btu tie j\u0101atmaks\u0101, jo valstij &#8211; visiem nodok\u013cu  maks\u0101t\u0101jiem &#8211; nav j\u0101cie\u0161 no vienas amatpersonas nep\u0101rdom\u0101tas r\u012bc\u012bbas,&#8221;  uzsver LZS priek\u0161s\u0113d\u0113t\u0101js<\/em><strong><em> Armands Krauze.<\/em><\/strong><\/p>\n\n\n\n<p class=\"has-background has-very-light-gray-background-color\"><em> LZS valde aicina ar\u012b Ministru prezidentu Kri\u0161j\u0101ni Kari\u0146u (JV) izv\u0113rt\u0113t \u0160uplinskas atbild\u012bbu.K\u0101 zi\u0146ots, vald\u012bba ceturtdien att\u0101lin\u0101taj\u0101 \u0101rk\u0101rtas s\u0113d\u0113 bez diskusij\u0101m apstiprin\u0101ja Mui\u017enieku LU rektora amat\u0101.  <\/em><\/p>\n\n\n\n<figure class=\"wp-block-image is-resized\"><img decoding=\"async\" loading=\"lazy\" src=\"https:\/\/tautastribunals.eu\/wp-content\/uploads\/2020\/04\/Armands-Krauze.-Augusts-Brigmanis.-J\u0101nis-Bord\u0101ns.-L.-Granti\u0146\u0161.LRTT_-550x800.png\" alt=\"\" class=\"wp-image-55755\" width=\"649\" height=\"944\" srcset=\"https:\/\/tautastribunals.eu\/wp-content\/uploads\/2020\/04\/Armands-Krauze.-Augusts-Brigmanis.-J\u0101nis-Bord\u0101ns.-L.-Granti\u0146\u0161.LRTT_-550x800.png 550w, https:\/\/tautastribunals.eu\/wp-content\/uploads\/2020\/04\/Armands-Krauze.-Augusts-Brigmanis.-J\u0101nis-Bord\u0101ns.-L.-Granti\u0146\u0161.LRTT_-206x300.png 206w, https:\/\/tautastribunals.eu\/wp-content\/uploads\/2020\/04\/Armands-Krauze.-Augusts-Brigmanis.-J\u0101nis-Bord\u0101ns.-L.-Granti\u0146\u0161.LRTT_.png 666w\" sizes=\"(max-width: 649px) 100vw, 649px\" \/><\/figure>\n\n\n\n<p>11.04.20<\/p>\n","protected":false},"excerpt":{"rendered":"<p>Vald\u012bba ceturtdien att\u0101lin\u0101taj\u0101 \u0101rk\u0101rtas s\u0113d\u0113 bez diskusij\u0101m apstiprin\u0101ja Indri\u0137i Mui\u017enieku Latvijas Universit\u0101tes (LU) rektora amat\u0101(atv\u0113rt). Vai j\u016bs saprat\u0101t, ko noz\u012bm\u0113 debilo\u012bda Armanda Krauzes sac\u012btais ? Tas noz\u012bm\u0113 ne tikai to, ka atdzimst sarkanais m\u0113ris,&#46;&#46;&#46;<\/p>\n","protected":false},"author":1,"featured_media":0,"comment_status":"open","ping_status":"open","sticky":false,"template":"","format":"standard","meta":[],"categories":[1],"tags":[],"_links":{"self":[{"href":"https:\/\/tautastribunals.eu\/index.php?rest_route=\/wp\/v2\/posts\/55623"}],"collection":[{"href":"https:\/\/tautastribunals.eu\/index.php?rest_route=\/wp\/v2\/posts"}],"about":[{"href":"https:\/\/tautastribunals.eu\/index.php?rest_route=\/wp\/v2\/types\/post"}],"author":[{"embeddable":true,"href":"https:\/\/tautastribunals.eu\/index.php?rest_route=\/wp\/v2\/users\/1"}],"replies":[{"embeddable":true,"href":"https:\/\/tautastribunals.eu\/index.php?rest_route=%2Fwp%2Fv2%2Fcomments&post=55623"}],"version-history":[{"count":15,"href":"https:\/\/tautastribunals.eu\/index.php?rest_route=\/wp\/v2\/posts\/55623\/revisions"}],"predecessor-version":[{"id":55762,"href":"https:\/\/tautastribunals.eu\/index.php?rest_route=\/wp\/v2\/posts\/55623\/revisions\/55762"}],"wp:attachment":[{"href":"https:\/\/tautastribunals.eu\/index.php?rest_route=%2Fwp%2Fv2%2Fmedia&parent=55623"}],"wp:term":[{"taxonomy":"category","embeddable":true,"href":"https:\/\/tautastribunals.eu\/index.php?rest_route=%2Fwp%2Fv2%2Fcategories&post=55623"},{"taxonomy":"post_tag","embeddable":true,"href":"https:\/\/tautastribunals.eu\/index.php?rest_route=%2Fwp%2Fv2%2Ftags&post=55623"}],"curies":[{"name":"wp","href":"https:\/\/api.w.org\/{rel}","templated":true}]}}