{"id":55614,"date":"2020-03-26T04:41:02","date_gmt":"2020-03-26T02:41:02","guid":{"rendered":"https:\/\/tautastribunals.eu\/?p=55614"},"modified":"2020-03-26T04:41:02","modified_gmt":"2020-03-26T02:41:02","slug":"lasitajs-papildinasu-v-freimantalumediju-religija","status":"publish","type":"post","link":"https:\/\/tautastribunals.eu\/?p=55614","title":{"rendered":"Las\u012bt\u0101js. Papildin\u0101\u0161u V. Freimant\u0101lu(m\u0113diju reli\u0123ija)"},"content":{"rendered":"\n<figure class=\"wp-block-image\"><img decoding=\"async\" loading=\"lazy\" width=\"800\" height=\"116\" src=\"https:\/\/tautastribunals.eu\/wp-content\/uploads\/2020\/02\/L.Granti\u0146\u0161.J.Z\u012bvertsBord\u0101nsBut\u0101nsLRTT-1-3-800x116.png\" alt=\"\" class=\"wp-image-55065\" srcset=\"https:\/\/tautastribunals.eu\/wp-content\/uploads\/2020\/02\/L.Granti\u0146\u0161.J.Z\u012bvertsBord\u0101nsBut\u0101nsLRTT-1-3-800x116.png 800w, https:\/\/tautastribunals.eu\/wp-content\/uploads\/2020\/02\/L.Granti\u0146\u0161.J.Z\u012bvertsBord\u0101nsBut\u0101nsLRTT-1-3-300x44.png 300w, https:\/\/tautastribunals.eu\/wp-content\/uploads\/2020\/02\/L.Granti\u0146\u0161.J.Z\u012bvertsBord\u0101nsBut\u0101nsLRTT-1-3-768x112.png 768w, https:\/\/tautastribunals.eu\/wp-content\/uploads\/2020\/02\/L.Granti\u0146\u0161.J.Z\u012bvertsBord\u0101nsBut\u0101nsLRTT-1-3.png 1073w\" sizes=\"(max-width: 800px) 100vw, 800px\" \/><\/figure>\n\n\n\n<p style=\"background-color:#074f35\" class=\"has-text-color has-background has-medium-font-size has-very-light-gray-color\">M\u0112DIJU RELI\u0122IJA- Baiba Lulle <\/p>\n\n\n\n<figure class=\"wp-block-embed-wordpress wp-block-embed is-type-wp-embed is-provider-latvijas-republikas-tautas\"><div class=\"wp-block-embed__wrapper\">\n<blockquote class=\"wp-embedded-content\" data-secret=\"pOcGKgF0D4\"><a href=\"https:\/\/tautastribunals.eu\/?p=55592\">V. Freimant\u0101ls. B. Lulles zemiskums:&#8220;latvie\u0161i-maza skaud\u012bga tauti\u0146a&#8220;<\/a><\/blockquote><iframe title=\"&#8222;V. Freimant\u0101ls. B. Lulles zemiskums:&#8220;latvie\u0161i-maza skaud\u012bga tauti\u0146a&#8220;&#8220; &#8212; Latvijas Republikas tautas\" class=\"wp-embedded-content\" sandbox=\"allow-scripts\" security=\"restricted\" style=\"position: absolute; clip: rect(1px, 1px, 1px, 1px);\" src=\"https:\/\/tautastribunals.eu\/?p=55592&#038;embed=true#?secret=pOcGKgF0D4\" data-secret=\"pOcGKgF0D4\" width=\"500\" height=\"282\" frameborder=\"0\" marginwidth=\"0\" marginheight=\"0\" scrolling=\"no\"><\/iframe>\n<\/div><\/figure>\n\n\n\n<p>Bet <strong><a href=\"https:\/\/www.youtube.com\/watch?v=TPrSpMu-7CA&amp;feature=emb_logo\">Benjamins F<\/a><\/strong><a href=\"https:\/\/www.youtube.com\/watch?v=TPrSpMu-7CA&amp;feature=emb_logo\">.<\/a> ta\u010du zi\u0146o, ka glob\u0101l\u0101 verdzisk\u0101 mediju darbo\u0161an\u0101s p\u0101rtapusi par reli\u0123iju. Priesteriem kancel\u0113s vairs nav j\u0101k\u0101pj, to no savas verga kanceles dara<strong> lulles<\/strong> un t\u016bksto\u0161iem citu <strong>vergv\u0101rdot\u0101ju<\/strong>. Sam\u012bcot jebkuru V\u0101rdu \u017eurk\u0113dien\u0101 ind\u0113\u0161anai, ne jau, lai b\u0113rtu cilv\u0113kiem gara un miesas stiprin\u0101\u0161anai.<strong> Lulles,<\/strong> ja t\u0101m labi maks\u0101, necels ta\u010du paka\u013cu, lai palas\u012btu ar\u012b to pozit\u012bvo da\u013cu, pat liel\u0101ku nek\u0101 negat\u012bvo, ko teicis tas pats <strong>Mer\u0137elis <\/strong>vai pat <strong>Stradi\u0146\u0161<\/strong>, bet <strong>izsp\u013caus to pret\u012bg\u0101ko, pa\u0161as v\u0113l apsiekaloto<\/strong>. Un necels paka\u013cu ar\u012b palas\u012bties ne<strong> Ausekli<\/strong>, ne <strong>Pumpuru<\/strong>, ne <strong>Raini<\/strong>, ne <strong>Skalbi<\/strong>, ne <strong>Ulmani<\/strong>, kuri ar cie\u0146u un neviltotu m\u012blest\u012bbu run\u0101 par <strong>Latviju<\/strong> <strong>un latvie\u0161iem <\/strong>no iz v\u0113l smag\u0101kiem laikiem un apst\u0101k\u013ciem k\u0101 \u0161odien, <strong>kur nu v\u0113l citu di\u017eu valstu v\u012brus<\/strong>, kuri raksta <strong>br\u012bnumjaukas lietas, ko vi\u0146i paman\u012bju\u0161i pie baltu taut\u0101m<\/strong> un tie\u0161i pie <strong>latvie\u0161iem<\/strong>. Nu kaut vai <strong>S. K. \u010caterd\u017ei no Indijas<\/strong>, kur\u0161 p\u0113t\u012bjis seno baltu cil\u0161u v\u0113sturi un kult\u016bru un, pabijis m\u016bsu tagad\u0113j\u0101s zem\u0113s, secin\u0101jis: <\/p>\n\n\n\n<p class=\"has-background has-very-light-gray-background-color\"><em>\u201eMans iespaids par baltiem k\u0101 senu indoeiropie\u0161u atzarojumu ir \u0161\u0101ds: tie ir jauki, krietni, c\u0113li un \u013coti kultur\u0101li cilv\u0113ki, kas labpr\u0101t nododas mier\u012bgai zemkopju dz\u012bvei, m\u012bl dziesmas, dejas, m\u016bziku un ziedus, kas ir vienk\u0161ar\u0161i un nem\u0101ksloti sav\u0101 reli\u0123ij\u0101. Vi\u0146iem patika senatn\u0113 un pat\u012bk joproj\u0101m greznoties ar rotasliet\u0101m, vi\u0146i po\u0161as kr\u0101\u0161\u0146\u0101s dr\u0101n\u0101s, par\u0101dot neparasti labu gaumi tautast\u0113rpos. Vi\u0146i nav biju\u0161i kareiv\u012bgi un nek\u0101d\u0101 zi\u0146\u0101 netiecas nom\u0101kt citas tautas un vald\u012bt p\u0101r t\u0101m. Bet vi\u0146i ir biju\u0161i \u013coti dro\u0161sird\u012bgi un bezbail\u012bgi, c\u012bnoties par savu br\u012bv\u012bbu un ties\u012bb\u0101m. Balti nav biju\u0161i k\u0101ri uz naudu un varu, bet savu ieguld\u012bjumu civiliz\u0101cij\u0101 devu\u0161i, prasm\u012bgi piekopjot da\u017e\u0101dus amatus un dz\u012bvojot priek\u0101 un mier\u0101 dabas vid\u016b, kuru vi\u0146i pratu\u0161i iesaist\u012bt sav\u0101 vid\u0113. Baltu liel\u0101 t\u0113vzemes m\u012blest\u012bba ir izcila \u012bpa\u0161\u012bba, kas vi\u0146iem piemitusi visos laikos, ar\u012b apspiest\u012bbas un c\u012b\u0146u periodos, pat c\u012b\u0146\u0101 uz dz\u012bv\u012bbu vai n\u0101vi pret iebruc\u0113jiem \u2013 vi\u0146i saglab\u0101 seno indoeiropie\u0161u principu: dz\u012bvot pa\u0161iem un \u013caut dz\u012bvot citiem. Tas izpaud\u0101s ieciet\u012bb\u0101 un pat labv\u0113l\u012bb\u0101, kas ir augsti att\u012bst\u012bta indie\u0161iem un senajiem grie\u0137iem.\u201e<\/em><\/p>\n\n\n\n<h2><a href=\"https:\/\/egramatas.com\/2016\/02\/01\/suniti-kumars-caterdzi-balti-un-ariesi\/\">Suniti Kumars \u010caterd\u017ei. Balti un \u0101rie\u0161i<\/a><\/h2>\n\n\n\n<figure class=\"wp-block-image\"><img decoding=\"async\" src=\"https:\/\/egramatas.com\/wp-content\/uploads\/2016\/02\/balti-un-ariesid-caterdzi.jpg?w=212\" alt=\"Balti un ariesi(D.Caterdzi)\" class=\"wp-image-13076\"\/><\/figure>\n\n\n\n<p style=\"background-color:#e4d8b7\" class=\"has-background\">Gr\u0101matas autors ir izcils Indijas zin\u0101tnieks, pasaules tautu kult\u016bru \np\u0113tnieks. Gr\u0101mata par baltiem un \u0101rie\u0161iem tapusi p\u0113c vieso\u0161an\u0101s Latvij\u0101 \nun Lietuv\u0101 60 gadu vid\u016b un p\u0113c ilgsto\u0161as sarakstes ar daudziem \u0161ejienes \nkult\u016bras darbiniekiem. T\u0101s izn\u0101k\u0161ana Indij\u0101 1968. gad\u0101 bija izcils \nnotikums Padomju Savien\u012bbas un Indijas kult\u016bras sakaru att\u012bst\u012bb\u0101. \nProfesors \u010caterd\u017ei nor\u0101da uz baltu valodu un kult\u016bras seno izcelsmi un \nbaltu dainu radniec\u012bbu ar Senas Indijas v\u0113d\u0101m. Gr\u0101mat\u0101 ievietotas ar\u012b \nprofesora \u010caterd\u017ei v\u0113stules M. \u0136empei<\/p>\n\n\n\n<p><strong> (S. K. \u010caterd\u017ei ,,Balti un \u0101rie\u0161i\u201e \/ \u201eBalts and aryans\u201e. 1990., Simla, 1968).<\/strong><\/p>\n\n\n\n<p>Bet <strong>Benjamins F. <\/strong>teica ar\u012b, ka vergturiem lab\u0101kais vergs ir vergs, kur\u0161 neapzin\u0101s, ka ir vergs. Savuk\u0101rt neapzin\u0101ties, ka ir vergs, var vien\u012bgi labi barots vergs.<\/p>\n\n\n\n<p>Nav zin\u0101ms, vai <strong>\u010caterd\u017ei<\/strong>\nun daudzu citu zemju \u013caud\u012bm, kuri redz latvie\u0161us piln\u012bgi pret\u0113ji pa\u0161m\u0101ju vergu\nmanipul\u0101cij\u0101s ar <strong>V\u0101rdu paustajam<\/strong>, ir zin\u0101ma dziesma no m\u016bsu <strong>Sv\u0113tajiem\nRakstiem \u2013 Dain\u0101m,<\/strong> bet <strong>lull\u0113m <\/strong>vajadz\u0113tu \u0161o iem\u0101c\u012bties:<\/p>\n\n\n\n<p><strong><em>\u201eR\u012bt\u0101 agri saule l\u0113ca,<br> Zelta rasu notraukdama,<\/em><\/strong><\/p>\n\n\n\n<p><em><strong>Agri g\u0101ja Laimes m\u0101te,<br> \u013baud\u012bm laimi d\u0101v\u0101dama.<\/strong><\/em><\/p>\n\n\n\n<p><strong><em>Vieniem deva mantu, slavu,<br> Citiem gudru pamomi\u0146u.<\/em><\/strong><\/p>\n\n\n\n<p><strong><em>Ko, Laim\u012bte, man tu dosi<br> Sav\u0101 gudr\u0101 padom\u0101?<\/em><\/strong><\/p>\n\n\n\n<p><strong><em>Laima gr\u016b\u0161i nosap\u016bte,<br> Skat\u0101s p\u016bra dibin\u0101.<\/em><\/strong><\/p>\n\n\n\n<p><strong><em>\u0160e, b\u0113rni\u0146, tev zelta kokle,<br> \u0160e tev dziesmu kamol\u012btis.<\/em><\/strong><\/p>\n\n\n\n<p><em><strong>Sp\u0113l\u0113 kokli r\u012bt\u0101 agri,<br> Dziedi dziesmu vakar\u0101.\u201e<\/strong><\/em><\/p>\n\n\n\n<p>Glu\u017ei k\u0101 <strong>\u010caterd\u017ei <\/strong>redz\u0113jum\u0101.\nT\u0101 k\u0101 \u2013 celiet savas paka\u013cas un m\u0101cieties latvie\u0161us, m\u0101cieties no latvie\u0161iem,<strong>\nlulles<\/strong> un <strong>lu\u013cli <\/strong>! Un netaisiet savas asinsanal\u012bzes, kur\u0161 ar ko\nkrustots vai krustojies. <\/p>\n\n\n\n<p>Latvietis latviet\u012b ir vi\u0146a <strong>Sirds<\/strong>. Vienalga ar k\u0101d\u0101m asin\u012bm. Sarg\u0101jiet savas sirdis un galvas ! Ne\u013caujieties sevi mankurtiz\u0113t !<\/p>\n\n\n\n<p class=\"has-text-color has-background has-large-font-size has-very-light-gray-color has-very-dark-gray-background-color\">LRTT papildin\u0101jums<\/p>\n\n\n\n<p style=\"background-color:#164e3a\" class=\"has-text-color has-background has-medium-font-size has-very-light-gray-color\">Ir gr\u016bti pamodin\u0101t to, kur\u0161 t\u0113lo, ka gu\u013c !<\/p>\n\n\n\n<p style=\"background-color:#1f5c46\" class=\"has-text-color has-background has-very-light-gray-color\"> Bet v\u0113l gr\u016bt\u0101k ir p\u0101rliecin\u0101t t\u0101das <strong>LULLES<\/strong>, kas ir <strong>LATVIETIS<\/strong>, jo vi\u0146a<em>(vi\u0146i)<\/em> ir n\u0101kusi\/n\u0101ku\u0161i ar uzdevumu: <strong>m\u016bs izn\u012bcin\u0101t<\/strong> ! <\/p>\n\n\n\n<figure class=\"wp-block-image\"><img decoding=\"async\" loading=\"lazy\" width=\"620\" height=\"494\" src=\"https:\/\/tautastribunals.eu\/wp-content\/uploads\/2020\/03\/Baiba-Lulle.-Valdis-Freimant\u0101ls.-L.-Granti\u0146\u0161.LRTT_.jpg\" alt=\"\" class=\"wp-image-55594\" srcset=\"https:\/\/tautastribunals.eu\/wp-content\/uploads\/2020\/03\/Baiba-Lulle.-Valdis-Freimant\u0101ls.-L.-Granti\u0146\u0161.LRTT_.jpg 620w, https:\/\/tautastribunals.eu\/wp-content\/uploads\/2020\/03\/Baiba-Lulle.-Valdis-Freimant\u0101ls.-L.-Granti\u0146\u0161.LRTT_-300x239.jpg 300w\" sizes=\"(max-width: 620px) 100vw, 620px\" \/><\/figure>\n\n\n\n<p class=\"has-background has-light-green-cyan-background-color\">\u0160ie <strong>\u201clulles\u201d<\/strong> nav nomald\u012bju\u0161\u0101s avis, bet atkl\u0101ts un brut\u0101ls ienaidnieks, kuram pret\u012b j\u0101liek <strong>stobrs<\/strong> ! Tas ir<strong> 4. maija bandas VIEDOKLIS<\/strong>, ko pau\u017e \u0161\u012b <strong>\u201clulle\u201d<\/strong> un p\u0101r\u0113jie <strong>\u201clu\u013c\u013ci\u201d<\/strong> ! Meli ir visu karu un genoc\u012bdu priek\u0161noteikums. <strong>NRA ir komunista- \u010dekista<\/strong> un latvie\u0161u tautas bendes <strong>A. Lemberga <\/strong>av\u012bze. Jeb kur\u0161 komunists ir visu komunistu noslepkavoto upuru atbalst\u012bt\u0101js un to ir ap 100 000 000 ! Vi\u0146i ir s\u0101tanisti \u0161\u012b v\u0101rda visprimit\u012bv\u0101kaj\u0101 noz\u012bm\u0113 ! <strong>J. Bord\u0101ns<\/strong> piemin\u0113ja, ka <strong>mums j\u0101at\u0146em ietekme komunistiem un<\/strong> \u010dekistiem un kas p\u0101r melu un draudu pl\u016bdiem p\u0101r vi\u0146u kop\u0161 t\u0101 br\u012b\u017ea g\u0101\u017eas ! J\u016bs varat iedom\u0101ties, ka valsts <strong>Tieslietu ministram neat\u013cauj run\u0101t vald\u012bbas s\u0113d\u0113s<\/strong> ?! <strong>Juta Str\u012b\u0137e ir Lemberga bandas upuris<\/strong> un n\u0101ko\u0161ais var b\u016bt ar\u012b pats <strong>Bord\u0101ns<\/strong> !!!<\/p>\n\n\n\n<figure class=\"wp-block-image\"><img decoding=\"async\" loading=\"lazy\" width=\"689\" height=\"321\" src=\"https:\/\/tautastribunals.eu\/wp-content\/uploads\/2019\/12\/Peters-godmanis-din\u0113vi\u010ds-\u0161kapars-\u0113lerte-ra\u017euks-kalniete-1-Kopie.jpg\" alt=\"\" class=\"wp-image-54375\" srcset=\"https:\/\/tautastribunals.eu\/wp-content\/uploads\/2019\/12\/Peters-godmanis-din\u0113vi\u010ds-\u0161kapars-\u0113lerte-ra\u017euks-kalniete-1-Kopie.jpg 689w, https:\/\/tautastribunals.eu\/wp-content\/uploads\/2019\/12\/Peters-godmanis-din\u0113vi\u010ds-\u0161kapars-\u0113lerte-ra\u017euks-kalniete-1-Kopie-300x140.jpg 300w\" sizes=\"(max-width: 689px) 100vw, 689px\" \/><figcaption><strong>Jau esmu sac\u012bjis, ka \u0161is foto tik ilgi tiks public\u0113ts, l\u012bdz p\u0113d\u0113jais uz t\u0101 redzamais Ci\u0101nas izdzimtenis, tiks aizvilkts uz kar\u0101tav\u0101m !<\/strong><\/figcaption><\/figure>\n\n\n\n<p>26.03.20<\/p>\n","protected":false},"excerpt":{"rendered":"<p>M\u0112DIJU RELI\u0122IJA- Baiba Lulle Bet Benjamins F. ta\u010du zi\u0146o, ka glob\u0101l\u0101 verdzisk\u0101 mediju darbo\u0161an\u0101s p\u0101rtapusi par reli\u0123iju. Priesteriem kancel\u0113s vairs nav j\u0101k\u0101pj, to no savas verga kanceles dara lulles un t\u016bksto\u0161iem citu vergv\u0101rdot\u0101ju. Sam\u012bcot&#46;&#46;&#46;<\/p>\n","protected":false},"author":1,"featured_media":0,"comment_status":"open","ping_status":"open","sticky":false,"template":"","format":"standard","meta":[],"categories":[1],"tags":[],"_links":{"self":[{"href":"https:\/\/tautastribunals.eu\/index.php?rest_route=\/wp\/v2\/posts\/55614"}],"collection":[{"href":"https:\/\/tautastribunals.eu\/index.php?rest_route=\/wp\/v2\/posts"}],"about":[{"href":"https:\/\/tautastribunals.eu\/index.php?rest_route=\/wp\/v2\/types\/post"}],"author":[{"embeddable":true,"href":"https:\/\/tautastribunals.eu\/index.php?rest_route=\/wp\/v2\/users\/1"}],"replies":[{"embeddable":true,"href":"https:\/\/tautastribunals.eu\/index.php?rest_route=%2Fwp%2Fv2%2Fcomments&post=55614"}],"version-history":[{"count":7,"href":"https:\/\/tautastribunals.eu\/index.php?rest_route=\/wp\/v2\/posts\/55614\/revisions"}],"predecessor-version":[{"id":55621,"href":"https:\/\/tautastribunals.eu\/index.php?rest_route=\/wp\/v2\/posts\/55614\/revisions\/55621"}],"wp:attachment":[{"href":"https:\/\/tautastribunals.eu\/index.php?rest_route=%2Fwp%2Fv2%2Fmedia&parent=55614"}],"wp:term":[{"taxonomy":"category","embeddable":true,"href":"https:\/\/tautastribunals.eu\/index.php?rest_route=%2Fwp%2Fv2%2Fcategories&post=55614"},{"taxonomy":"post_tag","embeddable":true,"href":"https:\/\/tautastribunals.eu\/index.php?rest_route=%2Fwp%2Fv2%2Ftags&post=55614"}],"curies":[{"name":"wp","href":"https:\/\/api.w.org\/{rel}","templated":true}]}}