{"id":55503,"date":"2020-03-18T02:16:00","date_gmt":"2020-03-18T00:16:00","guid":{"rendered":"https:\/\/tautastribunals.eu\/?p=55503"},"modified":"2020-03-18T02:16:00","modified_gmt":"2020-03-18T00:16:00","slug":"raivi-dzintar-tev-nav-tiesibas-dzivot-starp-mums","status":"publish","type":"post","link":"https:\/\/tautastribunals.eu\/?p=55503","title":{"rendered":"Raivi Dzintar, tev nav ties\u012bbas dz\u012bvot starp mums"},"content":{"rendered":"\n<figure class=\"wp-block-image\"><img decoding=\"async\" loading=\"lazy\" width=\"800\" height=\"116\" src=\"https:\/\/tautastribunals.eu\/wp-content\/uploads\/2020\/02\/L.Granti\u0146\u0161.J.Z\u012bvertsBord\u0101nsBut\u0101nsLRTT-1-2-800x116.png\" alt=\"\" class=\"wp-image-54931\" srcset=\"https:\/\/tautastribunals.eu\/wp-content\/uploads\/2020\/02\/L.Granti\u0146\u0161.J.Z\u012bvertsBord\u0101nsBut\u0101nsLRTT-1-2-800x116.png 800w, https:\/\/tautastribunals.eu\/wp-content\/uploads\/2020\/02\/L.Granti\u0146\u0161.J.Z\u012bvertsBord\u0101nsBut\u0101nsLRTT-1-2-300x44.png 300w, https:\/\/tautastribunals.eu\/wp-content\/uploads\/2020\/02\/L.Granti\u0146\u0161.J.Z\u012bvertsBord\u0101nsBut\u0101nsLRTT-1-2-768x112.png 768w, https:\/\/tautastribunals.eu\/wp-content\/uploads\/2020\/02\/L.Granti\u0146\u0161.J.Z\u012bvertsBord\u0101nsBut\u0101nsLRTT-1-2.png 1073w\" sizes=\"(max-width: 800px) 100vw, 800px\" \/><\/figure>\n\n\n\n<figure class=\"wp-block-embed-facebook wp-block-embed is-type-video is-provider-facebook\"><div class=\"wp-block-embed__wrapper\">\n<div id=\"fb-root\"><\/div><script async=\"1\" defer=\"1\" crossorigin=\"anonymous\" src=\"https:\/\/connect.facebook.net\/de_DE\/sdk.js#xfbml=1&amp;version=v6.0\"><\/script><div class=\"fb-video\" data-href=\"https:\/\/www.facebook.com\/RDzintars\/videos\/2574294666191272\/?v=2574294666191272\" data-width=\"500\"><blockquote cite=\"https:\/\/www.facebook.com\/RDzintars\/videos\/2574294666191272\/\" class=\"fb-xfbml-parse-ignore\"><a href=\"https:\/\/www.facebook.com\/RDzintars\/videos\/2574294666191272\/\">Latvie\u0161u le\u0123ions. Taisn\u012bbas aug\u0161\u0101mcel\u0161an\u0101s (Visa filma ar subtitriem)<\/a><p>\u0160oreiz, kad publiskie pas\u0101kumi ir pamatoti ierobe\u017eoti, j\u0101mekl\u0113 citi veidi, k\u0101 latvie\u0161u le\u0123ion\u0101ru dien\u0101 pateikt m\u016bsu karav\u012briem paldies. To varam izdar\u012bt, noskatoties un padaloties ar dokument\u0101lo filmu \u201cLatvie\u0161u le\u0123ion\u0101ri. Taisn\u012bbas aug\u0161\u0101mcel\u0161an\u0101s\u201d. Taj\u0101 ir gan sirsn\u012bgi v\u0113st\u012bjumi un atmi\u0146u st\u0101sti no apm\u0113ram 95 gadus vecajiem le\u0123ion\u0101riem, gan tik\u0161an\u0101s ar vi\u0146u mazb\u0113rniem, gan svar\u012bg\u0101k\u0101 inform\u0101cija, kas par \u0161\u012bm noz\u012bm\u012bgaj\u0101m v\u0113stures lappus\u0113m j\u0101zina katram latvietim.38 min\u016btes gar\u0101 filma ir \u012bpa\u0161i piem\u0113rota jaunie\u0161iem un ikvienam, kam Latvijas v\u0113sture nav tikai gadskait\u013cu, vietv\u0101rdu un personv\u0101rdu iegaum\u0113\u0161ana, bet ar\u012b attieksme, v\u0113rt\u012bbas, l\u012bdzp\u0101rdz\u012bvojums un secin\u0101jumu avots \u0161odienas dz\u012bvei.Pirmizr\u0101de TV:TV24 \u2013 16. mart\u0101 pl 19.00ReTV \u2013 16. mart\u0101 pl 22.00Paldies filmas varo\u0146iem un rado\u0161ajai komandai! Tagad to nododam J\u016bsu v\u0113rt\u0113jumam, jaunie\u0161u izgl\u012bt\u012bbai un valstiskai audzin\u0101\u0161anai.\ud83c\uddf1\ud83c\uddfb<\/p>Gepostet von <a href=\"https:\/\/www.facebook.com\/RDzintars\/\">Raivis Dzintars<\/a> am Sonntag, 15. M\u00e4rz 2020<\/blockquote><\/div>\n<\/div><\/figure>\n\n\n\n<p class=\"has-text-color has-background has-very-light-gray-color has-very-dark-gray-background-color\">\u0160aj\u0101 film\u0101<strong> &#8220;k\u0101ds&#8221;<\/strong> run\u0101 par <strong>LATVISKU LATVIJU<\/strong>, bet atrad\u0101s varonis\/ varo\u0146i, kur\u0161\/ kuri \u0161o <strong>LATVISKO LATVIJU<\/strong> izsv\u012btroja no m\u016bsu valsts att\u012bst\u012bbas koncepcijas un <strong>TAUTAS PR\u0100TA<\/strong> ! <strong>SV\u012aTROT\u0100JI<\/strong> bija tie, kuri visus \u0161os garos p\u0113c<strong>Atmodas<\/strong> gadus uzdev\u0101s par latvie\u0161u tautas gl\u0101b\u0113jiem ! \u0160ai no\u017e\u0113lojamai tautas nodev\u0113ju partijai pieder visi <strong>TIESU IZPILD\u012aT\u0100JI<\/strong>, kuri no dz\u012bvok\u013ciem izliku\u0161i t\u016bksto\u0161iem latvie\u0161u, un t\u0101 rezult\u0101t\u0101 k\u013cuvu\u0161i par miljon\u0101riem. \u0160\u012b nodev\u0113ju partija darboj\u0101s <strong>R\u012bg\u0101 <\/strong>kop\u0101 ar <strong>U\u0161akova SASKA\u0145U <\/strong>un apzogot to patais\u012bja par <strong>KRIEVU \u0122EREV\u0145U<\/strong>, kur\u0101 latvie\u0161u valoda vairs nav dzirdama ! \u0160o latvie\u0161u tautas nodev\u0113ju baru m\u0113s varam atrast zem nosaukuma:<strong> NACION\u0100L\u0100 APVIEN\u012aBA \/ VISU LATVIJAI !<\/strong> Cik uzkr\u012bto\u0161i, ka \u0161o filmu cen\u0161as populariz\u0113t tas, kur\u0161 <strong>mums visiem iep\u013c\u0101vis sej\u0101- R. Dzintars !<\/strong> Tas tikai nor\u0101da uz nodev\u0113ja glumumu un piel\u012bd\u0113ja garu !<\/p>\n\n\n\n<figure class=\"wp-block-image\"><img decoding=\"async\" loading=\"lazy\" width=\"800\" height=\"658\" src=\"https:\/\/tautastribunals.eu\/wp-content\/uploads\/2019\/11\/D.Melb\u0101rde.-R.-Dzintars.L.Granti\u0146\u0161.LRTT_-800x658.png\" alt=\"\" class=\"wp-image-53749\" srcset=\"https:\/\/tautastribunals.eu\/wp-content\/uploads\/2019\/11\/D.Melb\u0101rde.-R.-Dzintars.L.Granti\u0146\u0161.LRTT_-800x658.png 800w, https:\/\/tautastribunals.eu\/wp-content\/uploads\/2019\/11\/D.Melb\u0101rde.-R.-Dzintars.L.Granti\u0146\u0161.LRTT_-300x247.png 300w, https:\/\/tautastribunals.eu\/wp-content\/uploads\/2019\/11\/D.Melb\u0101rde.-R.-Dzintars.L.Granti\u0146\u0161.LRTT_-768x632.png 768w, https:\/\/tautastribunals.eu\/wp-content\/uploads\/2019\/11\/D.Melb\u0101rde.-R.-Dzintars.L.Granti\u0146\u0161.LRTT_.png 828w\" sizes=\"(max-width: 800px) 100vw, 800px\" \/><\/figure>\n\n\n\n<p><\/p>\n\n\n\n<p class=\"has-text-color has-background has-very-light-gray-color has-very-dark-gray-background-color\"> Ir zin\u0101ms, ka vi\u0146u partijas p\u0101rst\u0101vis <strong>Dzintars Rasna\u010ds<\/strong> bija viens no tiem, kur\u0161 kop\u0101 ar<strong> Bunku &amp; Borovkovu<\/strong> pirms pieciem gadiem organiz\u0113ja <strong>L. Granti\u0146a <\/strong>slepkav\u012bbu, kad tas bija ce\u013c\u0101 pie <strong>Laimo\u0146a Pura. L. Pura<\/strong> zvans toreiz pagl\u0101ba<strong> Granti\u0146u<\/strong> un vi\u0146a sievu no n\u0101ves. P\u0101ris dienas v\u0113l\u0101k<strong> L. Granti\u0146am<\/strong> uz ielas brut\u0101li, k\u0101 <strong>Sta\u013cina laik\u0101,<\/strong> uzbruka de\u0123ener\u0101ta <strong>N. Me\u017evieta<\/strong> banda. Tika lauzti kauli un <strong>pat dubult- rokudzel\u017eos sasl\u0113gts transport\u0113ts<\/strong> uz <strong>R\u012bgu<\/strong> !<\/p>\n\n\n\n<p class=\"has-text-color has-background has-medium-font-size has-very-light-gray-color has-very-dark-gray-background-color\"> Latviet, tie nav cilv\u0113ki, vi\u0146i pat nav zv\u0113ri, vi\u0146i ir daudz kas \u013caun\u0101ks. Vi\u0146iem nav ties\u012bbas dz\u012bvot starp cilv\u0113kiem. <\/p>\n\n\n\n<figure class=\"wp-block-image\"><img decoding=\"async\" loading=\"lazy\" width=\"762\" height=\"800\" src=\"https:\/\/tautastribunals.eu\/wp-content\/uploads\/2020\/03\/Dzintars-Raivis.Lembergs-Aivars.-Granti\u0146\u0161-Linards.LRTT_-762x800-1-762x800.png\" alt=\"\" class=\"wp-image-55511\" srcset=\"https:\/\/tautastribunals.eu\/wp-content\/uploads\/2020\/03\/Dzintars-Raivis.Lembergs-Aivars.-Granti\u0146\u0161-Linards.LRTT_-762x800-1.png 762w, https:\/\/tautastribunals.eu\/wp-content\/uploads\/2020\/03\/Dzintars-Raivis.Lembergs-Aivars.-Granti\u0146\u0161-Linards.LRTT_-762x800-1-286x300.png 286w\" sizes=\"(max-width: 762px) 100vw, 762px\" \/><\/figure>\n\n\n\n<p class=\"has-text-color has-background has-very-light-gray-color has-very-dark-gray-background-color\">Jaunais<strong> Ie.M. \u0122ir\u0123ens<\/strong> \u0161o <strong>N. Me\u017evieta<\/strong> bandu uzslav\u0113ja un bez <strong>Tieslietu ministra Bord\u0101na<\/strong> zi\u0146as, apstiprin\u0101ja v\u0113l uz vienu <strong>&#8220;darba c\u0113lienu&#8221;<\/strong> !!! Par visu \u0161o noziegumu pret akt\u012bv\u0101s <strong>Atmodas<\/strong> aizs\u0101c\u0113ju<strong> VL! i- port\u0101ls klus\u0113ja, pat ne zilbe neizskan\u0113ja<\/strong> ! <\/p>\n\n\n\n<p class=\"has-text-color has-background has-very-light-gray-color has-very-dark-gray-background-color\">Ir j\u0101saka: bet tu ta\u010du, pret\u012bgais<strong> J\u016bdas izdzimum, Dzintar,<\/strong> s\u0113di manis un man l\u012bdz\u012bgo izkarotaj\u0101 <strong>Latvij\u0101<\/strong>. Un pien\u0101ks diena, kad es tev un tev l\u012bdz\u012bgajiem, visiem tiem, kuri veica asinsdarbus pret mani un manu tautu, bez \u017e\u0113last\u012bbas ielaid\u012b\u0161u lodi pier\u0113. Un j\u016bs visi, kuri aplaupa manu tautu un valsti, to zin\u0101t, ka es to izdar\u012b\u0161u un t\u0101p\u0113c cen\u0161aties mani noslepkavot ! P\u0113c slepkavas<strong> R. Bunkas <\/strong>p\u0113t\u012bjumiem, t\u0101di <strong>&#8220;nel\u012bdzsvarotie&#8221;<\/strong> esot ap 40 000&#8230;<\/p>\n\n\n\n<p class=\"has-text-color has-background has-very-light-gray-color has-very-dark-gray-background-color\">J\u016bsu vieta nav nedz<strong> R\u012bgas Dom\u0113,<\/strong> nedz Saeim\u0101, bet <strong>KAR\u0100TAV\u0100S<\/strong> ! Pie varas j\u0101b\u016bt tiem, kuri pieteiku\u0161i karu \u010dekistiem, komunistiem, visiem tiem, kuri apzogot valsti un tautu k\u013cuvu\u0161i pasakaini bag\u0101ti. Pie varas gro\u017eiem j\u0101b\u016bt<strong> J. Bord\u0101na <\/strong>vad\u012btai partijai- <strong>JKP <\/strong>!<\/p>\n\n\n\n<figure class=\"wp-block-image\"><img decoding=\"async\" loading=\"lazy\" width=\"751\" height=\"787\" src=\"https:\/\/tautastribunals.eu\/wp-content\/uploads\/2020\/03\/4.-Bord\u0101ns.Granti\u0146\u0161.LRTT_.-Levits-Kopie-2.png\" alt=\"\" class=\"wp-image-55371\" srcset=\"https:\/\/tautastribunals.eu\/wp-content\/uploads\/2020\/03\/4.-Bord\u0101ns.Granti\u0146\u0161.LRTT_.-Levits-Kopie-2.png 751w, https:\/\/tautastribunals.eu\/wp-content\/uploads\/2020\/03\/4.-Bord\u0101ns.Granti\u0146\u0161.LRTT_.-Levits-Kopie-2-286x300.png 286w\" sizes=\"(max-width: 751px) 100vw, 751px\" \/><\/figure>\n\n\n\n<p>18.03.20           L. Granti\u0146\u0161<\/p>\n","protected":false},"excerpt":{"rendered":"<p>\u0160aj\u0101 film\u0101 &#8220;k\u0101ds&#8221; run\u0101 par LATVISKU LATVIJU, bet atrad\u0101s varonis\/ varo\u0146i, kur\u0161\/ kuri \u0161o LATVISKO LATVIJU izsv\u012btroja no m\u016bsu valsts att\u012bst\u012bbas koncepcijas un TAUTAS PR\u0100TA ! SV\u012aTROT\u0100JI bija tie, kuri visus \u0161os garos p\u0113cAtmodas&#46;&#46;&#46;<\/p>\n","protected":false},"author":1,"featured_media":0,"comment_status":"open","ping_status":"open","sticky":false,"template":"","format":"standard","meta":[],"categories":[1],"tags":[],"_links":{"self":[{"href":"https:\/\/tautastribunals.eu\/index.php?rest_route=\/wp\/v2\/posts\/55503"}],"collection":[{"href":"https:\/\/tautastribunals.eu\/index.php?rest_route=\/wp\/v2\/posts"}],"about":[{"href":"https:\/\/tautastribunals.eu\/index.php?rest_route=\/wp\/v2\/types\/post"}],"author":[{"embeddable":true,"href":"https:\/\/tautastribunals.eu\/index.php?rest_route=\/wp\/v2\/users\/1"}],"replies":[{"embeddable":true,"href":"https:\/\/tautastribunals.eu\/index.php?rest_route=%2Fwp%2Fv2%2Fcomments&post=55503"}],"version-history":[{"count":12,"href":"https:\/\/tautastribunals.eu\/index.php?rest_route=\/wp\/v2\/posts\/55503\/revisions"}],"predecessor-version":[{"id":55516,"href":"https:\/\/tautastribunals.eu\/index.php?rest_route=\/wp\/v2\/posts\/55503\/revisions\/55516"}],"wp:attachment":[{"href":"https:\/\/tautastribunals.eu\/index.php?rest_route=%2Fwp%2Fv2%2Fmedia&parent=55503"}],"wp:term":[{"taxonomy":"category","embeddable":true,"href":"https:\/\/tautastribunals.eu\/index.php?rest_route=%2Fwp%2Fv2%2Fcategories&post=55503"},{"taxonomy":"post_tag","embeddable":true,"href":"https:\/\/tautastribunals.eu\/index.php?rest_route=%2Fwp%2Fv2%2Ftags&post=55503"}],"curies":[{"name":"wp","href":"https:\/\/api.w.org\/{rel}","templated":true}]}}