{"id":55335,"date":"2020-03-10T06:41:02","date_gmt":"2020-03-10T04:41:02","guid":{"rendered":"https:\/\/tautastribunals.eu\/?p=55335"},"modified":"2020-03-10T06:41:02","modified_gmt":"2020-03-10T04:41:02","slug":"noziedznieka-jundza-naids-uz-bordanu-ir-pamatots","status":"publish","type":"post","link":"https:\/\/tautastribunals.eu\/?p=55335","title":{"rendered":"Noziedznieka Jund\u017ea naids uz Bord\u0101nu ir &#8220;pamatots&#8221; !"},"content":{"rendered":"\n<p><\/p>\n\n\n\n<figure class=\"wp-block-image\"><img decoding=\"async\" loading=\"lazy\" width=\"800\" height=\"116\" src=\"https:\/\/tautastribunals.eu\/wp-content\/uploads\/2020\/02\/L.Granti\u0146\u0161.J.Z\u012bvertsBord\u0101nsBut\u0101nsLRTT-1-4-800x116.png\" alt=\"\" class=\"wp-image-55084\" srcset=\"https:\/\/tautastribunals.eu\/wp-content\/uploads\/2020\/02\/L.Granti\u0146\u0161.J.Z\u012bvertsBord\u0101nsBut\u0101nsLRTT-1-4-800x116.png 800w, https:\/\/tautastribunals.eu\/wp-content\/uploads\/2020\/02\/L.Granti\u0146\u0161.J.Z\u012bvertsBord\u0101nsBut\u0101nsLRTT-1-4-300x44.png 300w, https:\/\/tautastribunals.eu\/wp-content\/uploads\/2020\/02\/L.Granti\u0146\u0161.J.Z\u012bvertsBord\u0101nsBut\u0101nsLRTT-1-4-768x112.png 768w, https:\/\/tautastribunals.eu\/wp-content\/uploads\/2020\/02\/L.Granti\u0146\u0161.J.Z\u012bvertsBord\u0101nsBut\u0101nsLRTT-1-4.png 1073w\" sizes=\"(max-width: 800px) 100vw, 800px\" \/><\/figure>\n\n\n\n<p style=\"background-color:#094c33\" class=\"has-text-color has-background has-medium-font-size has-very-light-gray-color\">JKP ir vien\u012bgie, kuri ir cien\u012bgi VALD\u012aT R\u012bg\u0101 !<\/p>\n\n\n\n<figure class=\"wp-block-image\"><img decoding=\"async\" loading=\"lazy\" width=\"751\" height=\"787\" src=\"https:\/\/tautastribunals.eu\/wp-content\/uploads\/2020\/03\/4.-Bord\u0101ns.Granti\u0146\u0161.LRTT_.-Levits-Kopie-2.png\" alt=\"\" class=\"wp-image-55371\" srcset=\"https:\/\/tautastribunals.eu\/wp-content\/uploads\/2020\/03\/4.-Bord\u0101ns.Granti\u0146\u0161.LRTT_.-Levits-Kopie-2.png 751w, https:\/\/tautastribunals.eu\/wp-content\/uploads\/2020\/03\/4.-Bord\u0101ns.Granti\u0146\u0161.LRTT_.-Levits-Kopie-2-286x300.png 286w\" sizes=\"(max-width: 751px) 100vw, 751px\" \/><\/figure>\n\n\n\n<p class=\"has-background has-very-light-gray-background-color\">Tuvojas <strong>\u201cR\u012aGAS v\u0113l\u0113\u0161anas\u201d ! R\u012bga<\/strong> ir <strong>Latvijas Sirds- tautas GAR\u012aGAIS CENTRS<\/strong>, kur\u0161 l\u012bdz \u0161im bija <strong>Saska\u0146ie\u0161u<\/strong>&#8211; vis\u012bst\u0101ko <strong>LATVIJAS OKUPANTU<\/strong> rok\u0101s un k\u0101 rezult\u0101t\u0101 viss tika izzagts. Latvie\u0161i padz\u012bti un diskrimin\u0113ta latvie\u0161u valoda. Latvie\u0161u <strong>b\u0113rnud\u0101rzi apzin\u0101ti, p\u0101rkrievo\u0161anas nol\u016bkos<\/strong>, netika celti. To visu <strong>SV\u0112T\u012aGI<\/strong> atbalst\u012bja pie varas eso\u0161\u0101 <strong>\u201clatvisko\u201d <\/strong>partiju koal\u012bcija ar <strong>NA<\/strong> priek\u0161gal\u0101 ! Faktiski visa <strong>sala\u0161\u0146u \u017e\u013curga bija \u010dekistu inspir\u0113ta<\/strong>, kuras s\u0101kums mekl\u0113jams <strong>Tautas Front\u0113, <\/strong>kura 100%t\u012bgi sast\u0101v\u0113ja no komunistiem, kuri bija devu\u0161i zv\u0113restu kompartijai- <strong>IZN\u012aCIN\u0100T VISU<\/strong> latviski nacion\u0101lo, ko ar\u012b tautas paraz\u012bts <strong>Raivis Dzintars,<\/strong> kop\u0101 ar <strong>Melb\u0101rdi,<\/strong> \u012bstenoja jau k\u0101 <strong>LIKUMU:<\/strong> &nbsp;<strong>LATVISK\u0100S valsts att\u012bst\u012bbas<\/strong> koncepcija, tika nomain\u012bta uz <strong>NACION\u0100LO<\/strong>. <strong>Liel\u0101ku noziegumu <\/strong>nav vairs iesp\u0113jams veikt. Gadu t\u016bksto\u0161iem garaj\u0101 latvie\u0161u apzi\u0146\u0101 izkristaliz\u0113ju\u0161ais dz\u012bves apzi\u0146as modelis tika iemests atkritumos. Atjaunotaj\u0101<strong> LATVIJ\u0100<\/strong> tam bija j\u0101uzzied vis\u0101 t\u0101 kr\u0101\u0161\u0146um\u0101, ka tas jau tikai aizs\u0101kts <strong>K. Ulma\u0146a<\/strong> <strong>Latvijas Br\u012bvvalsts<\/strong> laik\u0101 !!! <strong>NA <\/strong>veiktais bija latvie\u0161u<strong> DV\u0112SELES<\/strong> izn\u012bcin\u0101\u0161ana, par ko reiz b\u016bs j\u0101atbild <strong>TRIBUN\u0100LA<\/strong> priek\u0161\u0101 un j\u0101sa\u0146em <strong>ASM<\/strong> ! <\/p>\n\n\n\n<figure class=\"wp-block-image\"><img decoding=\"async\" loading=\"lazy\" width=\"800\" height=\"658\" src=\"https:\/\/tautastribunals.eu\/wp-content\/uploads\/2019\/11\/D.Melb\u0101rde.-R.-Dzintars.L.Granti\u0146\u0161.LRTT_-800x658.png\" alt=\"\" class=\"wp-image-53749\" srcset=\"https:\/\/tautastribunals.eu\/wp-content\/uploads\/2019\/11\/D.Melb\u0101rde.-R.-Dzintars.L.Granti\u0146\u0161.LRTT_-800x658.png 800w, https:\/\/tautastribunals.eu\/wp-content\/uploads\/2019\/11\/D.Melb\u0101rde.-R.-Dzintars.L.Granti\u0146\u0161.LRTT_-300x247.png 300w, https:\/\/tautastribunals.eu\/wp-content\/uploads\/2019\/11\/D.Melb\u0101rde.-R.-Dzintars.L.Granti\u0146\u0161.LRTT_-768x632.png 768w, https:\/\/tautastribunals.eu\/wp-content\/uploads\/2019\/11\/D.Melb\u0101rde.-R.-Dzintars.L.Granti\u0146\u0161.LRTT_.png 828w\" sizes=\"(max-width: 800px) 100vw, 800px\" \/><\/figure>\n\n\n\n<p class=\"has-background has-very-light-gray-background-color\">\u0160iem <strong>NA<\/strong> izdzimumiem, t\u0101pat k\u0101 <strong>ZZS, JV<\/strong> vai <strong>Saska\u0146ai, R\u012bgas Dom\u0113<\/strong> nav vietas, bet gan <strong>RCC<\/strong>. <strong>R\u012bgas Dom\u0113<\/strong> varu j\u0101p\u0101r\u0146em t\u0101dam veidojumam, kur\u0161 pieteicis c\u012b\u0146u pret korupciju, kuras <strong>\u201ckrust\u0113vi\u201d<\/strong> ir <strong>\u010dekisti un komunisti<\/strong>. Tai ir j\u0101b\u016bt <strong>J. Bord\u0101na<\/strong> partijai, kura pagaid\u0101m ir vien\u012bg\u0101, kas to ir atkl\u0101ti pazi\u0146ojusi un par to tiek neganti vaj\u0101ta no \u0161eit piemin\u0113to noziedznieku varzas ! C\u012b\u0146a b\u016bs gr\u016bta, jo visi tie, kuri ir piedal\u012bju\u0161ies valsts izlaup\u012b\u0161an\u0101 un tautas izdz\u012b\u0161anas no <strong>T\u0113vzemes,<\/strong> k\u0101 ar\u012b tie, kuri <strong>\u201c\u0113du\u0161i no \u0161o noziedznieku rokas\u201d,<\/strong> dar\u012bs visu, lai<strong> JKP<\/strong> netiktu <strong>R\u012bg\u0101 <\/strong>pie teik\u0161anas. Un t\u0101du ir pietieko\u0161i daudz, no 8 l\u012bdz 12%. Praktiski, visi \u0161eit piemin\u0113tie 12% ir <strong>R\u012bgas Centr\u0101lcietuma kontingenta cien\u012bgi<\/strong> ! Visi tie, kuri zagu\u0161i, sa\u0146\u0113mu\u0161i nepeln\u012bti lielas algas, <strong>\u201cstr\u0101d\u0101ju\u0161i fikt\u012bv\u0101s\u201d<\/strong> darbaviet\u0101s, pres\u0113 maldin\u0101ju\u0161i sabiedr\u012bbu\u2026., ir ties\u0101jami, jo veiku\u0161i genoc\u012bdu. Tie\u0161i \u0161ie izdzimumi ir tie, kuri soc- t\u012bklos nodarbojas ar<strong> TROL\u0112\u0160ANU- INFORM\u0100CIJAS SAGROZ\u012a\u0160ANU, MELO\u0160ANU.<\/strong><\/p>\n\n\n\n<p class=\"has-background has-medium-font-size has-cyan-bluish-gray-background-color\"><a href=\"https:\/\/nra.lv\/latvija\/306647-talavs-jundzis-pie-varas-ar-cirvi-rokas.htm\">https:\/\/nra.lv\/latvija\/306647-talavs-jundzis-pie-varas-ar-cirvi-rokas.htm<\/a><\/p>\n\n\n\n<p class=\"has-background has-very-light-gray-background-color\">Un br\u012bnies tikai, vecai <strong>\u010dekists\/ komunists<\/strong> <strong>T. Jundzis <\/strong>pat uzst\u0101jas k\u0101 di\u017e- <strong>TROLLIS<\/strong> aprejot<strong> J. Bord\u0101nu<\/strong> ! Kas ir \u0161is<strong> \u201cjundzis\u201d <\/strong>? Vis\u012bst\u0101kais slepkava, <strong>pagr\u012bdes kompartijas biedrs,<\/strong> kur\u0161 piedal\u0101s lem\u0161an\u0101, kur\u0161 <strong>Latvijas PATRIOTS<\/strong> ir likvid\u0113jams- str\u0101d\u0101 cie\u0161\u0101 sadarb\u012bb\u0101 ar<strong> R. Bunkas &amp; A. Borovkova <\/strong>slepkav\u012bbu \u012bstenot\u0101ju brig\u0101di. \u0160odien ir <strong>\u201cMaskavas kurmja\u201d- N\u0100CIJAS T\u0112VA<\/strong> lab\u0101 roka. <\/p>\n\n\n\n<figure class=\"wp-block-image\"><img decoding=\"async\" loading=\"lazy\" width=\"658\" height=\"800\" src=\"https:\/\/tautastribunals.eu\/wp-content\/uploads\/2020\/02\/Godmanis.Granti\u0146\u0161BunkaLRTT-658x800.png\" alt=\"\" class=\"wp-image-55289\" srcset=\"https:\/\/tautastribunals.eu\/wp-content\/uploads\/2020\/02\/Godmanis.Granti\u0146\u0161BunkaLRTT-658x800.png 658w, https:\/\/tautastribunals.eu\/wp-content\/uploads\/2020\/02\/Godmanis.Granti\u0146\u0161BunkaLRTT-247x300.png 247w, https:\/\/tautastribunals.eu\/wp-content\/uploads\/2020\/02\/Godmanis.Granti\u0146\u0161BunkaLRTT-768x933.png 768w, https:\/\/tautastribunals.eu\/wp-content\/uploads\/2020\/02\/Godmanis.Granti\u0146\u0161BunkaLRTT.png 916w\" sizes=\"(max-width: 658px) 100vw, 658px\" \/><figcaption><strong>FOTO: T\u0101lavs Jundzis pagr\u012bdes komunistipolitbiroa san\u0101ksmes br\u012bd\u012b.<\/strong><\/figcaption><\/figure>\n\n\n\n<p class=\"has-background has-very-light-gray-background-color\">Vi\u0146a uzst\u0101\u0161an\u0101s pret J. <strong>Bord\u0101nu<\/strong>, bija <strong>E. Levita<\/strong> ieteikta. Jo k\u0101 viens t\u0101 otrs ir valsts milzu izlaup\u012bt\u0101js, k\u0101 rezult\u0101t\u0101 k\u013cuvu\u0161i par miljon\u0101riem. Vi\u0146i abi, ja <strong>J. Bord\u0101ns <\/strong>\u012bstenos <strong>DEMOKR\u0100TISKOS P\u0100RK\u0100RTOJUMUS<\/strong>, tiks aizmesti aiz rest\u0113m un pat izpild\u012bts<strong> ASM <\/strong>! Un, kur\u0161 gan labpr\u0101t\u012bgi v\u0113l\u0113sies <strong>\u201cb\u016bt piestiprin\u0101ts pie laternas\u201d<\/strong> ? <strong>T. Jundzis<\/strong> bija viens no galvenajiem <strong>Latvijas lielo uz\u0146\u0113mumu likvidatoriem un izp\u0101rdev\u0113jiem<\/strong>, t\u0101tad, <strong>Latvijas valsts izn\u012bcin\u0101t\u0101js<\/strong>.<\/p>\n\n\n\n<p class=\"has-background has-very-light-gray-background-color\">Par \u0161\u012b s\u0101tanisk\u0101 izdzimuma mor\u0101li: <strong>T. Jund\u017ea <\/strong>t\u0113vs bija m\u0101c\u012bt\u0101js. <strong>T\u0101lavs<\/strong>, k\u0101 uztic\u012bgs partijas biedrs, savu ideolo\u0123isko briedumu savai partijai izr\u0101d\u012bja ar to, ka<strong> AIZLIEDZA SAVAM MIES\u012aGAJAM T\u0112VAM SPERT K\u0100JU P\u0100R VI\u0145A M\u0100JAS SLIEKSNI<\/strong> ! L\u016bk, tik uztic\u012bgs komunists \u0161odien ir <strong>Latvijas \u201cprezidenta\u201d<\/strong> padomdev\u0113js !!!<\/p>\n\n\n\n<figure class=\"wp-block-image\"><img decoding=\"async\" loading=\"lazy\" width=\"620\" height=\"413\" src=\"https:\/\/tautastribunals.eu\/wp-content\/uploads\/2020\/03\/T\u0101lavs-Jundzis.-BorovkovsBord\u0101nsGranti\u0146\u0161.LRTT_.jpg\" alt=\"\" class=\"wp-image-55374\" srcset=\"https:\/\/tautastribunals.eu\/wp-content\/uploads\/2020\/03\/T\u0101lavs-Jundzis.-BorovkovsBord\u0101nsGranti\u0146\u0161.LRTT_.jpg 620w, https:\/\/tautastribunals.eu\/wp-content\/uploads\/2020\/03\/T\u0101lavs-Jundzis.-BorovkovsBord\u0101nsGranti\u0146\u0161.LRTT_-300x200.jpg 300w\" sizes=\"(max-width: 620px) 100vw, 620px\" \/><\/figure>\n\n\n\n<figure class=\"wp-block-embed-wordpress wp-block-embed is-type-wp-embed is-provider-latvijas-republikas-tautas\"><div class=\"wp-block-embed__wrapper\">\n<blockquote class=\"wp-embedded-content\" data-secret=\"SVcRFYOnzP\"><a href=\"https:\/\/tautastribunals.eu\/?p=10663\">Latvie\u0161u tautas slepkavu messe<\/a><\/blockquote><iframe title=\"&#8222;Latvie\u0161u tautas slepkavu messe&#8220; &#8212; Latvijas Republikas tautas\" class=\"wp-embedded-content\" sandbox=\"allow-scripts\" security=\"restricted\" style=\"position: absolute; clip: rect(1px, 1px, 1px, 1px);\" src=\"https:\/\/tautastribunals.eu\/?p=10663&#038;embed=true#?secret=SVcRFYOnzP\" data-secret=\"SVcRFYOnzP\" width=\"500\" height=\"282\" frameborder=\"0\" marginwidth=\"0\" marginheight=\"0\" scrolling=\"no\"><\/iframe>\n<\/div><\/figure>\n\n\n\n<p class=\"has-background has-very-light-gray-background-color\">Visi tie, kuri\nnorej<strong> J. Bord\u0101nu un vi\u0146a SV\u012aTU<\/strong>, ir tie, kuri veiku\u0161i noziegumus pret\ntautu\u2026 !<\/p>\n\n\n\n<p class=\"has-background has-very-light-gray-background-color\">Tagad j\u016bs\nsaprat\u0101t, k\u0101p\u0113c tik \u0101rpr\u0101t\u012bgi tiek n\u012bsts <strong>J\u0101nis Bord\u0101ns<\/strong> !<\/p>\n\n\n\n<p>10.03.19<\/p>\n\n\n\n<p><\/p>\n","protected":false},"excerpt":{"rendered":"<p>JKP ir vien\u012bgie, kuri ir cien\u012bgi VALD\u012aT R\u012bg\u0101 ! Tuvojas \u201cR\u012aGAS v\u0113l\u0113\u0161anas\u201d ! R\u012bga ir Latvijas Sirds- tautas GAR\u012aGAIS CENTRS, kur\u0161 l\u012bdz \u0161im bija Saska\u0146ie\u0161u&#8211; vis\u012bst\u0101ko LATVIJAS OKUPANTU rok\u0101s un k\u0101 rezult\u0101t\u0101 viss tika&#46;&#46;&#46;<\/p>\n","protected":false},"author":1,"featured_media":0,"comment_status":"open","ping_status":"open","sticky":false,"template":"","format":"standard","meta":[],"categories":[1],"tags":[],"_links":{"self":[{"href":"https:\/\/tautastribunals.eu\/index.php?rest_route=\/wp\/v2\/posts\/55335"}],"collection":[{"href":"https:\/\/tautastribunals.eu\/index.php?rest_route=\/wp\/v2\/posts"}],"about":[{"href":"https:\/\/tautastribunals.eu\/index.php?rest_route=\/wp\/v2\/types\/post"}],"author":[{"embeddable":true,"href":"https:\/\/tautastribunals.eu\/index.php?rest_route=\/wp\/v2\/users\/1"}],"replies":[{"embeddable":true,"href":"https:\/\/tautastribunals.eu\/index.php?rest_route=%2Fwp%2Fv2%2Fcomments&post=55335"}],"version-history":[{"count":10,"href":"https:\/\/tautastribunals.eu\/index.php?rest_route=\/wp\/v2\/posts\/55335\/revisions"}],"predecessor-version":[{"id":55380,"href":"https:\/\/tautastribunals.eu\/index.php?rest_route=\/wp\/v2\/posts\/55335\/revisions\/55380"}],"wp:attachment":[{"href":"https:\/\/tautastribunals.eu\/index.php?rest_route=%2Fwp%2Fv2%2Fmedia&parent=55335"}],"wp:term":[{"taxonomy":"category","embeddable":true,"href":"https:\/\/tautastribunals.eu\/index.php?rest_route=%2Fwp%2Fv2%2Fcategories&post=55335"},{"taxonomy":"post_tag","embeddable":true,"href":"https:\/\/tautastribunals.eu\/index.php?rest_route=%2Fwp%2Fv2%2Ftags&post=55335"}],"curies":[{"name":"wp","href":"https:\/\/api.w.org\/{rel}","templated":true}]}}