{"id":55267,"date":"2020-03-05T06:38:58","date_gmt":"2020-03-05T04:38:58","guid":{"rendered":"https:\/\/tautastribunals.eu\/?p=55267"},"modified":"2020-03-05T06:38:58","modified_gmt":"2020-03-05T04:38:58","slug":"v-freimantals-noziedzigie-valstsviri","status":"publish","type":"post","link":"https:\/\/tautastribunals.eu\/?p=55267","title":{"rendered":"V. Freimant\u0101ls. Noziedz\u012bgie &#8220;valstsv\u012bri&#8221; !"},"content":{"rendered":"\n<figure class=\"wp-block-image\"><img decoding=\"async\" loading=\"lazy\" width=\"744\" height=\"211\" src=\"https:\/\/tautastribunals.eu\/wp-content\/uploads\/2019\/10\/Valdis-Freimant\u0101lsL.Granti\u0146\u0161.LRTT3_-1.png\" alt=\"\" class=\"wp-image-53210\" srcset=\"https:\/\/tautastribunals.eu\/wp-content\/uploads\/2019\/10\/Valdis-Freimant\u0101lsL.Granti\u0146\u0161.LRTT3_-1.png 744w, https:\/\/tautastribunals.eu\/wp-content\/uploads\/2019\/10\/Valdis-Freimant\u0101lsL.Granti\u0146\u0161.LRTT3_-1-300x85.png 300w\" sizes=\"(max-width: 744px) 100vw, 744px\" \/><\/figure>\n\n\n\n<p class=\"has-text-color has-background has-very-light-gray-color has-very-dark-gray-background-color\"><strong>Cilv\u0113kties\u012bbu aizst\u0101v\u012bba<\/strong> ir balst\u012bta uz starptautiski atz\u012btaj\u0101m un\nskaidri deklar\u0113taj\u0101m <strong>visp\u0101r\u0113j\u0101m cilv\u0113kties\u012bbu norm\u0101m<\/strong> !<\/p>\n\n\n\n<p class=\"has-text-color has-background has-medium-font-size has-very-light-gray-color has-very-dark-gray-background-color\">\u0160o normu p\u0101rk\u0101pumi ir <strong>N O Z I\nE G U M S<\/strong> !<\/p>\n\n\n\n<p class=\"has-text-color has-background has-medium-font-size has-very-light-gray-color has-very-dark-gray-background-color\">Noziedznieki ir valsts\namatpersonas !<\/p>\n\n\n\n<p class=\"has-text-color has-background has-medium-font-size has-very-light-gray-color has-very-dark-gray-background-color\">T\u0101tad apmaks\u0101ti <strong>NOZIEDZNIEKI \u2013\nvalstsv\u012bri<\/strong> ! <\/p>\n\n\n\n<p class=\"has-text-color has-background has-very-light-gray-color has-very-dark-gray-background-color\">Starptautisk\u0101s cilv\u0113kties\u012bbu\naizst\u0101v\u012bbas organiz\u0101cijas sauc\u0101s <strong>\u201eT R I B U N \u0100 L I\u201c.<\/strong><\/p>\n\n\n\n<p class=\"has-text-color has-background has-very-light-gray-color has-very-dark-gray-background-color\">Sav\u0101d\u0101ks nosaukums\nstarptautiskaj\u0101m cilv\u0113kties\u012bbu aizst\u0101v\u012bbas organiz\u0101cij\u0101m nav iesp\u0113jams !<\/p>\n\n\n\n<p class=\"has-text-color has-background has-very-light-gray-color has-very-dark-gray-background-color\">Vai m\u0113s varam nosaukt <strong>Nirnbergas\ntribun\u0101lu<\/strong> cit\u0101 v\u0101rd\u0101 ?<\/p>\n\n\n\n<p class=\"has-text-color has-background has-very-light-gray-color has-very-dark-gray-background-color\">Protams, ka nevaram !<\/p>\n\n\n\n<p class=\"has-text-color has-background has-very-light-gray-color has-very-dark-gray-background-color\">Vai m\u0113s varam revan\u0161istiski ap\u017e\u0113lot\nnacistiskos valstsv\u012brus ?<\/p>\n\n\n\n<p class=\"has-text-color has-background has-medium-font-size has-very-light-gray-color has-very-dark-gray-background-color\">To nevar neviens !<\/p>\n\n\n\n<p class=\"has-text-color has-background has-very-light-gray-color has-very-dark-gray-background-color\"><strong>Latvijas komunistu <\/strong>un <strong>\u010dekistu varas banda<\/strong> ir <strong>t\u016bksto\u0161k\u0101rt\nvain\u012bg\u0101ka par Nirnbergas tribun\u0101la sod\u012btaj\u0101m kreat\u016br\u0101m <\/strong>! <em>(Jo izce\u013cas ar\nsmag\u0101ko vainas pier\u0101d\u012bjumu masu pret savu tautu).<\/em><\/p>\n\n\n\n<p class=\"has-text-color has-background has-very-light-gray-color has-very-dark-gray-background-color\">Tie\u0161i \u0161o <strong>NEAPG\u0100\u017dAMO <\/strong>pier\u0101d\u012bjumu\nd\u0113\u013c, komunistu un \u010dekistu pretlatvisk\u0101 vara,<br>\n<strong>VISZV\u0112R\u012aG\u0100KAJ\u0100<\/strong> veid\u0101, 1993. gada 18. febru\u0101ra nakt\u012b, <strong>\u201eI Z V A R O J\nA\u201c M\u0101mu\u013cu<\/strong> un aizliedza <strong>Latvijas valsts past\u0101v\u0113\u0161anas garantu<\/strong> \u2013\nlikum\u012bgos, 1938. gada, <strong>R\u012bgas Latvie\u0161u Biedr\u012bbas <\/strong>sv\u0113tos, vienojo\u0161os,\ndemokr\u0101tiskos stat\u016btus! <\/p>\n\n\n\n<p class=\"has-text-color has-background has-very-light-gray-color has-very-dark-gray-background-color\">Starptautiskais tribun\u0101ls <strong>Nirnberga\n2<\/strong> ir nepiecie\u0161am\u012bba <strong>Latvijai un latvie\u0161u tautai<\/strong> !<\/p>\n\n\n\n<p class=\"has-text-color has-background has-very-light-gray-color has-very-dark-gray-background-color\">Ikviens, kur\u0161 iebilst pret to \u2013\nir pret starptautiskaj\u0101m cilv\u0113kties\u012bbu norm\u0101m !<\/p>\n\n\n\n<p>05.03.20<\/p>\n\n\n\n<p style=\"background-color:#1a4233\" class=\"has-text-color has-background has-large-font-size has-very-light-gray-color\"> LRTT <\/p>\n\n\n\n<p class=\"has-background has-very-light-gray-background-color\">Nu redziet, karmas  <strong>ZOBENS <\/strong>nostr\u0101d\u0101ja. Krievi to c\u0113la pret cit\u0101m taut\u0101m un tagad tas  izn\u012bcin\u0101jis pa\u0161us, k\u0101 secina <strong>Tju\u0146\u0101jevs<\/strong>. Un tas jau ir kaut kas pozit\u012bvs.  Dr\u012bz vi\u0146\u0161 cirt\u012bs pa <strong>Latvijas izlaup\u012bt\u0101jiem<\/strong> !!! Visi <strong>godma\u0146i, lembergi,  kalnmeieri<\/strong> un <strong>kargini<\/strong> tiks <strong>&#8220;piestiprin\u0101ti pie latern\u0101m&#8221;<\/strong> !<\/p>\n\n\n\n<figure class=\"wp-block-embed-youtube wp-block-embed is-type-video is-provider-youtube wp-embed-aspect-16-9 wp-has-aspect-ratio\"><div class=\"wp-block-embed__wrapper\">\n<div class=\"video-container\"><iframe loading=\"lazy\" title=\"\u0417\u0430\u0447\u0435\u043c \u0420\u043e\u0442\u0448\u0438\u043b\u044c\u0434-\u041f\u0443\u0442\u0438\u043d \u0443\u043d\u0438\u0437\u0438\u043b \u0420\u043e\u043c\u0430\u043d\u043e\u0432\u0430-\u041c\u0435\u0434\u0432\u0435\u0434\u0435\u0432\u0430?\" width=\"500\" height=\"281\" src=\"https:\/\/www.youtube.com\/embed\/NzFd80dqqkQ?feature=oembed&#038;wmode=opaque\" frameborder=\"0\" allow=\"accelerometer; autoplay; encrypted-media; gyroscope; picture-in-picture\" allowfullscreen><\/iframe><\/div>\n<\/div><\/figure>\n\n\n\n<p><\/p>\n","protected":false},"excerpt":{"rendered":"<p>Cilv\u0113kties\u012bbu aizst\u0101v\u012bba ir balst\u012bta uz starptautiski atz\u012btaj\u0101m un skaidri deklar\u0113taj\u0101m visp\u0101r\u0113j\u0101m cilv\u0113kties\u012bbu norm\u0101m ! \u0160o normu p\u0101rk\u0101pumi ir N O Z I E G U M S ! Noziedznieki ir valsts amatpersonas ! T\u0101tad&#46;&#46;&#46;<\/p>\n","protected":false},"author":1,"featured_media":0,"comment_status":"open","ping_status":"open","sticky":false,"template":"","format":"standard","meta":[],"categories":[1],"tags":[],"_links":{"self":[{"href":"https:\/\/tautastribunals.eu\/index.php?rest_route=\/wp\/v2\/posts\/55267"}],"collection":[{"href":"https:\/\/tautastribunals.eu\/index.php?rest_route=\/wp\/v2\/posts"}],"about":[{"href":"https:\/\/tautastribunals.eu\/index.php?rest_route=\/wp\/v2\/types\/post"}],"author":[{"embeddable":true,"href":"https:\/\/tautastribunals.eu\/index.php?rest_route=\/wp\/v2\/users\/1"}],"replies":[{"embeddable":true,"href":"https:\/\/tautastribunals.eu\/index.php?rest_route=%2Fwp%2Fv2%2Fcomments&post=55267"}],"version-history":[{"count":9,"href":"https:\/\/tautastribunals.eu\/index.php?rest_route=\/wp\/v2\/posts\/55267\/revisions"}],"predecessor-version":[{"id":55339,"href":"https:\/\/tautastribunals.eu\/index.php?rest_route=\/wp\/v2\/posts\/55267\/revisions\/55339"}],"wp:attachment":[{"href":"https:\/\/tautastribunals.eu\/index.php?rest_route=%2Fwp%2Fv2%2Fmedia&parent=55267"}],"wp:term":[{"taxonomy":"category","embeddable":true,"href":"https:\/\/tautastribunals.eu\/index.php?rest_route=%2Fwp%2Fv2%2Fcategories&post=55267"},{"taxonomy":"post_tag","embeddable":true,"href":"https:\/\/tautastribunals.eu\/index.php?rest_route=%2Fwp%2Fv2%2Ftags&post=55267"}],"curies":[{"name":"wp","href":"https:\/\/api.w.org\/{rel}","templated":true}]}}