{"id":55205,"date":"2020-02-27T06:39:33","date_gmt":"2020-02-27T04:39:33","guid":{"rendered":"https:\/\/tautastribunals.eu\/?p=55205"},"modified":"2020-02-27T06:39:33","modified_gmt":"2020-02-27T04:39:33","slug":"tm-atbild-bet-tiesataji-kluse","status":"publish","type":"post","link":"https:\/\/tautastribunals.eu\/?p=55205","title":{"rendered":"TM atbild, bet &#8220;ties\u0101t\u0101ji&#8221; klus\u0113 !"},"content":{"rendered":"\n<figure class=\"wp-block-image\"><img decoding=\"async\" loading=\"lazy\" width=\"800\" height=\"112\" src=\"https:\/\/tautastribunals.eu\/wp-content\/uploads\/2019\/10\/www.tautastribunals.eu-12-5-800x112.png\" alt=\"\" class=\"wp-image-53522\" srcset=\"https:\/\/tautastribunals.eu\/wp-content\/uploads\/2019\/10\/www.tautastribunals.eu-12-5-800x112.png 800w, https:\/\/tautastribunals.eu\/wp-content\/uploads\/2019\/10\/www.tautastribunals.eu-12-5-300x42.png 300w, https:\/\/tautastribunals.eu\/wp-content\/uploads\/2019\/10\/www.tautastribunals.eu-12-5-768x108.png 768w, https:\/\/tautastribunals.eu\/wp-content\/uploads\/2019\/10\/www.tautastribunals.eu-12-5.png 950w\" sizes=\"(max-width: 800px) 100vw, 800px\" \/><\/figure>\n\n\n\n<figure class=\"wp-block-image\"><img decoding=\"async\" loading=\"lazy\" width=\"650\" height=\"252\" src=\"https:\/\/tautastribunals.eu\/wp-content\/uploads\/2020\/02\/Tieslietu-Ministrija.png\" alt=\"\" class=\"wp-image-55207\" srcset=\"https:\/\/tautastribunals.eu\/wp-content\/uploads\/2020\/02\/Tieslietu-Ministrija.png 650w, https:\/\/tautastribunals.eu\/wp-content\/uploads\/2020\/02\/Tieslietu-Ministrija-300x116.png 300w\" sizes=\"(max-width: 650px) 100vw, 650px\" \/><\/figure>\n\n\n\n<p>Uz 02.02.2020. iesniegumu<\/p>\n\n\n\n<p>(TM re\u0123.&nbsp;Nr.&nbsp;734)<\/p>\n\n\n\n<p><strong>Linardam Granti\u0146am<\/strong><\/p>\n\n\n\n<p>l.grantins@hotmail.de<\/p>\n\n\n\n<p><em>Par\niesnieguma pie\u0146em\u0161anu zin\u0101\u0161anai<\/em><\/p>\n\n\n\n<p>Tieslietu\nministrij\u0101 2020.&nbsp;gada 2.&nbsp;febru\u0101r\u012b sa\u0146emts J\u016bsu iesniegums\n(TM&nbsp;re\u0123.&nbsp;Nr.&nbsp;734), kur\u0101 nor\u0101d\u012bts, ka neatz\u012bstat pa\u0161reiz\u0113jo\nLatvijas Republikas iek\u0101rtu, k\u0101 ar\u012b piekr\u012btat krimin\u0101llietas izskat\u012b\u0161anai ar\nvideokonferences starpniec\u012bbu ar nosac\u012bjumu, ka tiesas s\u0113des norise tiks\ntransl\u0113ta Latvijas telev\u012bzijas tie\u0161raid\u0113 un tiesas s\u0113des pirm\u0101s\n3-5&nbsp;min\u016btes tiks dotas Jums, tiesas s\u0113des atkl\u0101\u0161anai.<\/p>\n\n\n\n<p>Izv\u0113rt\u0113jot\nJ\u016bsu iesniegum\u0101 nor\u0101d\u012btos apst\u0101k\u013cus, konstat\u0113ts, ka R\u012bgas pils\u0113tas Vidzemes\npriek\u0161pils\u0113tas tiesas lietved\u012bb\u0101 atrodas krimin\u0101llieta J\u016bsu aps\u016bdz\u012bb\u0101 p\u0113c\nKrimin\u0101llikuma 78.&nbsp;panta (nacion\u0101l\u0101, etnisk\u0101 un rasu naida izrais\u012b\u0161ana)\notr\u0101s da\u013cas un 81.&nbsp;panta (pret Latvijas Republiku v\u0113rsts aicin\u0101jums).\nN\u0101kam\u0101 tiesas s\u0113de krimin\u0101llietas izties\u0101\u0161anai noz\u012bm\u0113ta 2020.&nbsp;gada 3.\nmart\u0101.<\/p>\n\n\n\n<p>Krimin\u0101lprocesa\nlikuma 48.&nbsp;panta pirmaj\u0101 da\u013c\u0101 noteikts, ka, izskatot krimin\u0101llietu, tiesai\nir procesa virz\u012bt\u0101ja pilnvaras krimin\u0101lprocesa vad\u012b\u0161an\u0101 un procesu\u0101l\u0101s k\u0101rt\u012bbas\nnodro\u0161in\u0101\u0161an\u0101, k\u0101 ar\u012b ekskluz\u012bvas ties\u012bbas spriest tiesu. <\/p>\n\n\n\n<p>Nor\u0101d\u0101m,\nka krimin\u0101llietas izties\u0101\u0161anas k\u0101rt\u012bbu stingri noteic Krimin\u0101lprocesa likums.\nAtbilsto\u0161i Krimin\u0101lprocesa likuma 491.&nbsp;panta 9. punktam tiesnesis,\nsagatavojot krimin\u0101llietu izties\u0101\u0161anai tiesas s\u0113d\u0113, izlemj\npar tehnisko l\u012bdzek\u013cu (telefonkonference,\nvideokonference) izmanto\u0161anu tiesas s\u0113d\u0113. Savuk\u0101rt saska\u0146\u0101 ar \u0161\u0101 likuma\n493.&nbsp;pantu tiesas s\u0113di atkl\u0101j tiesas s\u0113des priek\u0161s\u0113d\u0113t\u0101js, pazi\u0146ojot, k\u0101da\nlieta tiks izties\u0101ta, un nosaucot tiesas sast\u0101vu.<\/p>\n\n\n\n<p>Iev\u0113rojot\nmin\u0113taj\u0101s ties\u012bbu norm\u0101s noteikto, J\u016bsu iesniegum\u0101 ietvertie jaut\u0101jumi ir\nsaist\u012bti ar krimin\u0101llietas izskat\u012b\u0161anas procesu\u0101lo k\u0101rt\u012bbu, kas ir tiesas,\nnevis Tieslietu ministrijas kompetenc\u0113. No J\u016bsu elektronisk\u0101 pasta adres\u0101tu\nsaraksta, kuriem nos\u016bt\u012bts J\u016bsu 2020.&nbsp;gada 2.&nbsp;febru\u0101ra iesniegums,\nredzams, ka J\u016bsu iesniegums ir nos\u016bt\u012bts ar\u012b R\u012bgas pils\u0113tas Vidzemes\npriek\u0161pils\u0113tas tiesai, t\u0101d\u0113j\u0101di J\u016bsu iesnieguma p\u0101rs\u016bt\u012b\u0161ana nav lietder\u012bga.<\/p>\n\n\n\n<p>J\u016bsu iesniegum\u0101 nav ietverti l\u016bgumi, s\u016bdz\u012bbas, priek\u0161likumi vai\njaut\u0101jumi, kas b\u016btu izskat\u0101mi atbilsto\u0161i Tieslietu ministrijas kompetencei,\nt\u0101d\u0113j\u0101di inform\u0113jam, ka saska\u0146\u0101 ar Iesniegumu likuma 5.&nbsp;panta ceturto da\u013cu\nJ\u016bsu iesniegums tiek pie\u0146emts zin\u0101\u0161anai.<\/p>\n\n\n\n<p>Ar cie\u0146u<\/p>\n\n\n\n<p>valsts sekret\u0101ra vietniece<\/p>\n\n\n\n<p>tiesu jaut\u0101jumos&nbsp;&nbsp;&nbsp;&nbsp;&nbsp;&nbsp;&nbsp;&nbsp;&nbsp;&nbsp;&nbsp;&nbsp;&nbsp;&nbsp;&nbsp;&nbsp;&nbsp;&nbsp;&nbsp;&nbsp;&nbsp;&nbsp;&nbsp;&nbsp;&nbsp;&nbsp;&nbsp;&nbsp;&nbsp;&nbsp;&nbsp;&nbsp;&nbsp;&nbsp;&nbsp;&nbsp;&nbsp;&nbsp;&nbsp;&nbsp;&nbsp;&nbsp;&nbsp;&nbsp;&nbsp;&nbsp;&nbsp;&nbsp;&nbsp;&nbsp;&nbsp;&nbsp;&nbsp;&nbsp;&nbsp;&nbsp;&nbsp;&nbsp;&nbsp;&nbsp;&nbsp;&nbsp;&nbsp;&nbsp;&nbsp;&nbsp;&nbsp;&nbsp;&nbsp;&nbsp;&nbsp;&nbsp;&nbsp;&nbsp;&nbsp;&nbsp;&nbsp;&nbsp;&nbsp;&nbsp;&nbsp;&nbsp;&nbsp;&nbsp;&nbsp;&nbsp;&nbsp;&nbsp;&nbsp;&nbsp;&nbsp;&nbsp;&nbsp;&nbsp;&nbsp;&nbsp;&nbsp;&nbsp;&nbsp;&nbsp;&nbsp;&nbsp;&nbsp;&nbsp;&nbsp;&nbsp;&nbsp;&nbsp;&nbsp;\n&nbsp;&nbsp;&nbsp;&nbsp;&nbsp;&nbsp;I.&nbsp;Ilga\u017ea<\/p>\n\n\n\n<p><em>Kalni\u0146a 67036904<\/em><\/p>\n\n\n\n<p><a href=\"mailto:Aiga.Kalnina@tm.gov.lv\"><em>Aiga.Kalnina@tm.gov.lv<\/em><\/a><em> <\/em><\/p>\n\n\n\n<p class=\"has-text-color has-background has-large-font-size has-very-light-gray-color has-very-dark-gray-background-color\">L. Granti\u0146\u0161 LRTT &amp; H- 86<\/p>\n\n\n\n<p class=\"has-background has-very-light-gray-background-color\">Aizs\u016bt\u012bts mans <strong>\u201cpriek\u0161likums\u201d <\/strong>tika ar\u012b <strong>\u0122ener\u0101lprokurat\u016brai, Augst\u0101kai Tiesai <\/strong>un tie\u0161i <strong>\u201cmaniem\u201d<\/strong> ties\u0101t\u0101jiem, bet atbilde sa\u0146emta tikai no <strong>Tieslietu Ministrijas.<\/strong> <\/p>\n\n\n\n<p class=\"has-background has-medium-font-size has-cyan-bluish-gray-background-color\">Pirmk\u0101rt jau atbilde bija j\u0101sa\u0146em no <strong>R\u012bgas pils\u0113tas Vidzemes priek\u0161pils\u0113tas tiesas<\/strong>, bet t\u0101 pati uz <strong>savu priek\u0161likumu klus\u0113 <\/strong>!!! <\/p>\n\n\n\n<p class=\"has-background has-very-light-gray-background-color\">Cik var noprast, Tad k\u0101rt\u0113jo reizi sa\u0146\u0113musi <strong>\u201cp\u0113rienu\u201d<\/strong> no m\u016bsu tautas slepkavas- <strong>kriev\u017e\u012bda Riharda Bunkas<\/strong>. Pirms diviem gadiem, cik saprotams no <strong>Latvijas Av\u012bz\u0113<\/strong> sac\u012bt\u0101, tiesa v\u0113l\u0113jusies<strong> L. Granti\u0146a LIETU <\/strong>izbeigt: <em>\u201c R\u012bgas pils\u0113tas Vid\u00adzemes priek\u0161pils\u0113tas tiesa \u0161o ceturtdien, 12.apr\u012bl\u012b, latvie\u0161u izcelsmes V\u0101cijas pilso\u0146a Linarda Granti\u0146a lietu skat\u012bja divdesmit min\u016btes un sl\u0113gt\u0101 k\u0101rt\u012bb\u0101, jo v\u0113rt\u0113ja aps\u016bdz\u0113t\u0101 vesel\u012bbas st\u0101vokli, diagnozi un vai visp\u0101r tiesved\u012bbu atjaunot.\u201d<\/em><\/p>\n\n\n\n<p class=\"has-background has-cyan-bluish-gray-background-color\">Un tas nebija pa pr\u0101tam <strong>Rihardam\nBunkam <\/strong>un <strong>Aivaram Borovkovam<\/strong> !!!<\/p>\n\n\n\n<p class=\"has-background has-very-light-gray-background-color\"><strong>Rihards<\/strong> ir veicis \u013coti nopietnu zin\u0101tnisku p\u0113t\u012bjumu un secin\u0101jis, ka <strong>Latvij\u0101 <\/strong>esot me\u017eon\u012bgs daudzums <strong>\u201cnel\u012bdzsvaroto\u201d<\/strong>, kuri jebkur\u0101 br\u012bd\u012b varot \u012bstenot <strong>LRTT <\/strong>spriedumus ! L\u016bk, <strong>Ri\u010da<\/strong> sac\u012btais v\u0101rds v\u0101rd\u0101 no mutes aus\u012b: <em>\u201c L. Granti\u0146a pazi\u0146ojumus, no vienas puses, uztverot k\u0101 murgus, bet, no otras puses, uzdod jaut\u0101jumu: ja nu k\u0101ds no aptuveni 40 000 cilv\u0113ku, kam Latvij\u0101 ir uzved\u012bbas trauc\u0113jumi, vi\u0146a pazi\u0146ojumus uztvers nopietni un \u0161\u0101da \u201cLatvijas Republikas tautas tribun\u0101la\u201d v\u0101rd\u0101 dosies piespriestos sodus \u012bstenot?\u201d<\/em><\/p>\n\n\n\n<p class=\"has-background has-medium-font-size has-cyan-bluish-gray-background-color\">Bet visu variet izlas\u012bt \u0161eit: <a href=\"https:\/\/www.la.lv\/linarda-grantina-lieta-tiesa-virzas-leni\">https:\/\/www.la.lv\/linarda-grantina-lieta-tiesa-virzas-leni<\/a><\/p>\n\n\n\n<p class=\"has-background has-very-light-gray-background-color\">L\u016bk, ko saka par <strong>Riharda Bunkas &#8220;biedr\u012bbu&#8221;<\/strong> lieciniece<strong> Astr\u012bda Bab\u0101ne<\/strong>: <em>&#8221; \u0160obr\u012bd <\/em><strong><em>LJA<\/em><\/strong><em> valde ir vis\u0161ausm\u012bg\u0101ko nelie\u0161u sav\u0101rst\u012bjums.&#8221;<\/em><\/p>\n\n\n\n<p class=\"has-background has-medium-font-size has-cyan-bluish-gray-background-color\">Bet, lasiet visu, lai lab\u0101k saprastu, k\u0101ds ienaidnieks st\u0101v pret\u012bm <strong>Tieslietu ministram<\/strong> <strong>J\u0101nim Bord\u0101nam<\/strong>:<\/p>\n\n\n\n<figure class=\"wp-block-embed-wordpress wp-block-embed is-type-wp-embed is-provider-latvijas-republikas-tautas\"><div class=\"wp-block-embed__wrapper\">\n<blockquote class=\"wp-embedded-content\" data-secret=\"BKlcUz6BEY\"><a href=\"https:\/\/tautastribunals.eu\/?p=39910\">Astr\u012bdas Bab\u0101nes kundzes liec\u012bbas H- 86<\/a><\/blockquote><iframe title=\"&#8222;Astr\u012bdas Bab\u0101nes kundzes liec\u012bbas H- 86&#8220; &#8212; Latvijas Republikas tautas\" class=\"wp-embedded-content\" sandbox=\"allow-scripts\" security=\"restricted\" style=\"position: absolute; clip: rect(1px, 1px, 1px, 1px);\" src=\"https:\/\/tautastribunals.eu\/?p=39910&#038;embed=true#?secret=BKlcUz6BEY\" data-secret=\"BKlcUz6BEY\" width=\"500\" height=\"282\" frameborder=\"0\" marginwidth=\"0\" marginheight=\"0\" scrolling=\"no\"><\/iframe>\n<\/div><\/figure>\n\n\n\n<p class=\"has-text-color has-background has-large-font-size has-very-light-gray-color has-vivid-red-background-color\">MIGLA SARKAN\u0100- NOL\u0100D\u0112T\u0100 !<\/p>\n\n\n\n<p class=\"has-text-color has-background has-very-light-gray-color has-very-dark-gray-background-color\">Visa \u0161\u012b <strong>Riharda Bunkas s\u0101tanistu banda<\/strong> ir j\u0101aizb\u0101\u017e aiz rest\u0113m, bet galvenie publiski j\u0101pakar !!! Tas noteikti reiz notiks. Visi, kuri biju\u0161i un ir ar \u0161o slepkavu kop\u0101, tiks bargi un &#8220;gal\u0113ji&#8221; sod\u012bti !<\/p>\n\n\n\n<figure class=\"wp-block-image\"><img decoding=\"async\" loading=\"lazy\" width=\"800\" height=\"222\" src=\"https:\/\/tautastribunals.eu\/wp-content\/uploads\/2019\/10\/10.-Borovkovs-Maiz\u012btisKozlovskis-Bunka-Blumbergs.-Granti\u0146\u0161.LRTT_-800x222.png\" alt=\"\" class=\"wp-image-53416\" srcset=\"https:\/\/tautastribunals.eu\/wp-content\/uploads\/2019\/10\/10.-Borovkovs-Maiz\u012btisKozlovskis-Bunka-Blumbergs.-Granti\u0146\u0161.LRTT_-800x222.png 800w, https:\/\/tautastribunals.eu\/wp-content\/uploads\/2019\/10\/10.-Borovkovs-Maiz\u012btisKozlovskis-Bunka-Blumbergs.-Granti\u0146\u0161.LRTT_-300x83.png 300w, https:\/\/tautastribunals.eu\/wp-content\/uploads\/2019\/10\/10.-Borovkovs-Maiz\u012btisKozlovskis-Bunka-Blumbergs.-Granti\u0146\u0161.LRTT_-768x214.png 768w, https:\/\/tautastribunals.eu\/wp-content\/uploads\/2019\/10\/10.-Borovkovs-Maiz\u012btisKozlovskis-Bunka-Blumbergs.-Granti\u0146\u0161.LRTT_.png 935w\" sizes=\"(max-width: 800px) 100vw, 800px\" \/><\/figure>\n\n\n\n<figure class=\"wp-block-embed-wordpress wp-block-embed is-type-wp-embed is-provider-latvijas-republikas-tautas\"><div class=\"wp-block-embed__wrapper\">\n<blockquote class=\"wp-embedded-content\" data-secret=\"RGBE4cbBXJ\"><a href=\"https:\/\/tautastribunals.eu\/?p=54236\">Noziedznieka Riharda Bunkas &#8222;r\u016bpes&#8220; par L. Granti\u0146u !<\/a><\/blockquote><iframe title=\"&#8222;Noziedznieka Riharda Bunkas &#8222;r\u016bpes&#8220; par L. Granti\u0146u !&#8220; &#8212; Latvijas Republikas tautas\" class=\"wp-embedded-content\" sandbox=\"allow-scripts\" security=\"restricted\" style=\"position: absolute; clip: rect(1px, 1px, 1px, 1px);\" src=\"https:\/\/tautastribunals.eu\/?p=54236&#038;embed=true#?secret=RGBE4cbBXJ\" data-secret=\"RGBE4cbBXJ\" width=\"500\" height=\"282\" frameborder=\"0\" marginwidth=\"0\" marginheight=\"0\" scrolling=\"no\"><\/iframe>\n<\/div><\/figure>\n\n\n\n<p><\/p>\n\n\n\n<p>27.02.20                  L. Granti\u0146\u0161<\/p>\n","protected":false},"excerpt":{"rendered":"<p>Uz 02.02.2020. iesniegumu (TM re\u0123.&nbsp;Nr.&nbsp;734) Linardam Granti\u0146am l.grantins@hotmail.de Par iesnieguma pie\u0146em\u0161anu zin\u0101\u0161anai Tieslietu ministrij\u0101 2020.&nbsp;gada 2.&nbsp;febru\u0101r\u012b sa\u0146emts J\u016bsu iesniegums (TM&nbsp;re\u0123.&nbsp;Nr.&nbsp;734), kur\u0101 nor\u0101d\u012bts, ka neatz\u012bstat pa\u0161reiz\u0113jo Latvijas Republikas iek\u0101rtu, k\u0101 ar\u012b piekr\u012btat krimin\u0101llietas izskat\u012b\u0161anai ar&#46;&#46;&#46;<\/p>\n","protected":false},"author":1,"featured_media":0,"comment_status":"open","ping_status":"open","sticky":false,"template":"","format":"standard","meta":[],"categories":[1],"tags":[],"_links":{"self":[{"href":"https:\/\/tautastribunals.eu\/index.php?rest_route=\/wp\/v2\/posts\/55205"}],"collection":[{"href":"https:\/\/tautastribunals.eu\/index.php?rest_route=\/wp\/v2\/posts"}],"about":[{"href":"https:\/\/tautastribunals.eu\/index.php?rest_route=\/wp\/v2\/types\/post"}],"author":[{"embeddable":true,"href":"https:\/\/tautastribunals.eu\/index.php?rest_route=\/wp\/v2\/users\/1"}],"replies":[{"embeddable":true,"href":"https:\/\/tautastribunals.eu\/index.php?rest_route=%2Fwp%2Fv2%2Fcomments&post=55205"}],"version-history":[{"count":13,"href":"https:\/\/tautastribunals.eu\/index.php?rest_route=\/wp\/v2\/posts\/55205\/revisions"}],"predecessor-version":[{"id":55224,"href":"https:\/\/tautastribunals.eu\/index.php?rest_route=\/wp\/v2\/posts\/55205\/revisions\/55224"}],"wp:attachment":[{"href":"https:\/\/tautastribunals.eu\/index.php?rest_route=%2Fwp%2Fv2%2Fmedia&parent=55205"}],"wp:term":[{"taxonomy":"category","embeddable":true,"href":"https:\/\/tautastribunals.eu\/index.php?rest_route=%2Fwp%2Fv2%2Fcategories&post=55205"},{"taxonomy":"post_tag","embeddable":true,"href":"https:\/\/tautastribunals.eu\/index.php?rest_route=%2Fwp%2Fv2%2Ftags&post=55205"}],"curies":[{"name":"wp","href":"https:\/\/api.w.org\/{rel}","templated":true}]}}