{"id":54994,"date":"2020-02-15T08:24:46","date_gmt":"2020-02-15T06:24:46","guid":{"rendered":"https:\/\/tautastribunals.eu\/?p=54994"},"modified":"2020-02-15T08:24:46","modified_gmt":"2020-02-15T06:24:46","slug":"l-grantins-cionistu-meliem-nav-robezu","status":"publish","type":"post","link":"https:\/\/tautastribunals.eu\/?p=54994","title":{"rendered":"L. Granti\u0146\u0161. Cionistu meliem nav robe\u017eu !"},"content":{"rendered":"\n<figure class=\"wp-block-image\"><img decoding=\"async\" loading=\"lazy\" width=\"800\" height=\"116\" src=\"https:\/\/tautastribunals.eu\/wp-content\/uploads\/2020\/02\/L.Granti\u0146\u0161.J.Z\u012bvertsBord\u0101nsBut\u0101nsLRTT-1-2-800x116.png\" alt=\"\" class=\"wp-image-54931\" srcset=\"https:\/\/tautastribunals.eu\/wp-content\/uploads\/2020\/02\/L.Granti\u0146\u0161.J.Z\u012bvertsBord\u0101nsBut\u0101nsLRTT-1-2-800x116.png 800w, https:\/\/tautastribunals.eu\/wp-content\/uploads\/2020\/02\/L.Granti\u0146\u0161.J.Z\u012bvertsBord\u0101nsBut\u0101nsLRTT-1-2-300x44.png 300w, https:\/\/tautastribunals.eu\/wp-content\/uploads\/2020\/02\/L.Granti\u0146\u0161.J.Z\u012bvertsBord\u0101nsBut\u0101nsLRTT-1-2-768x112.png 768w, https:\/\/tautastribunals.eu\/wp-content\/uploads\/2020\/02\/L.Granti\u0146\u0161.J.Z\u012bvertsBord\u0101nsBut\u0101nsLRTT-1-2.png 1073w\" sizes=\"(max-width: 800px) 100vw, 800px\" \/><\/figure>\n\n\n\n<h2><a href=\"https:\/\/www.la.lv\/zigfrids-anna-meierovics-sarmantais-diplomats-kurs-ieveda-latviju-pasaule?fbclid=IwAR1m5ann455XqI-pxd-ZR-E1IABm5LTzB0YrMxXjKb4BfW58pV6Y4P9-36A\">Zigfr\u012bds Anna Meierovics: \u0161armantais diplom\u0101ts, kur\u0161 ieveda Latviju pasaul\u0113<\/a><\/h2>\n\n\n\n<p>\n\t\t\t\t\n                    \n                \u0122K\n    \n        \n                            <a href=\"https:\/\/www.la.lv\/author\/author4975\/\">\u0122irts Kaspar\u0101ns<\/a>\n                    \n            \n\n                    \n    \n    \n\n                    18:37, 5. febru\u0101ris 2020\n                    Koment\u0101ri\n                \n            \n\n            \n                <\/p>\n\n\n\n<figure class=\"wp-block-image\"><img decoding=\"async\" src=\"https:\/\/images.la.lv\/uploads\/2020\/01\/Meierovics.jpg\" alt=\"\nMeierovics, kuram tolaik bija tikai nedaudz virs 30, k\u013cuva par Latvijas seju pasaul\u0113, tie\u0161i vi\u0146\u0161 brauca viz\u012bt\u0113s pie pasaules lielvalstu l\u012bderiem, lai p\u0101rliecin\u0101tu vi\u0146us, ka Latvija ir jauna un ap\u0146\u0113m\u012bga valsts, kas gatava uz l\u012bdzties\u012bbas pamata iek\u013cauties Eiropas valstu saim\u0113. \n\"\/><figcaption>\nMeierovics, kuram tolaik bija tikai nedaudz virs 30, k\u013cuva par Latvijas \nseju pasaul\u0113, tie\u0161i vi\u0146\u0161 brauca viz\u012bt\u0113s pie pasaules lielvalstu \nl\u012bderiem, lai p\u0101rliecin\u0101tu vi\u0146us, ka Latvija ir jauna un ap\u0146\u0113m\u012bga \nvalsts, kas gatava uz l\u012bdzties\u012bbas pamata iek\u013cauties Eiropas valstu \nsaim\u0113. \n<\/figcaption><\/figure>\n\n\n\n<p class=\"has-background has-very-light-gray-background-color\">\u0160ogad maij\u0101 svin\u0113sim 100 gadu jubileju kop\u0161 \nSatversmes sapulces iev\u0113l\u0113\u0161anas. Godinot \u0161o notikumu, \u201cM\u0101jas Vies\u012b\u201d \ns\u0101kam rakstu s\u0113riju par cilv\u0113kiem, kas st\u0101v\u0113ja pie demokr\u0101tisk\u0101s \nLatvijas \u0161\u016bpu\u013ca. Milz\u012bgu ieguld\u012bjumu m\u016bsu valsts neatkar\u012bbas \nnostiprin\u0101\u0161an\u0101 deva Zigfr\u012bds Anna Meierovics, kur\u0161 k\u013cuva par Latvijas \npirmo \u0101rlietu ministru un sare\u017e\u0123\u012bt\u0101 situ\u0101cij\u0101 pan\u0101ca Latvijas \nstarptautisko atz\u012b\u0161anu \u201cde facto\u201d un \u201cde iure\u201d.<\/p>\n\n\n\n<p class=\"has-text-color has-background has-large-font-size has-very-light-gray-color has-very-dark-gray-background-color\">LRTT<\/p>\n\n\n\n<p class=\"has-text-color has-background has-very-light-gray-color has-very-dark-gray-background-color\">Skt&#8217; tikai, kas par leksiku <strong>4. maija kli\u0137es<\/strong> glumeklim<strong> \u0122irtam Kaspar\u0101nam<\/strong>: <strong>\u0160ARMANTAIS DIPLOM\u0100TS<\/strong> ! Nodev\u0113ji- <strong>Ci\u0101nas puvek\u013ci <\/strong>tiek d\u0113v\u0113ti par <strong>\u0160ARMANTIEM <\/strong>! <\/p>\n\n\n\n<figure class=\"wp-block-image\"><img decoding=\"async\" src=\"https:\/\/images.la.lv\/uploads\/2016\/11\/Kasparans_AK.jpg\" alt=\"\n\u0122irts Kaspar\u0101ns\n\"\/><figcaption><strong>FOTO:<\/strong><em> Vai nevar\u0113tu b\u016bt, ka ar\u012b pats \u0122irts Kaspar\u0101ns ir no \u0161\u012bs levitu cilts ? K\u0101p\u0113c \u0161odien, bez nek\u0101das sevi\u0161\u0137as v\u0113sturiskas vajadz\u012bbas, \u0161is FAKTS bija j\u0101atg\u0101dina ? <\/em><\/figcaption><\/figure>\n\n\n\n<p>             <\/p>\n\n\n\n<p class=\"has-text-color has-background has-very-light-gray-color has-very-dark-gray-background-color\"><strong>Z. A. Meierovics<\/strong><em>(m\u0101te it k\u0101 latviete, bet t\u0113vs \u017e\u012bds)<\/em> bija<strong> LATVIJAS NEATKAR\u012aBAS<\/strong>  pretinieks. Un, viss kas notiek ar vi\u0146a slavin\u0101\u0161anu, ir <strong>cionistu provok\u0101cija<\/strong>. Dom\u0101jams, ka vi\u0146a tra\u0123isk\u0101 boj\u0101eja, bija <strong>Latvijas Dro\u0161\u012bbas Dienesta veikta akcija<\/strong>, lai atbr\u012bvotos no cionistu a\u0123enta. <strong>Latvijai,<\/strong> k\u0101 mums \u0161odien ir zin\u0101ms, bija viens no sp\u0113c\u012bg\u0101kajiem izl\u016bkdienestiem pasaul\u0113. Vi\u0146iem, k\u0101 redzams, k\u013cuva zin\u0101ma <strong>Meierovica<\/strong> darb\u012bba <strong>Starptautisk\u0101 cionisma <\/strong>lab\u0101. \u0160odien vi\u0146\u0161 tiek &#8220;<strong>celts debes\u012bs<\/strong>&#8220;, t\u0101pat k\u0101 &#8220;<strong>n\u0101cijas t\u0113vs<\/strong>&#8220;<em>( m\u0101te v\u0101ciete, bet t\u0113vs Krievijas jebrejs)<\/em> !<\/p>\n\n\n\n<figure class=\"wp-block-embed-wordpress wp-block-embed is-type-wp-embed is-provider-latvijas-republikas-tautas\"><div class=\"wp-block-embed__wrapper\">\n<blockquote class=\"wp-embedded-content\" data-secret=\"ZDjSjtDLhk\"><a href=\"https:\/\/tautastribunals.eu\/?p=18395\">V\u0113stures viltot\u0101ja j\u0101\u0146a \u016bdra \u017e\u013curgas<\/a><\/blockquote><iframe title=\"&#8222;V\u0113stures viltot\u0101ja j\u0101\u0146a \u016bdra \u017e\u013curgas&#8220; &#8212; Latvijas Republikas tautas\" class=\"wp-embedded-content\" sandbox=\"allow-scripts\" security=\"restricted\" style=\"position: absolute; clip: rect(1px, 1px, 1px, 1px);\" src=\"https:\/\/tautastribunals.eu\/?p=18395&#038;embed=true#?secret=ZDjSjtDLhk\" data-secret=\"ZDjSjtDLhk\" width=\"500\" height=\"282\" frameborder=\"0\" marginwidth=\"0\" marginheight=\"0\" scrolling=\"no\"><\/iframe>\n<\/div><\/figure>\n\n\n\n<p class=\"has-text-color has-background has-very-light-gray-color has-vivid-red-background-color\"> Kad&nbsp; <strong>Latvijas<\/strong> \u0101rlietu ministrs <strong>Z. A. Meierovics<\/strong> ierad\u0101s <strong>Par\u012bz\u0113, A. Balodis<\/strong> jau bija sagatavojis<strong> Latvijai<\/strong> politisko atbalstu un rad\u012bjis nepiecie\u0161amo atmosf\u0113ru, lai <strong>Francija<\/strong> 1920. gada 26. janv\u0101r\u012b&nbsp; atz\u012btu <strong>Latviju \u201ede jure\u201c.<\/strong> <strong>Aleksandrs Balodis<\/strong> savu zemes dz\u012bvi s\u0101ka 1897.gada  vasaras saulgrie\u017eos un beidza 1961 gada rudens saulgrie\u017eos esot skaidr\u0101  apzi\u0146\u0101 un bez k\u0101d\u0101m slim\u012bb\u0101m. Vi\u0146\u0161 uzskat\u012bja savu darbu zemes telp\u0101 par  padar\u012btu. <strong>Aleksandrs Balodis<\/strong> ir <strong>KOSMOZOFIJAS <\/strong> autors.  Dievin\u0101tajam pus\u017e\u012bdam <strong>Meierovicam<\/strong> nepien\u0101kas nek\u0101di nopelni <strong>Latvijas<\/strong> \u201ede jure\u201c atz\u012b\u0161an\u0101. Vi\u0146\u0161 akt\u012bvi darboj\u0101s pret <strong>K\u0101rli Ulmani,<\/strong> bija akt\u012bvs Latvijas <strong>neatkar\u012bbas pretinieks<\/strong>. <\/p>\n\n\n\n<p class=\"has-text-color has-background has-very-light-gray-color has-vivid-red-background-color\">Pirmsp\u0113d\u0113j\u0101 sarun\u0101, ar nesen <strong>Borovkova &amp; Bunkas<\/strong> bandas noslepkavoto latvie\u0161u v\u0113sturnieku, profesoru<strong> Induli Roni<\/strong>, es tiku inform\u0113ts, ka tuv\u0101kaj\u0101 laik\u0101 vi\u0146\u0161 uzrakst\u012bs par <strong>Z. A. Meierovica<\/strong> atkl\u0101to sabot\u0101\u017eu pret <strong>Latviju <\/strong>un tie\u0161i pret <strong>K\u0101rli Ulmani<\/strong> !!! Par <strong>Meierovica <\/strong>neliet\u012bb\u0101m vi\u0146\u0161 uzzin\u0101jis no arh\u012bviem<em>(neatceros tie\u0161i, vai \u0161\u012b inform\u0101cija tika atrasta Va\u0161ington\u0101 vai Maskav\u0101).<\/em><\/p>\n\n\n\n<figure class=\"wp-block-embed-wordpress wp-block-embed is-type-wp-embed is-provider-latvijas-republikas-tautas\"><div class=\"wp-block-embed__wrapper\">\n<blockquote class=\"wp-embedded-content\" data-secret=\"I0gufnTcd5\"><a href=\"https:\/\/tautastribunals.eu\/?p=48274\">Las\u012bt\u0101js: Z. A. Meierovics 1918 &#038; E. Levits 2018 !<\/a><\/blockquote><iframe title=\"&#8222;Las\u012bt\u0101js: Z. A. Meierovics 1918 &#038; E. Levits 2018 !&#8220; &#8212; Latvijas Republikas tautas\" class=\"wp-embedded-content\" sandbox=\"allow-scripts\" security=\"restricted\" style=\"position: absolute; clip: rect(1px, 1px, 1px, 1px);\" src=\"https:\/\/tautastribunals.eu\/?p=48274&#038;embed=true#?secret=I0gufnTcd5\" data-secret=\"I0gufnTcd5\" width=\"500\" height=\"282\" frameborder=\"0\" marginwidth=\"0\" marginheight=\"0\" scrolling=\"no\"><\/iframe>\n<\/div><\/figure>\n\n\n\n<p>15.02.20                  L. Granti\u0146\u0161<\/p>\n\n\n\n<p class=\"has-text-color has-background has-large-font-size has-very-light-gray-color has-vivid-red-background-color\">Migla sarkan\u0101- nol\u0101d\u0113t\u0101 !<\/p>\n\n\n\n<figure class=\"wp-block-image\"><img decoding=\"async\" loading=\"lazy\" width=\"530\" height=\"557\" src=\"https:\/\/tautastribunals.eu\/wp-content\/uploads\/2020\/02\/K.Kari\u0146\u0161.E.Levits.L.Granti\u0146\u0161.LRTT-2.png\" alt=\"\" class=\"wp-image-55033\" srcset=\"https:\/\/tautastribunals.eu\/wp-content\/uploads\/2020\/02\/K.Kari\u0146\u0161.E.Levits.L.Granti\u0146\u0161.LRTT-2.png 530w, https:\/\/tautastribunals.eu\/wp-content\/uploads\/2020\/02\/K.Kari\u0146\u0161.E.Levits.L.Granti\u0146\u0161.LRTT-2-285x300.png 285w\" sizes=\"(max-width: 530px) 100vw, 530px\" \/><\/figure>\n","protected":false},"excerpt":{"rendered":"<p>Zigfr\u012bds Anna Meierovics: \u0161armantais diplom\u0101ts, kur\u0161 ieveda Latviju pasaul\u0113 \u0122K \u0122irts Kaspar\u0101ns 18:37, 5. febru\u0101ris 2020 Koment\u0101ri \u0160ogad maij\u0101 svin\u0113sim 100 gadu jubileju kop\u0161 Satversmes sapulces iev\u0113l\u0113\u0161anas. Godinot \u0161o notikumu, \u201cM\u0101jas Vies\u012b\u201d s\u0101kam rakstu&#46;&#46;&#46;<\/p>\n","protected":false},"author":1,"featured_media":0,"comment_status":"open","ping_status":"open","sticky":false,"template":"","format":"standard","meta":[],"categories":[1],"tags":[],"_links":{"self":[{"href":"https:\/\/tautastribunals.eu\/index.php?rest_route=\/wp\/v2\/posts\/54994"}],"collection":[{"href":"https:\/\/tautastribunals.eu\/index.php?rest_route=\/wp\/v2\/posts"}],"about":[{"href":"https:\/\/tautastribunals.eu\/index.php?rest_route=\/wp\/v2\/types\/post"}],"author":[{"embeddable":true,"href":"https:\/\/tautastribunals.eu\/index.php?rest_route=\/wp\/v2\/users\/1"}],"replies":[{"embeddable":true,"href":"https:\/\/tautastribunals.eu\/index.php?rest_route=%2Fwp%2Fv2%2Fcomments&post=54994"}],"version-history":[{"count":13,"href":"https:\/\/tautastribunals.eu\/index.php?rest_route=\/wp\/v2\/posts\/54994\/revisions"}],"predecessor-version":[{"id":55037,"href":"https:\/\/tautastribunals.eu\/index.php?rest_route=\/wp\/v2\/posts\/54994\/revisions\/55037"}],"wp:attachment":[{"href":"https:\/\/tautastribunals.eu\/index.php?rest_route=%2Fwp%2Fv2%2Fmedia&parent=54994"}],"wp:term":[{"taxonomy":"category","embeddable":true,"href":"https:\/\/tautastribunals.eu\/index.php?rest_route=%2Fwp%2Fv2%2Fcategories&post=54994"},{"taxonomy":"post_tag","embeddable":true,"href":"https:\/\/tautastribunals.eu\/index.php?rest_route=%2Fwp%2Fv2%2Ftags&post=54994"}],"curies":[{"name":"wp","href":"https:\/\/api.w.org\/{rel}","templated":true}]}}