{"id":54955,"date":"2020-02-13T05:47:23","date_gmt":"2020-02-13T03:47:23","guid":{"rendered":"https:\/\/tautastribunals.eu\/?p=54955"},"modified":"2020-02-13T05:47:23","modified_gmt":"2020-02-13T03:47:23","slug":"v-freimantals-visiem-visiem-visiem","status":"publish","type":"post","link":"https:\/\/tautastribunals.eu\/?p=54955","title":{"rendered":"V. Freimant\u0101ls. Visiem, visiem, visiem&#8230;"},"content":{"rendered":"\n<figure class=\"wp-block-image\"><img decoding=\"async\" loading=\"lazy\" width=\"744\" height=\"211\" src=\"https:\/\/tautastribunals.eu\/wp-content\/uploads\/2018\/12\/Valdis-Freimant\u0101lsL.Granti\u0146\u0161.LRTT3_-1.png\" alt=\"\" class=\"wp-image-47937\" srcset=\"https:\/\/tautastribunals.eu\/wp-content\/uploads\/2018\/12\/Valdis-Freimant\u0101lsL.Granti\u0146\u0161.LRTT3_-1.png 744w, https:\/\/tautastribunals.eu\/wp-content\/uploads\/2018\/12\/Valdis-Freimant\u0101lsL.Granti\u0146\u0161.LRTT3_-1-300x85.png 300w\" sizes=\"(max-width: 744px) 100vw, 744px\" \/><\/figure>\n\n\n\n<p style=\"background-color:#267055\" class=\"has-text-color has-background has-large-font-size has-very-light-gray-color\">Visiem, visiem !<\/p>\n\n\n\n<p>M\u0113s zin\u0101m, ka sarkanie s\u0101tani\nmelo un muld viena laid\u0101 \u2013 no r\u012bta l\u012bdz vakaram !<\/p>\n\n\n\n<p>Bet<strong> Latvij\u0101<\/strong> ir paredz\u0113ts\npolitiski repres\u0113to statuss tiem, kuri ir cietu\u0161i no politiskajam, vai cit\u0101d\u0101m represij\u0101m!<\/p>\n\n\n\n<p>Es, <strong>Valdis Freimant\u0101ls K A T E\nG O R I S K I<\/strong> pieprasu cilv\u0113kties\u012bbu aizst\u0101vim <strong>Linardam Granti\u0146am<\/strong>\nnekav\u0113jo\u0161i pie\u0161\u0137irt politiski repres\u0113t\u0101s personas statusu ar vis\u0101m no t\u0101\nizrieto\u0161ajam priek\u0161roc\u012bb\u0101m <strong>Latvij\u0101 <\/strong>un ar iesp\u0113ju publiski, visos masu\ninform\u0101cijas l\u012bdzek\u013cos paust savu<strong> KRITISKO <\/strong>viedokli par eso\u0161aj\u0101m\nnepiln\u012bb\u0101m valsts p\u0101rvald\u0113!<\/p>\n\n\n\n<p>Latvijas patriots ar pasaules\nv\u0101rdu atbrauc no<strong> V\u0101cijas<\/strong> uz <strong>Latviju,<\/strong> lai tiktos ar <strong>Latvijas\nprezidentu V\u0113joni<\/strong> ! <\/p>\n\n\n\n<p>Cilv\u0113kties\u012bbu aizst\u0101v\u012bbas\nredzam\u0101kais c\u012bn\u012bt\u0101js <strong>Linards Granti\u0146\u0161<\/strong> saskat\u012bjis <strong>Latvijas valsts<\/strong>\naugst\u0101ko amatpersonu r\u012bc\u012bb\u0101 noziedz\u012bgu r\u012bc\u012bbu ! <\/p>\n\n\n\n<p>Un vi\u0146\u0161 par saviem l\u012bdzek\u013ciem,\np\u0113c savas iniciat\u012bvas, ierodas <strong>Latvij\u0101<\/strong>, sav\u0101 dzimten\u0113, lai tiktos ar <strong>jauniev\u0113l\u0113to\nLatvijas prezidentu<\/strong> un apspriestu korump\u0113to valsts augst\u0101ko amatpersonu <strong>R\u012aC\u012aBU<\/strong>\n!<em> (Kas novedusi valsti ekonomisk\u0101 un demogr\u0101fisk\u0101 kr\u012bz\u0113 un nebiju\u0161os PAR\u0100DOS<\/em>).\n<\/p>\n\n\n\n<p>Komunistu un \u010dekistu <strong>4. maija\npseido demokr\u0101tijas repres\u012bv\u0101, pretlatvisk\u0101 varas kli\u0137e<\/strong> vi\u0146am uzbr\u016bk,\narest\u0113, sakrop\u013co un liedz <strong>Latvij\u0101<\/strong> apspriesties ar valsts prezidentu <strong>R.\nV\u0113joni<\/strong>. <\/p>\n\n\n\n<p>Pie tam, izvirzot aps\u016bdz\u012bbu pret <strong>Linardu\nGranti\u0146u<\/strong> par krimin\u0101lnozieguma veik\u0161anu !<\/p>\n\n\n\n<p>K\u0101 iesp\u0113jams veikt\nkrimin\u0101lnoziegumu redzam\u0101kajam cilv\u0113kties\u012bbu aizst\u0101vim, kur\u0161 apbalvots ar <strong>Triju\nZvaig\u017e\u0146u ordeni<\/strong> par <strong>I Z C I L I E M nopelniem Latvijas valsts lab\u0101 <\/strong>?\n<\/p>\n\n\n\n<p>Komunistu un \u010dekistu pretlatvisk\u0101\nun pretvalstisk\u0101 <strong>TRAKO\u0160ANA<\/strong> atk\u0101rtoti v\u0113r\u0161as pret <strong>Linardu Granti\u0146u<\/strong>,\naps\u016bdzot, arest\u0113jot vi\u0146u <strong>T\u0100PAT k\u0101 PADOMJU okup\u0101cijas laikos<\/strong> !<\/p>\n\n\n\n<p>No t\u0101 secin\u0101jums \u2013 pie varas\npaliku\u0161i <strong>KOMUNISTI UN \u010cEKISTI<\/strong> !<\/p>\n\n\n\n<p>Bet ko prezidents ? \u2026\u2026\u2026. klus\u0113\u2026..\n!<\/p>\n\n\n\n<p>Bet ko \u017eurn\u0101listi ???<\/p>\n\n\n\n<figure class=\"wp-block-image\"><img decoding=\"async\" loading=\"lazy\" width=\"800\" height=\"335\" src=\"https:\/\/tautastribunals.eu\/wp-content\/uploads\/2017\/10\/Godmanis-Radz\u0113vi\u010dsUrbanovi\u010dsGranti\u0146\u0161.LRTT-800x335.PNG\" alt=\"\" class=\"wp-image-41789\" srcset=\"https:\/\/tautastribunals.eu\/wp-content\/uploads\/2017\/10\/Godmanis-Radz\u0113vi\u010dsUrbanovi\u010dsGranti\u0146\u0161.LRTT-800x335.PNG 800w, https:\/\/tautastribunals.eu\/wp-content\/uploads\/2017\/10\/Godmanis-Radz\u0113vi\u010dsUrbanovi\u010dsGranti\u0146\u0161.LRTT-300x125.PNG 300w, https:\/\/tautastribunals.eu\/wp-content\/uploads\/2017\/10\/Godmanis-Radz\u0113vi\u010dsUrbanovi\u010dsGranti\u0146\u0161.LRTT.PNG 898w\" sizes=\"(max-width: 800px) 100vw, 800px\" \/><\/figure>\n\n\n\n<p class=\"has-text-color has-background has-medium-font-size has-very-light-gray-color has-very-dark-gray-background-color\">LRTT<\/p>\n\n\n\n<p class=\"has-text-color has-background has-medium-font-size has-very-light-gray-color has-very-dark-gray-background-color\">Bet, ko \u017eurnalisti ? <\/p>\n\n\n\n<p class=\"has-text-color has-background has-very-light-gray-color has-very-dark-gray-background-color\">T\u0101di rad\u012bjumi <strong>Latvij\u0101<\/strong> sen ir izmiru\u0161i ! Paliku\u0161i ir tikai da\u017e\u0101du polit- klanu \u017eurnalis<strong>TE\u013bI<\/strong>, t\u0101di, kuri par kafijas tasi pagr\u016bd\u012bs savu t\u0113vu un m\u0101ti <strong>&#8220;zem tramvaja&#8221;<\/strong> ! <strong>Lato &#8220;lapsveid\u012bgie&#8221;<\/strong>, kuri iz\u0146irg\u0101jas par <strong>K. Ulmani, Latvijas Br\u012bvvalsti<\/strong>, <strong>Atmodu<\/strong>, latvie\u0161u tautu un patriotiem ! Kuri atbalsta<strong> Saeimas<\/strong> atlai\u0161anu, lai pie teik\u0161anas n\u0101ktu <strong>SASKA\u0145A<\/strong> !<\/p>\n\n\n\n<figure class=\"wp-block-image\"><img decoding=\"async\" loading=\"lazy\" width=\"768\" height=\"184\" src=\"https:\/\/tautastribunals.eu\/wp-content\/uploads\/2019\/05\/Lato-Lapsa.L.Granti\u0146\u0161P.Spro\u0123is.LRTT_-768x184-1.png\" alt=\"\" class=\"wp-image-50561\" srcset=\"https:\/\/tautastribunals.eu\/wp-content\/uploads\/2019\/05\/Lato-Lapsa.L.Granti\u0146\u0161P.Spro\u0123is.LRTT_-768x184-1.png 768w, https:\/\/tautastribunals.eu\/wp-content\/uploads\/2019\/05\/Lato-Lapsa.L.Granti\u0146\u0161P.Spro\u0123is.LRTT_-768x184-1-300x72.png 300w\" sizes=\"(max-width: 768px) 100vw, 768px\" \/><figcaption><strong>Izra\u0113las goda pilsonis Lato Lapsa !<\/strong><\/figcaption><\/figure>\n\n\n\n<figure class=\"wp-block-image\"><img decoding=\"async\" loading=\"lazy\" width=\"702\" height=\"214\" src=\"https:\/\/tautastribunals.eu\/wp-content\/uploads\/2019\/12\/Borovkovs.Lato-Lapsa.-Liepnieks.-\u0160mits.Urbanovi\u010ds.Granti\u0146\u0161.LRTT_.png\" alt=\"\" class=\"wp-image-54034\" srcset=\"https:\/\/tautastribunals.eu\/wp-content\/uploads\/2019\/12\/Borovkovs.Lato-Lapsa.-Liepnieks.-\u0160mits.Urbanovi\u010ds.Granti\u0146\u0161.LRTT_.png 702w, https:\/\/tautastribunals.eu\/wp-content\/uploads\/2019\/12\/Borovkovs.Lato-Lapsa.-Liepnieks.-\u0160mits.Urbanovi\u010ds.Granti\u0146\u0161.LRTT_-300x91.png 300w\" sizes=\"(max-width: 702px) 100vw, 702px\" \/><figcaption><strong>J\u016bs dom\u0101jat, ka redzat latvie\u0161us, tad maldaties pa visiem 180 gr\u0101diem, vi\u0146i visi ir jebreji !!!<\/strong><\/figcaption><\/figure>\n\n\n\n<figure class=\"wp-block-image is-resized\"><img decoding=\"async\" loading=\"lazy\" src=\"https:\/\/tautastribunals.eu\/wp-content\/uploads\/2019\/01\/Muci\u0146\u0161.GorbunovsGodmanisGranti\u0146\u0161.LRTT_.png\" alt=\"\" class=\"wp-image-48417\" width=\"644\" height=\"528\" srcset=\"https:\/\/tautastribunals.eu\/wp-content\/uploads\/2019\/01\/Muci\u0146\u0161.GorbunovsGodmanisGranti\u0146\u0161.LRTT_.png 605w, https:\/\/tautastribunals.eu\/wp-content\/uploads\/2019\/01\/Muci\u0146\u0161.GorbunovsGodmanisGranti\u0146\u0161.LRTT_-300x246.png 300w\" sizes=\"(max-width: 644px) 100vw, 644px\" \/><figcaption><strong>J\u0101, Freimant\u0101la kungs, uz visiem J\u016bsu jaut\u0101jumiem atbildi sniedz \u0161is foto&#8230; !<\/strong><\/figcaption><\/figure>\n\n\n\n<p class=\"has-text-color has-background has-very-light-gray-color has-very-dark-gray-background-color\">Tas, <strong>Valdi Freimant\u0101l,<\/strong> ka J\u016bs v\u0113l esiet dz\u012bvs, ir viens no liel\u0101kajiem br\u012bnumiem \u0161odienas<strong> Latvij\u0101<\/strong> ! Tas nor\u0101da ar\u012b uz to, ka vi\u0146i nemaz nav tik vareni, k\u0101dus vi\u0146i t\u0113lo ! Pien\u0101ks diena, kad vi\u0146i tiks izbaroti aligatoriem un p\u0101ri no vi\u0146iem paliks tikai \u016bden\u012b iz\u0161\u0137\u012bdis izk\u0101rn\u012bjums !<\/p>\n\n\n\n<p>13.02.20<\/p>\n","protected":false},"excerpt":{"rendered":"<p>Visiem, visiem ! M\u0113s zin\u0101m, ka sarkanie s\u0101tani melo un muld viena laid\u0101 \u2013 no r\u012bta l\u012bdz vakaram ! Bet Latvij\u0101 ir paredz\u0113ts politiski repres\u0113to statuss tiem, kuri ir cietu\u0161i no politiskajam, vai cit\u0101d\u0101m&#46;&#46;&#46;<\/p>\n","protected":false},"author":1,"featured_media":0,"comment_status":"open","ping_status":"open","sticky":false,"template":"","format":"standard","meta":[],"categories":[1],"tags":[],"_links":{"self":[{"href":"https:\/\/tautastribunals.eu\/index.php?rest_route=\/wp\/v2\/posts\/54955"}],"collection":[{"href":"https:\/\/tautastribunals.eu\/index.php?rest_route=\/wp\/v2\/posts"}],"about":[{"href":"https:\/\/tautastribunals.eu\/index.php?rest_route=\/wp\/v2\/types\/post"}],"author":[{"embeddable":true,"href":"https:\/\/tautastribunals.eu\/index.php?rest_route=\/wp\/v2\/users\/1"}],"replies":[{"embeddable":true,"href":"https:\/\/tautastribunals.eu\/index.php?rest_route=%2Fwp%2Fv2%2Fcomments&post=54955"}],"version-history":[{"count":12,"href":"https:\/\/tautastribunals.eu\/index.php?rest_route=\/wp\/v2\/posts\/54955\/revisions"}],"predecessor-version":[{"id":55032,"href":"https:\/\/tautastribunals.eu\/index.php?rest_route=\/wp\/v2\/posts\/54955\/revisions\/55032"}],"wp:attachment":[{"href":"https:\/\/tautastribunals.eu\/index.php?rest_route=%2Fwp%2Fv2%2Fmedia&parent=54955"}],"wp:term":[{"taxonomy":"category","embeddable":true,"href":"https:\/\/tautastribunals.eu\/index.php?rest_route=%2Fwp%2Fv2%2Fcategories&post=54955"},{"taxonomy":"post_tag","embeddable":true,"href":"https:\/\/tautastribunals.eu\/index.php?rest_route=%2Fwp%2Fv2%2Ftags&post=54955"}],"curies":[{"name":"wp","href":"https:\/\/api.w.org\/{rel}","templated":true}]}}