{"id":54903,"date":"2020-02-14T14:16:58","date_gmt":"2020-02-14T12:16:58","guid":{"rendered":"https:\/\/tautastribunals.eu\/?p=54903"},"modified":"2020-02-14T14:16:58","modified_gmt":"2020-02-14T12:16:58","slug":"lasitajs-maitasputni-a-plaudis-co-ir-jatiesa","status":"publish","type":"post","link":"https:\/\/tautastribunals.eu\/?p=54903","title":{"rendered":"Las\u012bt\u0101js. Maitasputni A. Plaudis &#038; Co ir j\u0101ties\u0101 !"},"content":{"rendered":"\n<figure class=\"wp-block-image\"><img decoding=\"async\" loading=\"lazy\" width=\"800\" height=\"116\" src=\"https:\/\/tautastribunals.eu\/wp-content\/uploads\/2020\/02\/L.Granti\u0146\u0161.J.Z\u012bvertsBord\u0101nsBut\u0101nsLRTT-1-1-800x116.png\" alt=\"\" class=\"wp-image-54904\" srcset=\"https:\/\/tautastribunals.eu\/wp-content\/uploads\/2020\/02\/L.Granti\u0146\u0161.J.Z\u012bvertsBord\u0101nsBut\u0101nsLRTT-1-1-800x116.png 800w, https:\/\/tautastribunals.eu\/wp-content\/uploads\/2020\/02\/L.Granti\u0146\u0161.J.Z\u012bvertsBord\u0101nsBut\u0101nsLRTT-1-1-300x44.png 300w, https:\/\/tautastribunals.eu\/wp-content\/uploads\/2020\/02\/L.Granti\u0146\u0161.J.Z\u012bvertsBord\u0101nsBut\u0101nsLRTT-1-1-768x112.png 768w, https:\/\/tautastribunals.eu\/wp-content\/uploads\/2020\/02\/L.Granti\u0146\u0161.J.Z\u012bvertsBord\u0101nsBut\u0101nsLRTT-1-1.png 1073w\" sizes=\"(max-width: 800px) 100vw, 800px\" \/><\/figure>\n\n\n\n<figure class=\"wp-block-image\"><img decoding=\"async\" src=\"https:\/\/cdn.diena.lv\/media\/2016\/07\/1\/large\/2ab6d44d9d2e.jpg\" alt=\"Bildergebnis f\u00fcr aldis plaudis \u0123imene\"\/><figcaption><strong>L. Granti\u0146\u0161: &#8220;Es visu atceros, nol\u0101d\u0113tais latvie\u0161u tautas bende !&#8221;<\/strong><br><strong>Slepkava A. Plaudis ! \u010cekisti ir s\u0101taniski izdzimumi, kuri ir veiku\u0161i un veic v\u0113l \u0161odien \u0101rpr\u0101ta genoc\u012bdu pret latvie\u0161u tautu, un, kuri ir fiziski j\u0101izn\u012bcina !<\/strong><\/figcaption><\/figure>\n\n\n\n<p class=\"has-background has-very-light-gray-background-color\">Kolaborantu <strong>Alda Plau\u017ea<\/strong> <em>(\u010dekists) <\/em>un vi\u0146a sievas <strong>Baibas Plaudes<\/strong> <em>(pa blatu tika pie juristes diploma un advok\u0101tes vietas) <\/em>vad\u012btie <strong>SIA \u201eVesta balt\u201c<\/strong> un juridiskais birojs <strong>Plaude &amp; B\u013cugers<\/strong> darbinieki <em>(izpild\u012bt\u0101ji)<\/em> ir izdar\u012bju\u0161i \u0161au\u0161al\u012bgu <strong>daudzu cilv\u0113ku dz\u012bves izn\u012bcin\u0101\u0161anu. <\/strong>\u0160ie \u010dekas izdzimte\u0146i k\u0101 <strong>Aldis Plaudis <\/strong>ir pri<strong>Hvatiz\u0101cijas<\/strong> ce\u013c\u0101 k\u013cuvu\u0161i par <strong>Latvijas <\/strong>liel\u0101kiem zemes un namu<em> (pi\u013cu, mui\u017eu) <\/em>\u012bpa\u0161niekiem. P\u0113c <strong>Sib\u012brij\u0101 <\/strong>represij\u0101s no\u0161\u013cakoto \u012bpa\u0161nieku nam\u012bpa\u0161umu noform\u0113\u0161anas uz sava v\u0101rda atkl\u0101t\u0101k\u0101 vai sl\u0113pt\u0101k\u0101s veid\u0101<em> (ar devi\u0146desmito gadu R\u012bgas pa\u0161vald\u012bbas korump\u0113to juristu pal\u012bdz\u012bbu, piem\u0113ram, t\u0101du k\u0101 Maruta \u0160ili\u0146a) <\/em>vi\u0146i cietsird\u012bgi un izmantojot t\u0101dus korump\u0113tus tiesne\u0161us k\u0101 <strong>Valdem\u0101rs \u0160ubrovskis<\/strong><em> (ar\u012b kolaborants) <\/em>izlika no ap\u0161aub\u0101mi likum\u012bgi denacionaliz\u0113t\u0101m m\u0101j\u0101m latvie\u0161u \u0123imenes ar vec\u012b\u0161iem un maziem b\u0113rniem <em>(kaut vai tikai viena m\u0101j\u0101 R\u012bg\u0101, Pu\u0161kina iel\u0101 1 tam ir spilgts piem\u0113rs). <\/em><\/p>\n\n\n\n<p class=\"has-background has-very-light-gray-background-color\"><strong>\u010cekisti Aivars Borovkovs, Guntis Indriksone, Juris Savickis<\/strong> ar\u012b ir k\u013cuvu\u0161i miljon\u0101ri, pri<strong>Hvatiz\u0113jot<\/strong> d\u0101rgus \u012bpa\u0161umus<em> (Guntis Indriksons viesn\u012bcu R\u012bga un Latvija, Aivars Borovkovs pal\u012bdzot savai vedeklai ieg\u016bt Oskara Kalpaka mantojumu, kas bija nov\u0113l\u0113ts Latvijas armijai).<\/em><strong> <\/strong><\/p>\n\n\n\n<p class=\"has-background has-very-light-gray-background-color\"><strong>Latvij\u0101<\/strong> j\u0101atjauno <strong>tiesiskums <\/strong>un j\u0101atdod latvie\u0161u tautai atpaka\u013c visu nozagto, ties\u0101jot starptautisk\u0101 ties\u0101 \u010dekistus <strong>Aldi Plaudi<\/strong>, <strong>Aivaru Borovkovu, Ivaru Godmani, Gunti Indriksonu, Juri Savicki <\/strong>u.c.<\/p>\n\n\n\n<p class=\"has-text-color has-background has-medium-font-size has-very-light-gray-color has-very-dark-gray-background-color\">LRTT piebilde<\/p>\n\n\n\n<p class=\"has-text-color has-background has-very-light-gray-color has-very-dark-gray-background-color\">Mazliet gribas <strong>Las\u012bt\u0101ja<\/strong> sac\u012bto v\u0113l papildin\u0101t: <strong>Starptautisk\u0101 Ties\u0101 ties\u0101t<\/strong> un starptautisk\u0101 ar\u0113n\u0101,<strong> kop\u0101 ar vi\u0146u \u0123imenes locek\u013ciem<\/strong>, izpild\u012bt piespriesto sodu, jo \u0123imenes locek\u013ci ta\u010du nav iebildu\u0161i pret <strong>\u201c\u0123imenes galvu\u201d<\/strong> asinsdarbiem pret tautu, bet l\u012bdz ar vi\u0146iem riju\u0161i <strong>Tautai nozagtos labumus<\/strong> un <strong>pa\u0161u tautu iedzinu\u0161i tot\u0101l\u0101 bezizej\u0101\u2026 <\/strong>!<\/p>\n\n\n\n<p class=\"has-text-color has-background has-large-font-size has-very-light-gray-color has-vivid-red-background-color\">Sarkano izdzimte\u0146u klo\u0101ka<\/p>\n\n\n\n<p class=\"has-text-color has-background has-medium-font-size has-very-light-gray-color has-vivid-red-background-color\">L\u016bk, t\u0101 dz\u012bvo kolaboracionisti un m\u016bsu tautas slepkavas ar saviem &#8220;spermas produktiem&#8221;!<\/p>\n\n\n\n<h1> <a href=\"https:\/\/www.delfi.lv\/izklaide\/slavenibas\/citi\/plaudis-meitai-uzdavinajis-muizu.d?id=21511283\">Plaudis meitai uzd\u0101vin\u0101jis mui\u017eu&nbsp; <\/a><\/h1>\n\n\n\n<figure class=\"wp-block-image\"><img decoding=\"async\" src=\"https:\/\/g1.delphi.lv\/images\/pix\/676x385\/VVwjgPkmPmA\/file21511308_3bb224891bbcf5bf83.jpg\" alt=\"Plaudis meitai uzd\u0101vin\u0101jis mui\u017eu\"\/><figcaption>\n\t\t\t  Foto: Mango\n\n\n\t\t<\/figcaption><\/figure>\n\n\n\n<p>Jau pirmaj\u0101 M\u0101lpils mui\u017ea apskates  reizes L\u012bgai Plaudei (27) ac\u012bs iekrita mui\u017eas zvaig\u017e\u0146u z\u0101le \u2013 tur  pirmoreiz sperot k\u0101ju, L\u012bgai bijusi v\u012bzija, k\u0101 sievietes vakarkleit\u0101s  dejo valsi. Vi\u0146as sapnis ir gandr\u012bz, gandr\u012bz piepild\u012bjies.                             L\u012bga Plaude ir \u012bsta mui\u017eniece &#8211; vi\u0146as t\u0113vs, miljon\u0101rs Aldis  Plaudis uzd\u0101vin\u0101jis jaunajai sievietei br\u012bni\u0161\u0137\u012bgo M\u0101lpils mui\u017eu.  <a href=\"https:\/\/www.delfi.lv\/izklaide\/slavenibas\/citi\/plaudis-meitai-uzdavinajis-muizu.d?id=21511283\">Las\u012bt visu<\/a><\/p>\n\n\n\n<p class=\"has-text-color has-background has-large-font-size has-very-light-gray-color has-vivid-red-background-color\">Baiba Plaude<\/p>\n\n\n\n<figure class=\"wp-block-image\"><img decoding=\"async\" loading=\"lazy\" width=\"150\" height=\"195\" src=\"https:\/\/tautastribunals.eu\/wp-content\/uploads\/2020\/02\/baiba.jpg\" alt=\"\" class=\"wp-image-54912\"\/><\/figure>\n\n\n\n<p><strong>Izgl\u012bt\u012bba:<\/strong> 1979.gad\u0101 pabeigta Latvijas Valsts universit\u0101tes Juridisk\u0101 fakult\u0101te, <br> 1999.gad\u0101 R\u012bgas Juridisk\u0101s augstskolas kurss &#8220;Starptautisk\u0101s Tirdzniec\u012bbas ties\u012bbas&#8221;;<br> 2004\/2005.gadi  R\u012bgas Juridisk\u0101s augstskolas ma\u0123istrat\u016bras programma \u201cStarptautisk\u0101s un Eiropas Savien\u012bbas ties\u012bbas\u201d<br> 2012\/2013.gadi kursi \u201cMedi\u0101cijas meto\u017eu praktiska izmanto\u0161ana\u201d.<br>  1989.\/90.gados sta\u017e\u0113\u0161an\u0101s ASV juridiskaj\u0101 firm\u0101 &#8220;Jenner &amp; Block&#8221;, \u010cik\u0101g\u0101, <\/p>\n\n\n\n<p>\n\nNo 2006.gada Latvijas zv\u0113rin\u0101tu Advok\u0101tu Kol\u0113\u0123ijas disciplin\u0101rlietu komisijas locekle;<\/p>\n\n\n\n<p>\n \nR\u012bgas Starptautisk\u0101s \u0160\u0137\u012br\u0113jtiesas \u0161\u0137\u012br\u0113jtiesnesis.<\/p>\n\n\n\n<p><strong>Specializ\u0101cija:<\/strong> Nekustamais \u012bpa\u0161ums, B\u016bvniec\u012bba, invest\u012bciju \nprojektu juridiskais nodro\u0161in\u0101jums, administrat\u012bv\u0101s ties\u012bbas,  \napvieno\u0161an\u0101s un kapit\u0101la ieg\u0101de , konkurences ties\u012bbas, Eiropas \nSavien\u012bbas (ES) ties\u012bbas, medi\u0101cija, l\u012bgumi, p\u0101rst\u0101v\u012bba ties\u0101s, \nieskaitot LR Augst\u0101k\u0101s Tiesas Sen\u0101tu, \u0161\u0137\u012br\u0113jties\u0101s<\/p>\n\n\n\n<p><strong>Darba valodas:<\/strong> latvie\u0161u, ang\u013cu, krievu.<\/p>\n\n\n\n<p><strong>Email:<\/strong><a href=\"mailto:plaude@bp.eunet.lv\">plaude@bp.eunet.lv<\/a><\/p>\n\n\n\n<p class=\"has-text-color has-background has-very-light-gray-color has-very-dark-gray-background-color\">LRTT: Teicama kombin\u0101cija<em>(v\u012brs \u010dekists, vis\u012bst\u0101kais slepkava, bet sieva zv\u0113rin\u0101ta advok\u0101te- b\u013cugeriete),<\/em> lai izlaup\u012btu Latvijas valsti un latvie\u0161u tautu iedz\u012btu tot\u0101l\u0101 nabaz\u012bb\u0101 ! <\/p>\n\n\n\n<p>14.02.20<\/p>\n","protected":false},"excerpt":{"rendered":"<p>Kolaborantu Alda Plau\u017ea (\u010dekists) un vi\u0146a sievas Baibas Plaudes (pa blatu tika pie juristes diploma un advok\u0101tes vietas) vad\u012btie SIA \u201eVesta balt\u201c un juridiskais birojs Plaude &amp; B\u013cugers darbinieki (izpild\u012bt\u0101ji) ir izdar\u012bju\u0161i \u0161au\u0161al\u012bgu daudzu&#46;&#46;&#46;<\/p>\n","protected":false},"author":1,"featured_media":0,"comment_status":"open","ping_status":"open","sticky":false,"template":"","format":"standard","meta":[],"categories":[1],"tags":[],"_links":{"self":[{"href":"https:\/\/tautastribunals.eu\/index.php?rest_route=\/wp\/v2\/posts\/54903"}],"collection":[{"href":"https:\/\/tautastribunals.eu\/index.php?rest_route=\/wp\/v2\/posts"}],"about":[{"href":"https:\/\/tautastribunals.eu\/index.php?rest_route=\/wp\/v2\/types\/post"}],"author":[{"embeddable":true,"href":"https:\/\/tautastribunals.eu\/index.php?rest_route=\/wp\/v2\/users\/1"}],"replies":[{"embeddable":true,"href":"https:\/\/tautastribunals.eu\/index.php?rest_route=%2Fwp%2Fv2%2Fcomments&post=54903"}],"version-history":[{"count":14,"href":"https:\/\/tautastribunals.eu\/index.php?rest_route=\/wp\/v2\/posts\/54903\/revisions"}],"predecessor-version":[{"id":55035,"href":"https:\/\/tautastribunals.eu\/index.php?rest_route=\/wp\/v2\/posts\/54903\/revisions\/55035"}],"wp:attachment":[{"href":"https:\/\/tautastribunals.eu\/index.php?rest_route=%2Fwp%2Fv2%2Fmedia&parent=54903"}],"wp:term":[{"taxonomy":"category","embeddable":true,"href":"https:\/\/tautastribunals.eu\/index.php?rest_route=%2Fwp%2Fv2%2Fcategories&post=54903"},{"taxonomy":"post_tag","embeddable":true,"href":"https:\/\/tautastribunals.eu\/index.php?rest_route=%2Fwp%2Fv2%2Ftags&post=54903"}],"curies":[{"name":"wp","href":"https:\/\/api.w.org\/{rel}","templated":true}]}}