{"id":54783,"date":"2020-01-28T07:26:07","date_gmt":"2020-01-28T05:26:07","guid":{"rendered":"https:\/\/tautastribunals.eu\/?p=54783"},"modified":"2020-01-28T07:26:07","modified_gmt":"2020-01-28T05:26:07","slug":"ar-videotiltu-grib-tiesat-l-grantinu","status":"publish","type":"post","link":"https:\/\/tautastribunals.eu\/?p=54783","title":{"rendered":"Ar videotiltu grib ties\u0101t L. Granti\u0146u"},"content":{"rendered":"\n<figure class=\"wp-block-image\"><img decoding=\"async\" loading=\"lazy\" width=\"676\" height=\"423\" src=\"https:\/\/tautastribunals.eu\/wp-content\/uploads\/2020\/01\/\u0112riks-Kalnmeiers.Aivars-Borovkovs.Rihards-bunka.L.-Granti\u0146\u0161.-LRTT.png\" alt=\"\" class=\"wp-image-54785\" srcset=\"https:\/\/tautastribunals.eu\/wp-content\/uploads\/2020\/01\/\u0112riks-Kalnmeiers.Aivars-Borovkovs.Rihards-bunka.L.-Granti\u0146\u0161.-LRTT.png 676w, https:\/\/tautastribunals.eu\/wp-content\/uploads\/2020\/01\/\u0112riks-Kalnmeiers.Aivars-Borovkovs.Rihards-bunka.L.-Granti\u0146\u0161.-LRTT-300x188.png 300w\" sizes=\"(max-width: 676px) 100vw, 676px\" \/><figcaption><strong> Slepkavas Riharda Bunkas liel\u0101s r\u016bpes par 4. maija kli\u0137es<\/strong> <strong>un LJA dro\u0161\u012bbu<\/strong>:  <strong>Kristaps Zari\u0146\u0161<\/strong> sniedza skat\u012bjumu par ties\u012bbu normu p\u0101rprodukciju.  Tik\u0161an\u0101s laik\u0101, k\u0101 piem\u0113rs tiesu ilgai norisei, tika apl\u016bkota<strong> L.Granti\u0146a <\/strong> krimin\u0101llieta. \u0160obr\u012bd <strong>L.Granti\u0146\u0161<\/strong> ir piesol\u012bjis fiziski izr\u0113\u0137in\u0101ties  kopskait\u0101 ar <strong>22 da\u017e\u0101diem LJA biedriem<\/strong>. S\u0113d\u0113 piedal\u012bj\u0101s \u201cLietuvos  tiesininku draugija\u201d p\u0101rst\u0101vis<strong> Dalius Gintautas.<\/strong> P\u0113c <strong>D.Gintauta<\/strong> v\u0101rdiem,  <strong>Lietuv\u0101 L.Granti\u0146\u0161<\/strong> jau sen b\u016btu sa\u0146\u0113mis sankciju par sav\u0101m darb\u012bb\u0101m.  <\/figcaption><\/figure>\n\n\n\n<p class=\"has-text-color has-background has-medium-font-size has-very-light-gray-color has-very-dark-gray-background-color\">L. Granti\u0146a advok\u0101ts<\/p>\n\n\n\n<p class=\"has-background has-very-light-gray-background-color\">Janis Vilders &lt;janis.vilders@protonmail.com><\/p>\n\n\n\n<p class=\"has-background has-very-light-gray-background-color\">Do, 07.11.2019 09:33<\/p>\n\n\n\n<p class=\"has-background has-very-light-gray-background-color\">Labdien,<br>\n<br>\nInform\u0113ju, ka \u0161odienas (07.11.2019) tiesas s\u0113de tika atlikta uz 03.03.2020\npl.10:00, lai tiesa uzdotu rakstveid\u0101 jaut\u0101jumu Dr.med. A. Rahmann par to vai\nvi\u0146\u0161 k\u0101 J\u016bsu \u0101rst\u0113jo\u0161ais \u0101rsts izsl\u0113dz J\u016bsu piedal\u012b\u0161anos tiesas s\u0113d\u0113 slim\u012bbas\nd\u0113\u013c, vai ar\u012b pie\u013cauj J\u016bsu piedal\u012b\u0161anos. K\u0101 ar\u012b, ja izsl\u0113dz, tad vai b\u016btu\niesp\u0113jama J\u016bsu piedal\u012b\u0161an\u0101s tiesas s\u0113d\u0113 ar videokonferences pal\u012bdz\u012bbu.<br>\n<br>\nLatvijas Republikas Krimin\u0101lprocesa likuma 464. panta otr\u0101 da\u013ca noteic:<br>\n&#8220;Krimin\u0101llietu bez aps\u016bdz\u0113t\u0101 piedal\u012b\u0161an\u0101s var izties\u0101t, ja aps\u016bdz\u0113tais\nsaslimis ar smagu slim\u012bbu, kas izsl\u0113dz iesp\u0113ju piedal\u012bties krimin\u0101llietas\nizties\u0101\u0161an\u0101.&#8221;<br>\n<br>\nJa tiks konstat\u0113ts, ka \u0101rsts izsl\u0113dz piedal\u012b\u0161an\u0101s iesp\u0113ju, tad krimin\u0101llietu\nizskat\u012bs p\u0113c b\u016bt\u012bbas bez J\u016bsu piedal\u012b\u0161an\u0101s.<br>\n<br>\nAr cie\u0146u,<br>\n<br>\nJ\u0101nis Vilders<br>\nmob.+37126319840<\/p>\n\n\n\n<p class=\"has-text-color has-background has-medium-font-size has-very-light-gray-color has-very-dark-gray-background-color\">L. Granti\u0146\u0161<\/p>\n\n\n\n<p class=\"has-background has-very-light-gray-background-color\">\u0160\u0101 gada tre\u0161aj\u0101 mart\u0101 notiks k\u0101rt\u0113j\u0101 tiesas s\u0113de, lai ties\u0101tu <strong>Helsinki- 86 dibin\u0101t\u0101ju<\/strong> un <strong>AKT\u012aV\u0100S Atmodas aizs\u0101c\u0113ju L. Granti\u0146u. <\/strong>Aps\u016bdz\u012bbas c\u0113l\u0101ji ir <strong>LJA<\/strong><em>(slepkava Rihards Bunka) <\/em>un<strong> LJB<\/strong><em>(slepkava Aivars Borovkovs).<\/em><\/p>\n\n\n\n<p class=\"has-text-color has-background has-medium-font-size has-very-light-gray-color has-vivid-red-background-color\">Par s\u016bdz\u012bbas iniciatoriem<\/p>\n\n\n\n<p class=\"has-text-color has-background has-medium-font-size has-very-light-gray-color has-very-dark-gray-background-color\">Aivars Borovkovs: <\/p>\n\n\n\n<p class=\"has-text-color has-background has-very-light-gray-color has-very-dark-gray-background-color\">Kriev\u017e\u012bdu izcelsmes <strong>\u010dekas<\/strong> darbinieks, <strong>komunistisk\u0101s partijas biedrs<\/strong>, kur\u0161 1986. gad\u0101 arest\u0113ja <strong>Helsinki- 86<\/strong> dibin\u0101t\u0101ju <strong>L. Granti\u0146u<\/strong> un l\u012bdzdibin\u0101t\u0101ju <strong>R. Bitenieku<\/strong>. P\u0113c<strong>Atmodas <\/strong>period\u0101, izmantojot savus \u010dekista \u201c<strong>sakarus<\/strong>\u201d, apzogot latvie\u0161u tautu k\u013cuvis par miljon\u0101ru. Sast\u0101v pagr\u012bdes kompartij\u0101, kura izr\u0113\u0137in\u0101s un likvid\u0113 savus pretiniekus,- latvie\u0161u tautas patriotus. Viens no p\u0113d\u0113jiem vi\u0146a upuriem bija <strong>Biruta Loze<\/strong>, kura bija par vi\u0146u sagatavojusi vi\u0146am nev\u0113lamu inform\u0101ciju. <\/p>\n\n\n\n<figure class=\"wp-block-embed-youtube wp-block-embed is-type-video is-provider-youtube wp-embed-aspect-4-3 wp-has-aspect-ratio\"><div class=\"wp-block-embed__wrapper\">\n<div class=\"video-container\"><iframe loading=\"lazy\" title=\"Birutas Lozes un Vilora Eihma\u0146a protests pret politisko korupciju Latvij\u0101\" width=\"500\" height=\"375\" src=\"https:\/\/www.youtube.com\/embed\/x0RD9EV1Xew?start=24&#038;feature=oembed&#038;wmode=opaque\" frameborder=\"0\" allow=\"accelerometer; autoplay; encrypted-media; gyroscope; picture-in-picture\" allowfullscreen><\/iframe><\/div>\n<\/div><\/figure>\n\n\n\n<p class=\"has-text-color has-background has-medium-font-size has-very-light-gray-color has-very-dark-gray-background-color\">Rihards Bunka: <\/p>\n\n\n\n<p class=\"has-text-color has-background has-very-light-gray-color has-very-dark-gray-background-color\">Kriev\u017e\u012bdu izcelsmes jurists, \u010dekista <strong>Andra Bunkas<\/strong> aud\u017eud\u0113ls<strong>. A. Bunka<\/strong> bija \u017e\u012bda <strong>I. Godma\u0146a<\/strong> apsardzes vien\u012bbas veidot\u0101js un vad\u012bt\u0101js- augstas raudzes mongolo\u012bdiska izskata slepkava. Abi \u0161ie<em>(Bunka-Borovkovs) <\/em>nelatvisk\u0101s izcelsmes \u010dekas darbo\u0146i nodarbojas ar latvie\u0161u patriotu slepkavo\u0161anu- ir <strong>\u201capkalpojo\u0161\u0101 person\u0101la\u201d<\/strong><em>(biju\u0161o \u010dekistu organiz\u0113ta slepkavu vien\u012bba) <\/em>vad\u012bt\u0101ji !<\/p>\n\n\n\n<p class=\"has-background has-very-light-gray-background-color\">L\u016bk, t\u0101di, kuriem pa\u0161iem jau sen, ja <strong>Latvij\u0101 vald\u012btu Tiesiskums<\/strong>, bija\nj\u0101b\u016bt pak\u0101rtiem, grib ties\u0101t <strong>H- 86<\/strong> dibin\u0101t\u0101ju un akt\u012bv\u0101s <strong>Atmodas\naizs\u0101c\u0113ju <\/strong>!!! P\u0113c b\u016bt\u012bbas t\u0101 ir <strong>TIESA<\/strong> pret latvie\u0161u tautu, ka t\u0101\nmasveid\u0101 izg\u0101ja iel\u0101s pret komunistisko okup\u0101cijas slepkavu sist\u0113mu, kuras\naizst\u0101vji ir tie\u0161i \u0161ie divi slepkavas. Ir ar\u012b noskaidrojies tas, ka aiz vi\u0146iem\nst\u0101v, <strong>Latvijas <\/strong>valsts okup\u0101cijas noliedz\u0113js, <strong>Egils Levits<\/strong>.<\/p>\n\n\n\n<p class=\"has-background has-very-light-gray-background-color\">K\u0101 m\u0113s redzam no <strong>L. Granti\u0146a<\/strong> advok\u0101ta <strong>J. Vildera<\/strong>,<em>(kur\u0161\npiedal\u0101s \u0161aj\u0101 proces\u0101 bez atl\u012bdz\u012bbas) <\/em>e- past\u0101 sac\u012bt\u0101, ir iesp\u0113jama mana\npiedal\u012b\u0161an\u0101s ties\u0101 ar videokonferences pal\u012bdz\u012bbu. <\/p>\n\n\n\n<p class=\"has-background has-very-light-gray-background-color\">Es, <strong>Linards Granti\u0146\u0161,<\/strong> neatz\u012bstu \u0161o <strong>Latvijas okupantu-<\/strong> <strong>komunistu<\/strong>\nvad\u012bto vald\u012bbu par le\u0123it\u012bmu un piedal\u012b\u0161an\u0101s \u0161aj\u0101 proces\u0101, b\u016btu t\u0101s\nlegaliz\u0113\u0161ana. Bet, m\u0113s ar\u012b nevaram ignor\u0113t <strong>REALIT\u0100TI<\/strong>. \u0160\u012b <strong>noziedznieku-\nkolaboracionistu banda<\/strong> re\u0101li p\u0101rvalda <strong>Latviju <\/strong>un slepkavo t\u0101s\npamattautu. Vi\u0146as r\u012bc\u012bb\u0101 ir visas valsts repres\u012bv\u0101s ietekmes strukt\u016bras. <\/p>\n\n\n\n<p class=\"has-background has-very-light-gray-background-color\">Es piekr\u012btu ar videokonferences pal\u012bdz\u012bbu piedal\u012bties \u0161aj\u0101 noziedz\u012bgaj\u0101 <strong>AKT\u0100\n<\/strong>ar vienu priek\u0161noteikumu: ka tas <strong>viss notiks Latvijas Republikas TV\ntie\u0161raid\u0113<\/strong>, kur\u0101 pirm\u0101s 3- 5 min. tiks dotas man \u0161\u012bs tiesas s\u0113des atkl\u0101\u0161anai,\njo tiek ta\u010du ties\u0101ts <strong>Atmodas <\/strong>aizs\u0101c\u0113js, aiz kura pac\u0113l\u0101s 99% latvie\u0161u\ntauta ! <\/p>\n\n\n\n<p class=\"has-background has-very-light-gray-background-color\">Netie\u0161i j\u0101jaut\u0101: cik % st\u0101v aiz \u0161\u012bs komunistisk\u0101s slepkavu bandas, kura\nmani grib ties\u0101t ???<\/p>\n\n\n\n<p class=\"has-background has-very-light-gray-background-color\">Varb\u016bt <strong>J. Vildera<\/strong> kungs br\u012bvpr\u0101t\u012bbas un altruisma vad\u012bts v\u0113las to\nvisu organiz\u0113t ? Bet ja n\u0113, tad par to lai g\u0101d\u0101 \u0161\u012bs tiesas iniciatori !!!<\/p>\n\n\n\n<p class=\"has-text-color has-background has-very-dark-gray-color has-very-light-gray-background-color\">Gaid\u012b\u0161u pozit\u012bvu atbildi\u2026 .<\/p>\n\n\n\n<p>27.01.20<\/p>\n\n\n\n<p class=\"has-background has-cyan-bluish-gray-background-color\">Lieta Nr.11840002212 Lietved\u012bbas Nr.K30-0149-19\/1<br>  TIESAS S\u0112DES PROTOKOLS R\u012bgas pils\u0113tas Vidzemes priek\u0161pils\u0113tas tiesa<br>  \u0161\u0101d\u0101 sast\u0101v\u0101: tiesnese A.Mo\u013c\u0146ika&#8212;&#8212;&#8212;&#8212;&#8212;&#8212;&#8212;&#8212;&#8212;&#8212;&#8212;&#8212;&#8212;&#8212;&#8212;&#8212;&#8212;&#8212;&#8212;&#8212;&#8212;&#8212;-ar sekret\u0101ri K.Barisu&#8212;&#8212;&#8212;&#8212;&#8212;&#8212;&#8212;&#8212;&#8212;&#8212;&#8212;&#8212;&#8212;&#8212;&#8212;&#8212;&#8212;&#8212;&#8212;&#8212;&#8212;&#8212;&#8212;&#8212;&#8212;&#8212;&#8212;piedaloties prokurorei I.Papsujevi\u010dai &#8212;&#8212;&#8212;&#8212;&#8212;&#8212;&#8212;&#8212;&#8212;&#8212;&#8212;&#8212;&#8212;&#8212;&#8212;&#8212;&#8212;&#8212;&#8212;&#8212;piedaloties zv. advok\u0101tam J.Vilderam &#8212;&#8212;&#8212;&#8212;&#8212;&#8212;&#8212;&#8212;&#8212;&#8212;&#8212;&#8212;&#8212;&#8212;&#8212;&#8212;&#8212;&#8212;&#8212;&#8212;izskata sl\u0113gt\u0101 tiesas s\u0113d\u0113 R\u012bg\u0101, Abrenes iel\u0101 8, 2019.gada 17.apr\u012bl\u012b&#8212;&#8212;&#8212;&#8212;&#8212;&#8212;&#8212;&#8212;krimin\u0101llietu Linarda Granti\u0146a aps\u016bdz\u012bb\u0101 p\u0113c Krimin\u0101llikuma 78.panta otr\u0101s da\u013cas un 81.panta.&#8212;&#8212;&#8212;&#8212;&#8212;&#8212;&#8212;&#8212;&#8212;&#8212;&#8212;&#8212;&#8212;&#8212;&#8212;&#8212;&#8212;&#8212;&#8212;&#8212;&#8212;&#8212;&#8212;&#8212;&#8212;&#8212;&#8212;&#8212;&#8212;&#8212;&#8212;&#8211;Tiesas s\u0113di atkl\u0101j plkst. 10:08.&#8212;&#8212;&#8212;&#8212;&#8212;&#8212;&#8212;&#8212;&#8212;&#8212;&#8212;&#8212;&#8212;&#8212;&#8212;&#8212;&#8212;&#8212;&#8212;&#8212;&#8212;&#8212;&#8212;Tiesas s\u0113des priek\u0161s\u0113d\u0113t\u0101js pazi\u0146o, ka tiks izskat\u012bta krimin\u0101llieta Linarda Granti\u0146a aps\u016bdz\u012bb\u0101 p\u0113c Krimin\u0101llikuma 78.panta otr\u0101s da\u013cas un 81.panta, un tiek veikts audioieraksts.&#8212;&#8212;&#8212;&#8212;&#8212;&#8212;&#8212;&#8212;&#8212;&#8212;&#8212;&#8212;&#8212;&#8212;&#8212;&#8212;&#8212;&#8212;&#8212;&#8212;&#8212;&#8212;&#8212;&#8212;&#8212;&#8212;&#8212;&#8212;&#8212;&#8212;Tiek pazi\u0146ots tiesas sast\u0101vs.&#8212;&#8212;&#8212;&#8212;&#8212;&#8212;&#8212;&#8212;&#8212;&#8212;&#8212;&#8212;&#8212;&#8212;&#8212;&#8212;&#8212;&#8212;&#8212;&#8212;&#8212;&#8212;&#8212;&#8212;&#8211;Tiesa zi\u0146o, kuras \u0161aj\u0101 liet\u0101 uzaicin\u0101t\u0101s un izsaukt\u0101s personas ieradu\u0161\u0101s uz tiesas s\u0113di. Tiesa p\u0101rbauda ieradu\u0161os personu identit\u0101ti.&#8212;&#8212;&#8212;&#8212;&#8212;&#8212;&#8212;&#8212;&#8212;&#8212;&#8212;&#8212;&#8212;&#8212;&#8212;&#8212;&#8211;Aps\u016bdz\u0113tais: Linards Granti\u0146\u0161 \u2013 nav ieradies.&#8212;&#8212;&#8212;&#8212;&#8212;&#8212;&#8212;&#8212;&#8212;&#8212;&#8212;&#8212;&#8212;&#8212;&#8212;&#8212;&#8212;-Eksperte: Dagnija B\u0113rzi\u0146a \u2013 ir ieradusies.&#8212;&#8212;&#8212;&#8212;&#8212;&#8212;&#8212;&#8212;&#8212;&#8212;&#8212;&#8212;&#8212;&#8212;&#8212;&#8212;&#8212;&#8212;&#8211;Tiesa zi\u0146o, ka sa\u0146emta izzi\u0146a no \u0101rsta Minster\u0113, kur\u0101 nor\u0101d\u012bts, ka aps\u016bdz\u0113tais nevar piedal\u012bties \u0161aj\u0101 tiesas s\u0113d\u0113. &#8212;&#8212;&#8212;&#8212;&#8212;&#8212;&#8212;&#8212;&#8212;&#8212;&#8212;&#8212;&#8212;&#8212;&#8212;&#8212;&#8212;&#8212;&#8212;&#8212;&#8212;&#8212;&#8212;&#8212;&#8212;Tiesa aicina eksperti Dagniju B\u0113rzi\u0146u.&#8212;&#8212;&#8212;&#8212;&#8212;&#8212;&#8212;&#8212;&#8212;&#8212;&#8212;&#8212;&#8212;&#8212;&#8212;&#8212;&#8212;&#8212;&#8212;&#8212;-00:03:37 \u2013 Eksperte atbild uz tiesas jaut\u0101jumiem. &#8212;&#8212;&#8212;&#8212;&#8212;&#8212;&#8212;&#8212;&#8212;&#8212;&#8212;&#8212;&#8212;&#8212;&#8212;&#8211;00:07:52 \u2013 Eksperte atbild uz prokurores jaut\u0101jumiem.&#8212;&#8212;&#8212;&#8212;&#8212;&#8212;&#8212;&#8212;&#8212;&#8212;&#8212;&#8212;&#8212;&#8212;00:09:31 \u2013 Eksperte atbild uz aizst\u0101vja<br> jaut\u0101jumiem.&#8212;&#8212;&#8212;&#8212;&#8212;&#8212;&#8212;&#8212;&#8212;&#8212;&#8212;&#8212;&#8212;&#8212;&#8211;Jaut\u0101jumu nav.&#8212;&#8212;&#8212;&#8212;&#8212;&#8212;&#8212;&#8212;&#8212;&#8212;&#8212;&#8212;&#8212;&#8212;&#8212;&#8212;&#8212;&#8212;&#8212;&#8212;&#8212;&#8212;&#8212;&#8212;&#8212;&#8212;&#8212;&#8212;&#8212;&#8211;Tiesa atbr\u012bvo eksperti Dagniju B\u0113rzi\u0146u.&#8212;&#8212;&#8212;&#8212;&#8212;&#8212;&#8212;&#8212;&#8212;&#8212;&#8212;&#8212;&#8212;&#8212;&#8212;&#8212;&#8212;&#8212;&#8212;&#8212;Eksperte pamet tiesas s\u0113\u017eu z\u0101li.&#8212;&#8212;&#8212;&#8212;&#8212;&#8212;&#8212;&#8212;&#8212;&#8212;&#8212;&#8212;&#8212;&#8212;&#8212;&#8212;&#8212;&#8212;&#8212;&#8212;&#8212;&#8212;&#8212;-00:11:12 \u2013 Prokurore uzskata, ka nav iesp\u0113jams skat\u012bt lietu bez aps\u016bdz\u0113t\u0101 kl\u0101tb\u016btnes, jo nav zi\u0146u par to, ka aps\u016bdz\u0113tais nevar\u0113tu piedal\u012bties tiesas s\u0113d\u0113. &#8212;&#8212;&#8212;&#8212;&#8212;&#8212;&#8212;&#8212;&#8212;&#8212;-00:13:00 \u2013 Aizst\u0101vis uzskata, ka nav iesp\u0113jams skat\u012bt lietu bez aps\u016bdz\u0113t\u0101 kl\u0101tb\u016btnes. Nor\u0101da, ka tiks l\u016bgts aps\u016bdz\u0113tajam iesniegt medic\u012bnas dokumentus.&#8212;&#8212;&#8212;&#8212;&#8212;&#8212;&#8212;&#8212;&#8211;Tiesa atliek lietas izskat\u012b\u0161anu.&#8212;&#8212;&#8212;&#8212;&#8212;&#8212;&#8212;&#8212;&#8212;&#8212;&#8212;&#8212;&#8212;&#8212;&#8212;&#8212;&#8212;&#8212;&#8212;&#8212;&#8212;&#8212;&#8212;&#8211;N\u0101ko\u0161\u0101 tiesas s\u0113de noz\u012bm\u0113ta 2019.gada 7.novembr\u012b plkst. 10:00.&#8212;&#8212;&#8212;&#8212;&#8212;&#8212;&#8212;&#8212;&#8212;&#8212;Tiesa nosaka, ka ar tiesas s\u0113des protokolu, un audioierakstu procesa dal\u012bbnieki var iepaz\u012bties s\u0101kot ar 2019.gada 18.apr\u012bli.&#8212;&#8212;&#8212;&#8212;&#8212;&#8212;&#8212;&#8212;&#8212;&#8212;&#8212;&#8212;&#8212;&#8212;&#8212;&#8212;&#8212;&#8212;&#8212;&#8212;&#8212;&#8212;&#8212;&#8212;-Tiesas s\u0113de sl\u0113gta plkst.10:27.                                Tiesnese                                                                                              A.Mo\u013c\u0146ika                                                                  Sekret\u0101re                                                                                              K.Baris<\/p>\n","protected":false},"excerpt":{"rendered":"<p>L. Granti\u0146a advok\u0101ts Janis Vilders &lt;janis.vilders@protonmail.com> Do, 07.11.2019 09:33 Labdien, Inform\u0113ju, ka \u0161odienas (07.11.2019) tiesas s\u0113de tika atlikta uz 03.03.2020 pl.10:00, lai tiesa uzdotu rakstveid\u0101 jaut\u0101jumu Dr.med. A. Rahmann par to vai vi\u0146\u0161 k\u0101&#46;&#46;&#46;<\/p>\n","protected":false},"author":1,"featured_media":0,"comment_status":"open","ping_status":"open","sticky":false,"template":"","format":"standard","meta":[],"categories":[1],"tags":[],"_links":{"self":[{"href":"https:\/\/tautastribunals.eu\/index.php?rest_route=\/wp\/v2\/posts\/54783"}],"collection":[{"href":"https:\/\/tautastribunals.eu\/index.php?rest_route=\/wp\/v2\/posts"}],"about":[{"href":"https:\/\/tautastribunals.eu\/index.php?rest_route=\/wp\/v2\/types\/post"}],"author":[{"embeddable":true,"href":"https:\/\/tautastribunals.eu\/index.php?rest_route=\/wp\/v2\/users\/1"}],"replies":[{"embeddable":true,"href":"https:\/\/tautastribunals.eu\/index.php?rest_route=%2Fwp%2Fv2%2Fcomments&post=54783"}],"version-history":[{"count":15,"href":"https:\/\/tautastribunals.eu\/index.php?rest_route=\/wp\/v2\/posts\/54783\/revisions"}],"predecessor-version":[{"id":54801,"href":"https:\/\/tautastribunals.eu\/index.php?rest_route=\/wp\/v2\/posts\/54783\/revisions\/54801"}],"wp:attachment":[{"href":"https:\/\/tautastribunals.eu\/index.php?rest_route=%2Fwp%2Fv2%2Fmedia&parent=54783"}],"wp:term":[{"taxonomy":"category","embeddable":true,"href":"https:\/\/tautastribunals.eu\/index.php?rest_route=%2Fwp%2Fv2%2Fcategories&post=54783"},{"taxonomy":"post_tag","embeddable":true,"href":"https:\/\/tautastribunals.eu\/index.php?rest_route=%2Fwp%2Fv2%2Ftags&post=54783"}],"curies":[{"name":"wp","href":"https:\/\/api.w.org\/{rel}","templated":true}]}}