{"id":54593,"date":"2020-01-07T06:42:16","date_gmt":"2020-01-07T04:42:16","guid":{"rendered":"https:\/\/tautastribunals.eu\/?p=54593"},"modified":"2020-11-11T13:35:52","modified_gmt":"2020-11-11T11:35:52","slug":"sataniskie-izdzimumi-ziemele-sadurskis-un-levits","status":"publish","type":"post","link":"https:\/\/tautastribunals.eu\/?p=54593","title":{"rendered":"S\u0101taniskie izdzimumi: ziemele, \u0161adurskis, levits &#038; co"},"content":{"rendered":"\n<figure class=\"wp-block-image is-resized\"><img decoding=\"async\" loading=\"lazy\" src=\"https:\/\/tautastribunals.eu\/wp-content\/uploads\/2019\/10\/www.tautastribunals.eu-12-5-800x112.png\" alt=\"\" class=\"wp-image-53522\" width=\"1283\" height=\"180\" srcset=\"https:\/\/tautastribunals.eu\/wp-content\/uploads\/2019\/10\/www.tautastribunals.eu-12-5-800x112.png 800w, https:\/\/tautastribunals.eu\/wp-content\/uploads\/2019\/10\/www.tautastribunals.eu-12-5-300x42.png 300w, https:\/\/tautastribunals.eu\/wp-content\/uploads\/2019\/10\/www.tautastribunals.eu-12-5-768x108.png 768w, https:\/\/tautastribunals.eu\/wp-content\/uploads\/2019\/10\/www.tautastribunals.eu-12-5.png 950w\" sizes=\"(max-width: 1283px) 100vw, 1283px\" \/><\/figure>\n\n\n\n<figure class=\"wp-block-image is-resized\"><img decoding=\"async\" loading=\"lazy\" src=\"https:\/\/tautastribunals.eu\/wp-content\/uploads\/2020\/01\/I.Ziemele.\u0160adurskis.Levits.Granti\u0146\u0161.LRTT_-800x311.png\" alt=\"\" class=\"wp-image-54596\" width=\"1277\" height=\"496\" srcset=\"https:\/\/tautastribunals.eu\/wp-content\/uploads\/2020\/01\/I.Ziemele.\u0160adurskis.Levits.Granti\u0146\u0161.LRTT_-800x311.png 800w, https:\/\/tautastribunals.eu\/wp-content\/uploads\/2020\/01\/I.Ziemele.\u0160adurskis.Levits.Granti\u0146\u0161.LRTT_-300x117.png 300w, https:\/\/tautastribunals.eu\/wp-content\/uploads\/2020\/01\/I.Ziemele.\u0160adurskis.Levits.Granti\u0146\u0161.LRTT_-768x299.png 768w, https:\/\/tautastribunals.eu\/wp-content\/uploads\/2020\/01\/I.Ziemele.\u0160adurskis.Levits.Granti\u0146\u0161.LRTT_.png 1034w\" sizes=\"(max-width: 1277px) 100vw, 1277px\" \/><figcaption>Foto: <strong>\u0160iem s\u0101tanistiem ir j\u0101izpilda n\u0101ves sods ES parlamenta pagalm\u0101 !<\/strong><\/figcaption><\/figure>\n\n\n\n<p class=\"has-very-light-gray-color has-very-dark-gray-background-color has-text-color has-background has-large-font-size\">Par izgl\u012bt\u012bbu latvie\u0161u valod\u0101<\/p>\n\n\n\n<p class=\"has-very-light-gray-background-color has-background\">Uz foto<strong> MATRICAS<\/strong> ir skat\u0101mi <strong>reptilo\u012bdi,<\/strong> kuriem nav nek\u0101ds sakars ar cilv\u0113ku rasi. Vi\u0146i tikai izskat\u0101s p\u0113c cilv\u0113kiem, bet \u012bsten\u012bb\u0101 ir tie, kuri v\u0113las paverdzin\u0101t cilv\u0113kus. T\u0101s ir <strong>s\u0101taniskas b\u016btnes<\/strong>. Vi\u0146u \u012bsto seju j\u016bs variet redz\u0113t ceturtaj\u0101 foto- <strong>MATRICA<\/strong>.<\/p>\n\n\n\n<p class=\"has-very-light-gray-background-color has-background\">Un tagad par <strong>vi\u0146u manipul\u0101cij\u0101m ar latvie\u0161u tautu<\/strong>. Vi\u0146i, \u0161eit min\u0113tie, ir ne tikai latvie\u0161u bendes, bet visas cilv\u0113ces. Vi\u0146i ir cionistu iefiltr\u0113ti a\u0123enti<strong> ES vad\u012bbas strukt\u016br\u0101s<\/strong>, t\u0101tad, \u0161\u012bs savien\u012bbas sabotieri.<\/p>\n\n\n\n<p class=\"has-very-light-gray-color has-very-dark-gray-background-color has-text-color has-background has-medium-font-size\">Vi\u0146i ir vistie\u0161\u0101kie<strong> Latvijas okup\u0101cijas noliedz\u0113ji.<\/strong> <\/p>\n\n\n\n<p class=\"has-very-light-gray-color has-vivid-red-background-color has-text-color has-background has-medium-font-size\"><strong>1949. gada \u017den\u0113vas KONVENCIJAS<\/strong> apzin\u0101ta nerealiz\u0113\u0161ana ir piel\u012bdzin\u0101ma <strong>OKUP\u0100CIJAS NOLIEG\u0160ANAI<\/strong> ! Tas ir <strong>KRIMIN\u0100LS DAR\u012aJUMS<\/strong>, kas piel\u012bdzin\u0101ms<strong> GENOC\u012aDAM<\/strong> un sod\u0101ms ar<strong> ASM<\/strong><em>(n\u0101ves sodu) <\/em>!<\/p>\n\n\n\n<p class=\"has-very-light-gray-background-color has-background\">Atrodoties<strong> ES<\/strong> vado\u0161aj\u0101s strukt\u016br\u0101s, vi\u0146i veicin\u0101ju\u0161i <strong>Latvijas valstiskuma izn\u012bcin\u0101\u0161anu<\/strong>. Atbalst\u012bju\u0161i<strong><a href=\"https:\/\/tautastribunals.eu\/?p=1593\"> r\u016bpniec\u012bbas, lauksaimniec\u012bbas, izgl\u012bt\u012bbas<\/a><\/strong><a href=\"https:\/\/tautastribunals.eu\/?p=1593\"> un <\/a><strong><a href=\"https:\/\/tautastribunals.eu\/?p=1593\">soci\u0101lo strukt\u016bru <\/a><\/strong>izn\u012bcin\u0101\u0161anu- <strong>\u0101rpr\u0101ta latvie\u0161u etnosa padz\u012b\u0161anu no savas T\u0113vzemes<\/strong> ! Vi\u0146i ir noziedz\u012bg\u0101 veid\u0101 nodarboju\u0161ies ar <strong>Latvijas <\/strong>iedz\u012bvot\u0101ju s\u016bdz\u012bbu izn\u012bcin\u0101\u0161anu. Par to ar\u012b nep\u0101rprotami ir izsac\u012bjies profesors- v\u0113sturnieks <strong>Indulis Ronis<\/strong>.<\/p>\n\n\n\n<p class=\"has-very-light-gray-color has-vivid-red-background-color has-text-color has-background has-medium-font-size\">Vi\u0146i ir veiku\u0161i\nlatvie\u0161u tautas v\u0113stur\u0113 asi\u0146ain\u0101ko- drausm\u012bg\u0101ko genoc\u012bdu, kas daudzas reizes\np\u0101rsniedz <strong>HITLERA- SATA\u013bINA<\/strong> upuru skaitu.<\/p>\n\n\n\n<p class=\"has-very-light-gray-color has-very-dark-gray-background-color has-text-color has-background has-large-font-size\">Pat <strong>EK <\/strong>to ir pazi\u0146ojusi:<\/p>\n\n\n\n<figure class=\"wp-block-image\"><img decoding=\"async\" loading=\"lazy\" width=\"800\" height=\"310\" src=\"https:\/\/tautastribunals.eu\/wp-content\/uploads\/2020\/01\/grafik-800x310.png\" alt=\"\" class=\"wp-image-54594\" srcset=\"https:\/\/tautastribunals.eu\/wp-content\/uploads\/2020\/01\/grafik-800x310.png 800w, https:\/\/tautastribunals.eu\/wp-content\/uploads\/2020\/01\/grafik-300x116.png 300w, https:\/\/tautastribunals.eu\/wp-content\/uploads\/2020\/01\/grafik-768x298.png 768w, https:\/\/tautastribunals.eu\/wp-content\/uploads\/2020\/01\/grafik.png 1133w\" sizes=\"(max-width: 800px) 100vw, 800px\" \/><figcaption><strong>P\u0113c EK sac\u012bt\u0101 ir nep\u0101rprotami secin\u0101ms, ka Latvijas sarkanie deput\u0101ti ir maldin\u0101ju\u0161i ES vad\u012bbu<\/strong><\/figcaption><\/figure>\n\n\n\n<p class=\"has-very-light-gray-background-color has-background\"><strong>E. Levits<\/strong><em>(jebrejs): <\/em>jau kop\u0161 <strong>Atmodas laikiem ir latvie\u0161u tautas\nbende<\/strong>. Vi\u0146\u0161 r\u012bkoj\u0101s glob\u0101l\u0101 cionistu- nacistu vad\u012bb\u0101. Bija cionistu\nmarionete <strong>Latvij\u0101 Atmodas laik\u0101<\/strong>. Tie\u0161i vi\u0146a vad\u012bba notika<strong> \u017den\u0113vas\nKONVENCIJAS \u201cnorak\u0161ana\u201d- <\/strong>ielik\u0161ana v\u0113stures aizmirst\u012bbas ann\u0101l\u0113s ! Tie\u0161i\nvi\u0146\u0161, ar saviem viet\u0113jiem tautie\u0161iem <strong>\u017ed\u0101nokovie\u0161iem &amp; co<\/strong>, &nbsp;veica <strong>Latvijas izgl\u012bt\u012bbas sist\u0113mas\ndegrad\u0101ciju<\/strong> un <strong>prettiesisko divvalod\u012bbu Latvij\u0101<\/strong>.<\/p>\n\n\n\n<p class=\"has-very-light-gray-background-color has-background\"><strong>K. \u0160adurskis<\/strong><em>(jebrejs)<\/em>: jau tur pat vai kop\u0161 <strong>Atmodas laikiem ir Levita\npadotais- uztic\u012bgs vi\u0146a kalps<\/strong>. Ar visvis\u0101diem idiotiskiem pa\u0146\u0113mieniem\nnotur\u0113jis <strong>Latvij\u0101 divvalod\u012bbu Latvijas izgl\u012bt\u012bbas sist\u0113m\u0101.<\/strong> Kad <strong>Latvij\u0101<\/strong>\njau viss non\u0101cis absurda st\u0101vokl\u012b, kad pat<strong> ES <\/strong>strukt\u016bras s\u0101k <strong>\u201cuztraukties\u201d\n<\/strong>par <strong>Latvijas izgl\u012bt\u012bbas sist\u0113mu, <\/strong>\u0161is pret\u012bg\u0101 izskata vieplis non\u0101k\npie secin\u0101juma, ka <strong>izgl\u012bt\u012bbai j\u0101b\u016bt latviski<\/strong>. Interneta <strong>Ci\u0101nas <\/strong>tro\u013c\u013ci\ns\u0101k vi\u0146a slav\u0113\u0161anu- d\u0113v\u0113\u0161anu par patriotu !!!<\/p>\n\n\n\n<p class=\"has-very-light-gray-background-color has-background\"><strong>I. Ziemele<\/strong>(jebreika): kura ir ieb\u012bd\u012bta par <strong>Satversmes tiesas f\u012brerieni<\/strong>, p\u0113c 30 gadiem esot beidzot <strong>\u201catradusi\u201d Latvijas SATVERSM\u0112<\/strong> t\u0101du <strong>PUNKTU<\/strong>, kas neesot pretrun\u0101 ar p\u0101rie\u0161anu uz apm\u0101c\u012bb\u0101m latvie\u0161u valod\u0101 !!! <\/p>\n\n\n\n<p class=\"has-very-light-gray-color has-very-dark-gray-background-color has-text-color has-background has-medium-font-size\">Vai tev, latviet, beidzot<strong> \u201cpiel\u0113ca\u201d, <\/strong>k\u0101 vi\u0146i, \u0161ie <strong>Ci\u0101nas s\u0101tanisti, manipul\u0113<\/strong> ar tevi un pie reizes v\u0113l sevi taisa par <strong>PATRIOTIEM<\/strong> tav\u0101s ac\u012bs ?<\/p>\n\n\n\n<figure class=\"wp-block-image\"><img decoding=\"async\" loading=\"lazy\" width=\"689\" height=\"480\" src=\"https:\/\/tautastribunals.eu\/wp-content\/uploads\/2019\/07\/Kalniete.Granti\u0146\u0161Veidemane.LRTT_-1.png\" alt=\"\" class=\"wp-image-51671\" srcset=\"https:\/\/tautastribunals.eu\/wp-content\/uploads\/2019\/07\/Kalniete.Granti\u0146\u0161Veidemane.LRTT_-1.png 689w, https:\/\/tautastribunals.eu\/wp-content\/uploads\/2019\/07\/Kalniete.Granti\u0146\u0161Veidemane.LRTT_-1-300x209.png 300w\" sizes=\"(max-width: 689px) 100vw, 689px\" \/><\/figure>\n\n\n\n<figure class=\"wp-block-image\"><img decoding=\"async\" loading=\"lazy\" width=\"729\" height=\"800\" src=\"https:\/\/tautastribunals.eu\/wp-content\/uploads\/2020\/01\/I.Ziemele.\u0160adurskis.Levits.Granti\u0146\u0161.LRTT_-1-729x800.png\" alt=\"\" class=\"wp-image-54613\" srcset=\"https:\/\/tautastribunals.eu\/wp-content\/uploads\/2020\/01\/I.Ziemele.\u0160adurskis.Levits.Granti\u0146\u0161.LRTT_-1-729x800.png 729w, https:\/\/tautastribunals.eu\/wp-content\/uploads\/2020\/01\/I.Ziemele.\u0160adurskis.Levits.Granti\u0146\u0161.LRTT_-1-273x300.png 273w, https:\/\/tautastribunals.eu\/wp-content\/uploads\/2020\/01\/I.Ziemele.\u0160adurskis.Levits.Granti\u0146\u0161.LRTT_-1-768x843.png 768w, https:\/\/tautastribunals.eu\/wp-content\/uploads\/2020\/01\/I.Ziemele.\u0160adurskis.Levits.Granti\u0146\u0161.LRTT_-1.png 1034w\" sizes=\"(max-width: 729px) 100vw, 729px\" \/><\/figure>\n\n\n\n<p>07.01.20<\/p>\n","protected":false},"excerpt":{"rendered":"<p>Par izgl\u012bt\u012bbu latvie\u0161u valod\u0101 Uz foto MATRICAS ir skat\u0101mi reptilo\u012bdi, kuriem nav nek\u0101ds sakars ar cilv\u0113ku rasi. Vi\u0146i tikai izskat\u0101s p\u0113c cilv\u0113kiem, bet \u012bsten\u012bb\u0101 ir tie, kuri v\u0113las paverdzin\u0101t cilv\u0113kus. T\u0101s ir s\u0101taniskas b\u016btnes.&#46;&#46;&#46;<\/p>\n","protected":false},"author":1,"featured_media":0,"comment_status":"open","ping_status":"open","sticky":false,"template":"","format":"standard","meta":[],"categories":[1],"tags":[],"_links":{"self":[{"href":"https:\/\/tautastribunals.eu\/index.php?rest_route=\/wp\/v2\/posts\/54593"}],"collection":[{"href":"https:\/\/tautastribunals.eu\/index.php?rest_route=\/wp\/v2\/posts"}],"about":[{"href":"https:\/\/tautastribunals.eu\/index.php?rest_route=\/wp\/v2\/types\/post"}],"author":[{"embeddable":true,"href":"https:\/\/tautastribunals.eu\/index.php?rest_route=\/wp\/v2\/users\/1"}],"replies":[{"embeddable":true,"href":"https:\/\/tautastribunals.eu\/index.php?rest_route=%2Fwp%2Fv2%2Fcomments&post=54593"}],"version-history":[{"count":27,"href":"https:\/\/tautastribunals.eu\/index.php?rest_route=\/wp\/v2\/posts\/54593\/revisions"}],"predecessor-version":[{"id":58374,"href":"https:\/\/tautastribunals.eu\/index.php?rest_route=\/wp\/v2\/posts\/54593\/revisions\/58374"}],"wp:attachment":[{"href":"https:\/\/tautastribunals.eu\/index.php?rest_route=%2Fwp%2Fv2%2Fmedia&parent=54593"}],"wp:term":[{"taxonomy":"category","embeddable":true,"href":"https:\/\/tautastribunals.eu\/index.php?rest_route=%2Fwp%2Fv2%2Fcategories&post=54593"},{"taxonomy":"post_tag","embeddable":true,"href":"https:\/\/tautastribunals.eu\/index.php?rest_route=%2Fwp%2Fv2%2Ftags&post=54593"}],"curies":[{"name":"wp","href":"https:\/\/api.w.org\/{rel}","templated":true}]}}