{"id":54545,"date":"2020-01-04T13:01:41","date_gmt":"2020-01-04T11:01:41","guid":{"rendered":"https:\/\/tautastribunals.eu\/?p=54545"},"modified":"2020-01-04T13:19:35","modified_gmt":"2020-01-04T11:19:35","slug":"latvijas-satanista-jaungada-uzruna","status":"publish","type":"post","link":"https:\/\/tautastribunals.eu\/?p=54545","title":{"rendered":"Latvijas s\u0101tanista Jaungada uzruna !"},"content":{"rendered":"\n<figure class=\"wp-block-image\"><img decoding=\"async\" loading=\"lazy\" width=\"800\" height=\"112\" src=\"https:\/\/tautastribunals.eu\/wp-content\/uploads\/2019\/11\/www.tautastribunals.eu-12-800x112.png\" alt=\"\" class=\"wp-image-53856\" srcset=\"https:\/\/tautastribunals.eu\/wp-content\/uploads\/2019\/11\/www.tautastribunals.eu-12-800x112.png 800w, https:\/\/tautastribunals.eu\/wp-content\/uploads\/2019\/11\/www.tautastribunals.eu-12-300x42.png 300w, https:\/\/tautastribunals.eu\/wp-content\/uploads\/2019\/11\/www.tautastribunals.eu-12-768x108.png 768w, https:\/\/tautastribunals.eu\/wp-content\/uploads\/2019\/11\/www.tautastribunals.eu-12.png 950w\" sizes=\"(max-width: 800px) 100vw, 800px\" \/><\/figure>\n\n\n\n<figure class=\"wp-block-embed-facebook wp-block-embed is-type-video is-provider-facebook\"><div class=\"wp-block-embed__wrapper\">\n<div id=\"fb-root\"><\/div><script async=\"1\" defer=\"1\" crossorigin=\"anonymous\" src=\"https:\/\/connect.facebook.net\/de_DE\/sdk.js#xfbml=1&amp;version=v5.0\"><\/script><div class=\"fb-video\" data-href=\"https:\/\/www.facebook.com\/ltvzinas\/videos\/492589754708572\/UzpfSTEwMDAwMDc4OTk5OTU4NToyNzMxNzQ2ODYzNTI4Mjg3\/?notif_id=1577833274856575&amp;notif_t=feedback_reaction_generic\" data-width=\"500\"><blockquote cite=\"https:\/\/www.facebook.com\/ltvzinas\/videos\/492589754708572\/\" class=\"fb-xfbml-parse-ignore\"><a href=\"https:\/\/www.facebook.com\/ltvzinas\/videos\/492589754708572\/\"><\/a><p>Valsts prezidenta Egila Levita uzruna Latvijas sabiedr\u012bbai \u012bsi pirms 2020. gada iest\u0101\u0161an\u0101s.<\/p>Gepostet von <a href=\"https:\/\/www.facebook.com\/ltvzinas\/\">LTV Zi\u0146u Dienests<\/a> am Dienstag, 31. Dezember 2019<\/blockquote><\/div>\n<\/div><\/figure>\n\n\n\n<p class=\"has-background has-very-light-gray-background-color\">Ieklausieties tikai, ko \u0161is s\u0101tanists saka:<strong> \u201dIr mirk\u013ci, kurus m\u0113s izdz\u012bvojam kop\u0101 !\u201d, <\/strong>\u201d<strong>Mani m\u012b\u013cie l\u012bdzcilv\u0113ki !\u201d,<\/strong> \u201c<strong>Mums ir j\u0101m\u0101k gudri sap\u0146ot !\u201d, \u201cTo pieprasa solidarit\u0101te ar veselo sapr\u0101tu !\u201d, \u201cKas apdraud \u012bpa\u0161umu un br\u012bvo gribu !\u201d, \u201cM\u0113s latvie\u0161i, att\u012bst\u012btas un stabilas valsts p\u0101rst\u0101vji !\u201d \u201cLatvija ir at\u012bst\u012bto valstu pulk\u0101 !!!!!\u201d , \u201cUn iek\u0101rtojot m\u016bsu valsti t\u0101, lai t\u0101 b\u016btu m\u0101j\u012bga mums visiem !\u201d, \u201cLatvija ir un b\u016bs valsts ar lieliskiem cilv\u0113kiem !\u201d <\/strong>Un punktu veselajam sapr\u0101tam pieliek:<strong> \u201cM\u0113s latvie\u0161i\u2026 !\u201d<\/strong><\/p>\n\n\n\n<p class=\"has-background has-very-light-gray-background-color\">Tas ir teksts, ko var\u0113tu sac\u012bt cilv\u0113ks, kur\u0161 l\u012bdzin\u0101tos <strong>K\u0101rlim Ulmanim<\/strong> un, kur\u0161 veicis ne maz\u0101k, k\u0101 <strong>K\u0101rlis Ulmanis<\/strong> !!! Bet n\u0113, to saka noziedznieks, m\u016bsu tautas un <strong>K\u0101r\u013ca Ulma\u0146a<\/strong> slepkavas <strong>Jonas Levita<\/strong> p\u0113cn\u0101c\u0113js, kur\u0161 veic sava t\u0113va aizs\u0101kto- <strong>piln\u012bgi izn\u012bcin\u0101t latvie\u0161u etnosu<\/strong>. Tie\u0161i <strong>E. Levits <\/strong>ir rad\u012bjis \u0161odienas \u0101rpr\u0101ta nabadz\u012bbu un tautas izn\u012bc\u012bbu. Vi\u0146a <strong>Jaungada <\/strong>uzruna ir veselam pr\u0101tam neaptverama <strong>gar\u012bga sadisma izpausme<\/strong>. Tikai zemcilv\u0113ks, kuram at\u0146emts sapr\u0101ts, var saskat\u012bt \u0161aj\u0101 uzrun\u0101 ko pozit\u012bvu. Katra vi\u0146a teikt\u0101 fr\u0101ze, bija iz\u0146irg\u0101\u0161an\u0101s par m\u016bsu tautu ! T\u0101 bija <strong>\u012bsta s\u0101tanista manifest\u0101cija<\/strong> ! <\/p>\n\n\n\n<h3>\u0160eit mans teksts zem vi\u0146a uzrunas Feisbuk\u0101: <strong><a href=\"https:\/\/www.facebook.com\/linard.grantins?__tn__=lC-R&amp;eid=ARCCgyj15jCwbSHUU6Ovtrg_h-cb5a0OK6NRXWAlQtQDRBtK1PeEIGnD-Ep1F4tas-WJHeNyUPb3cEH-&amp;hc_ref=ARSWgOuNaO61oLPEYJYv3WXztfF-RNv_4fE2YQJXQJh8ygwtnDlxASJQ7IXHjYGlwsk&amp;ref=nf_target&amp;__xts__%5B0%5D=68.ARCWCt3oYbVpWB5sKMna7OFeoohzPDHO5d5HD-eewEac0sKUtlqSDEcIdMxZk6VLFIQ_IKfqW2Crw3-_jHYFAyLBCjFniBQ_5SSuiON4S4abeoQf1WgIkfaWd5tB2AfrQ0UgiYdbacGp6Z59Y8HOkuGALw6fke70MmPKiAW-27R6OI23Imuj61RFfSkrEFfqH_wQMIBEGyP_nj8NKiG3jyMbKgE8sMbqEziXcoMsCwiyvzhoiGatlkGxkAAGe3v_z9IM-2iCuyIGmQK2_P6i_u8-sp2uFpiutqF7NfK254uJQSsxY5sj63Vs28PVsIJdcLRut_1emUzE_OlgToZMGT15VTxZlQ4l1ser\">Linard Grantins<\/a><\/strong><\/h3>\n\n\n\n<p class=\"has-background has-very-light-gray-background-color\"><a href=\"https:\/\/www.facebook.com\/linard.grantins\/posts\/2731746863528287?__xts__%5B0%5D=68.ARCWCt3oYbVpWB5sKMna7OFeoohzPDHO5d5HD-eewEac0sKUtlqSDEcIdMxZk6VLFIQ_IKfqW2Crw3-_jHYFAyLBCjFniBQ_5SSuiON4S4abeoQf1WgIkfaWd5tB2AfrQ0UgiYdbacGp6Z59Y8HOkuGALw6fke70MmPKiAW-27R6OI23Imuj61RFfSkrEFfqH_wQMIBEGyP_nj8NKiG3jyMbKgE8sMbqEziXcoMsCwiyvzhoiGatlkGxkAAGe3v_z9IM-2iCuyIGmQK2_P6i_u8-sp2uFpiutqF7NfK254uJQSsxY5sj63Vs28PVsIJdcLRut_1emUzE_OlgToZMGT15VTxZlQ4l1ser&amp;__tn__=-R\">2019. gada 31. decembris plkst. 23:20<\/a> \u00b7 <\/p>\n\n\n\n<p class=\"has-background has-very-light-gray-background-color\"><strong>M\u0113s kop\u0101 neizdz\u012bvoj\u0101m \u0161os mirk\u013cus,<\/strong> k\u0101 tu saki, jo tu ar savu komunistu bandu mani<strong> \u201eiespund\u0113ji\u201c \u0160\u0137irotavas darba nometn\u0113 <\/strong>nosi\u0161anai, lai pats var\u0113tu k\u013c\u016bt par miljon\u0101ru- <strong>zagt, zagt un v\u0113lreiz zagt <\/strong>to, kas tev nepieder, bet latvie\u0161iem !\u2014\u2014<strong> Lai tu- Jaunaj\u0101 2020. gad\u0101, esi nol\u0101d\u0113ts kop\u0101 ar visu savu komunistu bandu !!! <\/strong><\/p>\n\n\n\n<p class=\"has-text-color has-background has-very-light-gray-color has-very-dark-gray-background-color\"><strong> \u201cLatvija ir un b\u016bs valsts ar lieliskiem cilv\u0113kiem !\u201d <\/strong>Un punktu veselajam sapr\u0101tam pieliek:<strong> \u201cM\u0113s latvie\u0161i\u2026 !\u201d<\/strong><\/p>\n\n\n\n<p class=\"has-text-color has-background has-medium-font-size has-very-light-gray-color has-very-dark-gray-background-color\">L\u016bk, Levita sist\u0113mas rad\u012btie lieliskie cilv\u0113ki un latvie\u0161i: <\/p>\n\n\n\n<figure class=\"wp-block-image\"><img decoding=\"async\" loading=\"lazy\" width=\"694\" height=\"800\" src=\"https:\/\/tautastribunals.eu\/wp-content\/uploads\/2019\/06\/KalnieteVeidemane.BorovkovsUlmanisKargins.LRTT_-1-1-1-694x800.png\" alt=\"\" class=\"wp-image-51220\" srcset=\"https:\/\/tautastribunals.eu\/wp-content\/uploads\/2019\/06\/KalnieteVeidemane.BorovkovsUlmanisKargins.LRTT_-1-1-1-694x800.png 694w, https:\/\/tautastribunals.eu\/wp-content\/uploads\/2019\/06\/KalnieteVeidemane.BorovkovsUlmanisKargins.LRTT_-1-1-1-260x300.png 260w, https:\/\/tautastribunals.eu\/wp-content\/uploads\/2019\/06\/KalnieteVeidemane.BorovkovsUlmanisKargins.LRTT_-1-1-1.png 728w\" sizes=\"(max-width: 694px) 100vw, 694px\" \/><figcaption> <strong>\u201cUn iek\u0101rtojot m\u016bsu valsti t\u0101, lai t\u0101 b\u016btu m\u0101j\u012bga mums visiem !\u201d,<\/strong> Protams, protams, ka \u0161iem te, ar miljon\u0101ru <strong>E. Levitu<\/strong> priek\u0161gal\u0101, <strong>Latvija ir m\u0101j\u012bga valsts <\/strong>! Bet cik m\u0101jiga t\u0101 ir tev, latviet, tas \u0161iem \u017e\u012bdiem neinterese&#8217;!!!<\/figcaption><\/figure>\n\n\n\n<figure class=\"wp-block-image\"><img decoding=\"async\" loading=\"lazy\" width=\"630\" height=\"800\" src=\"https:\/\/tautastribunals.eu\/wp-content\/uploads\/2020\/01\/Bitenieks.-Levits.Kaimi\u0146\u0161.Kari\u0146\u0161.LRTT_.Granti\u0146\u0161.-630x800.png\" alt=\"\" class=\"wp-image-54557\" srcset=\"https:\/\/tautastribunals.eu\/wp-content\/uploads\/2020\/01\/Bitenieks.-Levits.Kaimi\u0146\u0161.Kari\u0146\u0161.LRTT_.Granti\u0146\u0161.-630x800.png 630w, https:\/\/tautastribunals.eu\/wp-content\/uploads\/2020\/01\/Bitenieks.-Levits.Kaimi\u0146\u0161.Kari\u0146\u0161.LRTT_.Granti\u0146\u0161.-236x300.png 236w, https:\/\/tautastribunals.eu\/wp-content\/uploads\/2020\/01\/Bitenieks.-Levits.Kaimi\u0146\u0161.Kari\u0146\u0161.LRTT_.Granti\u0146\u0161..png 750w\" sizes=\"(max-width: 630px) 100vw, 630px\" \/><figcaption> \u201d<strong>Mani m\u012b\u013cie l\u012bdzcilv\u0113ki !\u201d,<\/strong> \u201c<strong>Mums ir j\u0101m\u0101k gudri sap\u0146ot !\u201d, \u201cTo pieprasa solidarit\u0101te ar veselo sapr\u0101tu !\u201d, <\/strong>saka Levits, bet kaut k\u0101da tur <strong>Sivija &amp; 68<\/strong> citi, iedom\u0101jas brut\u0101li iesp\u013caut sej\u0101 m\u016bsu<strong> M\u012a\u013bOTAJAM N\u0100CIJAS F\u0100TERIM<\/strong> ar tik brut\u0101li bezkaun\u012bgu &#8220;rekl\u0101mu&#8221;!<\/figcaption><\/figure>\n\n\n\n<p>04.01.20                       LRTT<\/p>\n","protected":false},"excerpt":{"rendered":"<p>Ieklausieties tikai, ko \u0161is s\u0101tanists saka: \u201dIr mirk\u013ci, kurus m\u0113s izdz\u012bvojam kop\u0101 !\u201d, \u201dMani m\u012b\u013cie l\u012bdzcilv\u0113ki !\u201d, \u201cMums ir j\u0101m\u0101k gudri sap\u0146ot !\u201d, \u201cTo pieprasa solidarit\u0101te ar veselo sapr\u0101tu !\u201d, \u201cKas apdraud \u012bpa\u0161umu un&#46;&#46;&#46;<\/p>\n","protected":false},"author":1,"featured_media":0,"comment_status":"open","ping_status":"open","sticky":false,"template":"","format":"standard","meta":[],"categories":[1],"tags":[],"_links":{"self":[{"href":"https:\/\/tautastribunals.eu\/index.php?rest_route=\/wp\/v2\/posts\/54545"}],"collection":[{"href":"https:\/\/tautastribunals.eu\/index.php?rest_route=\/wp\/v2\/posts"}],"about":[{"href":"https:\/\/tautastribunals.eu\/index.php?rest_route=\/wp\/v2\/types\/post"}],"author":[{"embeddable":true,"href":"https:\/\/tautastribunals.eu\/index.php?rest_route=\/wp\/v2\/users\/1"}],"replies":[{"embeddable":true,"href":"https:\/\/tautastribunals.eu\/index.php?rest_route=%2Fwp%2Fv2%2Fcomments&post=54545"}],"version-history":[{"count":9,"href":"https:\/\/tautastribunals.eu\/index.php?rest_route=\/wp\/v2\/posts\/54545\/revisions"}],"predecessor-version":[{"id":54558,"href":"https:\/\/tautastribunals.eu\/index.php?rest_route=\/wp\/v2\/posts\/54545\/revisions\/54558"}],"wp:attachment":[{"href":"https:\/\/tautastribunals.eu\/index.php?rest_route=%2Fwp%2Fv2%2Fmedia&parent=54545"}],"wp:term":[{"taxonomy":"category","embeddable":true,"href":"https:\/\/tautastribunals.eu\/index.php?rest_route=%2Fwp%2Fv2%2Fcategories&post=54545"},{"taxonomy":"post_tag","embeddable":true,"href":"https:\/\/tautastribunals.eu\/index.php?rest_route=%2Fwp%2Fv2%2Ftags&post=54545"}],"curies":[{"name":"wp","href":"https:\/\/api.w.org\/{rel}","templated":true}]}}