{"id":54518,"date":"2020-01-01T14:33:12","date_gmt":"2020-01-01T12:33:12","guid":{"rendered":"https:\/\/tautastribunals.eu\/?p=54518"},"modified":"2020-01-01T14:33:12","modified_gmt":"2020-01-01T12:33:12","slug":"kalme-saka-ieskatisimies-cekistu-sejas-tad-darisim-to","status":"publish","type":"post","link":"https:\/\/tautastribunals.eu\/?p=54518","title":{"rendered":"Kalme saka: Ieskat\u012bsimies \u010dekistu sej\u0101s !&#8221; Tad dar\u012bsim to !"},"content":{"rendered":"\n<figure class=\"wp-block-image\"><img decoding=\"async\" loading=\"lazy\" width=\"800\" height=\"116\" src=\"https:\/\/tautastribunals.eu\/wp-content\/uploads\/2019\/01\/L.Granti\u0146\u0161.J.Z\u012bvertsBord\u0101nsBut\u0101nsLRTT-1-800x116.png\" alt=\"\" class=\"wp-image-48784\" srcset=\"https:\/\/tautastribunals.eu\/wp-content\/uploads\/2019\/01\/L.Granti\u0146\u0161.J.Z\u012bvertsBord\u0101nsBut\u0101nsLRTT-1-800x116.png 800w, https:\/\/tautastribunals.eu\/wp-content\/uploads\/2019\/01\/L.Granti\u0146\u0161.J.Z\u012bvertsBord\u0101nsBut\u0101nsLRTT-1-300x44.png 300w, https:\/\/tautastribunals.eu\/wp-content\/uploads\/2019\/01\/L.Granti\u0146\u0161.J.Z\u012bvertsBord\u0101nsBut\u0101nsLRTT-1-768x112.png 768w, https:\/\/tautastribunals.eu\/wp-content\/uploads\/2019\/01\/L.Granti\u0146\u0161.J.Z\u012bvertsBord\u0101nsBut\u0101nsLRTT-1.png 1073w\" sizes=\"(max-width: 800px) 100vw, 800px\" \/><\/figure>\n\n\n\n<figure class=\"wp-block-embed-youtube wp-block-embed is-type-video is-provider-youtube wp-embed-aspect-16-9 wp-has-aspect-ratio\"><div class=\"wp-block-embed__wrapper\">\n<div class=\"video-container\"><iframe loading=\"lazy\" title=\"Tika pastr\u0101d\u0101ts genoc\u012bds pret Latvie\u0161u tautu\" width=\"500\" height=\"281\" src=\"https:\/\/www.youtube.com\/embed\/ENTDDvHG-0E?feature=oembed&#038;wmode=opaque\" frameborder=\"0\" allow=\"accelerometer; autoplay; encrypted-media; gyroscope; picture-in-picture\" allowfullscreen><\/iframe><\/div>\n<\/div><\/figure>\n\n\n\n<p class=\"has-background has-very-light-gray-background-color\">M\u0101c\u012bt\u0101js <strong>Kalme<\/strong> liek iel\u016bkoties <strong>VI\u0145U<\/strong><em>(\u010dekistu)<\/em> sej\u0101s ! Tad, l\u016bk, \u0161eit ir da\u017eas no t\u0101m sej\u0101m,- pareiz\u0101k sakot:<strong> IZDZIMTE\u0145U PURNI <\/strong>! \u0160ie pretek\u013c<strong>PURNI<\/strong> <strong>zv\u0113r\u0113ja S\u0101tanam- b\u016bt uztic\u012bgiem vi\u0146a kalpiem <\/strong>! <strong>Padomju<\/strong> laik\u0101 vi\u0146i bija pie teik\u0161anas un ar\u012b \u0161odien vi\u0146i ir turpat. Atrais\u012bti no<strong> Maskavas BIEDRU <\/strong>p\u0101rraudz\u012bbas, \u0161ie vamp\u012bri k\u013cuva v\u0113l asi\u0146ain\u0101ki. <\/p>\n\n\n\n<p class=\"has-text-color has-background has-medium-font-size has-very-light-gray-color has-very-dark-gray-background-color\">Uz vi\u0146u sirdsapzi\u0146as ir simtiem latvie\u0161u patriotu un uz\u0146\u0113m\u0113ju dz\u012bv\u012bbas !!! <\/p>\n\n\n\n<p class=\"has-background has-very-light-gray-background-color\">Visi \u0161eit redzamie \u010dekas izdzimumi, apzogot tautu, ir k\u013cuvu\u0161i miljon\u0101ri !!! Tas viss notiek ar <strong>ES<\/strong> zi\u0146u, <strong>kuru piln\u012bb\u0101 p\u0101r\u0146emu\u0161i reptilo\u012bdiskie cionisti<\/strong>. Vi\u0146u   aizst\u0101vis, \u010dekista <strong>Jonasa Levita<\/strong> p\u0113ctecis <strong>E. Levits,<\/strong> kur\u0161 \u0161os zv\u0113rus, ar cionistu \u201cmand\u0101tu\u201d kabat\u0101,  Atmodas laik\u0101 ieb\u012bd\u012bja<strong> LR valsts varas org\u0101nos,<\/strong> \u0161odien ir <strong>\u201ck\u013cuvis\u201d <\/strong>par<strong> Latvijas prezidentu. <\/strong><br> <\/p>\n\n\n\n<figure class=\"wp-block-image is-resized\"><img decoding=\"async\" loading=\"lazy\" src=\"https:\/\/tautastribunals.eu\/wp-content\/uploads\/2020\/01\/6-E.Levits.A.Pabriks.-K.-Kari\u0146\u0161.L.-Granti\u0146\u0161.LRTT_.png\" alt=\"\" class=\"wp-image-54525\" width=\"640\" height=\"344\" srcset=\"https:\/\/tautastribunals.eu\/wp-content\/uploads\/2020\/01\/6-E.Levits.A.Pabriks.-K.-Kari\u0146\u0161.L.-Granti\u0146\u0161.LRTT_.png 799w, https:\/\/tautastribunals.eu\/wp-content\/uploads\/2020\/01\/6-E.Levits.A.Pabriks.-K.-Kari\u0146\u0161.L.-Granti\u0146\u0161.LRTT_-300x161.png 300w, https:\/\/tautastribunals.eu\/wp-content\/uploads\/2020\/01\/6-E.Levits.A.Pabriks.-K.-Kari\u0146\u0161.L.-Granti\u0146\u0161.LRTT_-768x413.png 768w\" sizes=\"(max-width: 640px) 100vw, 640px\" \/><figcaption>De\u0123ener\u0101ti !<\/figcaption><\/figure>\n\n\n\n<p class=\"has-background has-very-light-gray-background-color\">Visi vi\u0146i, ar<strong> Levitu<\/strong> priek\u0161gal\u0101, reiz tiks nog\u0101d\u0101ti uz <strong>H\u0101gu- NIRNBERGA- 2<\/strong>. Tikai tad, kad \u0161ie sarkan\u0101 m\u0113ra baci\u013ci tiks izn\u012bcin\u0101ti, pasaules tautas var\u0113s s\u0101kt dz\u012bvot p\u0113c <strong>DEMOKR\u0100TIJAS PRINCIPIEM<\/strong> !<\/p>\n\n\n\n<figure class=\"wp-block-image is-resized\"><img decoding=\"async\" loading=\"lazy\" src=\"https:\/\/tautastribunals.eu\/wp-content\/uploads\/2020\/01\/Kalme.-Savickis.Godmanis.Plaudis.Granti\u0146\u0161.LRTT_-543x800.png\" alt=\"\" class=\"wp-image-54519\" width=\"647\" height=\"953\" srcset=\"https:\/\/tautastribunals.eu\/wp-content\/uploads\/2020\/01\/Kalme.-Savickis.Godmanis.Plaudis.Granti\u0146\u0161.LRTT_-543x800.png 543w, https:\/\/tautastribunals.eu\/wp-content\/uploads\/2020\/01\/Kalme.-Savickis.Godmanis.Plaudis.Granti\u0146\u0161.LRTT_-204x300.png 204w, https:\/\/tautastribunals.eu\/wp-content\/uploads\/2020\/01\/Kalme.-Savickis.Godmanis.Plaudis.Granti\u0146\u0161.LRTT_.png 663w\" sizes=\"(max-width: 647px) 100vw, 647px\" \/><\/figure>\n\n\n\n<p>01.01.2020<\/p>\n","protected":false},"excerpt":{"rendered":"<p>M\u0101c\u012bt\u0101js Kalme liek iel\u016bkoties VI\u0145U(\u010dekistu) sej\u0101s ! Tad, l\u016bk, \u0161eit ir da\u017eas no t\u0101m sej\u0101m,- pareiz\u0101k sakot: IZDZIMTE\u0145U PURNI ! \u0160ie pretek\u013cPURNI zv\u0113r\u0113ja S\u0101tanam- b\u016bt uztic\u012bgiem vi\u0146a kalpiem ! Padomju laik\u0101 vi\u0146i bija pie&#46;&#46;&#46;<\/p>\n","protected":false},"author":1,"featured_media":0,"comment_status":"open","ping_status":"open","sticky":false,"template":"","format":"standard","meta":[],"categories":[1],"tags":[],"_links":{"self":[{"href":"https:\/\/tautastribunals.eu\/index.php?rest_route=\/wp\/v2\/posts\/54518"}],"collection":[{"href":"https:\/\/tautastribunals.eu\/index.php?rest_route=\/wp\/v2\/posts"}],"about":[{"href":"https:\/\/tautastribunals.eu\/index.php?rest_route=\/wp\/v2\/types\/post"}],"author":[{"embeddable":true,"href":"https:\/\/tautastribunals.eu\/index.php?rest_route=\/wp\/v2\/users\/1"}],"replies":[{"embeddable":true,"href":"https:\/\/tautastribunals.eu\/index.php?rest_route=%2Fwp%2Fv2%2Fcomments&post=54518"}],"version-history":[{"count":8,"href":"https:\/\/tautastribunals.eu\/index.php?rest_route=\/wp\/v2\/posts\/54518\/revisions"}],"predecessor-version":[{"id":54529,"href":"https:\/\/tautastribunals.eu\/index.php?rest_route=\/wp\/v2\/posts\/54518\/revisions\/54529"}],"wp:attachment":[{"href":"https:\/\/tautastribunals.eu\/index.php?rest_route=%2Fwp%2Fv2%2Fmedia&parent=54518"}],"wp:term":[{"taxonomy":"category","embeddable":true,"href":"https:\/\/tautastribunals.eu\/index.php?rest_route=%2Fwp%2Fv2%2Fcategories&post=54518"},{"taxonomy":"post_tag","embeddable":true,"href":"https:\/\/tautastribunals.eu\/index.php?rest_route=%2Fwp%2Fv2%2Ftags&post=54518"}],"curies":[{"name":"wp","href":"https:\/\/api.w.org\/{rel}","templated":true}]}}