{"id":54355,"date":"2020-01-15T07:04:12","date_gmt":"2020-01-15T05:04:12","guid":{"rendered":"https:\/\/tautastribunals.eu\/?p=54355"},"modified":"2021-03-28T16:03:19","modified_gmt":"2021-03-28T13:03:19","slug":"l-grantina-vards-ir-aizliegts4-maija-banda","status":"publish","type":"post","link":"https:\/\/tautastribunals.eu\/?p=54355","title":{"rendered":"L. Granti\u0146a v\u0101rds ir aizliegts(4. maija banda) !"},"content":{"rendered":"\n<figure class=\"wp-block-image is-resized\"><img decoding=\"async\" loading=\"lazy\" src=\"https:\/\/tautastribunals.eu\/wp-content\/uploads\/2019\/10\/www.tautastribunals.eu-12-5-800x112.png\" alt=\"\" class=\"wp-image-53522\" width=\"1450\" height=\"203\" srcset=\"https:\/\/tautastribunals.eu\/wp-content\/uploads\/2019\/10\/www.tautastribunals.eu-12-5-800x112.png 800w, https:\/\/tautastribunals.eu\/wp-content\/uploads\/2019\/10\/www.tautastribunals.eu-12-5-300x42.png 300w, https:\/\/tautastribunals.eu\/wp-content\/uploads\/2019\/10\/www.tautastribunals.eu-12-5-768x108.png 768w, https:\/\/tautastribunals.eu\/wp-content\/uploads\/2019\/10\/www.tautastribunals.eu-12-5.png 950w\" sizes=\"(max-width: 1450px) 100vw, 1450px\" \/><\/figure>\n\n\n\n<h4> <a href=\"https:\/\/www.liepajniekiem.lv\/zinas\/sabiedriba\/muziba-devies-viens-no-cilvektiesibu-aizstavibas-grupas-helsinki-86-dibinatajiem-raimonds-bitenieks-246475\">M\u016b\u017e\u012bb\u0101 devies viens no cilv\u0113kties\u012bbu aizst\u0101v\u012bbas grupas &#8220;Helsinki 86&#8221; dibin\u0101t\u0101jiem Raimonds Bitenieks<\/a>  <\/h4>\n\n\n\n<p class=\"has-very-light-gray-color has-very-dark-gray-background-color has-text-color has-background\">No mums aizg\u0101jis <strong>viens<\/strong> no<strong> H-86<\/strong> grupas dibin\u0101t\u0101jiem, bet pareiz\u0101k tom\u0113r b\u016btu sac\u012bts- <strong>L\u012aDZDIBIN\u0100T\u0100JIEM<\/strong> un, lai <strong>Dievs<\/strong> Vi\u0146am dod <strong>saulaino Parad\u012bzi <\/strong>saulain\u0101s <strong>Magadanas<\/strong> viet\u0101.&#8212;&#8212;&#8212;&#8212;&#8212;&#8211;<em>(L.Granti\u0146\u0161)<\/em><\/p>\n\n\n\n<p class=\"has-very-light-gray-background-color has-background\"><strong>&#8220;Aizg\u0101jis viens no dibin\u0101t\u0101jiem&#8230;&#8221;<\/strong> Tikt\u0101l jau nu viss v\u0113l b\u016btu pie\u0146emams, bet, kad pres\u0113 ne vienu reizi vien tiek sac\u012bts un pat uzsv\u0113rts:<a href=\"https:\/\/www.liepajniekiem.lv\/zinas\/sabiedriba\/muziba-devies-viens-no-cilvektiesibu-aizstavibas-grupas-helsinki-86-dibinatajiem-raimonds-bitenieks-246475\"> <\/a><em><a href=\"https:\/\/www.liepajniekiem.lv\/zinas\/sabiedriba\/muziba-devies-viens-no-cilvektiesibu-aizstavibas-grupas-helsinki-86-dibinatajiem-raimonds-bitenieks-246475\">\u201c\u201dLaim\u012bgs, jo br\u012bvs cilv\u0113ks,\u201d \u2013 t\u0101 par sevi grupas \u201d<\/a><strong><a href=\"https:\/\/www.liepajniekiem.lv\/zinas\/sabiedriba\/muziba-devies-viens-no-cilvektiesibu-aizstavibas-grupas-helsinki-86-dibinatajiem-raimonds-bitenieks-246475\">Helsinki 86\u201d dibin\u0101t\u0101js R. Bitenieks<\/a><\/strong><a href=\"https:\/\/www.liepajniekiem.lv\/zinas\/sabiedriba\/muziba-devies-viens-no-cilvektiesibu-aizstavibas-grupas-helsinki-86-dibinatajiem-raimonds-bitenieks-246475\"> sac\u012bja intervij\u0101 \u017eurn\u0101lam \u201dLiep\u0101jas V\u0113stules\u201d. Sarunas temats toreiz bija b\u0113g\u0161ana no Padomju Savien\u012bbas.\u201c<\/a><\/em>&#8212;&#8211; tad j\u0101saka, ka t\u0101 ir <strong>4. maija \u017e\u012bds\u0101tanisk\u0101s kli\u0137es apzin\u0101ta provok\u0101cija. <\/strong>Un, tas nepat\u012bkam\u0101kais, ka tas viss notika v\u0113l <strong>R. Biteniekam<\/strong> dz\u012bvam esot un vi\u0146\u0161 pret to neiebilda.<strong> Bitenieks<\/strong> ne ar p\u016b\u0161 plestu v\u0101rdu mani neaizst\u0101v\u0113ja mana zv\u0113r\u012bg\u0101 aresta gad\u012bjum\u0101 <strong>Liep\u0101j\u0101<\/strong>&#8230; !<\/p>\n\n\n\n<p class=\"has-very-light-gray-background-color has-background\"><strong>Bitenieks<\/strong>, p\u0113c atgrie\u0161an\u0101s no<strong> V\u0101cijas<\/strong>, k\u013cuva par upuri \u010dekas rad\u012btajiem patriotiem ar <strong>V. Birzi <\/strong>priek\u0161gal\u0101<strong>. <a href=\"https:\/\/tautastribunals.eu\/?p=39496\">V. Birze<\/a><\/strong><a href=\"https:\/\/tautastribunals.eu\/?p=39496\"> &amp; <\/a><strong><a href=\"https:\/\/tautastribunals.eu\/?p=39496\">co<\/a><\/strong><a href=\"https:\/\/tautastribunals.eu\/?p=39496\">(atv\u0113rt)<\/a> akt\u012bvi cent\u0101s<strong> Bitenieku <\/strong>noska\u0146ot pret <strong>Granti\u0146u<\/strong> ! Vienm\u0113r un vienm\u0113r atg\u0101dinot, ka <strong>LRTT i- vietne<\/strong> ir mel\u012bga ar latvie\u0161iem nepie\u0146emamu leksiku. <strong>Bitenieks<\/strong> tika ievilkts fikt\u012bv\u0101s \u010dekas dibin\u0101t\u0101s partij\u0101s, lai ne\u013cautu <strong>Liep\u0101jas Dom\u0113<\/strong> iek\u013c\u016bt <strong>\u201cnev\u0113lamiem elementiem\u201d<\/strong> ! Par <strong>Birzes<\/strong> uzb\u0101z\u012bbu, t\u0101 s\u0101kuma posm\u0101, mani inform\u0113ja pats <strong>Bitenieks<\/strong>. \u0160odien, lasot garo<strong> R. Bitenieka nekrologu<\/strong>, m\u0113s neatrodam <strong>L. Granti\u0146a<\/strong> v\u0101rdu, kaut gan tam, ja jau veidoja tik garu aprakstu, vajadz\u0113ja par\u0101d\u012bties vair\u0101kk\u0101rt\u012bgi, jo bez <strong>Granti\u0146a <\/strong>t\u0101ds <strong>Bitenieks,<\/strong> politisk\u0101 izpratn\u0113, neb\u016btu nekas. Pat tik smiekl\u012bgi: \u201c<em>Ta\u010du jau 1986. gada 21. august\u0101 abus arest\u0113ja \u2013 R. Bitenieks st\u0101st\u012bjis intervij\u0101 \u201eLatvijas V\u0113stnesim\u201d\u201d.&#8212;&#8212;&#8212;&#8211;,<\/em> ka <strong>Granti\u0146a<\/strong> uzv\u0101rds tiek aizst\u0101ts ar \u201c<strong>abus<\/strong>\u201d !!!! <\/p>\n\n\n\n<p class=\"has-very-light-gray-background-color has-background\">\u0160ie izdzimte\u0146i, kuriem <strong>L. Granti\u0146a<\/strong> v\u0101rds ir piel\u012bdzin\u0101ms<strong> CIANK\u0100LIJAM<\/strong> , \u0161odien valda p\u0101r m\u016bsu <strong>Dzimteni<\/strong> un izzog to ! <\/p>\n\n\n\n<p class=\"has-very-light-gray-background-color has-background\">Pret\u012bgi, ka <strong>R. Bitenieka<\/strong> v\u0101rds pat vi\u0146a <strong>N\u0100VES ZI\u0145\u0100<\/strong><em>(Kurzemes v\u0101rds), <\/em>no da\u017e\u0101da kalibra <strong>\u201cv. birz\u0113m un a. remesiem\u201d, <\/strong>tiek izmantots pret <strong>L. Granti\u0146u <\/strong>un latvie\u0161u tautu ! <\/p>\n\n\n\n<p class=\"has-very-light-gray-background-color has-background\">M\u0113s redzam, ka <strong>\u017e\u012bds A. Remess,<\/strong> kur\u0161 nodeva <strong>&#8220;likvid\u0113\u0161anai&#8221;<\/strong> \u017eurn\u0101listu <strong><a href=\"https:\/\/tautastribunals.eu\/?p=13320\">G. Mat\u012bsu<\/a><\/strong><a href=\"https:\/\/tautastribunals.eu\/?p=13320\"><em>(atvert)<\/em>,<\/a> ir kop\u0101 ar <strong>Liep\u0101jas Metalurga<\/strong> bendi<strong> <a href=\"https:\/\/tautastribunals.eu\/?p=12815\">Zaharjin<\/a><\/strong><a href=\"https:\/\/tautastribunals.eu\/?p=12815\">u<\/a><em><a href=\"https:\/\/tautastribunals.eu\/?p=12815\">(atv\u0113rt)<\/a><\/em> ! Cik saprotams, tad <strong>Metalurga<\/strong> likvid\u0113t\u0101js un 19 000 pensijas sa\u0146\u0113m\u0113js b\u016bs <strong>Liep\u0101jas &#8220;Balt\u0101s gr\u0101matas&#8221;<\/strong> goda<strong> CILV\u0112KS<\/strong> !<\/p>\n\n\n\n<p class=\"has-very-light-gray-background-color has-background\">Protams, ka \u0161im puveklim<strong> L. Granti\u0146\u0161 <\/strong>un <strong>Latvija <\/strong>ir k\u0101 augonis uz <strong>vi\u0146a pret\u012bgo nodev\u012bbas <\/strong>s\u0113\u017evietu !!!<\/p>\n\n\n\n<p class=\"has-very-light-gray-color has-very-dark-gray-background-color has-text-color has-background has-large-font-size\"> No arh\u012bva<\/p>\n\n\n\n<p class=\"has-very-light-gray-color has-very-dark-gray-background-color has-text-color has-background\"><em>Visai<a href=\"https:\/\/tautastribunals.eu\/?p=13320\">(las\u012bt visu) <\/a>\u0161ai noziedznieku bandai par n\u0101ves draudu k\u013cuva \u017eurn\u0101lists <\/em><strong><em>Gudars Mat\u012bss,<\/em><\/strong><em> kur\u0161 bija atkl\u0101jis narkotikas kontrabandu. Par saviem atkl\u0101jumiem vi\u0146\u0161 dal\u012bj\u0101s ar <\/em><strong><em>Viktoru Ulbertu<\/em><\/strong><em>, <\/em><strong><em>Edgaru L\u016bs\u0113nu<\/em><\/strong><em> un <\/em><strong><em>And\u017eilu Remesi<\/em><\/strong><em>. Ar ko tas beidz\u0101s <\/em><strong><em>Gundaram,<\/em><\/strong><em> mums visiem zin\u0101ms. <\/em><strong><em>Edgars L\u016bs\u0113ns<\/em><\/strong><em> ar\u012b izr\u0101d\u012bj\u0101s nev\u0113lams liecinieks, t\u0101p\u0113c <\/em><strong><em>\u201esaslima\u201c<\/em><\/strong><em> ar leik\u0113miju un \u0161odien jau med\u012b <\/em><strong><em>pla\u0161ajos aizsaules laukos<\/em><\/strong><em> un <\/em><strong><em>me\u017eos<\/em><\/strong><em>. Leik\u0113mija, k\u0101 zin\u0101ms, ir visviegl\u0101k \u201epielai\u017eam\u0101\u201c slim\u012bba. Ar\u012b \u201elikum\u012bgais zaglis\u201c<\/em><strong><em>Dubrovenko,<\/em><\/strong><em> ar kuru cie\u0161i k\u0101dreiz sadarboj\u0101s <\/em><strong><em>Sesks, Vaiteiks, Aizezers<\/em><\/strong><em> un citi, pazuda k\u0101 <\/em><strong><em>cirvis \u0101li\u0146\u0123\u012b.<\/em><\/strong><\/p>\n\n\n\n<h1>\n\t\t\t\t\t\t\t\t\tTop liep\u0101jnieku &#8220;Balt\u0101 gr\u0101mata&#8221; jeb atmaskosim demagogus\t\t\t\t\t\t\t\t<\/h1>\n\n\n\n<figure class=\"wp-block-image is-resized\"><img decoding=\"async\" loading=\"lazy\" src=\"https:\/\/irliepaja.lv\/mda\/img\/type_articles\/29710\/53a43b52864875fac03638603217353c2b90ff18_m.jpg\" alt=\"\" width=\"1449\" height=\"964\"\/><figcaption>Divi komunisti- divi jebreji !<\/figcaption><\/figure>\n\n\n\n<p><strong>&#8220;Kurzemes V\u0101rda&#8221; galvenais redaktors And\u017eils Remess interv\u0113 Sergeju Zaharjinu (foto no &#8220;Liep\u0101jas V\u0113stul\u0113m&#8221;). Datums: 1.04.2014 <\/strong><\/p>\n\n\n\n<p><a href=\"https:\/\/irliepaja.lv\/lv\/raksti\/liepajnieki\/top-liepajnieku-balta-gramata-jeb-atmaskosim-demagogus\/\">https:\/\/irliepaja.lv\/lv\/raksti\/liepajnieki\/top-liepajnieku-balta-gramata-jeb-atmaskosim-demagogus\/<\/a><\/p>\n\n\n\n<p class=\"has-very-light-gray-color has-very-dark-gray-background-color has-text-color has-background has-medium-font-size\">B\u016bt Patiesam<strong> <\/strong>un aizst\u0101v\u0113t<strong> <\/strong>PATIES\u012aBU ir \u013coti vienk\u0101r\u0161i:<strong> <\/strong>NEMELO- nesaki to, kas nav bijis ! Ne\u0146em to, kas nepieder tev&#8230; ! <\/p>\n\n\n\n<p>15.01.20                   L. Granti\u0146\u0161<\/p>\n","protected":false},"excerpt":{"rendered":"<p>M\u016b\u017e\u012bb\u0101 devies viens no cilv\u0113kties\u012bbu aizst\u0101v\u012bbas grupas &#8220;Helsinki 86&#8221; dibin\u0101t\u0101jiem Raimonds Bitenieks No mums aizg\u0101jis viens no H-86 grupas dibin\u0101t\u0101jiem, bet pareiz\u0101k tom\u0113r b\u016btu sac\u012bts- L\u012aDZDIBIN\u0100T\u0100JIEM un, lai Dievs Vi\u0146am dod saulaino Parad\u012bzi saulain\u0101s&#46;&#46;&#46;<\/p>\n","protected":false},"author":1,"featured_media":0,"comment_status":"open","ping_status":"open","sticky":false,"template":"","format":"standard","meta":[],"categories":[1],"tags":[],"_links":{"self":[{"href":"https:\/\/tautastribunals.eu\/index.php?rest_route=\/wp\/v2\/posts\/54355"}],"collection":[{"href":"https:\/\/tautastribunals.eu\/index.php?rest_route=\/wp\/v2\/posts"}],"about":[{"href":"https:\/\/tautastribunals.eu\/index.php?rest_route=\/wp\/v2\/types\/post"}],"author":[{"embeddable":true,"href":"https:\/\/tautastribunals.eu\/index.php?rest_route=\/wp\/v2\/users\/1"}],"replies":[{"embeddable":true,"href":"https:\/\/tautastribunals.eu\/index.php?rest_route=%2Fwp%2Fv2%2Fcomments&post=54355"}],"version-history":[{"count":26,"href":"https:\/\/tautastribunals.eu\/index.php?rest_route=\/wp\/v2\/posts\/54355\/revisions"}],"predecessor-version":[{"id":60143,"href":"https:\/\/tautastribunals.eu\/index.php?rest_route=\/wp\/v2\/posts\/54355\/revisions\/60143"}],"wp:attachment":[{"href":"https:\/\/tautastribunals.eu\/index.php?rest_route=%2Fwp%2Fv2%2Fmedia&parent=54355"}],"wp:term":[{"taxonomy":"category","embeddable":true,"href":"https:\/\/tautastribunals.eu\/index.php?rest_route=%2Fwp%2Fv2%2Fcategories&post=54355"},{"taxonomy":"post_tag","embeddable":true,"href":"https:\/\/tautastribunals.eu\/index.php?rest_route=%2Fwp%2Fv2%2Ftags&post=54355"}],"curies":[{"name":"wp","href":"https:\/\/api.w.org\/{rel}","templated":true}]}}