{"id":54279,"date":"2020-01-05T10:24:05","date_gmt":"2020-01-05T08:24:05","guid":{"rendered":"https:\/\/tautastribunals.eu\/?p=54279"},"modified":"2020-01-05T10:24:05","modified_gmt":"2020-01-05T08:24:05","slug":"ta-ir-sizofrenijasatanisms-kas-uzbrukusi-latvijai","status":"publish","type":"post","link":"https:\/\/tautastribunals.eu\/?p=54279","title":{"rendered":"T\u0101 ir \u0161izofr\u0113nija(s\u0101tanisms), kas uzbrukusi Latvijai !"},"content":{"rendered":"\n<figure class=\"wp-block-image\"><img decoding=\"async\" loading=\"lazy\" width=\"800\" height=\"112\" src=\"https:\/\/tautastribunals.eu\/wp-content\/uploads\/2019\/10\/www.tautastribunals.eu-12-5-800x112.png\" alt=\"\" class=\"wp-image-53522\" srcset=\"https:\/\/tautastribunals.eu\/wp-content\/uploads\/2019\/10\/www.tautastribunals.eu-12-5-800x112.png 800w, https:\/\/tautastribunals.eu\/wp-content\/uploads\/2019\/10\/www.tautastribunals.eu-12-5-300x42.png 300w, https:\/\/tautastribunals.eu\/wp-content\/uploads\/2019\/10\/www.tautastribunals.eu-12-5-768x108.png 768w, https:\/\/tautastribunals.eu\/wp-content\/uploads\/2019\/10\/www.tautastribunals.eu-12-5.png 950w\" sizes=\"(max-width: 800px) 100vw, 800px\" \/><\/figure>\n\n\n\n<p style=\"background-color:#135a40;color:#f60b0b\" class=\"has-text-color has-background has-medium-font-size\">Par reptilo\u012bdiem- necilv\u0113kiem: S\u0100TANISTIEM !<\/p>\n\n\n\n<p><\/p>\n\n\n\n<p class=\"has-medium-font-size\">K\u0101das<a href=\"https:\/\/pietiek.com\/raksti\/titulbleziem__ordeni_ar_enkurkedi_poda_doktori\"> &#8220;Je\u013cenas Blavatskas&#8221;<\/a> teiktais par <strong>&#8220;l\u012bdzlatvieti&#8221;- &#8220;prezidentu&#8221; Levitu<\/strong> !<\/p>\n\n\n\n<p class=\"has-text-color has-background has-medium-font-size has-very-light-gray-color has-very-dark-gray-background-color\">\u0160eit rakst\u012btais ir j\u0101atceras, tikko ieraugi \u0161o rept\u012bli !!!<\/p>\n\n\n\n<p class=\"has-background has-very-light-gray-background-color\">Piensaimnieku centr\u0101l\u0101 savien\u012bba<strong> \u201cTur\u012bba\u201d K\u0101rlim Ulmanim <\/strong>nekad goda  doktora gr\u0101dus nav pie\u0161\u0137\u012brusi. Vai apbalvoto<strong> \u201egoda doktora\u201d<\/strong> miers \u0161\u0137iet  \u0101rpr\u0101ta apvienojums ar gal\u0113ju alkat\u012bbu vai r\u012bc\u012bbas nesp\u0113ju? Patie\u0161\u0101m  ne\u0161\u0137iet, ka \u0161\u0101da s\u012bka slavin\u0101\u0161ana un lieks b\u013cembaks ir likump\u0101rk\u0101puma  v\u0113rta lieta? <strong>V\u012b\u0137i-Freibergu <\/strong>v\u0113l kaut k\u0101 var saprast, jo vi\u0146ai ir \u012bsts,  1965. gada doktora zin\u0101tniskais gr\u0101ds no <strong>Makgila universit\u0101tes Kan\u0101d\u0101 <\/strong> psiholo\u0123ij\u0101, vi\u0146a ir iev\u0113l\u0113ta par profesori Monre\u0101l\u0101, turkl\u0101t <strong>vi\u0146a ir  savas disert\u0101cijas d\u0113\u013c jau \u0101rst\u0113jusies psihiatriskaj\u0101 slimn\u012bc\u0101<\/strong>,  t\u0101 teikt, cietusi pietiekami, vi\u0146a var\u0113tu atsaukties uz vecumu, v\u0101jumu,  p\u0101rdz\u012bvoto un atsviest ar vienu sviedienu \u0161o nelikum\u012bgo \u201e<strong>goda doktoru<\/strong>\u201d  t\u0101 izdev\u0113jam. Vairas karjera ir beigusies.<\/p>\n\n\n\n<figure class=\"wp-block-image is-resized\"><img decoding=\"async\" loading=\"lazy\" src=\"https:\/\/tautastribunals.eu\/wp-content\/uploads\/2019\/12\/Reptilo\u012bdi.LevitsGranti\u0146\u0161.LRTT_.png\" alt=\"\" class=\"wp-image-54179\" width=\"647\" height=\"633\" srcset=\"https:\/\/tautastribunals.eu\/wp-content\/uploads\/2019\/12\/Reptilo\u012bdi.LevitsGranti\u0146\u0161.LRTT_.png 569w, https:\/\/tautastribunals.eu\/wp-content\/uploads\/2019\/12\/Reptilo\u012bdi.LevitsGranti\u0146\u0161.LRTT_-300x294.png 300w\" sizes=\"(max-width: 647px) 100vw, 647px\" \/><figcaption>Foto: <strong>Homo- reptiliens<\/strong><\/figcaption><\/figure>\n\n\n\n<p class=\"has-background has-very-light-gray-background-color\">Piln\u012bgi cita situ\u0101cija ir ar <strong>Egilu Levitu<\/strong>. Vai vi\u0146\u0161 ir<strong> piln\u012bgi  \u0101rpr\u0101t\u012bgs,<\/strong> ja piecas min\u016btes pirms iev\u0113l\u0113\u0161anas par <strong>Valsts Prezidentu  <\/strong>vi\u0146am vajadz\u012bgs nelikum\u012bgs <strong>\u201egoda doktora\u201d<\/strong> gr\u0101ds? Atg\u0101din\u0101sim, ka vienu,  piln\u012bgi likum\u012bgu<strong> \u201egoda doktora\u201d<\/strong> gr\u0101du <strong>Levits<\/strong> k\u0101 politi\u0137is jau ieguvis no  <strong>Latvijas Zin\u0101t\u0146u akad\u0113mijas<\/strong>. Priek\u0161 kam? Priek\u0161, tam, lai visai  <strong>Latvijai <\/strong>lieku reizi atg\u0101din\u0101tu, ka at\u0161\u0137ir\u012bb\u0101 no t\u016bksto\u0161iem latvie\u0161u  jaunie\u0161u p\u0113c neatkar\u012bbas atg\u016b\u0161anas,<strong> Levits <\/strong>t\u0101 ar\u012b nav sp\u0113jis uzrakst\u012bt  doktora disert\u0101ciju un nekad nav ieguvis doktora zin\u0101tnisko gr\u0101du? Lai  atg\u0101din\u0101tu, ka par sp\u012bti daudzviet izskan\u0113ju\u0161ajiem cildin\u0101jumiem par <strong> \u201eakad\u0113mi\u0137i\u201d<\/strong> vi\u0146\u0161 nav akad\u0113mi\u0137is nevien\u0101 akad\u0113mij\u0101? Lai atg\u0101din\u0101tu, ka  par sp\u012bti daudzviet izskan\u0113ju\u0161ajiem slavin\u0101jumiem par <strong>\u201eprofesoru\u201d Levits  <\/strong>\u0161obr\u012bd nav iev\u0113l\u0113ts k\u0101 profesors nevien\u0101 augstskol\u0101, bet<strong> R\u012bgas  Juridiskaj\u0101 augstskol\u0101 ir \u201egoda profesors\u201d<\/strong> ?<\/p>\n\n\n\n<p class=\"has-background has-very-light-gray-background-color\">Vai lai atg\u0101din\u0101tu, ka<strong> Egilam Levitam <\/strong>nav pat ma\u0123istra gr\u0101da ties\u012bbu  zin\u0101tn\u0113 un vi\u0146\u0161 nevar\u0113tu b\u016bt, piem\u0113ram, Satversmes tiesas tiesnesis, jo  likums to prasa? Vai, lai atg\u0101din\u0101tu, ka <strong>Egils Levits <\/strong>nekad<strong> Latvij\u0101 <\/strong>nav  nok\u0101rtojis advok\u0101ta eks\u0101menu un nekad nav bijis advok\u0101ts? Vai, lai  atg\u0101din\u0101tu, ka <strong>V\u0101cij\u0101 Egils Levits <\/strong>ar savu \u201cizcilo\u201d izgl\u012bt\u012bbu ir bijis  vienk\u0101r\u0161i tulks no krievu uz v\u0101cu valodu? P\u0113c nepeln\u012btajiem uzbrukumiem <strong> Levitam <\/strong>par to, k\u0101<strong> t\u0113vs Jon\u0101ss,<\/strong> kas it k\u0101 esot bijis <strong>padomju komis\u0101rs <\/strong>ebreju uz\u0146\u0113mumu nacionaliz\u0101cij\u0101 1940. gad\u0101 \u012bstenojot <strong>PSRS<\/strong> okup\u0101ciju,  esot uzdots par <strong>pretpadomju disidentu,<\/strong> vesels un sapr\u0101t\u012bgs cilv\u0113ks b\u016btu  izvair\u012bjies pie\u0146emt \u0161\u0101du \u201e<strong>goda doktoru<\/strong>\u201d, bet te laikam alkat\u012bba dara  savu\u2026<\/p>\n\n\n\n<p class=\"has-background has-very-light-gray-background-color\">2019. gada 16. maij\u0101 apbalvo\u0161anas ceremonij\u0101 Levitam paredz\u0113ts pasniegt Biznesa augstskolas&nbsp;<strong>Tur\u012bba<\/strong>&nbsp;goda doktoru, ko atbilsto\u0161i&nbsp;<strong>Nolikuma par goda nosaukumiem,<\/strong>  ko apstiprin\u0101ja Sen\u0101ts 2016. gada 28. septembra s\u0113d\u0113 <em>(protokols Nr.8),<\/em>  parakst\u012bjis rektors <strong>Aldis Baumanis <\/strong>un kas st\u0101jas sp\u0113k\u0101 ar <strong>SIA Biznesa<\/strong>  augstskola&nbsp;<strong>Tur\u012bba<\/strong>&nbsp;valdes 2016. gada 30. septembra l\u0113mumu Nr.23,  2.1. apak\u0161punktam<strong> \u201cpie\u0161\u0137ir par b\u016btisku ieguld\u012bjumu un nopelniem  tautsaimniec\u012bb\u0101, politik\u0101 un citos noz\u012bm\u012bgos sabiedriskajos vai  politiskajos procesos personai, kuras agr\u0101k\u0101 vai pa\u0161reiz\u0113j\u0101 darb\u012bba ir  bijusi Augstskolas v\u012bzijai atbilsto\u0161a un tuvin\u0101jusi Augstskolas m\u0113r\u0137u  sasnieg\u0161anu&#8221;.<\/strong><\/p>\n\n\n\n<p class=\"has-background has-very-light-gray-background-color\">L\u0113mumu par goda doktora pie\u0161\u0137ir\u0161anu pie\u0146\u0113ma<strong>&nbsp;Tur\u012bbas&nbsp;Sen\u0101ta <\/strong>apstiprin\u0101ta<strong> Goda nosaukumu komisija<\/strong>. L\u0113mums  par goda doktora pie\u0161\u0137ir\u0161anu pie\u0146emts:<strong> \u201cNov\u0113rt\u0113jot Eiropas Savien\u012bbas  Tiesas tiesne\u0161a, Valsts Prezidenta amata kandid\u0101ta<\/strong><em><strong> <\/strong>(!l\u016bk!, tie\u0161\u0101 tekst\u0101  Valsts Prezidenta kandid\u0113\u0161ana piemin\u0113ta, v\u0113l atkl\u0101t\u0101k jau mor\u0101lus  kuku\u013cus deva tikai \u0136encis ar P\u0101vulu m\u0113rnieka cien\u012bgt\u0113vam)<\/em> <strong>Levita p\u0113d\u0113jo  30 gadu laik\u0101 sniegto ieguld\u012bjumu Latvijas valsts att\u012bst\u012bb\u0101, sniedzot  b\u016btisku artavu gan Latvijas valsts atjauno\u0161an\u0101, gan t\u0101s p\u0101rveid\u0113 par  demokr\u0101tisku un tiesisku valsti.\u201d <\/strong><\/p>\n\n\n\n<p class=\"has-text-color has-background has-large-font-size has-very-light-gray-color has-very-dark-gray-background-color\">\u0160ie jau nav lab\u0101ki:<\/p>\n\n\n\n<figure class=\"wp-block-image\"><img decoding=\"async\" loading=\"lazy\" width=\"756\" height=\"327\" src=\"https:\/\/tautastribunals.eu\/wp-content\/uploads\/2019\/06\/A.B\u0113rzi\u0146\u0161.G.Ulmanis.V.Zatlers.V.V.-Freiberga.R.V\u0113jonis.L.Granti\u0146\u0161.LRTT_.png\" alt=\"\" class=\"wp-image-51012\" srcset=\"https:\/\/tautastribunals.eu\/wp-content\/uploads\/2019\/06\/A.B\u0113rzi\u0146\u0161.G.Ulmanis.V.Zatlers.V.V.-Freiberga.R.V\u0113jonis.L.Granti\u0146\u0161.LRTT_.png 756w, https:\/\/tautastribunals.eu\/wp-content\/uploads\/2019\/06\/A.B\u0113rzi\u0146\u0161.G.Ulmanis.V.Zatlers.V.V.-Freiberga.R.V\u0113jonis.L.Granti\u0146\u0161.LRTT_-300x130.png 300w\" sizes=\"(max-width: 756px) 100vw, 756px\" \/><figcaption>Foto: <strong>Homo- reptiliens<\/strong><\/figcaption><\/figure>\n\n\n\n<p>05.01.20                         L. Granti\u0146\u0161<\/p>\n","protected":false},"excerpt":{"rendered":"<p>Par reptilo\u012bdiem- necilv\u0113kiem: S\u0100TANISTIEM ! K\u0101das &#8220;Je\u013cenas Blavatskas&#8221; teiktais par &#8220;l\u012bdzlatvieti&#8221;- &#8220;prezidentu&#8221; Levitu ! \u0160eit rakst\u012btais ir j\u0101atceras, tikko ieraugi \u0161o rept\u012bli !!! Piensaimnieku centr\u0101l\u0101 savien\u012bba \u201cTur\u012bba\u201d K\u0101rlim Ulmanim nekad goda doktora gr\u0101dus nav&#46;&#46;&#46;<\/p>\n","protected":false},"author":1,"featured_media":0,"comment_status":"open","ping_status":"open","sticky":false,"template":"","format":"standard","meta":[],"categories":[1],"tags":[],"_links":{"self":[{"href":"https:\/\/tautastribunals.eu\/index.php?rest_route=\/wp\/v2\/posts\/54279"}],"collection":[{"href":"https:\/\/tautastribunals.eu\/index.php?rest_route=\/wp\/v2\/posts"}],"about":[{"href":"https:\/\/tautastribunals.eu\/index.php?rest_route=\/wp\/v2\/types\/post"}],"author":[{"embeddable":true,"href":"https:\/\/tautastribunals.eu\/index.php?rest_route=\/wp\/v2\/users\/1"}],"replies":[{"embeddable":true,"href":"https:\/\/tautastribunals.eu\/index.php?rest_route=%2Fwp%2Fv2%2Fcomments&post=54279"}],"version-history":[{"count":20,"href":"https:\/\/tautastribunals.eu\/index.php?rest_route=\/wp\/v2\/posts\/54279\/revisions"}],"predecessor-version":[{"id":54564,"href":"https:\/\/tautastribunals.eu\/index.php?rest_route=\/wp\/v2\/posts\/54279\/revisions\/54564"}],"wp:attachment":[{"href":"https:\/\/tautastribunals.eu\/index.php?rest_route=%2Fwp%2Fv2%2Fmedia&parent=54279"}],"wp:term":[{"taxonomy":"category","embeddable":true,"href":"https:\/\/tautastribunals.eu\/index.php?rest_route=%2Fwp%2Fv2%2Fcategories&post=54279"},{"taxonomy":"post_tag","embeddable":true,"href":"https:\/\/tautastribunals.eu\/index.php?rest_route=%2Fwp%2Fv2%2Ftags&post=54279"}],"curies":[{"name":"wp","href":"https:\/\/api.w.org\/{rel}","templated":true}]}}