{"id":54236,"date":"2020-01-19T11:10:23","date_gmt":"2020-01-19T09:10:23","guid":{"rendered":"https:\/\/tautastribunals.eu\/?p=54236"},"modified":"2020-01-19T11:10:23","modified_gmt":"2020-01-19T09:10:23","slug":"noziedznieka-riharda-bunkas-rupes-par-l-grantinu","status":"publish","type":"post","link":"https:\/\/tautastribunals.eu\/?p=54236","title":{"rendered":"Noziedznieka Riharda Bunkas &#8220;r\u016bpes&#8221; par L. Granti\u0146u !"},"content":{"rendered":"\n<figure class=\"wp-block-image\"><img decoding=\"async\" loading=\"lazy\" width=\"800\" height=\"116\" src=\"https:\/\/tautastribunals.eu\/wp-content\/uploads\/2019\/01\/L.Granti\u0146\u0161.J.Z\u012bvertsBord\u0101nsBut\u0101nsLRTT-1-800x116.png\" alt=\"\" class=\"wp-image-48784\" srcset=\"https:\/\/tautastribunals.eu\/wp-content\/uploads\/2019\/01\/L.Granti\u0146\u0161.J.Z\u012bvertsBord\u0101nsBut\u0101nsLRTT-1-800x116.png 800w, https:\/\/tautastribunals.eu\/wp-content\/uploads\/2019\/01\/L.Granti\u0146\u0161.J.Z\u012bvertsBord\u0101nsBut\u0101nsLRTT-1-300x44.png 300w, https:\/\/tautastribunals.eu\/wp-content\/uploads\/2019\/01\/L.Granti\u0146\u0161.J.Z\u012bvertsBord\u0101nsBut\u0101nsLRTT-1-768x112.png 768w, https:\/\/tautastribunals.eu\/wp-content\/uploads\/2019\/01\/L.Granti\u0146\u0161.J.Z\u012bvertsBord\u0101nsBut\u0101nsLRTT-1.png 1073w\" sizes=\"(max-width: 800px) 100vw, 800px\" \/><\/figure>\n\n\n\n<figure class=\"wp-block-image is-resized\"><img decoding=\"async\" loading=\"lazy\" src=\"https:\/\/tautastribunals.eu\/wp-content\/uploads\/2019\/10\/10.-Borovkovs-Maiz\u012btisKozlovskis-Bunka-Blumbergs.-Granti\u0146\u0161.LRTT_-800x222.png\" alt=\"\" class=\"wp-image-53416\" width=\"637\" height=\"178\" srcset=\"https:\/\/tautastribunals.eu\/wp-content\/uploads\/2019\/10\/10.-Borovkovs-Maiz\u012btisKozlovskis-Bunka-Blumbergs.-Granti\u0146\u0161.LRTT_-800x222.png 800w, https:\/\/tautastribunals.eu\/wp-content\/uploads\/2019\/10\/10.-Borovkovs-Maiz\u012btisKozlovskis-Bunka-Blumbergs.-Granti\u0146\u0161.LRTT_-300x83.png 300w, https:\/\/tautastribunals.eu\/wp-content\/uploads\/2019\/10\/10.-Borovkovs-Maiz\u012btisKozlovskis-Bunka-Blumbergs.-Granti\u0146\u0161.LRTT_-768x214.png 768w, https:\/\/tautastribunals.eu\/wp-content\/uploads\/2019\/10\/10.-Borovkovs-Maiz\u012btisKozlovskis-Bunka-Blumbergs.-Granti\u0146\u0161.LRTT_.png 935w\" sizes=\"(max-width: 637px) 100vw, 637px\" \/><figcaption><strong> Izvilkumi no v\u0113sturnieka I. Ro\u0146a sac\u012bt\u0101:<\/strong><br> Ierakstiet <a href=\"http:\/\/www.tautastribunals.eu\">www.tautastribunals.eu<\/a> mekl\u0113t\u0101j\u0101 <strong>Indulis Ronis <\/strong>un j\u016bs uzzin\u0101siet daudz vair\u0101k par noziedznieku- slepkavu <strong>J\u0101ni Maiz\u012bti<\/strong>. J\u0101, j\u016bs pareizi izlas\u012bj\u0101t un es \u201e<strong>nep\u0101rrakst\u012bjos<\/strong>\u201e,<strong> J. Maiz\u012btis ir slepkava<\/strong>.<br> <em>L.Granti\u0146\u0161<\/em><br> <br> <strong>INDULIS RONIS<\/strong><br>\u201eJa\u00a0 Krimin\u0101ltiesisko\u00a0 zin\u0101t\u0146u\u00a0 katedras\u00a0 vieslektors\u00a0 <strong>J\u0101nis\u00a0 Maiz\u012btis <\/strong>un\u00a0 biju\u0161ais\u00a0 \u0123ener\u0101lprokurors,\u00a0 pa\u0161laik\u00a0<strong> Valsts prezidenta\u00a0 padomnieks\u00a0 nacion\u0101l\u0101s\u00a0 dro\u0161\u012bbas\u00a0 jaut\u0101jumos<\/strong> un\u00a0 <strong>Nacion\u0101l\u0101s Dro\u0161\u012bbas\u00a0 padomes <\/strong> sekret\u0101rs\u00a0 <strong>J\u0101nis\u00a0 Maiz\u012btis <\/strong>ir\u00a0 identiskas\u00a0 personas,\u00a0 tad\u00a0 t\u0101\u00a0 ir\u00a0 piln\u012bga\u00a0 visas\u00a0 <strong>Latvijas Universit\u0101tes<\/strong> katastrofa. Proti,\u00a0<strong> Nacion\u0101l\u0101s\u00a0 Dro\u0161\u012bbas\u00a0 padomes\u00a0 sekret\u0101rs <\/strong> <strong>J\u0101nis\u00a0 Maiz\u012btis<\/strong> ir\u00a0 veicis\u00a0 sistem\u0101tisku\u00a0 darb\u012bbu,\u00a0 lai\u00a0 groz\u012btu\u00a0 valsts\u00a0 iek\u0101rtu,\u00a0 \u0161aj\u0101\u00a0 nol\u016bk\u0101\u00a0 noziedz\u012bgi\u00a0 nosl\u0113pjot\u00a0 no\u00a0 <strong>Valsts\u00a0 prezidenta<\/strong> un\u00a0 <strong>Nacion\u0101l\u0101s\u00a0 Dro\u0161\u012bbas <\/strong>  padomes\u00a0 vair\u0101kus\u00a0 b\u016btiskus\u00a0 iesniegumus\u00a0 nacion\u0101l\u0101s\u00a0  dro\u0161\u012bbas\u00a0\u00a0jaut\u0101jumos, k\u0101\u00a0 tas\u00a0 redzams\u00a0\u00a0ar\u012b\u00a0 no\u00a0 pielikuma 4.dokumenta.\u00a0  S\u012bk\u0101k\u00a0 par\u00a0 \u0161\u012bm\u00a0 liet\u0101m\u00a0 run\u0101ju\u00a0 sav\u0101\u00a0 \u0161.g. 15.febru\u0101ra\u00a0 iesniegum\u0101\u00a0  izgl\u012bt\u012bbas\u00a0 un\u00a0 zin\u0101tnes\u00a0 ministram\u00a0 Robertam\u00a0 \u0136\u012blim\u00a0 \u00a0(pielikuma\u00a0  3.dokuments),\u00a0 kura\u00a0 sa\u0146em\u0161anu\u00a0,\u00a0 gods\u00a0 godam,\u00a0 ministrija\u00a0  apstiprin\u0101ja\u00a0 taj\u0101\u00a0 pa\u0161\u0101\u00a0 dien\u0101,\u00a0 bet\u00a0 no\u00a0<strong> J.Maiz\u012b\u0161a <\/strong>  un\u00a0 citiem\u00a0 Valsts\u00a0 prezidenta\u00a0 kancelejas\u00a0\u00a0adres\u0101tiem\u00a0 \u00a0ne\u00a0 \u010diku,\u00a0 ne\u00a0  grabu.\u00a0 \u00a0Pievienotajos\u00a0 iesniegumos\u00a0 Izgl\u012bt\u012bbas\u00a0 un\u00a0 zin\u0101tnes\u00a0  ministram\u00a0 nedaudz\u00a0 pakav\u0113jos\u00a0 ar\u012b\u00a0 pie\u00a0 <strong>Latvijas<\/strong> un\u00a0<strong> Austrumeiropas <\/strong> v\u0113stures\u00a0 falsific\u0113\u0161anu\u00a0 sarkan\u0101\u00a0 un\u00a0 br\u016bn\u0101\u00a0 totalit\u0101risma\u00a0 m\u012btu\u00a0 gar\u0101.\u201c<br>  <br> \u201e3. L\u016bdzu\u00a0 virz\u012bt\u00a0 p\u0113c\u00a0 piekrit\u012bbas\u00a0 iesniedz\u0113ja\u00a0 <strong>krimin\u0101lpras\u012bbas\u00a0 pret<\/strong> :\u00a0 Valsts prezidenta\u00a0 kancelejas\u00a0 vad\u012bt\u0101ju\u00a0<strong> G.Daudzi <\/strong>un\u00a0 Valsts prezidenta\u00a0 padomnieku<strong> J.Maiz\u012bti <\/strong>(punkts 2.3.),\u00a0 Valsts prezidenta\u00a0 padomnieku\u00a0 v\u0113stures\u00a0 jaut\u0101jumos<strong> A.Zundu <\/strong>( punkts 1.2.), \u0122ener\u0101lprokurat\u016bras\u00a0 prokurori\u00a0<strong> L Dadz\u012bti,<\/strong> \u0123ener\u0101lprokuroru\u00a0 <strong>\u0112. Kalnmeieru <\/strong>un\u00a0 biju\u0161o\u00a0 \u0123ener\u0101lprokuroru\u00a0<strong> J.Maiz\u012bti <\/strong>(punkts 2.2.)\u2026\u201c<br>  <br> \u201cLatvij\u0101 nav taisn\u012bgas tiesas, nav taisn\u012bgas prokurat\u016bras. Toties varam redz\u0113t, cik bag\u0101ts palicis <strong>Andra Gu\u013c\u0101na, J\u0101\u0146a Maiz\u012b\u0161a, Ivara Bi\u010dkovi\u010da, Aivara Borovkova, Andra Gr\u016btupa<\/strong> klans, dz\u012bvojot uz cilv\u0113ku nelaimes r\u0113\u0137ina.\u201d <\/figcaption><\/figure>\n\n\n\n<p class=\"has-text-color has-background has-medium-font-size has-very-light-gray-color has-very-dark-gray-background-color\"><strong>LJA<\/strong> <em>( <strong>VDK <\/strong>r\u012bk\u013cur\u0101v\u0113ju <strong>r. bunkas<\/strong> &amp; <strong>a. borovkova<\/strong>)<\/em> liel\u0101s r\u016bpes !<strong> R. Bunkas<\/strong> iest\u0101de ir t\u0101, kura izpilda<strong> 4. maija kli\u0137es<\/strong> slepkav\u012bbu pas\u016bt\u012bjumus !<\/p>\n\n\n\n<p class=\"has-medium-font-size\"><a href=\"https:\/\/juristiem.wordpress.com\/2019\/04\/03\/tieslietu-ministru-j-bordanu-interese-plass-jautajumu-loks-bundzena-jautajums-tuvojas-atrisinajumam\/\">Tieslietu ministru J.Bord\u0101nu interes\u0113 pla\u0161s jaut\u0101jumu loks. Bundz\u0113na jaut\u0101jums tuvojas&nbsp;atrisin\u0101jumam.<\/a><\/p>\n\n\n\n<p> Posted on <a href=\"https:\/\/juristiem.wordpress.com\/2019\/04\/03\/tieslietu-ministru-j-bordanu-interese-plass-jautajumu-loks-bundzena-jautajums-tuvojas-atrisinajumam\/\">April 3, 2019<\/a> by <a href=\"https:\/\/juristiem.wordpress.com\/author\/juristiem\/\">LJA<\/a>  &nbsp;&nbsp;<\/p>\n\n\n\n<p class=\"has-background has-very-light-gray-background-color\">27.mart\u0101  tieslietu ministrs<strong> J.Bord\u0101ns <\/strong>ar <strong>LJA biedriem <\/strong>p\u0101rrun\u0101ja pla\u0161u jaut\u0101jumu  loku. <strong>Ministrs uzklaus\u012bja LJA iniciat\u012bvas<\/strong>: par mekl\u0113\u0161an\u0101 eso\u0161o personu  aiztur\u0113\u0161anu v\u0113l\u0113\u0161anu laik\u0101, par administrat\u012bv\u0101s aiztur\u0113\u0161anas (4 stundas)  ties\u012bbu iek\u013cau\u0161anu perspekt\u012bvaj\u0101 regul\u0113jum\u0101, par ties\u012bbu samazin\u0101\u0161anu  ministram (dot mutisku r\u012bkojumu \u0161aut uz ieslodz\u012bt\u0101m person\u0101m). Ministrs  vaic\u0101ja kl\u0101teso\u0161o viedok\u013cus par iesp\u0113j\u0101m veidot jaunu Nacion\u0101l\u0101s  dro\u0161\u012bbas augstskolu, \u0161\u0101du nepiecie\u0161am\u012bbu ministram uzsv\u0113ra <strong>Imants Pli\u010ds. <\/strong> <strong>Aigars Evardsons<\/strong> <strong>izskaidroja ekspertu krimin\u0101listu profesijas  saglab\u0101\u0161anas apst\u0101k\u013cus<\/strong>. <\/p>\n\n\n\n<p class=\"has-text-color has-background has-medium-font-size has-very-light-gray-color has-vivid-red-background-color\"><strong>Kristaps Zari\u0146\u0161 s<\/strong>niedza skat\u012bjumu par ties\u012bbu  normu p\u0101rprodukciju. Tik\u0161an\u0101s laik\u0101, k\u0101 piem\u0113rs tiesu ilgai norisei,  tika apl\u016bkota <strong>L.Granti\u0146a<\/strong> krimin\u0101llieta. \u0160obr\u012bd <strong>L.Granti\u0146\u0161 <\/strong>ir piesol\u012bjis  fiziski izr\u0113\u0137in\u0101ties kopskait\u0101 ar 22 da\u017e\u0101diem <strong>LJA <\/strong>biedriem. <strong>S\u0113d\u0113  piedal\u012bj\u0101s \u201cLietuvos tiesininku draugija\u201d p\u0101rst\u0101vis Dalius Gintautas.<\/strong>  P\u0113c<strong> D.Gintauta<\/strong> v\u0101rdiem, <strong>Lietuv\u0101 L.Granti\u0146\u0161 jau sen b\u016btu sa\u0146\u0113mis sankciju  par sav\u0101m darb\u012bb\u0101m. <\/strong><\/p>\n\n\n\n<p class=\"has-background has-very-light-gray-background-color\">K.Bite inform\u0113ja ministru par dal\u012bbu <strong>KNAB SKP <\/strong>un  izgl\u012bt\u012bbas kvalit\u0101tes probl\u0113m\u0101m. L\u012bdztekus tika apspriests jaut\u0101jums par  neat\u013cau\u0161anu U.Bundz\u0113nam str\u0101d\u0101t iest\u0101d\u0113 vien\u0101 mai\u0146\u0101 ar sievu. Ministrs  ie\u0146\u0113ma skaidru nost\u0101ju, ka \u0161\u0137ir\u0161an\u0101s \u0123imen\u0113 nevar tikt uzskat\u012bta par  risin\u0101jumu, iest\u0101dei pa\u0161ai sav\u0101 l\u0113mum\u0101 b\u016btu j\u0101nosaka ierobe\u017eojumi v\u012bram  pret sievu, vienlaic\u012bgi r\u016bp\u0113joties par b\u0113rna inval\u012bda ties\u012bb\u0101m, \u013caujot  vec\u0101kiem str\u0101d\u0101t vienlaic\u012bgi. LJA izsniedza Uldim Briedim pateic\u012bbu par  starpkaru perioda izzi\u0146as avotu r\u016bp\u012bgu glab\u0101\u0161anu, savuk\u0101rt Uldis Briedis  uzd\u0101vin\u0101ja ministram gr\u0101matas ori\u0123in\u0101lu par Tieslietu ministrijas  v\u0113sturi 1919-1939. LJA izsniedza Dainim \u0160aic\u0101nam pateic\u012bbu par  sl\u012bksto\u0161as sievietes izgl\u0101b\u0161anu no Daugavas 18.11.2016. svin\u012bbu laik\u0101.<\/p>\n\n\n\n<p class=\"has-text-color has-background has-medium-font-size has-very-light-gray-color has-very-dark-gray-background-color\">\u0160eit par \u0161o noziedznieku bandu, kuru p\u0101rst\u0101v un vada <strong>Rihards Bunka,<\/strong> liecina <strong>Astr\u012bda Bab\u0101ne<\/strong>:<\/p>\n\n\n\n<figure class=\"wp-block-embed-wordpress wp-block-embed is-type-wp-embed is-provider-latvijas-republikas-tautas\"><div class=\"wp-block-embed__wrapper\">\n<blockquote class=\"wp-embedded-content\" data-secret=\"rFtr3NwuyW\"><a href=\"https:\/\/tautastribunals.eu\/?p=39910\">Astr\u012bdas Bab\u0101nes kundzes liec\u012bbas H- 86<\/a><\/blockquote><iframe title=\"&#8222;Astr\u012bdas Bab\u0101nes kundzes liec\u012bbas H- 86&#8220; &#8212; Latvijas Republikas tautas\" class=\"wp-embedded-content\" sandbox=\"allow-scripts\" security=\"restricted\" style=\"position: absolute; clip: rect(1px, 1px, 1px, 1px);\" src=\"https:\/\/tautastribunals.eu\/?p=39910&#038;embed=true#?secret=rFtr3NwuyW\" data-secret=\"rFtr3NwuyW\" width=\"500\" height=\"282\" frameborder=\"0\" marginwidth=\"0\" marginheight=\"0\" scrolling=\"no\"><\/iframe>\n<\/div><\/figure>\n\n\n\n<p class=\"has-text-color has-background has-large-font-size has-very-light-gray-color has-very-dark-gray-background-color\">LRTT<\/p>\n\n\n\n<p class=\"has-background has-very-light-gray-background-color\">To, ka kas main\u0101s uz <strong>Tiesiskuma pusi<\/strong>, p\u0113c <strong>Bord\u0101na k\u013c\u016b\u0161anas par Tieslietu ministru, <\/strong>var secin\u0101t no ierakstiem<strong> Wikipedia<\/strong>. V\u0113l pirms neilga laika ang\u013cu variant\u0101 var\u0113ja las\u012bt, ka:<strong> Linards Granti\u0146\u0161 ir ultranacion\u0101lists, antisem\u012bts un pat sazv\u0113rest\u012bbas teorijas piekrit\u0113js<\/strong>. \u0160odien v\u0113l\u0113jos \u0161o inform\u0101ciju pievienot \u0161im rakstam,-<strong> UN, KAS PAR BR\u012aBUMU,<\/strong> visa \u0161\u012b <strong>&#8220;vied\u0101 inform\u0101cija&#8221;<\/strong> bija pazudusi !!! Nevar jau to tie\u0161i pierakst\u012bt<strong> Bord\u0101na<\/strong> darb\u012bbai, bet, ka starptautiski \u0161o Ci\u0101nas izdzimumu varen\u012bba zaud\u0113 savu ietekmi, secin\u0101t gan varam. T\u0101du ierakstu ang\u013cu valod\u0101 var\u0113ja ierakst\u012bt tkai p\u0113c cionistu elites ieteikuma un dz\u0113st to var\u0113ja ar\u012b tikai viens no vi\u0146iem. Ievietota \u0161\u012b mel\u012bg\u0101 inform\u0101cija tika, lai mazin\u0101tu <strong>LRTT <\/strong>ietekmi uz citiem nacion\u0101li patriotiskajiem veidojumiem, jo <strong>LRTT <\/strong>pazi\u0146ojumi las\u0101mi ir ne tikai latviski. Praktiski jau tas bija &#8220;<strong>v\u0113stnesis<\/strong>&#8220;, ka ar<strong> L. Granti\u0146u<\/strong> tais\u0101s izr\u0113\u0137in\u0101ties jau starptautisk\u0101 m\u0113rog\u0101&#8230; . Nevar izsl\u0113gt, ka \u0161o inform\u0101ciju ievietoja p\u0113c <strong>E. Levita<\/strong> ieteikuma. Uz to nor\u0101da tas, ka p\u0113c \u0161\u012b cinistisk\u0101 noziedznieka <strong>&#8220;iev\u0113l\u0113\u0161anas&#8221;<\/strong> par <strong>LR<\/strong> prezidentu, <strong>L. Granti\u0146a e- pasts<\/strong> tika blo\u0137\u0113ts visiem<strong> Saeimas<\/strong> deput\u0101tiem un vald\u012bbas iest\u0101d\u0113m<\/p>\n\n\n\n<p class=\"has-background has-very-light-gray-background-color\">M\u0113s redzam, ka ar\u012b <strong>Imants Pl\u012b\u010ds<\/strong> \u0161aj\u0101 band\u0101 darbojas. <strong>Padomju laik\u0101<\/strong> \u0161is <strong>&#8220;reptilo\u012bds&#8221;<\/strong> bija tas, kur\u0161 l\u0113ma latvie\u0161u patriota likte\u0146us: <strong>kuri j\u0101noslepkavo, kuri j\u0101ies\u0113dina vai j\u0101iebaida<\/strong> ! Vair\u0101k skat\u012bt:<a href=\"https:\/\/tautastribunals.eu\/?p=10663\"><strong> LATVIE\u0160U TAUTAS SLEPKAVU MESSE<\/strong><\/a><\/p>\n\n\n\n<figure class=\"wp-block-embed-youtube wp-block-embed is-type-video is-provider-youtube wp-embed-aspect-16-9 wp-has-aspect-ratio\"><div class=\"wp-block-embed__wrapper\">\n<iframe loading=\"lazy\" title=\"\u0410\u041d\u0422\u0418\u041b\u042e\u0414\u0418   \u0411\u0415\u0417\u0416\u0410\u041b\u041e\u0421\u0422\u041d\u042b\u0415 \u0417\u041b\u041e\u0411\u041d\u042b\u0415 \u0425\u0418\u0422\u0420\u042b\u0415 \u0422\u0412\u0410\u0420\u0418\" width=\"500\" height=\"281\" src=\"https:\/\/www.youtube.com\/embed\/rb3DslroPhw?feature=oembed&#038;wmode=opaque\" frameborder=\"0\" allow=\"accelerometer; autoplay; encrypted-media; gyroscope; picture-in-picture\" allowfullscreen><\/iframe>\n<\/div><\/figure>\n\n\n\n<p>19.01.20<\/p>\n","protected":false},"excerpt":{"rendered":"<p>LJA ( VDK r\u012bk\u013cur\u0101v\u0113ju r. bunkas &amp; a. borovkova) liel\u0101s r\u016bpes ! R. Bunkas iest\u0101de ir t\u0101, kura izpilda 4. maija kli\u0137es slepkav\u012bbu pas\u016bt\u012bjumus ! Tieslietu ministru J.Bord\u0101nu interes\u0113 pla\u0161s jaut\u0101jumu loks. Bundz\u0113na jaut\u0101jums&#46;&#46;&#46;<\/p>\n","protected":false},"author":1,"featured_media":0,"comment_status":"open","ping_status":"open","sticky":false,"template":"","format":"standard","meta":[],"categories":[1],"tags":[],"_links":{"self":[{"href":"https:\/\/tautastribunals.eu\/index.php?rest_route=\/wp\/v2\/posts\/54236"}],"collection":[{"href":"https:\/\/tautastribunals.eu\/index.php?rest_route=\/wp\/v2\/posts"}],"about":[{"href":"https:\/\/tautastribunals.eu\/index.php?rest_route=\/wp\/v2\/types\/post"}],"author":[{"embeddable":true,"href":"https:\/\/tautastribunals.eu\/index.php?rest_route=\/wp\/v2\/users\/1"}],"replies":[{"embeddable":true,"href":"https:\/\/tautastribunals.eu\/index.php?rest_route=%2Fwp%2Fv2%2Fcomments&post=54236"}],"version-history":[{"count":41,"href":"https:\/\/tautastribunals.eu\/index.php?rest_route=\/wp\/v2\/posts\/54236\/revisions"}],"predecessor-version":[{"id":54727,"href":"https:\/\/tautastribunals.eu\/index.php?rest_route=\/wp\/v2\/posts\/54236\/revisions\/54727"}],"wp:attachment":[{"href":"https:\/\/tautastribunals.eu\/index.php?rest_route=%2Fwp%2Fv2%2Fmedia&parent=54236"}],"wp:term":[{"taxonomy":"category","embeddable":true,"href":"https:\/\/tautastribunals.eu\/index.php?rest_route=%2Fwp%2Fv2%2Fcategories&post=54236"},{"taxonomy":"post_tag","embeddable":true,"href":"https:\/\/tautastribunals.eu\/index.php?rest_route=%2Fwp%2Fv2%2Ftags&post=54236"}],"curies":[{"name":"wp","href":"https:\/\/api.w.org\/{rel}","templated":true}]}}