{"id":54072,"date":"2019-12-07T02:26:40","date_gmt":"2019-12-07T00:26:40","guid":{"rendered":"https:\/\/tautastribunals.eu\/?p=54072"},"modified":"2019-12-07T09:41:51","modified_gmt":"2019-12-07T07:41:51","slug":"parmainas-uzvaretaju-dizena-vesture","status":"publish","type":"post","link":"https:\/\/tautastribunals.eu\/?p=54072","title":{"rendered":"&#8220;P\u0101rmai\u0146as&#8221;: \u201eUzvar\u0113t\u0101ju\u201c di\u017een\u0101 v\u0113sture&#8230;"},"content":{"rendered":"\n<figure class=\"wp-block-image\"><img decoding=\"async\" loading=\"lazy\" width=\"800\" height=\"116\" src=\"https:\/\/tautastribunals.eu\/wp-content\/uploads\/2019\/01\/L.Granti\u0146\u0161.J.Z\u012bvertsBord\u0101nsBut\u0101nsLRTT-1-800x116.png\" alt=\"\" class=\"wp-image-48784\" srcset=\"https:\/\/tautastribunals.eu\/wp-content\/uploads\/2019\/01\/L.Granti\u0146\u0161.J.Z\u012bvertsBord\u0101nsBut\u0101nsLRTT-1-800x116.png 800w, https:\/\/tautastribunals.eu\/wp-content\/uploads\/2019\/01\/L.Granti\u0146\u0161.J.Z\u012bvertsBord\u0101nsBut\u0101nsLRTT-1-300x44.png 300w, https:\/\/tautastribunals.eu\/wp-content\/uploads\/2019\/01\/L.Granti\u0146\u0161.J.Z\u012bvertsBord\u0101nsBut\u0101nsLRTT-1-768x112.png 768w, https:\/\/tautastribunals.eu\/wp-content\/uploads\/2019\/01\/L.Granti\u0146\u0161.J.Z\u012bvertsBord\u0101nsBut\u0101nsLRTT-1.png 1073w\" sizes=\"(max-width: 800px) 100vw, 800px\" \/><\/figure>\n\n\n\n<p class=\"has-background has-very-light-gray-background-color\"><strong>\u201eUzvar\u0113t\u0101ju\u201c <\/strong>di\u017een\u0101 v\u0113sture ir vieni vien\u012bgi meli, bet pats drausm\u012bg\u0101kais, ka \u0161\u012bs posto\u0161\u0101s masas mel\u012bgums, zagl\u012bgums, ne\u017e\u0113l\u012bba un v\u0113lme parazit\u0113t uz citu r\u0113\u0137ina nekur nav izzudusi. Tom\u0113r kl\u012bsto\u0161\u0101 orda nav tik viendab\u012bga k\u0101 to da\u017es labs iedom\u0101jies un to otr\u0101 kategorija ir \u0123en\u0113tiski izteikti vergi, kuriem asin\u012bs ir suniska paklaus\u012bba, tie pat nem\u0113\u0123in\u0101s pretoties, kaut \u0101du tiem vilks p\u0101r ac\u012bm.<br> Tas viss atspogu\u013cojas ar\u012b \u0161odien\u0101, kad latvie\u0161i pamet darba vietas d\u0113\u013c <strong>komunistkrieviskas vad\u012bbas<\/strong> un zem\u0101 atalgojuma, bet t\u0101s \u0101tri vien aizpilda t\u0101 saucamie krievi. Tie vienm\u0113r izdom\u0101s k\u0101 nokompens\u0113t niec\u012bgo darba samaksu ar vilt\u012bbu, piezag\u0161anu, benz\u012bna atlie\u0161anu vai s\u012bkumu no\u010diep\u0161anu, jo t\u0101 vi\u0146iem ir norma. Kur pret\u012b latvie\u0161u vair\u0101kums to uzskata par zemisku un nepie\u0146emamu r\u012bc\u012bbu, jo m\u016bsos m\u0101jo t\u0101das \u012bpa\u0161\u012bbas k\u0101 kauns, godapr\u0101ts un taisn\u012bguma izj\u016bta.<br> Man nav un neb\u016bs pie\u0146emama ne pirm\u0101, ne otr\u0101 okupantu-kolonistu kategorija un nev\u0113los ar tiem dal\u012bt vienu dz\u012bves telpu, kas reiz\u0113 ir ar\u012b<strong> rupj\u0161 starptautisko l\u012bgumu p\u0101rk\u0101pums <\/strong>un <strong>1949.gada \u017den\u0113vas Konvencijas klaja ignor\u0113\u0161ana.<br> <\/strong><br> <\/p>\n\n\n\n<figure class=\"wp-block-embed-youtube wp-block-embed is-type-video is-provider-youtube wp-embed-aspect-4-3 wp-has-aspect-ratio\"><div class=\"wp-block-embed__wrapper\">\n<div class=\"video-container\"><iframe loading=\"lazy\" title=\"\u0415.\u041f\u043e\u043d\u0430\u0441\u0435\u043d\u043a\u043e\u0432. \u041c\u0438\u0444\u043e\u0442\u0432\u043e\u0440\u0447\u0435\u0441\u0442\u0432\u043e \u0420\u043e\u0441\u0441\u0438\u0439\u0441\u043a\u043e\u0439 \u0418\u0441\u0442\u043e\u0440\u0438\u0438.\" width=\"500\" height=\"375\" src=\"https:\/\/www.youtube.com\/embed\/wbhAurIDkJg?feature=oembed&#038;wmode=opaque\" frameborder=\"0\" allow=\"accelerometer; autoplay; encrypted-media; gyroscope; picture-in-picture\" allowfullscreen><\/iframe><\/div>\n<\/div><\/figure>\n\n\n\n<p class=\"has-background has-very-light-gray-background-color\">Jebkur\u0161 nesod\u012bts noziegums rada sekas, kas izpau\u017eas k\u0101 n\u0101kamie noziegumi. Esmu p\u0101rliecin\u0101ts, ka cilv\u0113ce b\u016bs spiesta r\u012bkot <strong>Nirnbergu2<\/strong>, lai neb\u016btu m\u016b\u017e\u012bgi j\u0101n\u012bkst nesod\u012bto slepkavu virskundz\u012bb\u0101.<br> Atk\u0101rto\u0161os ar \u0161o video, to vajadz\u0113tu piespiedu k\u0101rt\u0101 r\u0101d\u012bt katram okupantam, katram<strong> 9.maija <\/strong>svin\u0113t\u0101jam un katram, kur\u0161 nesm\u0101d\u0113 cionistu atmestos gra\u0161us, lai apmelotu paties\u012bbu.<br> <\/p>\n\n\n\n<figure class=\"wp-block-embed-youtube wp-block-embed is-type-video is-provider-youtube wp-embed-aspect-4-3 wp-has-aspect-ratio\"><div class=\"wp-block-embed__wrapper\">\n<div class=\"video-container\"><iframe loading=\"lazy\" title=\"\u0415. \u041f\u043e\u043d\u0430\u0441\u0435\u043d\u043a\u043e\u0432 - 2-\u044f \u041c\u0438\u0440\u043e\u0432\u0430\u044f 70 \u043b\u0435\u0442 \u0441\u043f\u0443\u0441\u0442\u044f.\" width=\"500\" height=\"375\" src=\"https:\/\/www.youtube.com\/embed\/mWJ8RhtU0-0?feature=oembed&#038;wmode=opaque\" frameborder=\"0\" allow=\"accelerometer; autoplay; encrypted-media; gyroscope; picture-in-picture\" allowfullscreen><\/iframe><\/div>\n<\/div><\/figure>\n\n\n\n<p class=\"has-background has-very-light-gray-background-color\">Tr\u012bs dienas, barbari pagonos sp\u012bdzina upuri, lai tas atz\u012btos \u0161o barbaru izdar\u012bt\u0101 slepkav\u012bb\u0101.<br> <\/p>\n\n\n\n<figure class=\"wp-block-embed-youtube wp-block-embed is-type-video is-provider-youtube wp-embed-aspect-16-9 wp-has-aspect-ratio\"><div class=\"wp-block-embed__wrapper\">\n<div class=\"video-container\"><iframe loading=\"lazy\" title=\"\u0422\u0440\u0438 \u043f\u043e\u043b\u0438\u0446\u0435\u0439\u0441\u043a\u0438\u0445 \u0442\u0440\u0438 \u0434\u043d\u044f \u043f\u044b\u0442\u0430\u043b\u0438 \u043f\u043b\u0435\u043c\u044f\u043d\u043d\u0438\u043a\u0430 \u0443\u0431\u0438\u0442\u043e\u0433\u043e. \u0418\u043c\u0438 \u0436\u0435?! \u0424\u0440\u0430\u043d\u0446\u0438\u044f \u0431\u0430\u0441\u0442\u0443\u0435\u0442, \u041d\u0430\u0438\u043b\u044f \u043b\u0438\u043a\u0443\u0435\u0442!\" width=\"500\" height=\"281\" src=\"https:\/\/www.youtube.com\/embed\/EoNMYfGmnIY?feature=oembed&#038;wmode=opaque\" frameborder=\"0\" allow=\"accelerometer; autoplay; encrypted-media; gyroscope; picture-in-picture\" allowfullscreen><\/iframe><\/div>\n<\/div><\/figure>\n\n\n\n<p class=\"has-background has-very-light-gray-background-color\">Nu sakiet, kur v\u0113l t\u0101l\u0101k, vai beidzot nav j\u0101apst\u0101jas un j\u0101p\u0101rdom\u0101 m\u016bsu pa\u0161u pasivit\u0101te un mazd\u016b\u0161\u012bba run\u0101t paties\u012bbu un saukt lietas \u012bstajos v\u0101rdos. Cik t\u016bksto\u0161i t\u0101du nevain\u012bgo jau salauzti un atrodas ieslodz\u012bjum\u0101, cik miljoni izkautu ? Tas notiek \u0161obr\u012bd \u0161eit un tagad 21gs., visapk\u0101rt mums un tikai t\u0101p\u0113c, ka neesam sp\u0113ju\u0161i pan\u0101kt tiesisku vidi, d\u0113\u013c k\u0101 joproj\u0101m nav sod\u012bti kara noziedznieki, kara sponsori un vi\u0146u padev\u012bgie k\u016bd\u012bt\u0101ji uz samierniecisku l\u012bdz\u0101spast\u0101v\u0113\u0161anu ar noziegumu veic\u0113jiem.<br> Jaunpilso\u0146u, nepilso\u0146u un l\u012bdzpilso\u0146u j\u0113dzienu izgudro\u0161ana ir tikai viens no pa\u0146\u0113mieniem, <strong>lai orda<\/strong> <strong>var\u0113tu netrauc\u0113ti vest savu zemisko dz\u012bvesveidu<\/strong>, bet degrad\u0113t\u0101 bara saimnieki, turpin\u0101t teritoriju izlaup\u012b\u0161anu. N\u0101kas uzskat\u012bt, ka <strong>Latvijas valsts defacto neeksist\u0113<\/strong>, kam\u0113r t\u0101 nesp\u0113j pild\u012bt valsts pamatfunkcijas un nesp\u0113j nodro\u0161in\u0101t savu pavalstnieku element\u0101r\u0101s ties\u012bbas.<\/p>\n\n\n\n<figure class=\"wp-block-embed-wordpress wp-block-embed is-type-wp-embed is-provider-nacionala-apvieniba-vl-tb-lnnk\"><div class=\"wp-block-embed__wrapper\">\n<blockquote class=\"wp-embedded-content\" data-secret=\"EHZ9VDYQLi\"><a href=\"https:\/\/www.nacionalaapvieniba.lv\/aktualitate\/pavalstnieks-un-pilsonis\/\">Pavalstnieks un pilsonis<\/a><\/blockquote><iframe title=\"&#8220;Pavalstnieks un pilsonis&#8221; &#8212; Nacion\u0101l\u0101 apvien\u012bba VL-TB\/LNNK\" class=\"wp-embedded-content\" sandbox=\"allow-scripts\" security=\"restricted\" style=\"position: absolute; clip: rect(1px, 1px, 1px, 1px);\" src=\"https:\/\/www.nacionalaapvieniba.lv\/aktualitate\/pavalstnieks-un-pilsonis\/embed\/#?secret=EHZ9VDYQLi\" data-secret=\"EHZ9VDYQLi\" width=\"500\" height=\"282\" frameborder=\"0\" marginwidth=\"0\" marginheight=\"0\" scrolling=\"no\"><\/iframe>\n<\/div><\/figure>\n\n\n\n<p class=\"has-background has-very-light-gray-background-color\">T\u0101pat kategoriski nepiekr\u012btu formul\u0113jumam, ka okup\u0101cijas period\u0101, te k\u0101ds var\u0113ja ieg\u016bt jelk\u0101das ties\u012bbas, jo pats okup\u0101cijas periods jau ir prettiesisks.<br> Iesp\u0113jams tie ir k\u0101rt\u0113jie centieni okup\u0101ciju autom\u0101tiski padar\u012bt par likum\u012bgu aktu ar tiesisk\u0101m sek\u0101m. T\u0101d\u0101 gad\u012bjum\u0101 ar\u012b izvarot\u0101jiem ir ties\u012bbas uz likum\u012bgu laul\u012bbu un autozaglim ir j\u0101b\u016bt ties\u012bb\u0101m re\u0123istr\u0113t nozagto auto.<strong> Neaizmirs\u012bsim, ka run\u0101jam par genoc\u012bdu pret cilv\u0113ci un neviet\u0101 ir b\u0101zties ar noilgumu<\/strong>.<\/p>\n\n\n\n<p>08.12.19<\/p>\n\n\n\n<p class=\"has-text-color has-background has-medium-font-size has-very-light-gray-color has-vivid-red-background-color\">LRTT. \u0160eit m\u0113s redzam \u0161o Elles izdzimumu darbus pret latvie\u0161u tautu un Paties\u012bbu:<\/p>\n\n\n\n<figure class=\"wp-block-embed-wordpress wp-block-embed is-type-wp-embed is-provider-latvijas-republikas-tautas\"><div class=\"wp-block-embed__wrapper\">\n<blockquote class=\"wp-embedded-content\" data-secret=\"KOhWFLqZNb\"><a href=\"https:\/\/tautastribunals.eu\/?p=42353\">&#8222;Tiesnese&#8220; Signe Kalni\u0146a vai &#8222;sinaja bergelmann&#8220; ?<\/a><\/blockquote><iframe title=\"&#8222;&#8222;Tiesnese&#8220; Signe Kalni\u0146a vai &#8222;sinaja bergelmann&#8220; ?&#8220; &#8212; Latvijas Republikas tautas\" class=\"wp-embedded-content\" sandbox=\"allow-scripts\" security=\"restricted\" style=\"position: absolute; clip: rect(1px, 1px, 1px, 1px);\" src=\"https:\/\/tautastribunals.eu\/?p=42353&#038;embed=true#?secret=KOhWFLqZNb\" data-secret=\"KOhWFLqZNb\" width=\"500\" height=\"282\" frameborder=\"0\" marginwidth=\"0\" marginheight=\"0\" scrolling=\"no\"><\/iframe>\n<\/div><\/figure>\n\n\n\n<div class=\"wp-block-image\"><figure class=\"alignleft\"><img decoding=\"async\" loading=\"lazy\" width=\"692\" height=\"329\" src=\"http:\/\/tautastribunals.eu\/wp-content\/uploads\/2017\/11\/LRTT.-Granti\u0146\u0161.-M\u0101rti\u0146\u0161-Gr\u012bnbergs..PNG\" alt=\"LRTT. Granti\u0146\u0161. M\u0101rti\u0146\u0161 Gr\u012bnbergs.\" class=\"wp-image-42368\" srcset=\"https:\/\/tautastribunals.eu\/wp-content\/uploads\/2017\/11\/LRTT.-Granti\u0146\u0161.-M\u0101rti\u0146\u0161-Gr\u012bnbergs..PNG 692w, https:\/\/tautastribunals.eu\/wp-content\/uploads\/2017\/11\/LRTT.-Granti\u0146\u0161.-M\u0101rti\u0146\u0161-Gr\u012bnbergs.-300x142.PNG 300w\" sizes=\"(max-width: 692px) 100vw, 692px\" \/><\/figure><\/div>\n","protected":false},"excerpt":{"rendered":"<p>\u201eUzvar\u0113t\u0101ju\u201c di\u017een\u0101 v\u0113sture ir vieni vien\u012bgi meli, bet pats drausm\u012bg\u0101kais, ka \u0161\u012bs posto\u0161\u0101s masas mel\u012bgums, zagl\u012bgums, ne\u017e\u0113l\u012bba un v\u0113lme parazit\u0113t uz citu r\u0113\u0137ina nekur nav izzudusi. Tom\u0113r kl\u012bsto\u0161\u0101 orda nav tik viendab\u012bga k\u0101 to&#46;&#46;&#46;<\/p>\n","protected":false},"author":1,"featured_media":0,"comment_status":"open","ping_status":"open","sticky":false,"template":"","format":"standard","meta":[],"categories":[1],"tags":[],"_links":{"self":[{"href":"https:\/\/tautastribunals.eu\/index.php?rest_route=\/wp\/v2\/posts\/54072"}],"collection":[{"href":"https:\/\/tautastribunals.eu\/index.php?rest_route=\/wp\/v2\/posts"}],"about":[{"href":"https:\/\/tautastribunals.eu\/index.php?rest_route=\/wp\/v2\/types\/post"}],"author":[{"embeddable":true,"href":"https:\/\/tautastribunals.eu\/index.php?rest_route=\/wp\/v2\/users\/1"}],"replies":[{"embeddable":true,"href":"https:\/\/tautastribunals.eu\/index.php?rest_route=%2Fwp%2Fv2%2Fcomments&post=54072"}],"version-history":[{"count":9,"href":"https:\/\/tautastribunals.eu\/index.php?rest_route=\/wp\/v2\/posts\/54072\/revisions"}],"predecessor-version":[{"id":54081,"href":"https:\/\/tautastribunals.eu\/index.php?rest_route=\/wp\/v2\/posts\/54072\/revisions\/54081"}],"wp:attachment":[{"href":"https:\/\/tautastribunals.eu\/index.php?rest_route=%2Fwp%2Fv2%2Fmedia&parent=54072"}],"wp:term":[{"taxonomy":"category","embeddable":true,"href":"https:\/\/tautastribunals.eu\/index.php?rest_route=%2Fwp%2Fv2%2Fcategories&post=54072"},{"taxonomy":"post_tag","embeddable":true,"href":"https:\/\/tautastribunals.eu\/index.php?rest_route=%2Fwp%2Fv2%2Ftags&post=54072"}],"curies":[{"name":"wp","href":"https:\/\/api.w.org\/{rel}","templated":true}]}}