{"id":54016,"date":"2019-11-29T06:08:38","date_gmt":"2019-11-29T04:08:38","guid":{"rendered":"https:\/\/tautastribunals.eu\/?p=54016"},"modified":"2019-11-29T06:08:38","modified_gmt":"2019-11-29T04:08:38","slug":"v-freimantals-kramins-neparprotami-pasaka","status":"publish","type":"post","link":"https:\/\/tautastribunals.eu\/?p=54016","title":{"rendered":"V. Freimant\u0101ls. Krami\u0146\u0161 nep\u0101rprotami pasaka"},"content":{"rendered":"\n<figure class=\"wp-block-image\"><img decoding=\"async\" loading=\"lazy\" width=\"744\" height=\"211\" src=\"https:\/\/tautastribunals.eu\/wp-content\/uploads\/2019\/10\/Valdis-Freimant\u0101lsL.Granti\u0146\u0161.LRTT3_-1.png\" alt=\"\" class=\"wp-image-53210\" srcset=\"https:\/\/tautastribunals.eu\/wp-content\/uploads\/2019\/10\/Valdis-Freimant\u0101lsL.Granti\u0146\u0161.LRTT3_-1.png 744w, https:\/\/tautastribunals.eu\/wp-content\/uploads\/2019\/10\/Valdis-Freimant\u0101lsL.Granti\u0146\u0161.LRTT3_-1-300x85.png 300w\" sizes=\"(max-width: 744px) 100vw, 744px\" \/><\/figure>\n\n\n\n<p class=\"has-background has-medium-font-size has-very-light-gray-background-color\">Paldies <strong>\u201eak vai, cik \u017e\u0113l\u201c<\/strong> par ievietoto <strong>Edgara Krami\u0146a<\/strong> interviju pie <strong>Veltas Puri\u0146as<\/strong>.<\/p>\n\n\n\n<figure class=\"wp-block-embed-youtube wp-block-embed is-type-video is-provider-youtube wp-embed-aspect-16-9 wp-has-aspect-ratio\"><div class=\"wp-block-embed__wrapper\">\n<div class=\"video-container\"><iframe loading=\"lazy\" title=\"Edgars Krami\u0146\u0161 - Latvijai vajag prezidentu, kur\u0161 sp\u0113j apvienot un salied\u0113t tautu\" width=\"500\" height=\"281\" src=\"https:\/\/www.youtube.com\/embed\/aONUoqAijbQ?feature=oembed&#038;wmode=opaque\" frameborder=\"0\" allow=\"accelerometer; autoplay; encrypted-media; gyroscope; picture-in-picture\" allowfullscreen><\/iframe><\/div>\n<\/div><\/figure>\n\n\n\n<p class=\"has-background has-very-light-gray-background-color\">J\u0101, <strong>Krami\u0146\u0161 <\/strong>skaidri un\ngai\u0161i pasaka, ka <strong>Eg\u012bls Levits<\/strong> <em>(b\u016bdams tieslietu ministrs 1993. gad\u0101)<\/em>\np\u0101rv\u0113rta atjaunoto <strong>R\u012bgas Latvie\u0161u Biedr\u012bbu par \u010dekas fili\u0101li<\/strong> !<\/p>\n\n\n\n<p class=\"has-background has-very-light-gray-background-color\"><strong>Levita \u201eLatvijas ce\u013ca\u201c<\/strong> pretlatvisk\u0101 banda brut\u0101li <strong>P\u0100RTRAUCA<\/strong> atjaunot\u0101s <strong>R\u012bgas Latvie\u0161u Biedr\u012bbas<\/strong> sabiedrisko darb\u012bbu 1993. gada 18. febru\u0101ra nakt\u012b \u2013 <strong>AIZLIEDZOT M\u0101mu\u013c\u0101<\/strong> likum\u012bgi atjaunotos <strong>RLB<\/strong> 1938. gada stat\u016btus. <em>(Un izlaupot atjaunoto biedr\u012bbu k\u0101 komunisti izlaup\u012bja Latviju p\u0113c okup\u0101cijas 1940. gad\u0101)<\/em><\/p>\n\n\n\n<p class=\"has-background has-very-light-gray-background-color\">Tuv\u0101k lasiet par to <strong>Helsinku 86<\/strong> zi\u0146ojum\u0101 pasaulei !<br> <br> <\/p>\n\n\n\n<figure class=\"wp-block-embed-wordpress wp-block-embed is-type-wp-embed is-provider-latvijas-republikas-tautas\"><div class=\"wp-block-embed__wrapper\">\n<blockquote class=\"wp-embedded-content\" data-secret=\"ItHCsK7wVS\"><a href=\"https:\/\/tautastribunals.eu\/?p=33716\">V. Freimant\u0101ls. Mosties, celies, str\u0101d\u0101 !<\/a><\/blockquote><iframe title=\"&#8222;V. Freimant\u0101ls. Mosties, celies, str\u0101d\u0101 !&#8220; &#8212; Latvijas Republikas tautas\" class=\"wp-embedded-content\" sandbox=\"allow-scripts\" security=\"restricted\" style=\"position: absolute; clip: rect(1px, 1px, 1px, 1px);\" src=\"https:\/\/tautastribunals.eu\/?p=33716&#038;embed=true#?secret=ItHCsK7wVS\" data-secret=\"ItHCsK7wVS\" width=\"500\" height=\"282\" frameborder=\"0\" marginwidth=\"0\" marginheight=\"0\" scrolling=\"no\"><\/iframe>\n<\/div><\/figure>\n\n\n\n<p class=\"has-background has-very-light-gray-background-color\">Ja <strong>Levits<\/strong> to neb\u016btu izdar\u012bjis, tagad <strong>Latvij\u0101<\/strong>, katr\u0101 apdz\u012bvot\u0101 viet\u0101, b\u016btu savas latvie\u0161u biedr\u012bbas (<em>k\u0101 l\u012bdz 1940. gadam<\/em>) ar sp\u0113c\u012bg\u0101m, latvisk\u0101m, <strong>Helsinki 86<\/strong> cilv\u0113kties\u012bbu aizst\u0101vju organiz\u0101cij\u0101m!<\/p>\n\n\n\n<p class=\"has-background has-very-light-gray-background-color\">Visa <strong>Latvijas valsts<\/strong>\natt\u012bst\u012bba b\u016btu latvie\u0161iem un latviskajai kult\u016brai draudz\u012bga !<\/p>\n\n\n\n<p class=\"has-background has-very-light-gray-background-color\">Un m\u0113s \u0161odien dz\u012bvotu tiesisk\u0101,\ndemokr\u0101tisk\u0101 valst\u012b ! <em>(No kuras latvie\u0161i neb\u0113gtu prom uz neatgrie\u0161anos).<\/em><\/p>\n\n\n\n<p class=\"has-background has-very-light-gray-background-color\">M\u016bsu \u0161odienas uzdevums ir\natjaunot visas<strong> 1940. gad\u0101, komunistu nezv\u0113ru likvid\u0113tas latvie\u0161u biedr\u012bbas <\/strong>un\natmaskot \u010dekistu pretlatviskos <strong>KORUMPANTUS<\/strong> !<\/p>\n\n\n\n<p class=\"has-background has-very-light-gray-background-color\"><strong>Gaid\u0101m Krami\u0146a<\/strong> un vi\u0146am l\u012bdz\u012bgo latvie\u0161u akt\u012bv\u0101ko\ndarb\u012bbu <strong>Latvijas tiesiskuma atjauno\u0161anas sv\u0113t\u012bgaj\u0101 darb\u0101 !<\/strong><\/p>\n\n\n\n<p class=\"has-background has-very-light-gray-background-color\">Gaid\u0101m <strong>Helsinku 86<\/strong> nosprausto m\u0113r\u0137u sasnieg\u0161anu !<\/p>\n\n\n\n<p class=\"has-text-color has-background has-medium-font-size has-very-dark-gray-color has-very-light-gray-background-color\">Gaid\u0101m Nirnbergu 2.<\/p>\n\n\n\n<p>29.11.19<\/p>\n\n\n\n<p class=\"has-text-color has-background has-large-font-size has-vivid-red-color has-very-dark-gray-background-color\">MIGLA SARKAN\u0100- NOL\u0100D\u0112T\u0100<\/p>\n\n\n\n<figure class=\"wp-block-image is-resized\"><img decoding=\"async\" loading=\"lazy\" src=\"https:\/\/tautastribunals.eu\/wp-content\/uploads\/2019\/11\/Linda-Liepi\u0146a.-L.Granti\u0146\u0161.V.Freimant\u0101LRTT.png\" alt=\"\" class=\"wp-image-54019\" width=\"643\" height=\"717\" srcset=\"https:\/\/tautastribunals.eu\/wp-content\/uploads\/2019\/11\/Linda-Liepi\u0146a.-L.Granti\u0146\u0161.V.Freimant\u0101LRTT.png 500w, https:\/\/tautastribunals.eu\/wp-content\/uploads\/2019\/11\/Linda-Liepi\u0146a.-L.Granti\u0146\u0161.V.Freimant\u0101LRTT-269x300.png 269w\" sizes=\"(max-width: 643px) 100vw, 643px\" \/><\/figure>\n","protected":false},"excerpt":{"rendered":"<p>Paldies \u201eak vai, cik \u017e\u0113l\u201c par ievietoto Edgara Krami\u0146a interviju pie Veltas Puri\u0146as. J\u0101, Krami\u0146\u0161 skaidri un gai\u0161i pasaka, ka Eg\u012bls Levits (b\u016bdams tieslietu ministrs 1993. gad\u0101) p\u0101rv\u0113rta atjaunoto R\u012bgas Latvie\u0161u Biedr\u012bbu par \u010dekas&#46;&#46;&#46;<\/p>\n","protected":false},"author":1,"featured_media":0,"comment_status":"open","ping_status":"open","sticky":false,"template":"","format":"standard","meta":[],"categories":[1],"tags":[],"_links":{"self":[{"href":"https:\/\/tautastribunals.eu\/index.php?rest_route=\/wp\/v2\/posts\/54016"}],"collection":[{"href":"https:\/\/tautastribunals.eu\/index.php?rest_route=\/wp\/v2\/posts"}],"about":[{"href":"https:\/\/tautastribunals.eu\/index.php?rest_route=\/wp\/v2\/types\/post"}],"author":[{"embeddable":true,"href":"https:\/\/tautastribunals.eu\/index.php?rest_route=\/wp\/v2\/users\/1"}],"replies":[{"embeddable":true,"href":"https:\/\/tautastribunals.eu\/index.php?rest_route=%2Fwp%2Fv2%2Fcomments&post=54016"}],"version-history":[{"count":9,"href":"https:\/\/tautastribunals.eu\/index.php?rest_route=\/wp\/v2\/posts\/54016\/revisions"}],"predecessor-version":[{"id":54026,"href":"https:\/\/tautastribunals.eu\/index.php?rest_route=\/wp\/v2\/posts\/54016\/revisions\/54026"}],"wp:attachment":[{"href":"https:\/\/tautastribunals.eu\/index.php?rest_route=%2Fwp%2Fv2%2Fmedia&parent=54016"}],"wp:term":[{"taxonomy":"category","embeddable":true,"href":"https:\/\/tautastribunals.eu\/index.php?rest_route=%2Fwp%2Fv2%2Fcategories&post=54016"},{"taxonomy":"post_tag","embeddable":true,"href":"https:\/\/tautastribunals.eu\/index.php?rest_route=%2Fwp%2Fv2%2Ftags&post=54016"}],"curies":[{"name":"wp","href":"https:\/\/api.w.org\/{rel}","templated":true}]}}