{"id":53876,"date":"2019-11-18T00:07:09","date_gmt":"2019-11-17T22:07:09","guid":{"rendered":"https:\/\/tautastribunals.eu\/?p=53876"},"modified":"2019-11-18T00:07:09","modified_gmt":"2019-11-17T22:07:09","slug":"sodien-musu-valsts-atdzimsanas-diena","status":"publish","type":"post","link":"https:\/\/tautastribunals.eu\/?p=53876","title":{"rendered":"\u0160odien m\u016bsu Valsts atdzim\u0161anas diena !"},"content":{"rendered":"\n<figure class=\"wp-block-image\"><img decoding=\"async\" loading=\"lazy\" width=\"800\" height=\"130\" src=\"https:\/\/tautastribunals.eu\/wp-content\/uploads\/2018\/12\/LatvijaDievs-Granti\u0146\u0161-Liep\u0101jaR\u012bgaLRTT-800x130.png\" alt=\"\" class=\"wp-image-48095\" srcset=\"https:\/\/tautastribunals.eu\/wp-content\/uploads\/2018\/12\/LatvijaDievs-Granti\u0146\u0161-Liep\u0101jaR\u012bgaLRTT-800x130.png 800w, https:\/\/tautastribunals.eu\/wp-content\/uploads\/2018\/12\/LatvijaDievs-Granti\u0146\u0161-Liep\u0101jaR\u012bgaLRTT-300x49.png 300w, https:\/\/tautastribunals.eu\/wp-content\/uploads\/2018\/12\/LatvijaDievs-Granti\u0146\u0161-Liep\u0101jaR\u012bgaLRTT-768x125.png 768w, https:\/\/tautastribunals.eu\/wp-content\/uploads\/2018\/12\/LatvijaDievs-Granti\u0146\u0161-Liep\u0101jaR\u012bgaLRTT.png 859w\" sizes=\"(max-width: 800px) 100vw, 800px\" \/><\/figure>\n\n\n\n<p class=\"has-background has-large-font-size has-light-green-cyan-background-color\">\u0160odien 18.\nnovembris ! <\/p>\n\n\n\n<p class=\"has-background has-light-green-cyan-background-color\">18 novembris nav <strong>Latvijas<\/strong> dzim\u0161anas diena, bet gan k\u0101rt\u0113j\u0101 atdzim\u0161anas diena. M\u016bsu tautas <strong>POLITISK\u0100 V\u0112STURE<\/strong>&nbsp; iesniedzas gadu t\u016bksto\u0161u dz\u012bl\u0113s un vi\u0146as n\u0101kotne ved t\u0101l\u0101kajos gadu t\u016bksto\u0161os, par sp\u012bti visiem m\u0113\u0123in\u0101jumiem m\u016bs izn\u012bcin\u0101t !<\/p>\n\n\n\n<p class=\"has-background has-light-green-cyan-background-color\">Kas zobenu ce\u013c,\ntam no zobena krist !<\/p>\n\n\n\n<p class=\"has-background has-medium-font-size has-light-green-cyan-background-color\">Saules m\u016b\u017eu\nLatvijai !<\/p>\n\n\n\n<p class=\"has-background has-light-green-cyan-background-color\">Dievs, sv\u0113ti m\u016bsu\ntautu un Latviju !<\/p>\n\n\n\n<figure class=\"wp-block-image\"><img decoding=\"async\" loading=\"lazy\" width=\"331\" height=\"497\" src=\"https:\/\/tautastribunals.eu\/wp-content\/uploads\/2018\/09\/Latvie\u0161u-tauta-T\u0101lbergsRubenis-Pl\u0101te-M\u0101rtu\u017ea-Granti\u0146\u0161LRTT.jpg\" alt=\"\" class=\"wp-image-46412\" srcset=\"https:\/\/tautastribunals.eu\/wp-content\/uploads\/2018\/09\/Latvie\u0161u-tauta-T\u0101lbergsRubenis-Pl\u0101te-M\u0101rtu\u017ea-Granti\u0146\u0161LRTT.jpg 331w, https:\/\/tautastribunals.eu\/wp-content\/uploads\/2018\/09\/Latvie\u0161u-tauta-T\u0101lbergsRubenis-Pl\u0101te-M\u0101rtu\u017ea-Granti\u0146\u0161LRTT-200x300.jpg 200w\" sizes=\"(max-width: 331px) 100vw, 331px\" \/><\/figure>\n\n\n\n<p>18.11.19&nbsp;&nbsp;&nbsp;&nbsp;&nbsp;&nbsp;&nbsp;&nbsp;&nbsp;&nbsp;&nbsp;&nbsp;&nbsp;&nbsp;&nbsp;&nbsp;&nbsp;&nbsp;&nbsp;&nbsp;&nbsp;&nbsp;&nbsp;&nbsp;&nbsp;&nbsp;&nbsp;&nbsp;&nbsp;&nbsp;&nbsp;&nbsp;&nbsp;&nbsp;&nbsp; LRTT<\/p>\n","protected":false},"excerpt":{"rendered":"<p>\u0160odien 18. novembris ! 18 novembris nav Latvijas dzim\u0161anas diena, bet gan k\u0101rt\u0113j\u0101 atdzim\u0161anas diena. M\u016bsu tautas POLITISK\u0100 V\u0112STURE&nbsp; iesniedzas gadu t\u016bksto\u0161u dz\u012bl\u0113s un vi\u0146as n\u0101kotne ved t\u0101l\u0101kajos gadu t\u016bksto\u0161os, par sp\u012bti visiem m\u0113\u0123in\u0101jumiem&#46;&#46;&#46;<\/p>\n","protected":false},"author":1,"featured_media":0,"comment_status":"open","ping_status":"open","sticky":false,"template":"","format":"standard","meta":[],"categories":[1],"tags":[],"_links":{"self":[{"href":"https:\/\/tautastribunals.eu\/index.php?rest_route=\/wp\/v2\/posts\/53876"}],"collection":[{"href":"https:\/\/tautastribunals.eu\/index.php?rest_route=\/wp\/v2\/posts"}],"about":[{"href":"https:\/\/tautastribunals.eu\/index.php?rest_route=\/wp\/v2\/types\/post"}],"author":[{"embeddable":true,"href":"https:\/\/tautastribunals.eu\/index.php?rest_route=\/wp\/v2\/users\/1"}],"replies":[{"embeddable":true,"href":"https:\/\/tautastribunals.eu\/index.php?rest_route=%2Fwp%2Fv2%2Fcomments&post=53876"}],"version-history":[{"count":3,"href":"https:\/\/tautastribunals.eu\/index.php?rest_route=\/wp\/v2\/posts\/53876\/revisions"}],"predecessor-version":[{"id":53880,"href":"https:\/\/tautastribunals.eu\/index.php?rest_route=\/wp\/v2\/posts\/53876\/revisions\/53880"}],"wp:attachment":[{"href":"https:\/\/tautastribunals.eu\/index.php?rest_route=%2Fwp%2Fv2%2Fmedia&parent=53876"}],"wp:term":[{"taxonomy":"category","embeddable":true,"href":"https:\/\/tautastribunals.eu\/index.php?rest_route=%2Fwp%2Fv2%2Fcategories&post=53876"},{"taxonomy":"post_tag","embeddable":true,"href":"https:\/\/tautastribunals.eu\/index.php?rest_route=%2Fwp%2Fv2%2Ftags&post=53876"}],"curies":[{"name":"wp","href":"https:\/\/api.w.org\/{rel}","templated":true}]}}