{"id":53665,"date":"2019-11-06T22:34:49","date_gmt":"2019-11-06T20:34:49","guid":{"rendered":"https:\/\/tautastribunals.eu\/?p=53665"},"modified":"2019-11-07T05:18:28","modified_gmt":"2019-11-07T03:18:28","slug":"nekur-jau-jezovi-un-sustinilatviesu-slepkavas-nav-zudusi","status":"publish","type":"post","link":"https:\/\/tautastribunals.eu\/?p=53665","title":{"rendered":"Nekur jau je\u017eovi un \u0161ustini(latvie\u0161u slepkavas) nav zudu\u0161i"},"content":{"rendered":"\n<figure class=\"wp-block-image\"><img decoding=\"async\" loading=\"lazy\" width=\"768\" height=\"108\" src=\"https:\/\/tautastribunals.eu\/wp-content\/uploads\/2019\/06\/Za\u013c\u0161-tautastribunals.eu4_-768x108.png\" alt=\"\" class=\"wp-image-50799\" srcset=\"https:\/\/tautastribunals.eu\/wp-content\/uploads\/2019\/06\/Za\u013c\u0161-tautastribunals.eu4_-768x108.png 768w, https:\/\/tautastribunals.eu\/wp-content\/uploads\/2019\/06\/Za\u013c\u0161-tautastribunals.eu4_-768x108-300x42.png 300w\" sizes=\"(max-width: 768px) 100vw, 768px\" \/><\/figure>\n\n\n\n<p style=\"background-color:#084931\" class=\"has-text-color has-background has-medium-font-size has-very-light-gray-color\">Nekur jau, latviet, 1940.g. slepkavas nav zudu\u0161i. Vi\u0146i m\u012bt tev l\u012bdz\u0101s. Vi\u0146us var viegli atpaz\u012bt: <strong>vi\u0146i melo un zog !<\/strong><\/p>\n\n\n\n<figure class=\"wp-block-image\"><img decoding=\"async\" loading=\"lazy\" width=\"779\" height=\"364\" src=\"https:\/\/tautastribunals.eu\/wp-content\/uploads\/2019\/11\/A.-Borovkovs.-I.-Godmanis-E.-Levits.-L.-Granti\u0146\u0161.-LRTT.jpg\" alt=\"\" class=\"wp-image-53668\" srcset=\"https:\/\/tautastribunals.eu\/wp-content\/uploads\/2019\/11\/A.-Borovkovs.-I.-Godmanis-E.-Levits.-L.-Granti\u0146\u0161.-LRTT.jpg 779w, https:\/\/tautastribunals.eu\/wp-content\/uploads\/2019\/11\/A.-Borovkovs.-I.-Godmanis-E.-Levits.-L.-Granti\u0146\u0161.-LRTT-300x140.jpg 300w, https:\/\/tautastribunals.eu\/wp-content\/uploads\/2019\/11\/A.-Borovkovs.-I.-Godmanis-E.-Levits.-L.-Granti\u0146\u0161.-LRTT-768x359.jpg 768w\" sizes=\"(max-width: 779px) 100vw, 779px\" \/><\/figure>\n\n\n\n<p class=\"has-background has-very-light-gray-background-color\">Nekur, latviet, \u0161\u012b <strong>s\u0101tanisk\u0101 cionisma- komunisma s\u0113rga nav pazudusi<\/strong>. Vi\u0146a, \u0161\u012b s\u0113rga, \u0161odien ir uzpeld\u0113jusi pa\u0161\u0101 virspus\u0113, jo j\u016btas uzvar\u0113jusi. <strong>L. Granti\u0146u<\/strong> \u0161odien- <strong>7. novembr\u012b<\/strong> atkal ties\u0101s. Ne jau latvie\u0161u tautas p\u0101rst\u0101vji <strong>VI\u0145U<\/strong> ties\u0101s , bet gan <strong>Latvijas okupantu rad\u012btie varas org\u0101ni<\/strong>. Vis\u0101 \u0161aj\u0101 bar\u0101 nav neviens latvietis, lai ar\u012b cik m\u0113s uzman\u012bgi to p\u0113t\u012btu. Visi 100%t\u012bgi<strong> nelatvie\u0161i- borokovveid\u012bgie <\/strong>reptilo\u012bdi ! <\/p>\n\n\n\n<p class=\"has-background has-very-light-gray-background-color\"><strong>Karikat\u016br- \u017e\u012bds, komunists- \u010dekists Borovkovs  L. Granti\u0146u<\/strong> arest\u0113ja <strong>1986. g<\/strong>. par <strong>H- 86<\/strong> grupas dibin\u0101\u0161anu un \u0161odien vi\u0146\u0161 atkal ir tas, kur\u0161 cen\u0161as <strong>L. Granti\u0146u<\/strong> arest\u0113t. Protams, pa \u0161o laiku \u0161\u012bs de\u0123ener\u0101ts ir k\u013cuvis par miljon\u0101ru ! Visi m\u0113\u0123in\u0101jumi<strong> L. Granti\u0146u<\/strong> noslepkavot, cietu\u0161i neveiksmi.<strong>Latvij\u0101<\/strong> visu ir p\u0101r\u0146\u0113mu\u0161i \u017eidcionistiskie izdzimumi, s\u0101kot no <strong>ekonomikas, politikas<\/strong> un beidzot ar <strong>kult\u016bru<\/strong>. Lai tikai atceramies, k\u0101 <strong>Latvijas inteli\u0123ence<\/strong> rakst\u012bja aizst\u0101v\u012bbas<strong> \u201cmanifestu\u201d <\/strong>reketierim <strong>Haritonovam<\/strong> !!! Vai <strong>L.<\/strong> <strong>Granti\u0146u<\/strong> ir k\u0101ds no \u0161iem <strong>KULTURISTIEM<\/strong> kaut reizi pacenties aizst\u0101v\u0113t ? Vi\u0146i ta\u010du s\u0113\u017e <strong>L. Granti\u0146a <\/strong>un <strong>vi\u0146a tautas<\/strong> atjaunotaj\u0101 <strong>Latvijas Republik\u0101 <\/strong>! N\u0113, vi\u0146i to nav dar\u012bju\u0161i nekad ! <strong>Z\u0101l\u012btei, Peteram, \u012av\u0101nam<\/strong> un citiem no \u0161\u012bs \u0161aikas, tuv\u0101ks ir izr\u0101d\u012bjies band\u012bts <strong>Haritonovs<\/strong> un vi\u0146a tautas br\u0101lis <strong>E. Levits,<\/strong> kur\u0161 pirms \u010detriem gadiem vienpersoniski parakst\u012bja <strong>L. Granti\u0146a<\/strong> aresta orderi, t\u0101 pier\u0101dot, ka ir \u012bsts <strong>\u201cn\u0101cijas t\u0113vs\u201d <\/strong>!<\/p>\n\n\n\n<p class=\"has-background has-very-light-gray-background-color\">Uz foto j\u016bs redzat tr\u012bs galvenos <strong>Izra\u0113las lob\u0113tos cionistus, kuru uzdevums ir izn\u012bcin\u0101t latvie\u0161u tautu.<\/strong> Varb\u016bt k\u0101ds atkal cent\u012bsies mani nosaukt par slimu un nelieti, k\u0101 toreiz, kad sac\u012bju:<strong> kam kalpo J. Zieme\u013ca rad\u012bt\u0101 R\u012bgas H- 86 noda\u013ca <\/strong>! K\u0101 daudzi mani toreiz nicin\u0101ja, niev\u0101ja un n\u012bda,- nu, k\u0101 tai dziesm\u0101\u2026,<em> kuru variet raksta beig\u0101s noklaus\u012bties<\/em>. Kur ir \u0161odien visi tie, kuri mani par to apl\u0113ja ar sav\u0101m nodev\u012bbas g\u013cot\u0101m ? Kur, kur vi\u0146i ir, tie, kuri mani niev\u0101ja un n\u012bda ?<\/p>\n\n\n\n<figure class=\"wp-block-embed is-type-link is-provider-jura-ziemela-pieminai\"><div class=\"wp-block-embed__wrapper\">\n<a href=\"https:\/\/jurisziemelis.wordpress.com\/2008\/12\/17\/gunars-astra-nebija-disidents-2\/\">Gun\u0101rs Astra nebija&nbsp;disidents<\/a>\n<\/div><figcaption><strong>Gun\u0101rs Astra<\/strong> bija <strong>Zieme\u013ca<\/strong> draugs un t\u0101das pa\u0161as <strong>KART\u012aTES<\/strong> \u012bpa\u0161nieks k\u0101<strong> Ziemelis, C\u0101l\u012btis <\/strong>, <strong>\u017dukovskis.<\/strong>.. un, protams, ar\u012b <strong>Ro\u017ekalns<\/strong>, vien\u012bgais disidents<strong> Levita &#8220;ball\u0113&#8221;<\/strong>!<\/figcaption><\/figure>\n\n\n\n<figure class=\"wp-block-image\"><img decoding=\"async\" loading=\"lazy\" width=\"656\" height=\"377\" src=\"https:\/\/tautastribunals.eu\/wp-content\/uploads\/2019\/11\/G.Astra_.J.Ro\u017ekalnsJ.V\u0113veris.L.Granti\u0146\u0161.LRTT_.png\" alt=\"\" class=\"wp-image-53682\" srcset=\"https:\/\/tautastribunals.eu\/wp-content\/uploads\/2019\/11\/G.Astra_.J.Ro\u017ekalnsJ.V\u0113veris.L.Granti\u0146\u0161.LRTT_.png 656w, https:\/\/tautastribunals.eu\/wp-content\/uploads\/2019\/11\/G.Astra_.J.Ro\u017ekalnsJ.V\u0113veris.L.Granti\u0146\u0161.LRTT_-300x172.png 300w\" sizes=\"(max-width: 656px) 100vw, 656px\" \/><\/figure>\n\n\n\n<p class=\"has-background has-very-light-gray-background-color\">Manas tiesas dien\u0101 b\u016bs ar\u012b medi\u0137u pikets\u2026, naudu ne medi\u0137iem ne citiem nevar atrast, bet \u017e\u012bdu noziedzniekiem <strong>40 miljonus<\/strong> <strong><em>pau\u013cuti, pabrik<\/em>i<\/strong> un <strong><em>leviti<\/em> <\/strong>grib atkal d\u0101vin\u0101t, jo, k\u0101 saka \u201c<strong>n\u0101cijas t\u0113vs<\/strong>\u201d; ja gribam labas partnerattiec\u012bbas ar <strong>ASV<\/strong>, tad ir j\u0101dod !<\/p>\n\n\n\n<p class=\"has-background has-very-light-gray-background-color\">Dr\u012bz, latviet, nu\njau \u013coti dr\u012bz, \u0161ie m\u0113sli sa\u0146ems to, ko peln\u012bju\u0161i !<\/p>\n\n\n\n<p class=\"has-background has-large-font-size has-cyan-bluish-gray-background-color\">M\u0113s, latviet, izdz\u012bvosim ! <\/p>\n\n\n\n<p class=\"has-background has-very-light-gray-background-color\">K\u0101 sac\u012bja<strong> E. Finks: \u201cEs redzu latvie\u0161us v\u0113l p\u0113c t\u016bksto\u0161 gadiem !\u201d<\/strong><\/p>\n\n\n\n<p class=\"has-background has-very-light-gray-background-color\">Bet vi\u0146i, \u0161ie\nizdzimte\u0146i, k\u0101 sac\u012bja Pravietis: <strong>\u201cTiks iemesti Elles za\u0146\u0137\u012b !\u201d<\/strong><\/p>\n\n\n\n<p class=\"has-background has-very-light-gray-background-color\">Un tur, latviet,\nir vi\u0146u \u012bst\u0101s m\u0101jas !<\/p>\n\n\n\n<p><a href=\"https:\/\/nra.lv\/latvija\/227408-lielais-terors-psrs-nospidzinat-jo-latvietis.htm#=\">https:\/\/nra.lv\/latvija\/227408-lielais-terors-psrs-nospidzinat-jo-latvietis.htm#=<\/a><\/p>\n\n\n\n<figure class=\"wp-block-image\"><img decoding=\"async\" loading=\"lazy\" width=\"625\" height=\"374\" src=\"https:\/\/tautastribunals.eu\/wp-content\/uploads\/2019\/11\/U\u0161akovsGodmanisV\u0113jonisGranti\u0146\u0161LRTT-1.png\" alt=\"\" class=\"wp-image-53671\" srcset=\"https:\/\/tautastribunals.eu\/wp-content\/uploads\/2019\/11\/U\u0161akovsGodmanisV\u0113jonisGranti\u0146\u0161LRTT-1.png 625w, https:\/\/tautastribunals.eu\/wp-content\/uploads\/2019\/11\/U\u0161akovsGodmanisV\u0113jonisGranti\u0146\u0161LRTT-1-300x180.png 300w\" sizes=\"(max-width: 625px) 100vw, 625px\" \/><\/figure>\n\n\n\n<p>07.11.19                L. Granti\u0146\u0161<\/p>\n\n\n\n<p class=\"has-text-color has-background has-medium-font-size has-very-light-gray-color has-very-dark-gray-background-color\">Es zinu, ka daudzi mani n\u012bst un niev\u0101&#8230;. , bet man vienalga, jo es saku Paties\u012bbu, kas ir \u0161\u012bs Dievi\u0161\u0137\u0101s pasaules PAMATI ! Visi tie, kuri mani ties\u0101jot grib \u0161o Paties\u012bbu izn\u012bd\u0113t, krit\u012bs no pa\u0161u pacelt\u0101 zobena.<\/p>\n\n\n\n<figure class=\"wp-block-embed-youtube wp-block-embed is-type-video is-provider-youtube wp-embed-aspect-4-3 wp-has-aspect-ratio\"><div class=\"wp-block-embed__wrapper\">\n<div class=\"video-container\"><iframe loading=\"lazy\" title=\"Es zinu,visi mani niev\u0101\" width=\"500\" height=\"375\" src=\"https:\/\/www.youtube.com\/embed\/RNTBWjWkXnk?feature=oembed&#038;wmode=opaque\" frameborder=\"0\" allow=\"accelerometer; autoplay; encrypted-media; gyroscope; picture-in-picture\" allowfullscreen><\/iframe><\/div>\n<\/div><\/figure>\n","protected":false},"excerpt":{"rendered":"<p>Nekur jau, latviet, 1940.g. slepkavas nav zudu\u0161i. Vi\u0146i m\u012bt tev l\u012bdz\u0101s. Vi\u0146us var viegli atpaz\u012bt: vi\u0146i melo un zog ! Nekur, latviet, \u0161\u012b s\u0101tanisk\u0101 cionisma- komunisma s\u0113rga nav pazudusi. Vi\u0146a, \u0161\u012b s\u0113rga, \u0161odien ir&#46;&#46;&#46;<\/p>\n","protected":false},"author":1,"featured_media":0,"comment_status":"open","ping_status":"open","sticky":false,"template":"","format":"standard","meta":[],"categories":[1],"tags":[],"_links":{"self":[{"href":"https:\/\/tautastribunals.eu\/index.php?rest_route=\/wp\/v2\/posts\/53665"}],"collection":[{"href":"https:\/\/tautastribunals.eu\/index.php?rest_route=\/wp\/v2\/posts"}],"about":[{"href":"https:\/\/tautastribunals.eu\/index.php?rest_route=\/wp\/v2\/types\/post"}],"author":[{"embeddable":true,"href":"https:\/\/tautastribunals.eu\/index.php?rest_route=\/wp\/v2\/users\/1"}],"replies":[{"embeddable":true,"href":"https:\/\/tautastribunals.eu\/index.php?rest_route=%2Fwp%2Fv2%2Fcomments&post=53665"}],"version-history":[{"count":21,"href":"https:\/\/tautastribunals.eu\/index.php?rest_route=\/wp\/v2\/posts\/53665\/revisions"}],"predecessor-version":[{"id":53709,"href":"https:\/\/tautastribunals.eu\/index.php?rest_route=\/wp\/v2\/posts\/53665\/revisions\/53709"}],"wp:attachment":[{"href":"https:\/\/tautastribunals.eu\/index.php?rest_route=%2Fwp%2Fv2%2Fmedia&parent=53665"}],"wp:term":[{"taxonomy":"category","embeddable":true,"href":"https:\/\/tautastribunals.eu\/index.php?rest_route=%2Fwp%2Fv2%2Fcategories&post=53665"},{"taxonomy":"post_tag","embeddable":true,"href":"https:\/\/tautastribunals.eu\/index.php?rest_route=%2Fwp%2Fv2%2Ftags&post=53665"}],"curies":[{"name":"wp","href":"https:\/\/api.w.org\/{rel}","templated":true}]}}