{"id":53528,"date":"2019-10-29T07:12:27","date_gmt":"2019-10-29T05:12:27","guid":{"rendered":"https:\/\/tautastribunals.eu\/?p=53528"},"modified":"2019-10-29T07:14:13","modified_gmt":"2019-10-29T05:14:13","slug":"r-bruners-pardomas-saistiba-ar-celojumu-uz-latviju","status":"publish","type":"post","link":"https:\/\/tautastribunals.eu\/?p=53528","title":{"rendered":"R. Bruners. P\u0101rdomas saist\u012bb\u0101 ar ce\u013cojumu uz Latviju"},"content":{"rendered":"\n<figure class=\"wp-block-image\"><img decoding=\"async\" loading=\"lazy\" width=\"768\" height=\"144\" src=\"https:\/\/tautastribunals.eu\/wp-content\/uploads\/2019\/10\/1.-Rids-Bruners.L.Granti\u0146\u0161.J.Z\u012bverts.Latvija.LRTT_-768x144-1.png\" alt=\"\" class=\"wp-image-53460\" srcset=\"https:\/\/tautastribunals.eu\/wp-content\/uploads\/2019\/10\/1.-Rids-Bruners.L.Granti\u0146\u0161.J.Z\u012bverts.Latvija.LRTT_-768x144-1.png 768w, https:\/\/tautastribunals.eu\/wp-content\/uploads\/2019\/10\/1.-Rids-Bruners.L.Granti\u0146\u0161.J.Z\u012bverts.Latvija.LRTT_-768x144-1-300x56.png 300w\" sizes=\"(max-width: 768px) 100vw, 768px\" \/><\/figure>\n\n\n\n<p class=\"has-background has-medium-font-size has-vivid-green-cyan-background-color\">R.\nBruners. P\u0101rdomas saist\u012bb\u0101 ar ce\u013cojumu uz Latviju<\/p>\n\n\n\n<p>K\u0101\njau rakst\u012bju iepriek\u0161 <a href=\"https:\/\/tautastribunals.eu\/?p=51959\">https:\/\/tautastribunals.eu\/?p=51959<\/a> , biju\nuzaicin\u0101ts piedal\u012bties pas\u0101kum\u0101 Latvij\u0101. Iel\u016bgumu izmantoju, pas\u0101kum\u0101 ierados,\nbet rezult\u0101ts bija tie\u0161i t\u0101ds, k\u0101 paredz\u0113ts. Proti, nek\u0101ds. <\/p>\n\n\n\n<p>Biju\nsagatavojis un public\u0113jis m\u0113dijos &#8220;Apsprie\u017eamos jaut\u0101jumus&#8221;. Tie bija\nsagatavoti saist\u012bb\u0101 ar manu Valsts prezidenta programmu, kuru savuk\u0101rt biju\npla\u0161i iztirz\u0101jis m\u0113dijos un nos\u016bt\u012bjis katram Saeimas deput\u0101tam personiski. Biju\nsa\u0146\u0113mis ar\u012b da\u017eas atbildes, kas vair\u0101k attiec\u0101s uz manu kandid\u0113\u0161anas faktu,\nnevis uz saturu p\u0113c b\u016bt\u012bbas. Programma ir balst\u012bta uz sabiedr\u012bbas konceptu, kas\ntiek \u012bstenots praks\u0113 p\u0113d\u0113j\u0101 laik\u0101, tai ir metodolo\u0123isks pamats un praktiska\npielietojuma pieredze. <\/p>\n\n\n\n<p>Cilv\u0113kiem\nar valstisku dom\u0101\u0161anu var\u0113tu b\u016bt pietieko\u0161s pamats, lai vismaz izr\u0101d\u012btu\ninteresi par jaut\u0101jumu apsprie\u0161anu, saist\u012bb\u0101 ar situ\u0101ciju Latvij\u0101. Vai\n&#8220;valstiska dom\u0101\u0161ana&#8221; ir attiecin\u0101ma uz Latvijas saimniecisko un politisko\n&#8220;eliti&#8221;? Dro\u0161i vien tikt\u0101l, cikt\u0101l tas attiecas uz baro\u0161anos no\nvalsts resursiem, bet kaut ko rad\u012bt un att\u012bst\u012bt, tie jaut\u0101jumi, atvainojiet,\nneattiecas uz mums. Attiec\u012bb\u0101 uz mani personiski nost\u0101ja ir un paliek viena un\nt\u0101 pati &#8211; <strong>k\u013c\u016bsti par vienu no mums, tad\nrun\u0101sim<\/strong>.<\/p>\n\n\n\n<p>Ja\nes v\u0113l\u0113tos k\u013c\u016bt par vienu no jums, tad to b\u016btu izdar\u012bjis jau pirms 30 gadiem,\nvai pat agr\u0101k komunistu laikos. Pa \u0161o laiku pret mani ir pielietotas gandr\u012bz\nvisas iesp\u0113jam\u0101s neliet\u012bbas, s\u0101kot ar s\u012bk\u0101m c\u016bc\u012bb\u0101m un beidzot ar b\u012bbeliska m\u0113roga\nizdar\u012bb\u0101m. Mani ir centu\u0161ies apg\u0101n\u012bt un apmelot, pielietojot ebrejisko metodi &#8211;\nuzg\u0101z vi\u0146am m\u0113slu spaini, vai vi\u0146\u0161 b\u016bs t\u012brs p\u0113c tam? Dro\u0161i vien tam visam bija\nmani j\u0101izn\u012bcina, j\u0101iemin zem\u0113 un j\u0101pazemo t\u0101, lai es neb\u016btu sp\u0113j\u012bgs uz nek\u0101du\npozit\u012bvu (sabiedrisku) darb\u012bbu.<\/p>\n\n\n\n<p class=\"has-background has-very-light-gray-background-color\">\u0160iem\nvaro\u0146iem tagad ir kauns un ir bail, tie v\u0113las pasl\u0113pties. Par sarun\u0101\u0161anos\nvisp\u0101r neiet runa. No manis baid\u012bties nevajag, j\u016bs mani neinteres\u0113jiet, esmu to\nteicis iepriek\u0161, atk\u0101rto\u0161u v\u0113lreiz. K\u0101p\u0113c neinteres\u0113jiet? T\u0101p\u0113c, ka j\u016bs esiet pakalpi\u0146i,\nt\u0113r\u0113jams materi\u0101ls, ko vienk\u0101r\u0161i izmet miskast\u0113 kad izlietots. Atcerieties\nvienreiz par vis\u0101m reiz\u0113m &#8211; <strong>saimnieki\nnekad neuz\u0146ems kalpu sav\u0101 vid\u016b, neatkar\u012bgi no t\u0101 cik miljonus vai pat miljardus\nkalps ieguvis pakalpojot<\/strong>.<\/p>\n\n\n\n<p>* * *<\/p>\n\n\n\n<p>R\u012bg\u0101\nielidoj\u0101m 20. august\u0101 v\u0113lu vakar\u0101. N\u0101kamaj\u0101 dien\u0101 zi\u0146\u0101s las\u012bju, ka j\u016br\u0101 pazudis\nmans biju\u0161ais LVU kursa biedrs Aigis Auders. Tra\u0123isk\u0101 n\u0101ve mani smagi\np\u0101rsteidza, ar palieko\u0161u iespaidu, past\u0101st\u012b\u0161u k\u0101p\u0113c. No atmodas darb\u012bbas\nlaikiem, it sevi\u0161\u0137i v\u0113l\u0101k, kad s\u0101ku str\u0101d\u0101t valsts iest\u0101d\u0113s, mani m\u0113r\u0137tiec\u012bgi\nizol\u0113 no biju\u0161ajiem skolas un universit\u0101tes biedriem, draugiem, m\u012bl\u0113t\u0101m\nsieviet\u0113m .. Prec\u012bz\u0101k izsakoties, ja attiec\u012bgie cilv\u0113ki ar mani kontakt\u0113, tad\ntas notiek tikai ar uzraugo\u0161as iest\u0101des akceptu. <\/p>\n\n\n\n<p>P\u0113c\ndabas esmu nosl\u0113gts, t\u0101p\u0113c manis izol\u0113\u0161ana no sabiedr\u012bbas bija veiksm\u012bga.\nP\u0113d\u0113jo 20 gadu laik\u0101 man br\u012bvu kontaktu ar cilv\u0113kiem Latvij\u0101 nav bijis. Varu\ntikai min\u0113t un nojaust, k\u0101das le\u0123endas par mani ir sacer\u0113tas un m\u0101jo cilv\u0113ku\ngalv\u0101s. \u012asum\u0101, man patlaban ir daudz iemeslu, lai m\u0113\u0123in\u0101tu atjaunot vai uz\u0146emt\njaunus kontaktus ar norm\u0101liem cilv\u0113kiem Latvij\u0101. Aigis k\u0101 kluss, no sist\u0113mas\nnoma\u013cus st\u0101vo\u0161s cilv\u0113ks man bija pr\u0101t\u0101, varb\u016bt var\u0113tu piezvan\u012bt un aprun\u0101ties,\nneizn\u0101ca.<\/p>\n\n\n\n<p>Svin\u012bgais\npas\u0101kums Baltijas ce\u013ca atcerei notika 23. augusta p\u0113cpusdien\u0101 Zieme\u013cbl\u0101zm\u0101.\nPast\u0101st\u012b\u0161u k\u0101du epizodi, kas raksturo politisk\u0101s virtuves domas l\u012bmeni.\nPas\u0101kuma z\u0101l\u0113 nos\u0113dos aizmugur\u0113 pie ejas, kur var\u0113ja izstiept k\u0101jas. Biju\ndiezgan p\u0101rsteigts, kad man blakus nos\u0113d\u0101s viens no redzam\u0101kajiem \u0123ener\u0101\u013ciem. \u0160o\ncilv\u0113ku personiski nepaz\u012bstu, varb\u016bt k\u0101dreiz senos laikos bij\u0101m sarokoju\u0161ies.\nPas\u0101kums s\u0101k\u0101s ar Saeimas priek\u0161s\u0113d\u0113t\u0101jas uzrunu, kur\u0101 vi\u0146a, cita starp\u0101,\naicin\u0101ja visus piecelties un k\u0101 pirms 30 gadiem sadoties rok\u0101s. T\u0101 nu m\u0113s ar\n\u0123ener\u0101\u013ca kungu st\u0101v\u0113j\u0101m sadevu\u0161ies rok\u0101s, bet priek\u0161\u0101 burtiski piel\u0113ca\nfotogr\u0101fs, t\u0113rpies t\u0101d\u0101 pa\u0161\u0101 uzvalci\u0146\u0101 k\u0101 p\u0101r\u0113jie VDD pui\u0161i, un \u0146\u0113m\u0101s intens\u012bvi\nfotograf\u0113t.<\/p>\n\n\n\n<p>Nedom\u0101ju,\nka \u0161\u012bs fotogr\u0101fijas ir redzamas kaut kur t\u012bkl\u0101, bet ja tom\u0113r ir, l\u016bdzu ats\u016btiet\nsaiti vai kopiju. <\/p>\n\n\n\n<p>Es\nsazinos ar daudziem cilv\u0113kiem da\u017e\u0101d\u0101s valst\u012bs, kuru viedoklis man ir svar\u012bgs.\nP\u0113d\u0113j\u0101 laik\u0101 sa\u0146emt\u0101 reakcija liecina par attieksmes mai\u0146u, kas var\u0113tu b\u016bt\nsaist\u012bta ar sa\u0146emtu jaunu inform\u0101ciju. T\u0101p\u0113c es ar pilnu atbild\u012bbu v\u0113los\napliecin\u0101t, ka nepiederu nek\u0101dai politiskai ideolo\u0123ijai vai partijai, nepiederu\nnevienas valsts specdienestam, nepiederu nevienai (finan\u0161u) korpor\u0101cijai,\n(slepenai) biedr\u012bbai, reli\u0123iskai br\u0101l\u012bbai ..<\/p>\n\n\n\n<p>Man\u0101m\nidej\u0101m ir daudz piekrit\u0113ju, un t\u0101du b\u016bs v\u0113l vair\u0101k. Tas nenoz\u012bm\u0113, ka cilv\u0113ki\nsekos konkr\u0113ti man k\u0101 person\u012bbai vai l\u012bderim. Mana misija ir piev\u0113rst cilv\u0113ku\nuzman\u012bbu paties\u012bbai, kas past\u0101v neatkar\u012bgi no m\u016bsu viedok\u013ca par to. Es\npied\u0101v\u0101ju cilv\u0113kiem apg\u016bt patst\u0101v\u012bgu dom\u0101\u0161anu, kas tiem pal\u012bdz\u0113s atrast savu\nvietu main\u012bgaj\u0101 pasaul\u0113.<\/p>\n\n\n\n<p>Latvija\nir mana dzimtene, t\u0101p\u0113c \u0161eit man ir konkr\u0113ta programma <a href=\"https:\/\/tautastribunals.eu\/?p=49917\">https:\/\/tautastribunals.eu\/?p=49917<\/a>\n. To esmu paredz\u0113jis \u012bstenot, k\u0101 bru\u0146oto sp\u0113ku virspav\u0113lnieks, p\u0101r\u0146emot\nkontroli un nodibinot militariz\u0113tu tautas pa\u0161p\u0101rvaldi <a href=\"https:\/\/tautastribunals.eu\/?p=50828\">https:\/\/tautastribunals.eu\/?p=50828<\/a>\n. T\u0101p\u0113c pieeja <a href=\"https:\/\/tautastribunals.eu\/?p=51259\">https:\/\/tautastribunals.eu\/?p=51259<\/a> var\u0113tu b\u016bt\ntuva ar\u012b da\u017ea laba \u0123ener\u0101\u013ca sirdij. <\/p>\n\n\n\n<p>Esmu vienm\u0113r atv\u0113rts sarunai, tom\u0113r sarunai kl\u0101tien\u0113 j\u0101sagatavojas. To parasti dara rakstveid\u0101, apmainoties ar viedok\u013ciem, uzdodot jaut\u0101jumus, noskadrojot poz\u012bcijas, izsakot priek\u0161likumus .. Ja visa t\u0101 rezult\u0101t\u0101 rodas abpus\u0113jas intereses, ir pamats tikties kl\u0101tien\u0113. Tad saruna b\u016bs lieti\u0161\u0137a un rezultat\u012bva.<\/p>\n\n\n\n<p>29.10.19<\/p>\n\n\n\n<p class=\"has-background has-medium-font-size has-luminous-vivid-orange-background-color\">LRTT piebilde:<\/p>\n\n\n\n<p>\u0160eit par J\u016bsu piemin\u0113to Aigi&#8230;<\/p>\n\n\n\n<figure class=\"wp-block-embed-wordpress wp-block-embed is-type-wp-embed is-provider-latvijas-republikas-tautas\"><div class=\"wp-block-embed__wrapper\">\n<blockquote class=\"wp-embedded-content\" data-secret=\"vrnPIu4jjt\"><a href=\"https:\/\/tautastribunals.eu\/?p=52856\">Levits, t\u0101pat k\u0101 Sta\u013cins, &#8222;nov\u0101c&#8220; visus, kuri par vi\u0146u zin&#8230;<\/a><\/blockquote><iframe title=\"&#8222;Levits, t\u0101pat k\u0101 Sta\u013cins, &#8222;nov\u0101c&#8220; visus, kuri par vi\u0146u zin&#8230;&#8220; &#8212; Latvijas Republikas tautas\" class=\"wp-embedded-content\" sandbox=\"allow-scripts\" security=\"restricted\" style=\"position: absolute; clip: rect(1px, 1px, 1px, 1px);\" src=\"https:\/\/tautastribunals.eu\/?p=52856&#038;embed=true#?secret=vrnPIu4jjt\" data-secret=\"vrnPIu4jjt\" width=\"500\" height=\"282\" frameborder=\"0\" marginwidth=\"0\" marginheight=\"0\" scrolling=\"no\"><\/iframe>\n<\/div><\/figure>\n","protected":false},"excerpt":{"rendered":"<p>R. Bruners. P\u0101rdomas saist\u012bb\u0101 ar ce\u013cojumu uz Latviju K\u0101 jau rakst\u012bju iepriek\u0161 https:\/\/tautastribunals.eu\/?p=51959 , biju uzaicin\u0101ts piedal\u012bties pas\u0101kum\u0101 Latvij\u0101. Iel\u016bgumu izmantoju, pas\u0101kum\u0101 ierados, bet rezult\u0101ts bija tie\u0161i t\u0101ds, k\u0101 paredz\u0113ts. Proti, nek\u0101ds. Biju sagatavojis&#46;&#46;&#46;<\/p>\n","protected":false},"author":1,"featured_media":0,"comment_status":"open","ping_status":"open","sticky":false,"template":"","format":"standard","meta":[],"categories":[1,11],"tags":[],"_links":{"self":[{"href":"https:\/\/tautastribunals.eu\/index.php?rest_route=\/wp\/v2\/posts\/53528"}],"collection":[{"href":"https:\/\/tautastribunals.eu\/index.php?rest_route=\/wp\/v2\/posts"}],"about":[{"href":"https:\/\/tautastribunals.eu\/index.php?rest_route=\/wp\/v2\/types\/post"}],"author":[{"embeddable":true,"href":"https:\/\/tautastribunals.eu\/index.php?rest_route=\/wp\/v2\/users\/1"}],"replies":[{"embeddable":true,"href":"https:\/\/tautastribunals.eu\/index.php?rest_route=%2Fwp%2Fv2%2Fcomments&post=53528"}],"version-history":[{"count":4,"href":"https:\/\/tautastribunals.eu\/index.php?rest_route=\/wp\/v2\/posts\/53528\/revisions"}],"predecessor-version":[{"id":53532,"href":"https:\/\/tautastribunals.eu\/index.php?rest_route=\/wp\/v2\/posts\/53528\/revisions\/53532"}],"wp:attachment":[{"href":"https:\/\/tautastribunals.eu\/index.php?rest_route=%2Fwp%2Fv2%2Fmedia&parent=53528"}],"wp:term":[{"taxonomy":"category","embeddable":true,"href":"https:\/\/tautastribunals.eu\/index.php?rest_route=%2Fwp%2Fv2%2Fcategories&post=53528"},{"taxonomy":"post_tag","embeddable":true,"href":"https:\/\/tautastribunals.eu\/index.php?rest_route=%2Fwp%2Fv2%2Ftags&post=53528"}],"curies":[{"name":"wp","href":"https:\/\/api.w.org\/{rel}","templated":true}]}}