{"id":53319,"date":"2019-10-19T13:44:02","date_gmt":"2019-10-19T10:44:02","guid":{"rendered":"https:\/\/tautastribunals.eu\/?p=53319"},"modified":"2019-10-27T19:58:49","modified_gmt":"2019-10-27T17:58:49","slug":"un-sie-noziedznieki-aizrada-bordanam","status":"publish","type":"post","link":"https:\/\/tautastribunals.eu\/?p=53319","title":{"rendered":"Un \u0161ie noziedznieki aizr\u0101da Bord\u0101nam !!!"},"content":{"rendered":"\n<figure class=\"wp-block-image\"><img decoding=\"async\" loading=\"lazy\" width=\"800\" height=\"112\" src=\"https:\/\/tautastribunals.eu\/wp-content\/uploads\/2019\/10\/www.tautastribunals.eu-12-1-800x112.png\" alt=\"\" class=\"wp-image-53058\" srcset=\"https:\/\/tautastribunals.eu\/wp-content\/uploads\/2019\/10\/www.tautastribunals.eu-12-1-800x112.png 800w, https:\/\/tautastribunals.eu\/wp-content\/uploads\/2019\/10\/www.tautastribunals.eu-12-1-300x42.png 300w, https:\/\/tautastribunals.eu\/wp-content\/uploads\/2019\/10\/www.tautastribunals.eu-12-1-768x108.png 768w, https:\/\/tautastribunals.eu\/wp-content\/uploads\/2019\/10\/www.tautastribunals.eu-12-1.png 950w\" sizes=\"(max-width: 800px) 100vw, 800px\" \/><\/figure>\n\n\n\n<figure class=\"wp-block-image is-resized\"><img decoding=\"async\" loading=\"lazy\" src=\"https:\/\/tautastribunals.eu\/wp-content\/uploads\/2019\/10\/Bi\u010dkovi\u010ds.Bord\u0101ns.Ziemele.Granti\u0146\u0161.LRTT_-2-484x800.png\" alt=\"\" class=\"wp-image-53518\" width=\"644\" height=\"1064\" srcset=\"https:\/\/tautastribunals.eu\/wp-content\/uploads\/2019\/10\/Bi\u010dkovi\u010ds.Bord\u0101ns.Ziemele.Granti\u0146\u0161.LRTT_-2-484x800.png 484w, https:\/\/tautastribunals.eu\/wp-content\/uploads\/2019\/10\/Bi\u010dkovi\u010ds.Bord\u0101ns.Ziemele.Granti\u0146\u0161.LRTT_-2-182x300.png 182w, https:\/\/tautastribunals.eu\/wp-content\/uploads\/2019\/10\/Bi\u010dkovi\u010ds.Bord\u0101ns.Ziemele.Granti\u0146\u0161.LRTT_-2.png 500w\" sizes=\"(max-width: 644px) 100vw, 644px\" \/><\/figure>\n\n\n\n<p>Atg\u0101din\u0101\u0161u, k\u0101<strong> noziedznieks Kalnmeiers<\/strong>, p\u0113c <strong>Borovkova &amp; Bunkas &#8220;ieteikuma&#8221;<\/strong>, v\u0113las tikt gal\u0101 ar <strong>H- 86 dibin\u0101t\u0101ju<\/strong> un akt\u012bv\u0101s <strong>Atmodas aizs\u0101c\u0113ju L. Granti\u0146u<\/strong>.<\/p>\n\n\n\n<h2>Skat, k\u0101 \u0161ak\u0101\u013ci sasparoju\u0161ies pret Atmodas aizs\u0101c\u0113ju L. Granti\u0146u !!!<\/h2>\n\n\n\n<h2><a href=\"https:\/\/juristiem.wordpress.com\/2019\/02\/04\/lja-parstavju-tiksanas-ar-generalprokuroru\/\">LJA p\u0101rst\u0101vju tik\u0161an\u0101s ar \u0123ener\u0101lprokuroru<\/a><\/h2>\n\n\n\n<p>\nPosted on <a href=\"https:\/\/juristiem.wordpress.com\/2019\/02\/04\/lja-parstavju-tiksanas-ar-generalprokuroru\/\">February 4, 2019<\/a> by <a href=\"https:\/\/juristiem.wordpress.com\/author\/juristiem\/\">LJA<\/a><\/p>\n\n\n\n<div class=\"wp-block-image\"><figure class=\"alignleft\"><a href=\"https:\/\/juristiem.wordpress.com\/2019\/02\/04\/lja-parstavju-tiksanas-ar-generalprokuroru\/_dsc1158\/\"><img decoding=\"async\" src=\"https:\/\/juristiem.files.wordpress.com\/2019\/02\/dsc1158.jpg?w=100&amp;h=150\" alt=\"\" class=\"wp-image-2577\"\/><\/a><\/figure><\/div>\n\n\n\n<p>29.janv\u0101r\u012b\n notika LJA p\u0101rst\u0101vju tik\u0161an\u0101s ar LR Prokurat\u016bras \u0123ener\u0101lprokuroru \u0112riku\n Kalnmeieru. P\u0101rrun\u0101ta darb\u012bba starpaugstskolu profesoru padom\u0113. \u0112.Tre\u013cs\n un R.Bunka izkl\u0101st\u012bja viedokli par par prokuroru dal\u012bbu VAS r\u012bkotaj\u0101s \nm\u0101c\u012bb\u0101s.<\/p>\n\n\n\n<p>\u0122ener\u0101lprokurors pauda no\u017e\u0113lu, ka jaun\u0101s vald\u012bbas deklar\u0101cij\u0101 vairs \nnav ietverts LJA rosin\u0101tais punkts par studiju programmas izveidi \noperat\u012bvo darbinieku un izmekl\u0113t\u0101ju apm\u0101c\u012bbai. V.Krams sniedza \ninform\u0101ciju par atsevi\u0161\u0137iem krimin\u0101lprocesu\u0101l\u0101s darb\u012bbas jaut\u0101jumiem.<\/p>\n\n\n\n<p>\u0112.Tre\u013cs sniedza viedokli par Linarda Granti\u0146a darb\u012bb\u0101m, ar kur\u0101m \nGranti\u0146\u0161 aicina nosist \u0123ener\u0101lprokuroru un vair\u0101kus LJA biedrus, uz ko \n\u0123ener\u0113alprokurors pauda cer\u012bbu par dr\u012bzu krimin\u0101lprocesu\u0101lo rezult\u0101tu \nL.Granti\u0146a liet\u0101.<\/p>\n\n\n\n<p>R.Bunka sniedza p\u0101rskatu par LJA darb\u012bbas rezult\u0101tiem p\u0113c Saeimas  Zolit\u016bdes komisijas. Nobeigum\u0101 \u0123ener\u0101lprokurors pauda ieinteres\u0113t\u012bbu  iepaz\u012bties ar LJA biedru p\u0113t\u012bjumiem ties\u012bbu zin\u0101tn\u0113.<\/p>\n\n\n\n<p class=\"has-background has-medium-font-size has-vivid-red-background-color\">T\u0101 ir izdzimte\u0146u- slepkavu banda, par kuriem liecin\u0101ja A. Bab\u0101ne:<\/p>\n\n\n\n<figure class=\"wp-block-embed-wordpress wp-block-embed is-type-wp-embed is-provider-latvijas-republikas-tautas\"><div class=\"wp-block-embed__wrapper\">\n<blockquote class=\"wp-embedded-content\" data-secret=\"YhtgrsBfPC\"><a href=\"https:\/\/tautastribunals.eu\/?p=39910\">Astr\u012bdas Bab\u0101nes kundzes liec\u012bbas H- 86<\/a><\/blockquote><iframe title=\"&#8222;Astr\u012bdas Bab\u0101nes kundzes liec\u012bbas H- 86&#8220; &#8212; Latvijas Republikas tautas\" class=\"wp-embedded-content\" sandbox=\"allow-scripts\" security=\"restricted\" style=\"position: absolute; clip: rect(1px, 1px, 1px, 1px);\" src=\"https:\/\/tautastribunals.eu\/?p=39910&#038;embed=true#?secret=YhtgrsBfPC\" data-secret=\"YhtgrsBfPC\" width=\"500\" height=\"282\" frameborder=\"0\" marginwidth=\"0\" marginheight=\"0\" scrolling=\"no\"><\/iframe>\n<\/div><\/figure>\n\n\n\n<p class=\"has-background has-medium-font-size has-vivid-red-background-color\">Kas las\u0101ms par Augst\u0101ko Tiesu<\/p>\n\n\n\n<p class=\"has-text-color has-background has-medium-font-size has-very-dark-gray-color has-very-light-gray-background-color\"><a href=\"http:\/\/at.gov.lv\/lv\/tieslietu-padome\/sastavs\">http:\/\/at.gov.lv\/lv\/tieslietu-padome\/sastavs<\/a><\/p>\n\n\n\n<p>Tieslietu padomes sast\u0101v\u0101 ir \u0161\u0101di past\u0101v\u012bgie locek\u013ci (amatpersonas):<\/p>\n\n\n\n<p>1) Augst\u0101k\u0101s tiesas priek\u0161s\u0113d\u0113t\u0101js;<\/p>\n\n\n\n<p>2) Satversmes tiesas priek\u0161s\u0113d\u0113t\u0101js;<\/p>\n\n\n\n<p>3) tieslietu ministrs;<\/p>\n\n\n\n<p>4) Saeimas Juridisk\u0101s komisijas priek\u0161s\u0113d\u0113t\u0101js;<\/p>\n\n\n\n<p>5) \u0123ener\u0101lprokurors;<\/p>\n\n\n\n<p>6) Latvijas Zv\u0113rin\u0101tu advok\u0101tu padomes priek\u0161s\u0113d\u0113t\u0101js;<\/p>\n\n\n\n<p>7) Latvijas Zv\u0113rin\u0101tu not\u0101ru padomes priek\u0161s\u0113d\u0113t\u0101js;<\/p>\n\n\n\n<p>8) Latvijas Zv\u0113rin\u0101tu tiesu izpild\u012bt\u0101ju padomes priek\u0161s\u0113d\u0113t\u0101js.<\/p>\n\n\n\n<p>Past\u0101v\u012bgais loceklis (amatpersona) dal\u012bbai Tieslietu padomes s\u0113d\u0113 var pilnvarot citu personu.<\/p>\n\n\n\n<p>Tieslietu padomes sast\u0101v\u0101 ir \u0161\u0101di v\u0113l\u0113ti locek\u013ci:<\/p>\n\n\n\n<p>1) Augst\u0101k\u0101s tiesas pl\u0113numa iev\u0113l\u0113ts tiesnesis;<\/p>\n\n\n\n<p>2) se\u0161i Tiesne\u0161u konferences iev\u0113l\u0113ti tiesne\u0161i.<\/p>\n\n\n\n<p>Tiesne\u0161u konference vienu Tieslietu padomes locekli iev\u0113l\u0113 no \nzemesgr\u0101matu noda\u013cu tiesne\u0161u vidus, tr\u012bs \u2013 no rajonu (pils\u0113tu) tiesu \ntiesne\u0161u vidus, divus \u2013 no apgabaltiesu tiesne\u0161u vidus.<\/p>\n\n\n\n<p>V\u0113l\u0113ta Tieslietu padomes locek\u013ca pilnvaru termi\u0146\u0161 ir \u010detri gadi. \nTieslietu padomes locekli var iev\u0113l\u0113t atk\u0101rtoti, bet ne vair\u0101k k\u0101 divas \nreizes p\u0113c k\u0101rtas. V\u0113l\u0113ta Tieslietu padomes locek\u013ca statuss nav \nsavienojams ar Tiesne\u0161u disciplin\u0101rkol\u0113\u0123ijas locek\u013ca, Disciplin\u0101rtiesas \nlocek\u013ca, Tiesne\u0161u kvalifik\u0101cijas kol\u0113\u0123ijas locek\u013ca vai Tiesne\u0161u \u0113tikas \nkomisijas locek\u013ca pien\u0101kumu pild\u012b\u0161anu.<\/p>\n\n\n\n<p>Tieslietu padomes darb\u0101 ar padomdev\u0113ja ties\u012bb\u0101m var piedal\u012bties  ties\u012bbsargs un Tiesu administr\u0101cijas direktors vai \u0161o personu pilnvaroti  p\u0101rst\u0101vji, Latvijas Zin\u0101t\u0146u akad\u0113mijas apstiprin\u0101tu ties\u012bbzin\u0101t\u0146u  ekspertu dele\u0123\u0113ts p\u0101rst\u0101vis, k\u0101 ar\u012b tiesne\u0161u biedr\u012bbu p\u0101rst\u0101vji.<\/p>\n\n\n\n<figure class=\"wp-block-image\"><img decoding=\"async\" loading=\"lazy\" width=\"691\" height=\"479\" src=\"https:\/\/tautastribunals.eu\/wp-content\/uploads\/2019\/10\/Ziemele.Bi\u010dkovi\u010ds-B\u0113rzi\u0146\u0161.LRTT_.-Granti\u0146\u0161.png\" alt=\"\" class=\"wp-image-53325\" srcset=\"https:\/\/tautastribunals.eu\/wp-content\/uploads\/2019\/10\/Ziemele.Bi\u010dkovi\u010ds-B\u0113rzi\u0146\u0161.LRTT_.-Granti\u0146\u0161.png 691w, https:\/\/tautastribunals.eu\/wp-content\/uploads\/2019\/10\/Ziemele.Bi\u010dkovi\u010ds-B\u0113rzi\u0146\u0161.LRTT_.-Granti\u0146\u0161-300x208.png 300w\" sizes=\"(max-width: 691px) 100vw, 691px\" \/><\/figure>\n\n\n\n<p class=\"has-background has-very-light-gray-background-color\"><em>Tieslietu padome 2018.gada august\u0101. S\u0113\u017e no kreis\u0101s: R\u012bgas \npils\u0113tas Vidzemes priek\u0161pils\u0113tas zemesgr\u0101matu noda\u013cas tiesnese Inguna \nHelmane, Satversmes tiesas priek\u0161s\u0113d\u0113t\u0101ja Ineta Ziemele, R\u012bgas pils\u0113tas \nLatgales priek\u0161pils\u0113tas tiesas priek\u0161s\u0113d\u0113t\u0101ja p.i. Sandra Strence, \nZemgales rajona tiesas (Tukum\u0101) tiesnese Adrija Kasakovska, Augst\u0101k\u0101s \ntiesas tiesnese In\u0101ra Garda, Administrat\u012bv\u0101s rajona tiesas \npriek\u0161s\u0113d\u0113t\u0101ja Ilze Freimane. St\u0101v no kreis\u0101s: Zv\u0113rin\u0101tu not\u0101ru padomes \npriek\u0161s\u0113d\u0113t\u0101js J\u0101nis Skrasti\u0146\u0161, tieslietu ministrs Dzintars Rasna\u010ds, \nSaeimas Juridisk\u0101s komisijas priek\u0161s\u0113d\u0113t\u0101js Gaidis B\u0113rzi\u0146\u0161, Augst\u0101k\u0101s \ntiesas priek\u0161s\u0113d\u0113t\u0101js Ivars Bi\u010dkovi\u010ds, Zv\u0113rin\u0101tu tiesu izpild\u012bt\u0101ju \npadomes priek\u0161s\u0113d\u0113t\u0101js Andris Spore, Latgales apgabaltiesas \npriek\u0161s\u0113d\u0113t\u0101js Andris Strauts, R\u012bgas pils\u0113tas Vidzemes priek\u0161pils\u0113tas \ntiesas tiesnesis Zigmunds Dundurs un Zv\u0113rin\u0101tu advok\u0101tu padomes \npriek\u0161s\u0113d\u0113t\u0101js J\u0101nis Rozenbergs. Kl\u0101t nav \u0123ener\u0101lprokurors \u0112riks \nKalnmeiers.<\/em><\/p>\n\n\n\n<p><strong>Tieslietu padomes sast\u0101vs<\/strong><\/p>\n\n\n\n<p><em>Amatpersonas:<\/em><\/p>\n\n\n\n<p>Ivars BI\u010cKOVI\u010cS, Augst\u0101k\u0101s tiesas priek\u0161s\u0113d\u0113t\u0101js, Tieslietu padomes priek\u0161s\u0113d\u0113t\u0101js<\/p>\n\n\n\n<p>Ineta ZIEMELE, Satversmes tiesas priek\u0161s\u0113d\u0113t\u0101js<\/p>\n\n\n\n<p>J\u0101nis BORD\u0100NS, tieslietu ministrs<\/p>\n\n\n\n<p>\u0112riks KALNMEIERS, \u0123ener\u0101lprokurors<\/p>\n\n\n\n<p>Juta STR\u012a\u0136E, Saeimas Juridisk\u0101s komisijas priek\u0161s\u0113d\u0113t\u0101ja<\/p>\n\n\n\n<p>J\u0101nis ROZENBERGS, Zv\u0113rin\u0101tu advok\u0101tu padomes priek\u0161s\u0113d\u0113t\u0101js<\/p>\n\n\n\n<p>J\u0101nis SKRASTI\u0145\u0160, Zv\u0113rin\u0101tu not\u0101ru padomes priek\u0161s\u0113d\u0113t\u0101js<\/p>\n\n\n\n<p>Iveta KRUKA, Zv\u0113rin\u0101tu tiesu izpild\u012bt\u0101ju padomes priek\u0161s\u0113d\u0113t\u0101ja<\/p>\n\n\n\n<p><em>Augst\u0101k\u0101s tiesas pl\u0113num\u0101 2018. gada 10. septembr\u012b iev\u0113l\u0113ts tiesnesis:<\/em><\/p>\n\n\n\n<p>Aigars STRUPI\u0160S, Augst\u0101k\u0101s tiesas Civillietu departamenta priek\u0161s\u0113d\u0113t\u0101js<\/p>\n\n\n\n<p><em>Latvijas tiesne\u0161u konferenc\u0113 iev\u0113l\u0113ti tiesne\u0161i:<\/em><\/p>\n\n\n\n<p>Dzintra BALTA, R\u012bgas apgabaltiesas tiesnese (<em>iev\u0113l\u0113ta 18.09.2018.)<\/em><\/p>\n\n\n\n<p>Zigmunds DUNDURS, R\u012bgas pils\u0113tas Vidzemes priek\u0161pils\u0113tas tiesas tiesnesis <em>(iev\u0113l\u0113ts 10.11.2017.)<\/em><\/p>\n\n\n\n<p>Inguna HELMANE, R\u012bgas pils\u0113tas Vidzemes priek\u0161pils\u0113tas tiesas&nbsp;tiesnese <em>(iev\u0113l\u0113ta 13.11.2015.)<\/em><\/p>\n\n\n\n<p>Guntars PLORI\u0145\u0160, Administrat\u012bv\u0101s rajona tiesas Valmieras tiesu nama priek\u0161s\u0113d\u0113t\u0101js&nbsp;(<em>iev\u0113l\u0113ts 11.09.2018.)<\/em><\/p>\n\n\n\n<p>Juris STUK\u0100NS, R\u012bgas apgabaltiesas tiesnesis<em> (iev\u0113l\u0113ts 11.09.2018.) <\/em><\/p>\n\n\n\n<p>Andris ZUTIS, R\u0113zeknes tiesas tiesnesis<em> (iev\u0113l\u0113ts 11.09.2018.)<\/em><\/p>\n\n\n\n<p>Tieslietu padomes priek\u0161s\u0113d\u0113t\u0101js ir Augst\u0101k\u0101s tiesas priek\u0161s\u0113d\u0113t\u0101js.<\/p>\n\n\n\n<p>Tieslietu padomes priek\u0161s\u0113d\u0113t\u0101js vada Tieslietu padomes darbu, sasauc\n Tieslietu padomes s\u0113des un nosaka to darba k\u0101rt\u012bbu, p\u0101rst\u0101v Tieslietu \npadomi un paraksta Tieslietu padomes l\u0113mumus un citus dokumentus.<\/p>\n\n\n\n<p>Tieslietu padomes priek\u0161s\u0113d\u0113t\u0101ja vietnieku iev\u0113l\u0113 Tieslietu padome no\n taj\u0101 p\u0101rst\u0101v\u0113to tiesne\u0161u vidus. 2018.gada 15.oktobr\u012b par Tieslietu \npadomes priek\u0161s\u0113d\u0113t\u0101ja vietnieci iev\u0113l\u0113ta R\u012bgas apgabaltiesas tiesnese \nDzintra BALTA.<\/p>\n","protected":false},"excerpt":{"rendered":"<p>Atg\u0101din\u0101\u0161u, k\u0101 noziedznieks Kalnmeiers, p\u0113c Borovkova &amp; Bunkas &#8220;ieteikuma&#8221;, v\u0113las tikt gal\u0101 ar H- 86 dibin\u0101t\u0101ju un akt\u012bv\u0101s Atmodas aizs\u0101c\u0113ju L. Granti\u0146u. Skat, k\u0101 \u0161ak\u0101\u013ci sasparoju\u0161ies pret Atmodas aizs\u0101c\u0113ju L. Granti\u0146u !!! LJA p\u0101rst\u0101vju&#46;&#46;&#46;<\/p>\n","protected":false},"author":1,"featured_media":0,"comment_status":"open","ping_status":"open","sticky":false,"template":"","format":"standard","meta":[],"categories":[1],"tags":[],"_links":{"self":[{"href":"https:\/\/tautastribunals.eu\/index.php?rest_route=\/wp\/v2\/posts\/53319"}],"collection":[{"href":"https:\/\/tautastribunals.eu\/index.php?rest_route=\/wp\/v2\/posts"}],"about":[{"href":"https:\/\/tautastribunals.eu\/index.php?rest_route=\/wp\/v2\/types\/post"}],"author":[{"embeddable":true,"href":"https:\/\/tautastribunals.eu\/index.php?rest_route=\/wp\/v2\/users\/1"}],"replies":[{"embeddable":true,"href":"https:\/\/tautastribunals.eu\/index.php?rest_route=%2Fwp%2Fv2%2Fcomments&post=53319"}],"version-history":[{"count":24,"href":"https:\/\/tautastribunals.eu\/index.php?rest_route=\/wp\/v2\/posts\/53319\/revisions"}],"predecessor-version":[{"id":53520,"href":"https:\/\/tautastribunals.eu\/index.php?rest_route=\/wp\/v2\/posts\/53319\/revisions\/53520"}],"wp:attachment":[{"href":"https:\/\/tautastribunals.eu\/index.php?rest_route=%2Fwp%2Fv2%2Fmedia&parent=53319"}],"wp:term":[{"taxonomy":"category","embeddable":true,"href":"https:\/\/tautastribunals.eu\/index.php?rest_route=%2Fwp%2Fv2%2Fcategories&post=53319"},{"taxonomy":"post_tag","embeddable":true,"href":"https:\/\/tautastribunals.eu\/index.php?rest_route=%2Fwp%2Fv2%2Ftags&post=53319"}],"curies":[{"name":"wp","href":"https:\/\/api.w.org\/{rel}","templated":true}]}}