{"id":53209,"date":"2019-10-10T04:45:32","date_gmt":"2019-10-10T01:45:32","guid":{"rendered":"https:\/\/tautastribunals.eu\/?p=53209"},"modified":"2019-10-10T04:45:32","modified_gmt":"2019-10-10T01:45:32","slug":"v-freimantals-pat-dziesmu-svetki-degradeti","status":"publish","type":"post","link":"https:\/\/tautastribunals.eu\/?p=53209","title":{"rendered":"V. Freimant\u0101ls. Pat Dziesmu sv\u0113tki degrad\u0113ti"},"content":{"rendered":"\n<figure class=\"wp-block-image\"><img decoding=\"async\" loading=\"lazy\" width=\"744\" height=\"211\" src=\"https:\/\/tautastribunals.eu\/wp-content\/uploads\/2019\/10\/Valdis-Freimant\u0101lsL.Granti\u0146\u0161.LRTT3_-1.png\" alt=\"\" class=\"wp-image-53210\" srcset=\"https:\/\/tautastribunals.eu\/wp-content\/uploads\/2019\/10\/Valdis-Freimant\u0101lsL.Granti\u0146\u0161.LRTT3_-1.png 744w, https:\/\/tautastribunals.eu\/wp-content\/uploads\/2019\/10\/Valdis-Freimant\u0101lsL.Granti\u0146\u0161.LRTT3_-1-300x85.png 300w\" sizes=\"(max-width: 744px) 100vw, 744px\" \/><\/figure>\n\n\n\n<p><strong>Banda <\/strong>sevi apg\u0101d\u0101 ar naudu !<\/p>\n\n\n\n<p><strong>RLB<\/strong> darb\u012bba pamatota ar latvisk\u0101s p\u0101rliec\u012bbas un\nkult\u016bras kop\u0161anu !<\/p>\n\n\n\n<p>M\u0113s, atjaunot\u0101s <strong>RLB <\/strong>idejiskie\nc\u012bn\u012bt\u0101ji, nesa\u0146\u0113m\u0101m ne kapeikas par savu darbo\u0161anos M\u0101mu\u013c\u0101! Iz\u0146\u0113mums bija <strong>7\ncilv\u0113ku RLB apsardzes dienests,<\/strong> kuru vad\u012bja <strong>Vilis Kal\u0113js, Latvijas\nbr\u012bvvalsts patriots, alp\u012bnists un ce\u013cot\u0101js<\/strong>.<\/p>\n\n\n\n<p>M\u016bsu kl\u0101tb\u016btni biedr\u012bb\u0101 noteica\ntikai un vien\u012bgi likum\u012bbas atjauno\u0161anas nepiecie\u0161am\u012bba <strong>Latvij\u0101<\/strong> !<\/p>\n\n\n\n<p>Neviens no mums nepeln\u012bja naudu <strong>M\u0101mu\u013c\u0101\n<\/strong>\u2013 tie\u0161i otr\u0101di, katrs no mums velt\u012bja savu apzin\u012bgo darbu likum\u012bbas un\ntiesiskuma atjauno\u0161anai un komunistu atdal\u012b\u0161anai no valsts turpm\u0101k\u0101s p\u0101rvaldes !<\/p>\n\n\n\n<p>Uzskatu, ka tagad ir nepiecie\u0161ama\nizmekl\u0113\u0161ana par <strong>RLB<\/strong> nelikum\u012bgo strukt\u016bru algo\u0161anu kop\u0161 1993. gada 18.\nfebru\u0101ra nakts <strong>PRETLATVISK\u0100 TERORA AKTA <\/strong>!<\/p>\n\n\n\n<p>Esmu p\u0101rliecin\u0101ts, ka<strong> 4. maija<\/strong> komunistu un \u010dekistu valsts p\u0101rvalde izveidojusi mask\u0113tu valsts strukt\u016bru sabiedrisk\u0101s organiz\u0101cijas viet\u0101 !<\/p>\n\n\n\n<p>Tas ir komunistu un \u010dekistu <strong>NOZIEGUMS<\/strong>\n!<\/p>\n\n\n\n<p>Atkl\u0101jams, nosod\u0101ms un\np\u0101rtraucams !<em> (Ties\u0101jams p\u0113c Latvijas un ES likumiem).<\/em><\/p>\n\n\n\n<p>Pat <strong>Dziesmu sv\u0113tku<\/strong> b\u016bt\u012bba\ntagad ir izkrop\u013cota l\u012bdz nepaz\u012b\u0161anai \u2013 naudas peln\u012b\u0161anas pas\u0101kums, ne vairs\nbr\u012bvpr\u0101t\u012bg\u0101 kop\u0101 n\u0101k\u0161ana \u2013 latvisk\u0101s kult\u016bras pas\u0101kums, bet merkantila rakstura\nros\u012b\u0161an\u0101s.<\/p>\n\n\n\n<p>L\u012bdztekus <strong>Latvijas r\u016bpniec\u012bbas\nnoziedz\u012bgai likvid\u0101cijai<\/strong> un sadal\u012b\u0161anai komunistun un \u010dekistu\nnomenklat\u016bras kabat\u0101s \u2013 ari kult\u016bras un sabiedrisko organiz\u0101ciju darb\u012bbu <strong>BRUT\u0100LI<\/strong>\n<strong>p\u0101r\u0146\u0113ma sarkano c\u0113rme\u0146u banda sav\u0101 kontrol\u0113 <\/strong>! <\/p>\n\n\n\n<p>Viss sagriezts ar k\u0101j\u0101m gais\u0101 !<\/p>\n\n\n\n<p>Viss pak\u013cauts <strong>komunistu un \u010dekistu<\/strong> neierobe\u017eot\u0101s varas notur\u0113\u0161anai <strong>4. maija Latvij\u0101 <\/strong>!<\/p>\n\n\n\n<p>10.10.19<\/p>\n\n\n\n<p class=\"has-background has-large-font-size has-vivid-green-cyan-background-color\">LRTT<\/p>\n\n\n\n<p class=\"has-background has-large-font-size has-vivid-red-background-color\">Tas ir \u017e\u012bdisms, Freimant\u0101la kungs !<\/p>\n\n\n\n<figure class=\"wp-block-image is-resized\"><img decoding=\"async\" loading=\"lazy\" src=\"https:\/\/tautastribunals.eu\/wp-content\/uploads\/2019\/10\/Tramps.-Granti\u0146\u0161.Lukjanovs.LRTT_.png\" alt=\"\" class=\"wp-image-53212\" width=\"638\" height=\"677\" srcset=\"https:\/\/tautastribunals.eu\/wp-content\/uploads\/2019\/10\/Tramps.-Granti\u0146\u0161.Lukjanovs.LRTT_.png 527w, https:\/\/tautastribunals.eu\/wp-content\/uploads\/2019\/10\/Tramps.-Granti\u0146\u0161.Lukjanovs.LRTT_-283x300.png 283w\" sizes=\"(max-width: 638px) 100vw, 638px\" \/><\/figure>\n","protected":false},"excerpt":{"rendered":"<p>Banda sevi apg\u0101d\u0101 ar naudu ! RLB darb\u012bba pamatota ar latvisk\u0101s p\u0101rliec\u012bbas un kult\u016bras kop\u0161anu ! M\u0113s, atjaunot\u0101s RLB idejiskie c\u012bn\u012bt\u0101ji, nesa\u0146\u0113m\u0101m ne kapeikas par savu darbo\u0161anos M\u0101mu\u013c\u0101! Iz\u0146\u0113mums bija 7 cilv\u0113ku RLB apsardzes&#46;&#46;&#46;<\/p>\n","protected":false},"author":1,"featured_media":0,"comment_status":"open","ping_status":"open","sticky":false,"template":"","format":"standard","meta":[],"categories":[1],"tags":[],"_links":{"self":[{"href":"https:\/\/tautastribunals.eu\/index.php?rest_route=\/wp\/v2\/posts\/53209"}],"collection":[{"href":"https:\/\/tautastribunals.eu\/index.php?rest_route=\/wp\/v2\/posts"}],"about":[{"href":"https:\/\/tautastribunals.eu\/index.php?rest_route=\/wp\/v2\/types\/post"}],"author":[{"embeddable":true,"href":"https:\/\/tautastribunals.eu\/index.php?rest_route=\/wp\/v2\/users\/1"}],"replies":[{"embeddable":true,"href":"https:\/\/tautastribunals.eu\/index.php?rest_route=%2Fwp%2Fv2%2Fcomments&post=53209"}],"version-history":[{"count":6,"href":"https:\/\/tautastribunals.eu\/index.php?rest_route=\/wp\/v2\/posts\/53209\/revisions"}],"predecessor-version":[{"id":53217,"href":"https:\/\/tautastribunals.eu\/index.php?rest_route=\/wp\/v2\/posts\/53209\/revisions\/53217"}],"wp:attachment":[{"href":"https:\/\/tautastribunals.eu\/index.php?rest_route=%2Fwp%2Fv2%2Fmedia&parent=53209"}],"wp:term":[{"taxonomy":"category","embeddable":true,"href":"https:\/\/tautastribunals.eu\/index.php?rest_route=%2Fwp%2Fv2%2Fcategories&post=53209"},{"taxonomy":"post_tag","embeddable":true,"href":"https:\/\/tautastribunals.eu\/index.php?rest_route=%2Fwp%2Fv2%2Ftags&post=53209"}],"curies":[{"name":"wp","href":"https:\/\/api.w.org\/{rel}","templated":true}]}}