{"id":53025,"date":"2019-10-02T15:52:06","date_gmt":"2019-10-02T12:52:06","guid":{"rendered":"https:\/\/tautastribunals.eu\/?p=53025"},"modified":"2019-10-03T20:04:42","modified_gmt":"2019-10-03T17:04:42","slug":"parmainam-but-cionisma-pamati-ir-haosa-radisana","status":"publish","type":"post","link":"https:\/\/tautastribunals.eu\/?p=53025","title":{"rendered":"&#8220;P\u0101rmai\u0146\u0101m b\u016bt&#8221;: Cionisma pamati ir haosa rad\u012b\u0161ana !"},"content":{"rendered":"<p><img decoding=\"async\" loading=\"lazy\" class=\"alignleft wp-image-52893\" src=\"https:\/\/tautastribunals.eu\/wp-content\/uploads\/2019\/09\/www.tautastribunals.eu-12.png\" alt=\"\" width=\"633\" height=\"89\" srcset=\"https:\/\/tautastribunals.eu\/wp-content\/uploads\/2019\/09\/www.tautastribunals.eu-12.png 950w, https:\/\/tautastribunals.eu\/wp-content\/uploads\/2019\/09\/www.tautastribunals.eu-12-300x42.png 300w, https:\/\/tautastribunals.eu\/wp-content\/uploads\/2019\/09\/www.tautastribunals.eu-12-768x108.png 768w, https:\/\/tautastribunals.eu\/wp-content\/uploads\/2019\/09\/www.tautastribunals.eu-12-800x112.png 800w\" sizes=\"(max-width: 633px) 100vw, 633px\" \/><\/p>\n<p>&nbsp;<\/p>\n<h2>Koment\u0101rs k\u0101 atbilde <a href=\"http:\/\/2019. gada 28. September um 14.34 Uhr (Bearbeiten)\">SOS<\/a><\/h2>\n<div class=\"comment-author vcard\"><\/div>\n<h2 class=\"comment-meta commentmetadata\"><span style=\"color: #800080;\"><a style=\"color: #800080;\" href=\"https:\/\/tautastribunals.eu\/?p=52969#comment-65620\"> SOS LV me\u017ekopji: 2019. gada 28. September um 14.34 <\/a><\/span><\/h2>\n<p>Liela pateic\u012bba, \u0161iem pieredz\u0113ju\u0161ajiem me\u017ea speci\u0101listiem par izsme\u013co\u0161o situ\u0101cijas anal\u012bzi un inform\u0101ciju ar faktu sal\u012bdzin\u0101jumiem.<br \/>\nT\u0101da pieredz\u0113ju\u0161u profesion\u0101\u013cu anal\u012bze b\u016btu nepiecie\u0161ama katr\u0101 nozar\u0113 un jo \u012bpa\u0161i izgl\u012bt\u012bb\u0101, jo t\u0101 ir m\u016bsu n\u0101kotne un t\u0101 j\u0101balsta uz godpr\u0101t\u012bgu profesion\u0101\u013cu zin\u0101\u0161an\u0101m, nevis uz alkat\u012bgu grup\u0113jumu un nodev\u012bgu politi\u0137u savt\u012bg\u0101m iegrib\u0101m. Galarezult\u0101t\u0101 jaunatni izaudzinot ar greizu dz\u012bves uztveri, kura neatbilst sapr\u0101t\u012bgas un ilgtsp\u0113j\u012bgas sabiedr\u012bbas interes\u0113m.<\/p>\n<p>K\u0101 zin\u0101ms, <strong><u>cionisma pamat\u0101 ir haosa rad\u012b\u0161ana, pretnostat\u012b\u0161ana, sanaido\u0161ana un viltus v\u0113rt\u012bbu ievaz\u0101\u0161ana, <\/u><\/strong>ko ar\u012b redzam, vis\u0101s tautsaimniec\u012bbas nozar\u0113s, izgl\u012bt\u012bb\u0101, medic\u012bn\u0101, attieksm\u0113 pret pension\u0101riem, jaunie\u0161iem, bezdarbu utt.<\/p>\n<p>Tas noz\u012bm\u0113, ka uz valsti vara vairs neskat\u0101s k\u0101 uz vienotu veselumu, bet k\u0101 uz izjauktu pulksteni, kur katra amatpersona cen\u0161as uzpul\u0113t savu zobratu, bet neviens nav atbild\u012bgs, lai pulkstenis s\u0101ktu str\u0101d\u0101t.<\/p>\n<p><strong>Nekas nebeigsies ar to vien, ja pan\u0101ksim tiesiskuma atjauno\u0161anu un dekoloniz\u0101ciju. <\/strong><\/p>\n<p>Vajadz\u012bgs godpr\u0101t\u012bgu cilv\u0113ku kopums, kuri ir profesion\u0101\u013ci sav\u0101s nozar\u0113s un sp\u0113j\u012bgi izveidot maksim\u0101li sapr\u0101t\u012bgu un god\u012bgu politiku, kas v\u0113rsta uz labkl\u0101j\u012bbu sabiedr\u012bbas vair\u0101kumam, bet taj\u0101 pat laik\u0101 neaizmirstot, ka maz\u0101kums ar\u012b v\u0113las cilv\u0113kcien\u012bgu dz\u012bvi.<\/p>\n<p>Pievienoju video, kur redzams k\u0101 <strong>Krievij\u0101 <\/strong>ar\u012b nav nek\u0101das opoz\u012bcijas, bet visas partijas ir vienota, cionistiem kalpojo\u0161a un cionistu vad\u012bta banda, kas pa\u0161u sist\u0113mu main\u012bt netais\u0101s. Katrai partijai iedal\u012bta sava loma, lai no malas izskat\u012btos p\u0113c demokr\u0101tijas, bet ik pa laikam izkliegtie sauk\u013ci ir tikai maldin\u0101\u0161ana un iebied\u0113\u0161ana.<\/p>\n<p><iframe loading=\"lazy\" width=\"500\" height=\"281\" src=\"https:\/\/www.youtube.com\/embed\/g49YFGk6hYw?feature=oembed&#038;wmode=opaque\" frameborder=\"0\" allow=\"accelerometer; autoplay; encrypted-media; gyroscope; picture-in-picture\" allowfullscreen><\/iframe><\/p>\n<hr \/>\n<hr \/>\n<hr \/>\n<hr \/>\n<h2><span style=\"color: #008000;\"><strong>LRTT piebilde:<\/strong><\/span><\/h2>\n<p><span style=\"color: #0000ff;\"><strong>\u201eNekas nebeigsies ar to vien, ja pan\u0101ksim tiesiskuma atjauno\u0161anu un dekoloniz\u0101ciju.\u201c<\/strong><\/span><\/p>\n<p><span style=\"color: #008000;\"><img decoding=\"async\" loading=\"lazy\" class=\"alignleft wp-image-48319\" src=\"https:\/\/tautastribunals.eu\/wp-content\/uploads\/2018\/12\/Tem\u012bda-Granti\u0146\u0161-LRTT.-H-86.1.png\" alt=\"\" width=\"125\" height=\"174\" \/>Nedom\u0101ju gan, ka t\u0101ds secin\u0101jums b\u016btu sevi\u0161\u0137i prec\u012bzs.<\/span><\/p>\n<h2><span style=\"color: #008000;\">Jo neatbilst pa\u0161ai DOMAI par Tiesiskumu.<\/span><\/h2>\n<p><span style=\"color: #008000;\">P\u0113c tiesiskuma atjauno\u0161anas visa politisk\u0101 sist\u0113ma s\u0101ks <strong>\u201criopot\u201d<\/strong> pret\u0113j\u0101 virzien\u0101. <\/span><\/p>\n<p><span style=\"color: #008000;\">Katram b\u016bs j\u0101atbild <strong>LIKUMA<\/strong> noteiktaj\u0101 k\u0101rt\u012bb\u0101. <\/span><\/p>\n<p><span style=\"color: #008000;\">Cilv\u0113ka <strong>\u201cgodapr\u0101ts\u201d<\/strong> nesp\u0113l\u0113s lielu lomu, bet gan <strong>Krimin\u0101llikums.<\/strong><\/span><\/p>\n<p><span style=\"color: #008000;\">Advok\u0101ti dr\u012bkst\u0113s p\u0101rst\u0101v\u0113t attiec\u012bgo<strong> \u201cpersonu<\/strong>\u201d, bet ne aizst\u0101v\u0113t ! <\/span><\/p>\n<p><span style=\"color: #008000;\">T\u0101 ir liela at\u0161\u0137ir\u012bba,- ne advok\u0101tam samaks\u0101t\u0101 nauda, bet pastr\u0101d\u0101tais noziegums noteiks soda m\u0113ru ! <\/span><\/p>\n<h2><span style=\"color: #008000;\">Patreiz\u0113j\u0101 \u017e\u012bdu korupt\u0101 sist\u0113ma tiesved\u012bb\u0101 tiks izbeigta.<\/span><\/h2>\n<p><span style=\"color: #008000;\">T\u0101dam <strong>Levitam<\/strong> b\u016bs nekav\u0113joties j\u0101sniedz izsme\u013co\u0161a atbilde: kur un cik likum\u012bgi ieg\u016bti uz <strong>KONTA<\/strong> eso\u0161ie miljoni ?<\/span><\/p>\n<p><span style=\"color: #008000;\">Un te tad ar\u012b vi\u0146\u0101 varen\u012bba izbeigsies\u2026cietums un iesp\u0113jams ar\u012b<strong> ASM<\/strong> par veiktajiem noziegumiem. <\/span><\/p>\n<p><span style=\"color: #008000;\">Nav \u0161aubu, ka aiz vi\u0146a st\u0101v neskait\u0101mu latvie\u0161u n\u0101ves. Par t\u0101diem <strong>godma\u0146iem un borovkoviem<\/strong>\u2026. visp\u0101r netiks pacelts <strong>Tiesiskuma jaut\u0101jums-<\/strong> \u010dekistiem un sadarbo\u0146iem tiks r\u012bkotas <strong>\u012bs\u0101s ties\u0101s<\/strong> un nekav\u0113jo\u0161a soda izpilde.<\/span><\/p>\n<p><span style=\"color: #008000;\">Visi, kuri nevar\u0113s pier\u0101d\u012bt savu<strong> \u201cmiljonu\u201d<\/strong> leg\u0101lu ieg\u016b\u0161anu, tiks ties\u0101ti ar <strong>ASM<\/strong> un vi\u0146u radiniekiem l\u012bdz desmitajai pak\u0101pei viss atsavin\u0101ts.<\/span><\/p>\n<hr \/>\n<h2><span style=\"color: #008000;\">PATIES\u012aBA un TIESISKUMS sav\u0101 b\u016bt\u012bb\u0101 ir ne\u017e\u0113l\u012bgi.<\/span><\/h2>\n<p><span style=\"color: #008000;\">\u0160os ne\u017e\u0113l\u012bguma aug\u013cus katrs noziedznieks pats ir s\u0113jis !<\/span><\/p>\n<p><span style=\"color: #008000;\">02.10.19<\/span><\/p>\n","protected":false},"excerpt":{"rendered":"<p>&nbsp; Koment\u0101rs k\u0101 atbilde SOS SOS LV me\u017ekopji: 2019. gada 28. September um 14.34 Liela pateic\u012bba, \u0161iem pieredz\u0113ju\u0161ajiem me\u017ea speci\u0101listiem par izsme\u013co\u0161o situ\u0101cijas anal\u012bzi un inform\u0101ciju ar faktu sal\u012bdzin\u0101jumiem. T\u0101da pieredz\u0113ju\u0161u profesion\u0101\u013cu anal\u012bze b\u016btu&#46;&#46;&#46;<\/p>\n","protected":false},"author":1,"featured_media":0,"comment_status":"open","ping_status":"open","sticky":false,"template":"","format":"standard","meta":[],"categories":[1],"tags":[],"_links":{"self":[{"href":"https:\/\/tautastribunals.eu\/index.php?rest_route=\/wp\/v2\/posts\/53025"}],"collection":[{"href":"https:\/\/tautastribunals.eu\/index.php?rest_route=\/wp\/v2\/posts"}],"about":[{"href":"https:\/\/tautastribunals.eu\/index.php?rest_route=\/wp\/v2\/types\/post"}],"author":[{"embeddable":true,"href":"https:\/\/tautastribunals.eu\/index.php?rest_route=\/wp\/v2\/users\/1"}],"replies":[{"embeddable":true,"href":"https:\/\/tautastribunals.eu\/index.php?rest_route=%2Fwp%2Fv2%2Fcomments&post=53025"}],"version-history":[{"count":21,"href":"https:\/\/tautastribunals.eu\/index.php?rest_route=\/wp\/v2\/posts\/53025\/revisions"}],"predecessor-version":[{"id":53047,"href":"https:\/\/tautastribunals.eu\/index.php?rest_route=\/wp\/v2\/posts\/53025\/revisions\/53047"}],"wp:attachment":[{"href":"https:\/\/tautastribunals.eu\/index.php?rest_route=%2Fwp%2Fv2%2Fmedia&parent=53025"}],"wp:term":[{"taxonomy":"category","embeddable":true,"href":"https:\/\/tautastribunals.eu\/index.php?rest_route=%2Fwp%2Fv2%2Fcategories&post=53025"},{"taxonomy":"post_tag","embeddable":true,"href":"https:\/\/tautastribunals.eu\/index.php?rest_route=%2Fwp%2Fv2%2Ftags&post=53025"}],"curies":[{"name":"wp","href":"https:\/\/api.w.org\/{rel}","templated":true}]}}