{"id":52891,"date":"2019-09-26T09:40:43","date_gmt":"2019-09-26T06:40:43","guid":{"rendered":"https:\/\/tautastribunals.eu\/?p=52891"},"modified":"2022-02-05T15:31:29","modified_gmt":"2022-02-05T13:31:29","slug":"antiglobalsts-uldis-sene-nomira-baltijas-jura","status":"publish","type":"post","link":"https:\/\/tautastribunals.eu\/?p=52891","title":{"rendered":"&#8220;Antiglob\u0101lsts&#8221; Uldis S\u0113ne &#8220;nomira&#8221; Baltijas j\u016br\u0101 !"},"content":{"rendered":"<p><u><img decoding=\"async\" loading=\"lazy\" class=\"alignleft wp-image-52893\" src=\"https:\/\/tautastribunals.eu\/wp-content\/uploads\/2019\/09\/www.tautastribunals.eu-12.png\" alt=\"\" width=\"2279\" height=\"319\" srcset=\"https:\/\/tautastribunals.eu\/wp-content\/uploads\/2019\/09\/www.tautastribunals.eu-12.png 950w, https:\/\/tautastribunals.eu\/wp-content\/uploads\/2019\/09\/www.tautastribunals.eu-12-300x42.png 300w, https:\/\/tautastribunals.eu\/wp-content\/uploads\/2019\/09\/www.tautastribunals.eu-12-768x108.png 768w, https:\/\/tautastribunals.eu\/wp-content\/uploads\/2019\/09\/www.tautastribunals.eu-12-800x112.png 800w\" sizes=\"(max-width: 2279px) 100vw, 2279px\" \/><\/u><\/p>\n<p><u>K\u0101ds <strong>Uldim S\u0113nem<\/strong> \u013coti tuvs cilv\u0113ks man ats\u016bt\u012bja e- past\u0101:<\/u> <span style=\"color: #0000ff;\"><em>\u201cJums 28.07.2014 gad\u0101 ir raksts par vi\u0146u tautas tribun\u0101l\u0101 kur j\u016bs izsakat viedokli par vi\u0146u un, protams, visiem ir ties\u012bbas\u00a0uz savu viedokli un j\u016bsu viedoklis ir \u013coti skaidrs un skarbs.\u00a0Vi\u0146\u0161 nomira pirms 4 gadiem, un es v\u0113l\u0113jos jums no visas sirds pal\u016bgt no\u0146emt \u0161o rakstu. Ir gr\u016bti\u00a0paskaidrot cik daudz man tas noz\u012bm\u0113tu.\u201d<\/em>\u00a0<\/span><\/p>\n<p><strong>L. <u>Granti\u0146\u0161:<\/u><\/strong> <span style=\"color: #0000ff;\"><em>\u201c<\/em><em>Pirms s\u0101kam ko dar\u012bt, vai J\u016bs nevar\u0113tu man pasac\u012bt: k\u0101 mira Uldis ?<\/em><\/span><\/p>\n<p><span style=\"color: #0000ff;\"><em>Tas ir \u013coti svar\u012bgi !!!<\/em><\/span><\/p>\n<p><span style=\"color: #0000ff;\"><em>J\u016bs saprotat, ko noz\u012bm\u0113ja vi\u0146a sac\u012btais:<\/em> \u00a0<span style=\"color: #800080;\"><strong><em>Uldis S\u0113ne:<\/em><\/strong> <em>\u201eTas, ka nevienu mans viedoklis neinteres\u0113 \u0161obr\u012bd, nenoz\u012bm\u0113, ka p\u0113c m\u0113ne\u0161a situ\u0101cija nes\u0101ks strauji main\u012bties, jo tu v\u0113l neesi inform\u0113ts par to, kas paties\u012bb\u0101 gatavojas.<\/em><em><br \/>\nJebkur\u0101 gad\u012bjum\u0101, taisn\u012bguma princips prasa r\u016bp\u012bgu publisku izmekl\u0113\u0161anu, kur abas intere\u0161u puses ir ties\u012bgas pied\u0101v\u0101t savu skat\u012bjumu un faktus. Un l\u012bdz ar to, mani nav iesp\u0113jams ties\u0101t par tevis izvirz\u012bto aps\u016bdz\u012bbu. Bez tam, viss liek dom\u0101t, ka visticam\u0101k, ties\u0101ts tiksi tu, jo nezini v\u0113l to, kas zin\u0101ms man. bet t\u0101, vec\u012bt, ir sens\u0101cija. tuv\u0101kaj\u0101 laik\u0101 t\u0101 n\u0101ks gaism\u0101, un tu pats b\u016bsi spiests noskat\u012bties, k\u0101 sabr\u016bk tava uzskatu pasaul\u012bte un visa tava brav\u016bra. Dodu 99% garantiju!\u201c\u201d<\/em><\/span><\/span><\/p>\n<p><span style=\"color: #003300;\"><strong><u>Tuvinieka atbilde:<\/u><\/strong> <span style=\"color: #0000ff;\"><em>\u201cVi\u0146\u0161 nomira nosl\u012bkstot Baltijas j\u016br\u0101.\u201d<\/em><\/span><\/span><\/p>\n<hr \/>\n<hr \/>\n<hr \/>\n<hr \/>\n<p>Izlasot \u0161o rakstu: <span style=\"color: #800080;\"><a style=\"color: #800080;\" href=\"https:\/\/www.pietiek.com\/raksti\/ukrainas_situacija_latvija\"><strong>&#8220;Ukrainas situ\u0101cija Latvij\u0101&#8221;<\/strong><\/a><\/span>, j\u016bs g\u016bsiet pietieko\u0161i labu priek\u0161statu, kas bija un kam kalpoja <strong>Uldis S\u0113ne.<\/strong><\/p>\n<hr \/>\n<hr \/>\n<hr \/>\n<hr \/>\n<p><span style=\"color: #003300;\">Par <strong>Uldi S\u0113ni <\/strong>un vi\u0146a <strong>\u201cantiglob\u0101listu\u201d<\/strong> varzu \u0161aj\u0101 vietn\u0113 ir rakst\u012bts jau vair\u0101kk\u0101rt\u012bgi.<\/span><\/p>\n<h2><span style=\"color: #003300;\"> <span style=\"color: #800080;\"><a style=\"color: #800080;\" href=\"https:\/\/tautastribunals.eu\/?p=21416\">\u0160eit<\/a><\/span>, kuram tas interes\u0113, var to las\u012bt detaliz\u0113t\u0101k. <\/span><\/h2>\n<h2><span style=\"color: #003300;\"><span style=\"color: #ff0000;\">Nav nek\u0101das \u0161aubas, ka <strong>Uldi S\u0113ni<\/strong> noslepkavoja !<\/span> <\/span><\/h2>\n<p><span style=\"color: #003300;\">Un noslepkavoja sav\u0113jie, jo vi\u0146\u0161 nepiedodam\u0101 veid\u0101 \u201c<strong>palaida muti<\/strong>\u201d ! Vi\u0146a sac\u012btais <strong>L. Granti\u0146am<\/strong>:<span style=\"color: #0000ff;\"> \u201c\u00a0 <em>Bez tam, viss liek dom\u0101t, ka visticam\u0101k, ties\u0101ts tiksi tu,<strong><span style=\"color: #ff0000;\"> jo nezini v\u0113l to, kas zin\u0101ms man.<\/span><\/strong> bet t\u0101, vec\u012bt, ir sens\u0101cija. tuv\u0101kaj\u0101 laik\u0101 t\u0101 n\u0101ks gaism\u0101, un tu pats b\u016bsi spiests noskat\u012bties, k\u0101 sabr\u016bk tava uzskatu pasaul\u012bte un visa tava brav\u016bra. Dodu 99% garantiju!\u201c<\/em><\/span><\/span><\/p>\n<p><span style=\"color: #003300;\">\u0160is, vi\u0146a rakst\u012btais teksts, bija vi\u0146am 100% n\u0101ves spriedums.<\/span><\/p>\n<p><span style=\"color: #003300;\">\u0160is teksts ar\u012b nep\u0101rprotami nor\u0101da, ka vi\u0146\u0161<em>(visi Antiglob\u0101listi)<\/em> sast\u0101v<em>(sast\u0101v\u0113ja) <\/em>k\u0101d\u0101 pret <strong><u>Latvijas valsti v\u0113rst\u0101 organiz\u0101cij\u0101<\/u><\/strong> ! Tas tad ar\u012b attiecas uz <strong>Andra Orola<\/strong> \u201c<strong>antiglob\u0101listisko varzu<\/strong>\u201d !<\/span><\/p>\n<p><span style=\"color: #003300;\">T\u0101 bija sarakste <strong>Draugi.Lv<\/strong> , kura \u0161odien vairs nav pieejama. Cik atceros, tad es vi\u0146am ar\u012b pasac\u012bju, ka vi\u0146\u0161 ar \u0161o tekstu ir sev parakst\u012bjis n\u0101ves spriedumu.<\/span><\/p>\n<p><span style=\"color: #003300;\">Nav ne maz\u0101ko \u0161aubu, ka <strong>Antiglob\u0101listi <\/strong>ar <strong>A. Orolu <\/strong>priek\u0161gal\u0101, ir anti-latvisks veidojums. <\/span><\/p>\n<p><img decoding=\"async\" loading=\"lazy\" class=\"alignleft  wp-image-21425\" title=\"D Grabovskis, Nagle,Par\u0101dnieks, reiniks,\" src=\"http:\/\/tautastribunals.eu\/wp-content\/uploads\/2014\/07\/D-Grabovskis-NaglePar\u0101dnieks-reiniks.PNG\" sizes=\"(max-width: 637px) 100vw, 637px\" srcset=\"https:\/\/tautastribunals.eu\/wp-content\/uploads\/2014\/07\/D-Grabovskis-NaglePar\u0101dnieks-reiniks.PNG 502w, https:\/\/tautastribunals.eu\/wp-content\/uploads\/2014\/07\/D-Grabovskis-NaglePar\u0101dnieks-reiniks-300x112.PNG 300w\" alt=\"D Grabovskis, Nagle,Par\u0101dnieks, reiniks,\" width=\"2670\" height=\"1006\" \/><\/p>\n<blockquote class=\"wp-embedded-content\" data-secret=\"xZ09vA0GtU\"><p><a href=\"https:\/\/tautastribunals.eu\/?p=24592\">Zemessargi, esiet gatavi !(zi\u0146ojums DP par U.S\u0113ni)<\/a><\/p><\/blockquote>\n<p><iframe class=\"wp-embedded-content\" sandbox=\"allow-scripts\" security=\"restricted\" style=\"position: absolute; clip: rect(1px, 1px, 1px, 1px);\" title=\"&#8220;Zemessargi, esiet gatavi !(zi\u0146ojums DP par U.S\u0113ni)&#8221; &#8212; \" src=\"https:\/\/tautastribunals.eu\/?p=24592&#038;embed=true#?secret=xZ09vA0GtU\" data-secret=\"xZ09vA0GtU\" width=\"500\" height=\"282\" frameborder=\"0\" marginwidth=\"0\" marginheight=\"0\" scrolling=\"no\"><\/iframe><\/p>\n<p><span style=\"color: #003300;\"><strong>Uldi S\u0113ni<\/strong>, kur\u0161 bija iekritis kriev\u017e\u012bdu melu propagandas t\u012bklos, likvid\u0113ja <strong>DP<\/strong>, kura kalpo <strong>Izra\u0113las specdienestiem<\/strong> ! <\/span><\/p>\n<h2><span style=\"color: #008000;\">DP tom\u0113r neat\u013c\u0101va Uldim pasac\u012bt SENS\u0100CIJU\u2026<\/span><\/h2>\n<p><img decoding=\"async\" loading=\"lazy\" class=\"alignleft wp-image-52896\" src=\"https:\/\/tautastribunals.eu\/wp-content\/uploads\/2019\/09\/Uldis-S\u0113ne.Me\u017eviets.L.Granti\u0146\u0161.LRTT_.png\" alt=\"\" width=\"2576\" height=\"2552\" srcset=\"https:\/\/tautastribunals.eu\/wp-content\/uploads\/2019\/09\/Uldis-S\u0113ne.Me\u017eviets.L.Granti\u0146\u0161.LRTT_.png 1029w, https:\/\/tautastribunals.eu\/wp-content\/uploads\/2019\/09\/Uldis-S\u0113ne.Me\u017eviets.L.Granti\u0146\u0161.LRTT_-150x150.png 150w, https:\/\/tautastribunals.eu\/wp-content\/uploads\/2019\/09\/Uldis-S\u0113ne.Me\u017eviets.L.Granti\u0146\u0161.LRTT_-300x297.png 300w, https:\/\/tautastribunals.eu\/wp-content\/uploads\/2019\/09\/Uldis-S\u0113ne.Me\u017eviets.L.Granti\u0146\u0161.LRTT_-768x761.png 768w, https:\/\/tautastribunals.eu\/wp-content\/uploads\/2019\/09\/Uldis-S\u0113ne.Me\u017eviets.L.Granti\u0146\u0161.LRTT_-800x793.png 800w\" sizes=\"(max-width: 2576px) 100vw, 2576px\" \/><\/p>\n<p>P\u0113c <strong>Ulda S\u0113nes<\/strong> sac\u012bt\u0101 var noprast, ka bija paredz\u0113ts apv\u0113rsums !!!<\/p>\n<hr \/>\n<h2>LRTT<\/h2>\n<p>Grib\u0113tos <strong>Uldim TAISAUL\u0112<\/strong> pajaut\u0101t: Vai tas bija to v\u0113rts, sasaist\u012bties ar \u0161iem \u017e\u012bds\u0101taniskajiem\/ <strong>orola\/gardas\/lapinska<\/strong> veid\u012bgajiem m\u0113sliem ? Nedom\u0101ju, ka <strong>Tu, Uldi,<\/strong> biji apzin\u0101ts latvie\u0161u tautas nodev\u0113js.<strong> Tu<\/strong> biji \u017e\u012bds\u0101tanistu upuris&#8230; !<\/p>\n<p>Nav t\u0101das tautas k\u0101 krievi un jebreji, ir haz\u0101ri- s\u0101tanisma piel\u016bdz\u0113ji.<\/p>\n<p>Galvenajiem cionistiem j\u016bs esiet tikai gojas un k\u0101 t\u0101di ar\u012b visi tiksiet no vi\u0146iem &#8220;apr\u012bti&#8221; !<\/p>\n<p>26.09.19<\/p>\n<hr \/>\n<hr \/>\n<h2>No interneta pla\u0161umiem:<\/h2>\n<p><strong><a href=\"https:\/\/www.pietiek.com\/raksti\/ukrainas_situacija_latvija\"><span style=\"color: #800080;\">https:\/\/www.pietiek.com\/raksti\/ukrainas_situacija_latvija<\/span><\/a> <\/strong><\/p>\n<p><strong>L.Granti\u0146\u0161 LRTT<\/strong><\/p>\n<p>19.07.2014. 11:30<\/p>\n<p>VDK darbojas. Kriev- \u017e\u012bdiskais elements Osipovs ir j\u0101nomaina pret kaut ko latvisk\u0101ku. Tad, l\u016bdzu, S\u0113ne ir tas vajadz\u012bgais elements. Var redz\u0113t ar k\u0101du entuziasmu visi Antiglob\u0101listi uzst\u0101jas par okupantu idej\u0101m- pilson\u012bbu visiem. Atg\u0101din\u0101\u0161u \u0161im &#8220;s\u0113n\u0113m&#8221;, ka kriev\u017e\u012bdu- putina laiks ir iztec\u0113jis. T\u0101di &#8220;s\u0113nes&#8221; kop\u0101 ar putinistiem tiks dauz\u012bti visur, kur vi\u0146i par\u0101d\u012bsies.<\/p>\n<p><strong>LS<\/strong><\/p>\n<p>16.07.2014. 21:06<\/p>\n<p>S\u0113ne ar krem\u013ca un LKS+SC idiotiskiem murgiem bie\u017ei pievemj ari Draugiem vietni .Kur rod\u0101s latvju tautas atkritumi ? Ja nemaldos vai S\u0113ne nen\u0101k no Liep\u0101jas , kur to piebaro osipova, kravcova drau\u0123e\u013ci .<\/p>\n<p><strong>krem\u013ca mu\u0161mire<\/strong><\/p>\n<p>16.07.2014. 18:50<\/p>\n<p>Satversme nosaka, ka Latvija ir Vidzeme, Kurzeme, Latgale. Ja krem\u013ca mu\u0161mire no Liep\u0101jas sagrib\u0113s atdal\u012bt Latgali, tad noteikti balso\u0161u par to, lai vi\u0146ai uz sarkan\u0101s mices uzmet bumbu.. vai divas.<\/p>\n<hr \/>\n<hr \/>\n<hr \/>\n<hr \/>\n<h1><span style=\"color: #ff0000;\">Ci\u0101nas de\u0123ener\u0101tu KLO\u0100KA<\/span><\/h1>\n<p><img decoding=\"async\" loading=\"lazy\" class=\"alignleft wp-image-52964\" src=\"https:\/\/tautastribunals.eu\/wp-content\/uploads\/2019\/09\/\u0122ir\u0123ensBord\u0101ns.Granti\u0146\u0161.LRTT_.png\" alt=\"\" width=\"638\" height=\"877\" srcset=\"https:\/\/tautastribunals.eu\/wp-content\/uploads\/2019\/09\/\u0122ir\u0123ensBord\u0101ns.Granti\u0146\u0161.LRTT_.png 800w, https:\/\/tautastribunals.eu\/wp-content\/uploads\/2019\/09\/\u0122ir\u0123ensBord\u0101ns.Granti\u0146\u0161.LRTT_-218x300.png 218w, https:\/\/tautastribunals.eu\/wp-content\/uploads\/2019\/09\/\u0122ir\u0123ensBord\u0101ns.Granti\u0146\u0161.LRTT_-768x1056.png 768w, https:\/\/tautastribunals.eu\/wp-content\/uploads\/2019\/09\/\u0122ir\u0123ensBord\u0101ns.Granti\u0146\u0161.LRTT_-582x800.png 582w\" sizes=\"(max-width: 638px) 100vw, 638px\" \/><\/p>\n","protected":false},"excerpt":{"rendered":"<p>K\u0101ds Uldim S\u0113nem \u013coti tuvs cilv\u0113ks man ats\u016bt\u012bja e- past\u0101: \u201cJums 28.07.2014 gad\u0101 ir raksts par vi\u0146u tautas tribun\u0101l\u0101 kur j\u016bs izsakat viedokli par vi\u0146u un, protams, visiem ir ties\u012bbas\u00a0uz savu viedokli un j\u016bsu&#46;&#46;&#46;<\/p>\n","protected":false},"author":1,"featured_media":0,"comment_status":"open","ping_status":"open","sticky":false,"template":"","format":"standard","meta":[],"categories":[1],"tags":[],"_links":{"self":[{"href":"https:\/\/tautastribunals.eu\/index.php?rest_route=\/wp\/v2\/posts\/52891"}],"collection":[{"href":"https:\/\/tautastribunals.eu\/index.php?rest_route=\/wp\/v2\/posts"}],"about":[{"href":"https:\/\/tautastribunals.eu\/index.php?rest_route=\/wp\/v2\/types\/post"}],"author":[{"embeddable":true,"href":"https:\/\/tautastribunals.eu\/index.php?rest_route=\/wp\/v2\/users\/1"}],"replies":[{"embeddable":true,"href":"https:\/\/tautastribunals.eu\/index.php?rest_route=%2Fwp%2Fv2%2Fcomments&post=52891"}],"version-history":[{"count":17,"href":"https:\/\/tautastribunals.eu\/index.php?rest_route=\/wp\/v2\/posts\/52891\/revisions"}],"predecessor-version":[{"id":61580,"href":"https:\/\/tautastribunals.eu\/index.php?rest_route=\/wp\/v2\/posts\/52891\/revisions\/61580"}],"wp:attachment":[{"href":"https:\/\/tautastribunals.eu\/index.php?rest_route=%2Fwp%2Fv2%2Fmedia&parent=52891"}],"wp:term":[{"taxonomy":"category","embeddable":true,"href":"https:\/\/tautastribunals.eu\/index.php?rest_route=%2Fwp%2Fv2%2Fcategories&post=52891"},{"taxonomy":"post_tag","embeddable":true,"href":"https:\/\/tautastribunals.eu\/index.php?rest_route=%2Fwp%2Fv2%2Ftags&post=52891"}],"curies":[{"name":"wp","href":"https:\/\/api.w.org\/{rel}","templated":true}]}}