{"id":52856,"date":"2019-09-27T05:28:57","date_gmt":"2019-09-27T02:28:57","guid":{"rendered":"https:\/\/tautastribunals.eu\/?p=52856"},"modified":"2019-09-27T05:29:21","modified_gmt":"2019-09-27T02:29:21","slug":"levits-tapat-ka-stalins-novac-visus-kuri-par-vinu-zin","status":"publish","type":"post","link":"https:\/\/tautastribunals.eu\/?p=52856","title":{"rendered":"Levits, t\u0101pat k\u0101 Sta\u013cins, &#8220;nov\u0101c&#8221; visus, kuri par vi\u0146u zin&#8230;"},"content":{"rendered":"<h2><span style=\"color: #003300;\"><img decoding=\"async\" loading=\"lazy\" class=\"alignleft wp-image-48784\" src=\"https:\/\/tautastribunals.eu\/wp-content\/uploads\/2019\/01\/L.Granti\u0146\u0161.J.Z\u012bvertsBord\u0101nsBut\u0101nsLRTT-1.png\" alt=\"\" width=\"633\" height=\"92\" srcset=\"https:\/\/tautastribunals.eu\/wp-content\/uploads\/2019\/01\/L.Granti\u0146\u0161.J.Z\u012bvertsBord\u0101nsBut\u0101nsLRTT-1.png 1073w, https:\/\/tautastribunals.eu\/wp-content\/uploads\/2019\/01\/L.Granti\u0146\u0161.J.Z\u012bvertsBord\u0101nsBut\u0101nsLRTT-1-300x44.png 300w, https:\/\/tautastribunals.eu\/wp-content\/uploads\/2019\/01\/L.Granti\u0146\u0161.J.Z\u012bvertsBord\u0101nsBut\u0101nsLRTT-1-768x112.png 768w, https:\/\/tautastribunals.eu\/wp-content\/uploads\/2019\/01\/L.Granti\u0146\u0161.J.Z\u012bvertsBord\u0101nsBut\u0101nsLRTT-1-800x116.png 800w\" sizes=\"(max-width: 633px) 100vw, 633px\" \/><\/span><\/h2>\n<h2><span style=\"color: #003300;\">Las\u012bt\u0101js par Levitu un vi\u0146a pag\u0101tni !<\/span><\/h2>\n<p><span style=\"color: #003300;\">2017. gada vasar\u0101 p\u0101ragri m\u016b\u017e\u012bb\u0101 dev\u0101s <strong>Aiga Audera<\/strong> br\u0101lis mikro \u0137irurgs, biju\u0161ais vesel\u012bbas ministrs, gr\u0101matu autors <strong>\u0100ris Auders<\/strong>. Vi\u0146am bija tikai 55 gadi. <\/span><br \/>\n<span style=\"color: #003300;\">2019.gada 17. august\u0101 pla\u0161sazi\u0146as l\u012bdzek\u013cus p\u0101r\u0161alca baisa v\u0113sts, ka bez v\u0113sts pazudis rotu m\u0101kslinieks un pieredz\u0113jis laivot\u0101js <strong>Aigis Auders<\/strong> <em>(dzimis 1960. gad\u0101),<\/em> kas ir m\u016b\u017e\u012bb\u0101 aizg\u0101ju\u0161\u0101, biju\u0161\u0101 vesel\u012bbas ministra <strong>\u0100ra Audera<\/strong> br\u0101lis.<strong> Aigis <\/strong>16. augusta r\u012bt\u0101 ar j\u016bras kajaku bija devies no Kolkas uz <strong>Ro\u0146u salu<\/strong> <em>(Igaunijai piedero\u0161a sala R\u012bgas j\u016bras l\u012bc\u012b). <\/em><\/span><\/p>\n<p><span style=\"color: #003300;\">Par nepat\u012bkamo notikumu pla\u0161\u0101kai auditorijai pazi\u0146oja <strong>Aiga <\/strong>sieva, <strong>Mencendorfa nama<\/strong> vad\u012bt\u0101ja <strong>Ilona Audere.<\/strong> V\u0113l\u0101k <strong>Aigi Auderu<\/strong> atrada miru\u0161u. It k\u0101 nosl\u012bcis.<\/span><br \/>\n<span style=\"color: #003300;\">Pirms<strong> Padomju<\/strong> okup\u0101cijas nams pieder\u0113ja profesora <strong>D\u012btriha Andreja L\u0113bera <\/strong><em>(Leober)<\/em> dzimtai. Bet <strong>Andrejs D\u012btrihs L\u0113bers<\/strong> zin\u0101ja un, j\u0101saka, ar\u012b <strong>Atis Leji\u0146\u0161, Auderu \u0123imene<\/strong> visu zina par <strong>Egilu Levita<\/strong> patieso pag\u0101tni. Slaven\u0101 neiro\u0137irurga <strong>Raimonda \u0136ikuta<\/strong> biju\u0161ais znots <strong>\u0100ris Auders<\/strong> ar savu esam\u012bbu vien t\u0101diem <strong>levitiem <\/strong>rad\u012bja un, dz\u012bvam esot, rad\u012btu diskomforta saj\u016btu. <\/span><\/p>\n<p><span style=\"color: #003300;\">Tas pats b\u016btu ar <strong>vi\u0146a br\u0101li<\/strong> un <strong>D\u012btrihu Andreju L\u0113beru<\/strong>, kur\u0161 <strong><u>mistiski nomira tie\u0161i J\u0101\u0146os<\/u><\/strong>. Bet alla\u017e kaut kas dz\u012bvs paliek. Tas ir v\u0101rds. <\/span><\/p>\n<p><span style=\"color: #003300;\">J\u0101run\u0101 un j\u0101atmasko<strong><em> leviti, godma\u0146i, borovkovi, gardas, lapinski, kargini, lipmani<\/em><\/strong> u.c., kuri vistie\u0161\u0101k\u0101 m\u0113r\u0101 nes un nodara \u013caunumu m\u016bsu tautai.<\/span><\/p>\n<p>27.09.19<\/p>\n<hr \/>\n<h1><span style=\"color: #ff0000;\">L\u016bk, kuriem kalpo m\u0113sli leviti, godma\u0146i&#8230;.<\/span><\/h1>\n<p><iframe loading=\"lazy\" width=\"500\" height=\"281\" src=\"https:\/\/www.youtube.com\/embed\/ShxnBqaJQRw?feature=oembed&#038;wmode=opaque\" frameborder=\"0\" allow=\"accelerometer; autoplay; encrypted-media; gyroscope; picture-in-picture\" allowfullscreen><\/iframe><\/p>\n<hr \/>\n<hr \/>\n<hr \/>\n<hr \/>\n<h2><span style=\"color: #0000ff;\">LRTT piebilde<\/span><\/h2>\n<p><span style=\"color: #0000ff;\">Var saprast, ka r\u016bp\u012bgi tika un tiek <strong>\u201cdezinfic\u0113ta\u201d <\/strong>augsne, kas var\u0113tu pis\u0101ri\u0146<strong>Levitam <\/strong>rad\u012bt diskomfortu. <\/span><\/p>\n<p><span style=\"color: #0000ff;\">Viss p\u0113c<strong> Sta\u013cina<\/strong> principa,- tiek likvid\u0113ti tie, kuri var\u0113tu ko negat\u012bvu pasac\u012bt par n\u0101ko\u0161o <strong>\u201ctautu vadoni\u201d <\/strong>! <\/span><\/p>\n<p><span style=\"color: #0000ff;\"><strong>Sta\u013cins Gruzij\u0101 <\/strong>esot likvid\u0113jis visus savus l\u012bdzcilv\u0113kus, kuri esot biju\u0161i inform\u0113ti par vi\u0146a gait\u0101m ! <\/span><\/p>\n<p><span style=\"color: #0000ff;\"><strong>&#8220;N\u0101cijas t\u0113va&#8221;<\/strong> inaugur\u0101cijas viesu saraksts atkl\u0101ja vi\u0146a b\u016bt\u012bbu, kur<span style=\"color: #ff0000;\"><strong> \u201cdisidents\u201d Ro\u017ekalns <\/strong><\/span>s\u0113d\u0113ja kop\u0101 ar <span style=\"color: #ff0000;\"><strong>Tatjanu \u017dd\u0101noku\u2026<\/strong> <\/span>!!! <\/span><\/p>\n<p><span style=\"color: #0000ff;\">Un, k\u0101dus padomniekus \u0161is<strong><u> smirdo\u0161ais un nekoptais \u017e\u012bds<\/u><\/strong> ir sav\u0101cis ap sevi\u2026, vieni vien\u012bgi noziedznieki\u2026 .<\/span><\/p>\n<p><span style=\"color: #0000ff;\"><span style=\"color: #800080;\"><a style=\"color: #800080;\" href=\"https:\/\/tautastribunals.eu\/?p=52063\"><strong>Un vai nav s\u0101taniska aps\u0113st\u012bba:<\/strong><\/a><\/span> &#8220;Vec\u0101k\u0101 paaudze zin, kas bija<strong> \u0100dolfs \u0160ilde<\/strong>. Un k\u0101 tas var\u0113ja gad\u012bties, ka vi\u0146a p\u0113cn\u0101c\u0113ji:<strong> A. Gobi\u0146\u0161<\/strong> un <strong>M. Gobi\u0146a- Sinka<\/strong>, c\u012bn\u012bj\u0101s kop\u0101 ar \u017e\u012bd\u010dekistu<strong> A. Borovkovu<\/strong>, lai par <strong>Latvijas<\/strong> prezidentu k\u013c\u016btu latvie\u0161u tautas slepkavas p\u0113ctecis<em>(kur\u0161 pats ar\u012b ir slepkava) <\/em>\u017e\u012bds <strong>E. Levits.&#8221;<\/strong><\/span><\/p>\n<p><iframe loading=\"lazy\" width=\"500\" height=\"281\" src=\"https:\/\/www.youtube.com\/embed\/upG_uAnjDt4?feature=oembed&#038;wmode=opaque\" frameborder=\"0\" allow=\"accelerometer; autoplay; encrypted-media; gyroscope; picture-in-picture\" allowfullscreen><\/iframe><\/p>\n<hr \/>\n<hr \/>\n<hr \/>\n<hr \/>\n<h1><span style=\"color: #ff0000;\">S\u0101tanisko izdzimumu klo\u0101ka:<\/span><\/h1>\n<h2><img decoding=\"async\" loading=\"lazy\" class=\"alignleft wp-image-52863\" src=\"https:\/\/tautastribunals.eu\/wp-content\/uploads\/2019\/09\/E.Levits.L.Granti\u0146\u0161.A.Borovkovs.-K.Ulmanis.LRTT_.R.Dzintars-Kopie.png\" alt=\"\" width=\"639\" height=\"880\" srcset=\"https:\/\/tautastribunals.eu\/wp-content\/uploads\/2019\/09\/E.Levits.L.Granti\u0146\u0161.A.Borovkovs.-K.Ulmanis.LRTT_.R.Dzintars-Kopie.png 890w, https:\/\/tautastribunals.eu\/wp-content\/uploads\/2019\/09\/E.Levits.L.Granti\u0146\u0161.A.Borovkovs.-K.Ulmanis.LRTT_.R.Dzintars-Kopie-218x300.png 218w, https:\/\/tautastribunals.eu\/wp-content\/uploads\/2019\/09\/E.Levits.L.Granti\u0146\u0161.A.Borovkovs.-K.Ulmanis.LRTT_.R.Dzintars-Kopie-768x1057.png 768w, https:\/\/tautastribunals.eu\/wp-content\/uploads\/2019\/09\/E.Levits.L.Granti\u0146\u0161.A.Borovkovs.-K.Ulmanis.LRTT_.R.Dzintars-Kopie-581x800.png 581w\" sizes=\"(max-width: 639px) 100vw, 639px\" \/><\/h2>\n","protected":false},"excerpt":{"rendered":"<p>Las\u012bt\u0101js par Levitu un vi\u0146a pag\u0101tni ! 2017. gada vasar\u0101 p\u0101ragri m\u016b\u017e\u012bb\u0101 dev\u0101s Aiga Audera br\u0101lis mikro \u0137irurgs, biju\u0161ais vesel\u012bbas ministrs, gr\u0101matu autors \u0100ris Auders. Vi\u0146am bija tikai 55 gadi. 2019.gada 17. august\u0101 pla\u0161sazi\u0146as&#46;&#46;&#46;<\/p>\n","protected":false},"author":1,"featured_media":0,"comment_status":"open","ping_status":"open","sticky":false,"template":"","format":"standard","meta":[],"categories":[1],"tags":[],"_links":{"self":[{"href":"https:\/\/tautastribunals.eu\/index.php?rest_route=\/wp\/v2\/posts\/52856"}],"collection":[{"href":"https:\/\/tautastribunals.eu\/index.php?rest_route=\/wp\/v2\/posts"}],"about":[{"href":"https:\/\/tautastribunals.eu\/index.php?rest_route=\/wp\/v2\/types\/post"}],"author":[{"embeddable":true,"href":"https:\/\/tautastribunals.eu\/index.php?rest_route=\/wp\/v2\/users\/1"}],"replies":[{"embeddable":true,"href":"https:\/\/tautastribunals.eu\/index.php?rest_route=%2Fwp%2Fv2%2Fcomments&post=52856"}],"version-history":[{"count":15,"href":"https:\/\/tautastribunals.eu\/index.php?rest_route=\/wp\/v2\/posts\/52856\/revisions"}],"predecessor-version":[{"id":52968,"href":"https:\/\/tautastribunals.eu\/index.php?rest_route=\/wp\/v2\/posts\/52856\/revisions\/52968"}],"wp:attachment":[{"href":"https:\/\/tautastribunals.eu\/index.php?rest_route=%2Fwp%2Fv2%2Fmedia&parent=52856"}],"wp:term":[{"taxonomy":"category","embeddable":true,"href":"https:\/\/tautastribunals.eu\/index.php?rest_route=%2Fwp%2Fv2%2Fcategories&post=52856"},{"taxonomy":"post_tag","embeddable":true,"href":"https:\/\/tautastribunals.eu\/index.php?rest_route=%2Fwp%2Fv2%2Ftags&post=52856"}],"curies":[{"name":"wp","href":"https:\/\/api.w.org\/{rel}","templated":true}]}}