{"id":52034,"date":"2019-08-16T07:59:21","date_gmt":"2019-08-16T04:59:21","guid":{"rendered":"https:\/\/tautastribunals.eu\/?p=52034"},"modified":"2019-08-16T07:59:21","modified_gmt":"2019-08-16T04:59:21","slug":"lrtt-dievizredzeto-satanistu-patiesiba","status":"publish","type":"post","link":"https:\/\/tautastribunals.eu\/?p=52034","title":{"rendered":"LRTT. Dievizredz\u0113to s\u0101tanistu PATIES\u012aBA !"},"content":{"rendered":"<h2><a href=\"https:\/\/www.youtube.com\/watch?v=d48VakxKiUs\"><img decoding=\"async\" loading=\"lazy\" class=\"alignleft wp-image-49101\" src=\"https:\/\/tautastribunals.eu\/wp-content\/uploads\/2019\/02\/L.Granti\u0146\u0161.-J.Bord\u0101ns.M.Z\u0101l\u012bte.Latvija.LRTT_.png\" alt=\"\" width=\"657\" height=\"605\" srcset=\"https:\/\/tautastribunals.eu\/wp-content\/uploads\/2019\/02\/L.Granti\u0146\u0161.-J.Bord\u0101ns.M.Z\u0101l\u012bte.Latvija.LRTT_.png 619w, https:\/\/tautastribunals.eu\/wp-content\/uploads\/2019\/02\/L.Granti\u0146\u0161.-J.Bord\u0101ns.M.Z\u0101l\u012bte.Latvija.LRTT_-300x276.png 300w\" sizes=\"(max-width: 657px) 100vw, 657px\" \/><\/a><\/h2>\n<h2><span style=\"color: #0000ff;\">Mazliet no PAG\u0100J\u012aBAS<\/span><\/h2>\n<hr \/>\n<h2><span style=\"color: #800080;\"><a style=\"color: #800080;\" href=\"https:\/\/www.tvnet.lv\/6238560\/savadas-nesameribas\">https:\/\/www.tvnet.lv\/6238560\/savadas-nesameribas<\/a><\/span><\/h2>\n<h2>Dievizredz\u0113to s\u0101tanistu paties\u012bba\u00a0!<\/h2>\n<p><span style=\"color: #0000ff;\"><em>&#8220;Un te nu man atkal un atkal n\u0101k pr\u0101t\u0101 sam\u0113r\u012bbu princips- Latvij\u0101 var nok\u013c\u016bt aiz rest\u0113m neuzman\u012bgi pateiktu v\u0101rdu un uz akme\u0146iem uztrieptas kr\u0101sas d\u0113\u013c, <strong><span style=\"color: #ff0000;\">Izra\u0113l\u0101 dr\u012bkst nogalin\u0101t le\u0123it\u012bmi un dz\u012bvot bez bail\u0113m no soda<\/span><\/strong>. Baisi&#8230;<span style=\"color: #0000ff;\"> Atliek vien dom\u0101t, kas ieg\u016bst no ebreju kapu apg\u0101n\u012b\u0161anas, ja ik reiz p\u0113c t\u0101da vand\u0101lisma akta tiek tur\u0113ti aizdom\u0101s<span style=\"color: #ff0000;\"><strong> &#8220;latvie\u0161u fa\u0161isti&#8221;<\/strong> <\/span>un nekad v\u0113l nav bijis, ka vain\u012bgie ir t\u0101di biju\u0161i<\/span>&#8230; D. Sv\u012blis &#8220;<\/em><\/span><\/p>\n<p>Redzi, latviet, patie\u0161\u0101m paliek baisi, ja izlasi ko t\u0101du&#8230; !<\/p>\n<p>Un tie\u0161i \u0161ie m\u0113sli mums uzmetu\u0161ies par <strong>&#8220;skolot\u0101jiem&#8221;<\/strong> !<\/p>\n<p><span style=\"color: #0000ff;\"><em>&#8220;Starp citu, run\u0101jot par R\u012bgas sinagogu. K\u0101 tad beidz\u0101s izmekl\u0113\u0161ana? Biju\u0161ais SAB direktors L. Kamaldi\u0146\u0161 izteic\u0101s, ka spridzin\u0101\u0161an\u0101 var\u0113tu b\u016bt biju\u0161as iesaist\u012btas personas tie\u0161i no pa\u0161as ebreju reli\u0123isk\u0101s draudzes, jo tie\u0161i \u0161aj\u0101 laik\u0101 notika visai skandalozas izskaidro\u0161an\u0101s, kam tad b\u016btu j\u0101vada R\u012bgas sinagoga. Uz \u0161o Kamaldi\u0146a teikto reakcija bija \u0101rk\u0101rt\u012bgi agres\u012bva. Rab\u012bns Bark\u0101ns LTV1 \u201ePanor\u0101m\u0101\u201c publiski pat aicin\u0101ja nop\u0113rt Kamaldi\u0146u\u2026&#8221;<\/em><\/span><\/p>\n<figure>Vai izmekl\u0113ja \u0161o spridzin\u0101\u0161anu ?<\/figure>\n<h2>Protams, ka n\u0113 !<\/h2>\n<p><strong>L. Kamaldi\u0146\u0161<\/strong> no <strong>&#8220;zila gaisa&#8221;<\/strong> t\u0101das lietas neizgudroja !!!<\/p>\n<p>\u0160odien t\u0101di<strong> &#8220;kamaldi\u0146i<\/strong><em>(latvie\u0161i)<\/em><strong>&#8220;<\/strong> vairs pie teik\u0161anas nekur netiek laisti, visus rab\u0101zti<strong> &#8220;icaki&#8221;<\/strong> un vi\u0146u izvadorg\u0101nu <strong>&#8220;sanit\u0101ri&#8221;<\/strong> !<\/p>\n<p>Raksts ir vecs, bet \u0161odien tas ir daudz aktu\u0101l\u0101ks, nek\u0101 t\u0101laj\u0101 2003. g.<\/p>\n<p>\u0160ie<strong> Ci\u0101nas m\u0113sli<\/strong> ir <strong>Latviju<\/strong> patais\u012bju\u0161i l\u012bdz\u012bgu saviem kapiem, par smirdo\u0161u klo\u0101ku !<\/p>\n<p>16.08.19\u00a0\u00a0\u00a0\u00a0\u00a0\u00a0\u00a0\u00a0\u00a0\u00a0\u00a0\u00a0\u00a0\u00a0\u00a0\u00a0\u00a0\u00a0\u00a0\u00a0 L. Granti\u0146\u0161<\/p>\n<hr \/>\n<hr \/>\n<hr \/>\n<hr \/>\n<p><span style=\"color: #ff0000;\">Uz \u0161\u012b foto redzami akt\u012bv\u0101kie <strong>Ci\u0101nas darbo\u0146i, &#8220;prezidenta&#8221; Levita &#8220;zelta fonds&#8221; !<\/strong><\/span><\/p>\n<h2><span style=\"color: #ff0000;\"><strong> Uzman\u012bbu !!!, v<\/strong>isi patur\u0113ti savos amatos:<\/span><\/h2>\n<p><img decoding=\"async\" loading=\"lazy\" class=\"alignleft wp-image-48729\" src=\"https:\/\/tautastribunals.eu\/wp-content\/uploads\/2019\/01\/10.-Borovkovs-Maiz\u012btisKozlovskis-Bunka-Blumbergs.-Granti\u0146\u0161.LRTT_.png\" alt=\"\" width=\"634\" height=\"249\" srcset=\"https:\/\/tautastribunals.eu\/wp-content\/uploads\/2019\/01\/10.-Borovkovs-Maiz\u012btisKozlovskis-Bunka-Blumbergs.-Granti\u0146\u0161.LRTT_.png 935w, https:\/\/tautastribunals.eu\/wp-content\/uploads\/2019\/01\/10.-Borovkovs-Maiz\u012btisKozlovskis-Bunka-Blumbergs.-Granti\u0146\u0161.LRTT_-300x118.png 300w, https:\/\/tautastribunals.eu\/wp-content\/uploads\/2019\/01\/10.-Borovkovs-Maiz\u012btisKozlovskis-Bunka-Blumbergs.-Granti\u0146\u0161.LRTT_-768x301.png 768w, https:\/\/tautastribunals.eu\/wp-content\/uploads\/2019\/01\/10.-Borovkovs-Maiz\u012btisKozlovskis-Bunka-Blumbergs.-Granti\u0146\u0161.LRTT_-800x314.png 800w\" sizes=\"(max-width: 634px) 100vw, 634px\" \/><\/p>\n<p>&nbsp;<\/p>\n<hr \/>\n<div class=\"article\">\n<div class=\"flex\">\n<div class=\"flex--equal-width\">\n<div class=\"article-top\">\n<div class=\"article-content\">\n<hr \/>\n<hr \/>\n<hr \/>\n<hr \/>\n<hr \/>\n<h1 class=\"article-headline\">Sav\u0101d\u0101s nesam\u0113r\u012bbas<\/h1>\n<div class=\"article-authors__container flex\">\n<div class=\"article-authors flex flex--align-items-start\">\n<div class=\"article-authors__author\"><a class=\"flex flex--justify-content-start flex--align-items-center flex--no-wrap\" href=\"https:\/\/www.tvnet.lv\/author\/77340\"><img decoding=\"async\" class=\"article-authors__image lazy\" src=\"https:\/\/f11.pmo.ee\/iD-40pn5tWTEW9TYznEv-SUxLjk=\/40x40\/smart\/nginx\/o\/2019\/06\/20\/12283791t1hbab5.png\" srcset=\"\/\/f11.pmo.ee\/iD-40pn5tWTEW9TYznEv-SUxLjk=\/40x40\/smart\/nginx\/o\/2019\/06\/20\/12283791t1hbab5.png, \/\/f11.pmo.ee\/HQp3HR93yUlDl-RYb4wFbA7lWFA=\/80x80\/smart\/nginx\/o\/2019\/06\/20\/12283791t1hbab5.png 2x\" \/><\/a><\/div>\n<\/div>\n<\/div>\n<div class=\"button-list flex flex--align-items-center\">\n<div class=\"flex flex--align-items-center\">\n<div class=\"article-share inline-flex flex--wrap\"><\/div>\n<\/div>\n<p><span class=\"article__publish-date\">2003. gada 18. septembris 10:00<\/span><\/p>\n<\/div>\n<\/div>\n<\/div>\n<div class=\"article-body article-body--left article-body--lead\">\n<div class=\"article-body__item article-body__item--image\">\n<figure class=\"figure\"><img decoding=\"async\" class=\"figure--has-fullscreen\" src=\"https:\/\/f9.pmo.ee\/wihNRMBYMe0fOfLrubdVn2EwgZs=\/685x410\/smart\/nginx\/o\/2018\/09\/03\/11372570t1h09e2.jpg\" srcset=\"\/\/f9.pmo.ee\/wihNRMBYMe0fOfLrubdVn2EwgZs=\/685x410\/smart\/nginx\/o\/2018\/09\/03\/11372570t1h09e2.jpg\" \/><figcaption class=\"figure__caption\"><\/figcaption><\/figure>\n<\/div>\n<div class=\"article-body__item article-body__item--htmlElement article-body__item--lead\">\n<p><strong><span style=\"color: #0000ff;\">Praktiski visi liel\u0101kie Latvijas mediji uzskata par savu sv\u0113tu pien\u0101kumu public\u0113t pla\u0161us un smalkus aprakstus par ebreju kapu apg\u0101n\u012b\u0161anu kaut kur Bi\u0137erniekos. Interv\u0113ts jau ducis sa\u0161utu\u0161u un ietekm\u012bgu ebreju. Visi k\u0101 viens pieprasa nekav\u0113joties atrast vain\u012bgos un ties\u0101t p\u0113c visstingr\u0101k\u0101s likuma bardz\u012bbas. K\u0101dreiz grib\u0113tos \u0161os v\u0101rdus dzird\u0113t attiec\u012bb\u0101 par izdemol\u0113tiem latvie\u0161u kapiem, piem\u0113ram Gulben\u0113 vasar\u0101.<\/span><\/strong><\/p>\n<\/div>\n<\/div>\n<\/div>\n<\/div>\n<\/div>\n<div class=\"article\">\n<div class=\"flex\">\n<div class=\"flex--equal-width\">\n<div class=\"article-body article-body--left\">\n<div class=\"article-body__item article-body__item--htmlElement\">\n<p>Un tas jau neb\u016btu nekas slikts, ja tiek piepras\u012bts atrast vand\u0101\u013cus, kas posta miru\u0161o atdusas vietas. Atliek vien apbr\u012bnot to operativit\u0101ti un milz\u012bgo publicit\u0101ti, ko ieguvis \u0161is vand\u0101lisma akts-<strong><span style=\"color: #0000ff;\"> par noziegumu ska\u013cu sa\u0161utumu un l\u012bdzj\u016bt\u012bbu pau\u017e Valsts prezidente Freiberga, uz apg\u0101n\u012btajiem ebreju kapiem atsteidz\u0101s integr\u0101cijas (rusifik\u0101cijas) ministrs Nils Mui\u017enieks<\/span> <\/strong>ar savu pal\u012bdzi, iek\u0161lietu ministrs<strong><span style=\"color: #0000ff;\"> M\u0101ris Gulbis<\/span><\/strong> ar sv\u012btu, virkne augstu policijas amatpersonu, kuras pat l\u0113ma, ka \u0161ajos ebreju kapos vajadz\u0113tu ier\u012bkot atsevi\u0161\u0137u policijas posteni vai pat iecirkni, l\u012bdz\u012bgi k\u0101 tas jau ir pie R\u012bgas sinagogas (treleri ar policijas trafar\u0113jumu var paskat\u012bt ikviens). Un tas viss laik\u0101, kad darbu policij\u0101, vald\u012bbas ekonomijas d\u0113\u013c, var zaud\u0113t gandr\u012bz t\u016bkstots policistu un ik dienas las\u0101m par valst\u012b pieaugo\u0161o noziedz\u012bbu, kurai kalngals bija maniak\u0101lais slepkava, kas nogalin\u0101jis ap tr\u012bsdesmit R\u012bgas sirmgalvjus. Vai tie\u0161\u0101m Latvija ir non\u0101kusi tik t\u0101lu, ka pie katra ebreju kapa tagad st\u0101v\u0113s policists? <span style=\"color: #0000ff;\"><strong>Starp citu, run\u0101jot par R\u012bgas sinagogu. K\u0101 tad beidz\u0101s izmekl\u0113\u0161ana? Biju\u0161ais SAB direktors L. Kamaldi\u0146\u0161 izteic\u0101s, ka spridzin\u0101\u0161an\u0101 var\u0113tu b\u016bt biju\u0161as iesaist\u012btas personas tie\u0161i no pa\u0161as ebreju reli\u0123isk\u0101s draudzes, jo tie\u0161i \u0161aj\u0101 laik\u0101 notika visai skandalozas izskaidro\u0161an\u0101s, kam tad b\u016btu j\u0101vada R\u012bgas sinagoga. Uz \u0161o Kamaldi\u0146a teikto reakcija bija \u0101rk\u0101rt\u012bgi agres\u012bva. Rab\u012bns Bark\u0101ns LTV1 &#8220;Panor\u0101m\u0101&#8221; publiski pat aicin\u0101ja nop\u0113rt Kamaldi\u0146u&#8230;<\/strong><\/span><\/p>\n<figure><img decoding=\"async\" src=\"https:\/\/itvnet.lv\/article\/zinas\/122085.jpg\" alt=\"\" \/><\/figure>\n<p>\u0160\u012b pl\u0101ksn\u012bte pie 1941- 45. gad\u0101 boj\u0101g\u0101ju\u0161o ebreju piemi\u0146as akmens L\u012bvas kapos liecina (krievu valod\u0101), ka memori\u0101la izveidei l\u012bdzek\u013cus ziedoju\u0161i Liep\u0101j\u0101 paz\u012bstamas personas- M. \u0160varcmans, K. Lipmans, br\u0101\u013ci Zaharjini, P. Mellers, ASV un Izra\u0113las pilso\u0146i, Liep\u0101jas pa\u0161vald\u012bba un Liep\u0101jas ebreju kopiena. K\u0101p\u0113c t\u0101d\u0101 pat veid\u0101 nevar atjaunot pamestos ebreju apbed\u012bjumus? Tas tika nod\u0113v\u0113ts par antisem\u012btismu, par fa\u0161isma atdzim\u0161anu Latvij\u0101, par starpnacion\u0101lo naida kurin\u0101\u0161anu utt. Bet p\u0113c\u0101k, liel\u0101 klusum\u0101 izskan\u0113ja inform\u0101cija, ka sinagogu bija spridzin\u0101ju\u0161as k\u0101das personas, kur\u0101m bija k\u0101ds sakars ar Krievijas Feder\u0101lo Dro\u0161\u012bbas dienestu- FDD. V\u0113l\u0101k k\u0101d\u0101 R\u012bgas dz\u012bvokl\u012b m\u012bklainos apst\u0101k\u013cos un bez redzamiem iemesliem pat no\u0161\u0101v\u0101s k\u0101ds Krievijas spiegs- FDD virsnieks. Iesp\u0113jams, k\u0101ds vi\u0146am &#8221;pal\u012bdz\u0113ja&#8221;. Ar\u012b skand\u0101ls, kad uz t\u0101s pa\u0161as sinagogas sien\u0101m tika uzsrakst\u012bti antisem\u012btiskie sauk\u013ci, ir noklusis. Toreiz nevienam netrauc\u0113ja \u0161aj\u0101 vand\u0101lism\u0101 apvainot latvie\u0161u le\u0123ion\u0101rus, latvie\u0161u nacion\u0101listus, Hitlera piel\u016bdz\u0113jus utt. \u012asten\u012bba izr\u0101d\u012bj\u0101s gau\u017e\u0101m ban\u0101la un tradicion\u0101la- pie vainas bija bars krievvalod\u012bgu jaunie\u0161u treni\u0146biks\u0113s, ko v\u0113l\u0101k apstiprin\u0101ja nov\u0113ro\u0161anas kameru nofilm\u0113tais materi\u0101ls&#8230; Bet lai nu paliek \u0161\u012b politika. Ne jau manos vai pat visas Latvijas sp\u0113kos main\u012bt \u0161o tiesisko un mor\u0101lo nihilismu, kad vienas nacionalit\u0101tes aizg\u0101j\u0113ja p\u012b\u0161\u013ci sv\u0113t\u0101ki par otras nacionalit\u0101tes nelai\u0137u p\u012b\u0161\u013ciem. Nej\u0113dz\u012bbu ir daudz vis\u0101s viet\u0101s. Pats esmu liep\u0101jnieks, kas katru dienu uz darbu iet gar L\u012bvas kapiem, kuros viena da\u013ca ir tie\u0161i Liep\u0101jas ebreju kapi. Reiz, intereses vad\u012bts, g\u0101ju apskat\u012bt \u0161os kapus. \u0160ajos kapos esmu bijis jau agr\u0101k, gadus desmit atpaka\u013c. Jau toreiz man lik\u0101s sav\u0101di, ka \u0161ie kapi ir&#8230; (es atvainojos, bet gribu paskaidrot, ka neesmu fa\u0161ists, antisem\u012bts, starpnacion\u0101l\u0101 naida kurin\u0101t\u0101js, Ar\u0101ja komandas loceklis, palest\u012bnie\u0161u terorists utt) \u0161ie kapi ir \u0101rk\u0101rt\u012bgi net\u012bri, nesakopti un nolaisti. Un tas v\u0113l b\u016btu saprotams, ja visi apbed\u012bjumi b\u016btu veikti pirms Otr\u0101 pasaules kara. N\u0113, apbed\u012bjumi ir veikti gan p\u0113c Otr\u0101 pasaules kara, gan m\u016bsdien\u0101s. Pat k\u0101da Liep\u0101jas ebreju miljon\u0101ru \u0123imenes kapi. V\u0113l vair\u0101k, kapos st\u0101v virkne padomju patriotu- ebreju monumenti. Vairums \u0161o kapa vietu ir aizaugu\u0161as, kapakme\u0146i st\u0101v sag\u0101zti un tajos kr\u0101j\u0101s drazas. Ja k\u0101ds man teiks, ka \u0161\u012b pamest\u012bba ir t\u0101d\u0113\u013c, ka Liep\u0101j\u0101 zin\u0101mu v\u0113stures notikumu d\u0113\u013c nav bag\u0101tas ebreju kopienas, es tam nepiekrit\u012b\u0161u. Pirmk\u0101rt metalur\u0123ijas gigants &#8220;Liep\u0101jas Metalurgs&#8221; pieder tie\u0161i ebreju taut\u012bbas uz\u0146\u0113m\u0113jiem, kuri par naudas tr\u016bkumu savu tautie\u0161u kapu uzkop\u0161anai nevar\u0113tu s\u016bdz\u0113ties. Bez tam Liep\u0101jas domes deput\u0101ts un Latvijas Hokeja feder\u0101cijas prezidents Kirovs Lipmans, kur\u0161 var\u0113tu par\u016bp\u0113ties, lai kapi tiktu sak\u0101rtoti ir viens no Latvijas ebreju kopienas paz\u012bstam\u0101kaj\u0101m person\u0101m. Un gribu ar\u012b atg\u0101din\u0101t, ka p\u0113rn\u0101 gada vasar\u0101 Liep\u0101jas ebreju kopiena atjaunoja pieminekli nogalin\u0101tajiem padomju patriotiem ebrejiem \u0160\u0137\u0113d\u0113. Vai t\u0101 b\u016btu sakrit\u012bba, ka tik cent\u012bgi tiek apr\u016bp\u0113ti monumenti ar sarkan\u0101m zvaigzn\u0113m, kam\u0113r pa\u0161u tautas kapi ir pamesti?<\/p>\n<figure><img decoding=\"async\" src=\"https:\/\/itvnet.lv\/article\/zinas\/122086.jpg\" alt=\"\" \/><\/figure>\n<p>Liep\u0101jas ebreju kapi. Piln\u012bga pamest\u012bba. Vai \u0161\u0101da attieksme nav l\u012bdzv\u0113rt\u012bga vand\u0101lismam? Starp citu, att\u0113l\u0101 nav redzams, bet tur pat blakus uz kapu kop\u0101m tiek b\u0113rti atkritumi. Grib\u0113tos ar\u012b l\u016bgt sal\u012bdzin\u0101t latvie\u0161u kapus ar kapiem, kuros tiek guld\u012bti nelatvie\u0161i. Ja pirmajos valda t\u012br\u012bba, gaum\u012bgums un attur\u012bgums, tad otrajos p\u0101rsteidz v\u0101jpr\u0101t\u012bga bezgaum\u012bba. Piemin\u0113\u0161u tikai L\u012bvas kapu ebreju sektor\u0101 redz\u0113to, kad vair\u0101ki nesen izveidoti bag\u0101tnieku kapi greznoti ar melnu marmoru, milz\u012bgiem pieminek\u013ciem, gran\u012bta v\u0101z\u0113m un&#8230; uz kapiem st\u0101v liels za\u013c\u0161 plastmasas k\u0101jslau\u0137is. Ap kapiem st\u0101v izliktas sarkanas, pel\u0113kas un zilganas trotu\u0101ru pl\u0101ksnes. Cik tas ir skaisti, lai nu paliek. Bet tas, ka tas nemaks\u0101 maz, ir skaidrs. Ja ar\u012b te dr\u012bzum\u0101 tiks organiz\u0113ts atsevi\u0161\u0137s policijas postenis, gribas zin\u0101t, ko tad te sarg\u0101s, Liep\u0101jas bag\u0101tnieku d\u0101rgos kapa pieminek\u013cus, vai aizaugu\u0161os un piem\u0113slotos ebreju apbed\u012bjumus, par kuru likteni visiem nosp\u013cauties?<\/p>\n<figure><img decoding=\"async\" src=\"https:\/\/itvnet.lv\/article\/zinas\/122087.jpg\" alt=\"\" \/><\/figure>\n<p>K\u0101ds attaisnojums \u0161iem aizlaistajiem kapiem?<span style=\"color: #0000ff;\"><strong> Un pats sav\u0101d\u0101kais, kas man \u0161o ebreju kapu apg\u0101n\u012b\u0161anas sakar\u0101 liekas, ir Izra\u0113las tirdzniec\u012bbas un industrijas ministra Ehuda Olmerta pazi\u0146ojums, kur\u0101 vi\u0146\u0161 skaidro, ka palest\u012bnie\u0161u prezidenta Jasira Arafata noslepkavo\u0161anu vi\u0146\u0161 uzskata par &#8220;le\u0123it\u012bmu&#8221; metodi, k\u0101 Izra\u0113lai no vi\u0146a atbr\u012bvoties&#8230; &#8221; Jaut\u0101jums ir par to, k\u0101d\u0101 veid\u0101 tas tiek dar\u012bts. Izraid\u012b\u0161ana ir viena iesp\u0113ja. Noslepkavo\u0161ana ar\u012b ir viena no iesp\u0113j\u0101m,&#8221; Izra\u0113las vald\u012bbas viedokli pauda \u0161is ministrs&#8230;<\/strong> <\/span><strong><span style=\"color: #ff0000;\">Un tas viss skan tik ikdieni\u0161\u0137i, racion\u0101li.<\/span> <\/strong>Glu\u017ei k\u0101 bud\u017eeta apspriede vai sadz\u012bviska probl\u0113ma. Un te nu man atkal un atkal n\u0101k pr\u0101t\u0101 sam\u0113r\u012bbu princips- Latvij\u0101 var nok\u013c\u016bt aiz rest\u0113m neuzman\u012bgi pateiktu v\u0101rdu un uz akme\u0146iem uztrieptas kr\u0101sas d\u0113\u013c, Izra\u0113l\u0101 dr\u012bkst nogalin\u0101t le\u0123it\u012bmi un dz\u012bvot bez bail\u0113m no soda. Baisi&#8230; Atliek vien dom\u0101t, kas ieg\u016bst no ebreju kapu apg\u0101n\u012b\u0161anas, ja ik reiz p\u0113c t\u0101da vand\u0101lisma akta tiek tur\u0113ti aizdom\u0101s &#8220;latvie\u0161u fa\u0161isti&#8221; un nekad v\u0113l nav bijis, ka vain\u012bgie ir t\u0101di biju\u0161i&#8230; D. Sv\u012blis<\/p>\n<\/div>\n<\/div>\n<\/div>\n<\/div>\n<\/div>\n","protected":false},"excerpt":{"rendered":"<p>Mazliet no PAG\u0100J\u012aBAS https:\/\/www.tvnet.lv\/6238560\/savadas-nesameribas Dievizredz\u0113to s\u0101tanistu paties\u012bba\u00a0! &#8220;Un te nu man atkal un atkal n\u0101k pr\u0101t\u0101 sam\u0113r\u012bbu princips- Latvij\u0101 var nok\u013c\u016bt aiz rest\u0113m neuzman\u012bgi pateiktu v\u0101rdu un uz akme\u0146iem uztrieptas kr\u0101sas d\u0113\u013c, Izra\u0113l\u0101 dr\u012bkst&#46;&#46;&#46;<\/p>\n","protected":false},"author":1,"featured_media":0,"comment_status":"open","ping_status":"open","sticky":false,"template":"","format":"standard","meta":[],"categories":[1],"tags":[],"_links":{"self":[{"href":"https:\/\/tautastribunals.eu\/index.php?rest_route=\/wp\/v2\/posts\/52034"}],"collection":[{"href":"https:\/\/tautastribunals.eu\/index.php?rest_route=\/wp\/v2\/posts"}],"about":[{"href":"https:\/\/tautastribunals.eu\/index.php?rest_route=\/wp\/v2\/types\/post"}],"author":[{"embeddable":true,"href":"https:\/\/tautastribunals.eu\/index.php?rest_route=\/wp\/v2\/users\/1"}],"replies":[{"embeddable":true,"href":"https:\/\/tautastribunals.eu\/index.php?rest_route=%2Fwp%2Fv2%2Fcomments&post=52034"}],"version-history":[{"count":16,"href":"https:\/\/tautastribunals.eu\/index.php?rest_route=\/wp\/v2\/posts\/52034\/revisions"}],"predecessor-version":[{"id":52127,"href":"https:\/\/tautastribunals.eu\/index.php?rest_route=\/wp\/v2\/posts\/52034\/revisions\/52127"}],"wp:attachment":[{"href":"https:\/\/tautastribunals.eu\/index.php?rest_route=%2Fwp%2Fv2%2Fmedia&parent=52034"}],"wp:term":[{"taxonomy":"category","embeddable":true,"href":"https:\/\/tautastribunals.eu\/index.php?rest_route=%2Fwp%2Fv2%2Fcategories&post=52034"},{"taxonomy":"post_tag","embeddable":true,"href":"https:\/\/tautastribunals.eu\/index.php?rest_route=%2Fwp%2Fv2%2Ftags&post=52034"}],"curies":[{"name":"wp","href":"https:\/\/api.w.org\/{rel}","templated":true}]}}