{"id":52000,"date":"2019-08-09T07:18:36","date_gmt":"2019-08-09T04:18:36","guid":{"rendered":"https:\/\/tautastribunals.eu\/?p=52000"},"modified":"2019-08-09T07:19:18","modified_gmt":"2019-08-09T04:19:18","slug":"parmainam-but-viss-ir-likumsakarigi-freimantala-k-gs","status":"publish","type":"post","link":"https:\/\/tautastribunals.eu\/?p=52000","title":{"rendered":"&#8220;P\u0101rmai\u0146\u0101m b\u016bt&#8221;: Viss likumsakar\u012bgi, Freimant\u0101la k-gs !"},"content":{"rendered":"<p><img decoding=\"async\" loading=\"lazy\" class=\"alignleft wp-image-49310\" src=\"https:\/\/tautastribunals.eu\/wp-content\/uploads\/2019\/02\/komunisms.LRTT_.-Granti\u0146\u0161.Latvija.png\" alt=\"\" width=\"638\" height=\"102\" srcset=\"https:\/\/tautastribunals.eu\/wp-content\/uploads\/2019\/02\/komunisms.LRTT_.-Granti\u0146\u0161.Latvija.png 916w, https:\/\/tautastribunals.eu\/wp-content\/uploads\/2019\/02\/komunisms.LRTT_.-Granti\u0146\u0161.Latvija-300x48.png 300w, https:\/\/tautastribunals.eu\/wp-content\/uploads\/2019\/02\/komunisms.LRTT_.-Granti\u0146\u0161.Latvija-768x122.png 768w, https:\/\/tautastribunals.eu\/wp-content\/uploads\/2019\/02\/komunisms.LRTT_.-Granti\u0146\u0161.Latvija-800x128.png 800w\" sizes=\"(max-width: 638px) 100vw, 638px\" \/><\/p>\n<blockquote class=\"wp-embedded-content\" data-secret=\"brX8cgDKhI\"><p><a href=\"https:\/\/tautastribunals.eu\/?p=51966\">V.Freimant\u0101ls. Un &#8222;labdari&#8220; n\u0101k no klaida latvie\u0161iem !<\/a><\/p><\/blockquote>\n<p><iframe class=\"wp-embedded-content\" sandbox=\"allow-scripts\" security=\"restricted\" style=\"position: absolute; clip: rect(1px, 1px, 1px, 1px);\" src=\"https:\/\/tautastribunals.eu\/?p=51966&#038;embed=true#?secret=brX8cgDKhI\" data-secret=\"brX8cgDKhI\" width=\"500\" height=\"282\" title=\"&#8222;V.Freimant\u0101ls. Un &#8222;labdari&#8220; n\u0101k no klaida latvie\u0161iem !&#8220; &#8212; Latvijas Republikas tautas\" frameborder=\"0\" marginwidth=\"0\" marginheight=\"0\" scrolling=\"no\"><\/iframe><\/p>\n<p>Viss ir likumsakar\u012bgi <strong>Freiment\u0101la kungs<\/strong>, ja beidzot iesl\u0113gsim lo\u0123iku un beigsim tic\u0113t 66.gadus ilgu\u0161iem \u017e\u012bdkrievu meliem un gandr\u012bz 100% izn\u012bcin\u0101t\u0101m zi\u0146\u0101m arh\u012bvos par <strong>Beriju<\/strong> un <strong>Sta\u013cinu<\/strong>, ar <strong><u>kuriem \u017e\u012bdkomunisti un Hru\u0161\u010dovs priek\u0161gal\u0101<\/u><\/strong>, m\u016bs baroja un baroja visu pasauli.<\/p>\n<p>Jau reiz uzs\u0101ku run\u0101t par \u0161o t\u0113mu, bet uzbruka man no vis\u0101m pus\u0113m, ta\u010du neapst\u0101jos rakt inform\u0101ciju un ar p\u0101rliec\u012bbu varu teikt, ka galvenais izs\u016bt\u012b\u0161anas iniciators bija <strong>Hru\u0161\u010dovs<\/strong>, <strong>\u017e\u012bdkomunisti<\/strong> un <strong><u>vi\u0146iem l\u012bdz\u012bgie paraz\u012bti un sli\u0146\u0137i,<\/u><\/strong> lai apmelotu un nov\u0101ktu no ce\u013ca gudrus cilv\u0113kus, kuri perspekt\u012bv\u0101 var\u0113tu izr\u0101d\u012bties tiem konkurenti. Izs\u016bt\u012b\u0161ana s\u0101k\u0101s no apak\u0161as, nevis no aug\u0161as k\u0101 mums to cen\u0161as iest\u0101st\u012bt.<\/p>\n<p>Kreml\u012b to atbalst\u012bja <strong>\u041d\u041a\u0412\u0414 <\/strong>nelie\u0161i, <strong>Je\u017eovs<\/strong> u.c., bet v\u0113l\u0101k to visu uzv\u0113la <strong>Sta\u013cinam <\/strong>un <strong>Berijam<\/strong>, padarot tos par apmelot\u0101kajiem cilv\u0113kiem uz plan\u0113tas.<br \/>\nIzs\u016bt\u0101mo sarakstus pas\u016bt\u012bja un veidoja tie, kurus pa\u0161us bija j\u0101izs\u016bta un pa\u0161i \u0161ie nelie\u0161i ar\u012b realiz\u0113ja izs\u016bt\u012b\u0161anu. Ko tad gaid\u012bj\u0101t, skaidrs, <strong><u>ka izs\u016bt\u012bja \u010dakl\u0101kos un gudr\u0101kos no\u0161\u0101va<\/u><\/strong>, bet da\u013ca aizb\u0113ga uz \u0101rzem\u0113m un tagad kalpo tiem pa\u0161iem nelie\u0161iem, kas atkal ir tikai lo\u0123iski.<\/p>\n<p>P\u0113c 1953 gada, <strong>lumpe\u0146komunistiem<\/strong> un <strong><u>ide\u0101l<\/u><\/strong><strong><u>istiem \u013c\u0101va va\u013c\u012bbas somu pirt\u012bs<\/u><\/strong> un v\u0101ca kompromatus pret tiem, <u>tikm\u0113r <strong>\u017e\u012bdkomunisti <\/strong>veicin\u0101ja visa neizdo\u0161anos, ekonomikas bremz\u0113\u0161anu, apmelo\u0161anu un blatu sist\u0113mas<\/u>. Visa progres\u012bv\u0101 nostum\u0161anu mal\u0101 un viet\u0101 liekot k\u0101rt\u0113jo stulbumu, lai padomju cilv\u0113ks b\u016btu tr\u016bc\u012bgs un neapmierin\u0101ts. Jau toreiz <strong>\u017e\u012bdkomunisti <\/strong>uzs\u0101ka mas\u012bvo tautu sajauk\u0161anas programmu, kas tagad turpin\u0101s uz <strong>Eiropu<\/strong> caur <strong>Merkeles vald\u012b\u0161anu.<\/strong> T\u0101 bija \u017e\u012bdkomunistu gatavo\u0161an\u0101s kam daudz liel\u0101kam un grandioz\u0101kam, jo <strong><u>kontroli p\u0101r PSRS tie bija zaud\u0113ju\u0161i 1928.gad\u0101, Latvij\u0101 1934.gad\u0101 <\/u><\/strong>un t\u0101pat ar\u012b citas <strong>Eiropas<\/strong> valstis bija atbr\u012bvoju\u0161\u0101s no \u017e\u012bdu banku ietekmes un s\u0101ka ekonomiski uzplaukt <em>(neapg\u0101\u017eams fakts)<\/em> Tas vienk\u0101r\u0161i ir lo\u0123iski j\u0101saliek pa plaukti\u0146iem, jo arh\u012bvi ir praktiski izn\u012bcin\u0101ti.<br \/>\nK\u0101 j\u016bs varat spriest par dz\u012bvi <strong>PSRS<\/strong>, ja neesat taj\u0101 dz\u012bvoju\u0161i ne mirkli, bet kop\u0161 1953 gada dz\u012bvoj\u0101t \u017e\u012bdkomunistu kontrol\u0113t\u0101 teritorij\u0101 ar nosaukumu <strong>PSRS<\/strong> un vi\u0146u varas kulmin\u0101ciju 1991.gad\u0101.<br \/>\nK\u0101 jau teicu agr\u0101k, main\u012bties var\u0113sim tad, kad beigsim tic\u0113t un dz\u012bvot p\u0113c kanoniem, kuri iekalti m\u016bsu smadzen\u0113s k\u0101 vien\u012bg\u0101 paties\u012bba, bet realit\u0101t\u0113 viss ir bijis apv\u0113rsts ar k\u0101j\u0101m gais\u0101.<br \/>\n23:00 \u2013 25:00 <em>(lai gan noskat\u012bties ieteicams v<\/em><em>isu)<\/em><\/p>\n<div class=\"video-container\"><iframe loading=\"lazy\" width=\"500\" height=\"281\" src=\"https:\/\/www.youtube.com\/embed\/quQFKq66SXM?feature=oembed&#038;wmode=opaque\" frameborder=\"0\" allow=\"accelerometer; autoplay; encrypted-media; gyroscope; picture-in-picture\" allowfullscreen><\/iframe><\/div>\n<p>Un k\u0101 \u0161eit min\u0113ja <strong>Rids Bruners<\/strong> \u2013 str\u0101d\u0101sim ar to materi\u0101lu, k\u0101ds mums ir, t\u0101 ar\u012b<strong> D\u017euga\u0161vili<\/strong> str\u0101d\u0101ja ar to materi\u0101lu k\u0101ds tolaik bija <strong>Krievij\u0101.<\/strong> Tas tolaik bija neizgl\u012btots, lopiski kriminog\u0113ns un verdziski nodev\u012bgs, bet p\u0101ri visam kl\u0101j\u0101s milzu nomenklat\u016bra ar tieksmi slinkot un parazit\u0113t.<\/p>\n<hr \/>\n<hr \/>\n<hr \/>\n<hr \/>\n<h2><span style=\"color: #ff0000;\">Admina piebilde:<\/span><\/h2>\n<p><img decoding=\"async\" loading=\"lazy\" class=\"alignleft wp-image-49607\" src=\"https:\/\/tautastribunals.eu\/wp-content\/uploads\/2019\/03\/Laiks.Granti\u0146\u0161.Bord\u0101ns.LRTT_.R\u012bga.png\" alt=\"\" width=\"631\" height=\"105\" srcset=\"https:\/\/tautastribunals.eu\/wp-content\/uploads\/2019\/03\/Laiks.Granti\u0146\u0161.Bord\u0101ns.LRTT_.R\u012bga.png 661w, https:\/\/tautastribunals.eu\/wp-content\/uploads\/2019\/03\/Laiks.Granti\u0146\u0161.Bord\u0101ns.LRTT_.R\u012bga-300x50.png 300w\" sizes=\"(max-width: 631px) 100vw, 631px\" \/><\/p>\n<p>Kas attiecas uz <strong>B\u0113riju<\/strong>, t\u0101 ir taisn\u012bba, bet par <strong>Sta\u013cinu <\/strong>jau nu gan to sac\u012bt nevar.<\/p>\n<h2><span style=\"color: #ff0000;\">Vi\u0146\u0161 bija <strong>20t\u0101 <\/strong>gadsimta slepkava <strong>Nr. 1.<\/strong><\/span><\/h2>\n<p>Nav jau daudz j\u0101run\u0101, bet tikai j\u0101atceras <strong>Molotova &amp; Ribentropa<\/strong> <strong>PAKTS<\/strong>. M\u0113s redzam <strong>Sta\u013cinu<\/strong> vis\u0101 sav\u0101 god\u012bb\u0101- nevald\u012bt\u0101 laimes izpausm\u0113 ! T\u0101s ar\u012b ir diskusijas beigas par <strong><u>Sta\u013cinu k\u0101 CILV\u0112KU <\/u><\/strong>!!!<\/p>\n<p>Ceru, ka <strong>\u201cP\u0101rmai\u0146\u0101m b\u016bt\u201d<\/strong> m\u016bs atk\u0101rtoti neaicin\u0101s iest\u0101ties <strong>PSRS, <\/strong>kura m\u016bs noziedz\u012bgi okup\u0113ja\u2026 . Un klaus\u012bties \u017e\u012bd- idiotu<strong> Kedminu<\/strong>&#8230;., jau nu ir p\u0113d\u0113jais kas var b\u016bt !<\/p>\n<p>Vai saprat\u0101t, ko \u0161is \u017e\u012bds, latvie\u0161u n\u012bd\u0113js, sac\u012bja par karu 1941. gad\u0101 ?<\/p>\n<p>Vai <strong>&#8220;P\u0101rmai\u0146\u0101m b\u016bt&#8221;<\/strong> pr\u0101t\u0101 nein\u0101ca tas pats <span style=\"color: #ff0000;\"><strong>M &amp; R PAKTS<\/strong> <\/span>?<\/p>\n<p>Ja neb\u016btu bijis<strong> Sta\u013cins<\/strong>, tad neb\u016btu bijs \u0161is <strong>L\u012bgums un ar\u012b kar\u0161 !!! <\/strong><\/p>\n<p>Kas attiecas uz<strong> Hru\u0161\u010dovu<\/strong>, tad tas bija<strong> iztap\u012bgs Sta\u013cina d-lai\u017ea<\/strong>, kur\u0161 v\u0113l\u0101k savu p\u0101rcent\u012bbu nov\u0113la uz <strong>Sta\u013cinu,<\/strong> p\u0101r\u0146\u0113ma<strong> B\u0113rijas pl\u0101nu, <\/strong>bet pa\u0161u<strong> B\u0113riju, <\/strong>kur\u0161 visu zin\u0101ja par vi\u0146u<strong>, <\/strong>no\u0161\u0101va !<\/p>\n<p>Un, vai neskan d\u012bvaini no <strong>J\u016bsu<\/strong> mutes: <strong>&#8220;bet p\u0101ri visam kl\u0101j\u0101s milzu nomenklat\u016bra ar tieksmi slinkot un parazit\u0113t&#8221;<\/strong> ?<\/p>\n<p>Kur\u0161 tad \u0161o nomenklat\u016bru rad\u012bja, ja ne pats <strong>Sta\u013cins<\/strong> !?<\/p>\n<p>T\u0101 k\u0101 plaukti\u0146i, god.<strong> P\u0101rmai\u0146\u0101m b\u016bt<\/strong>, n\u0101ksies tom\u0113r v\u0113lreiz p\u0101rk\u0101rtot&#8230; !<\/p>\n<p>09.08.19<\/p>\n<hr \/>\n<hr \/>\n<hr \/>\n<hr \/>\n<h2>P.S.<\/h2>\n<p>Neskatoties uz m\u016bsu da\u017e\u0101do &#8220;<strong>pasaules notikumu uztveri<\/strong>&#8220;, J\u016bs esiet v\u0113lams viesis \u0161aj\u0101 <strong>i- vietn\u0113,<\/strong> jo &#8220;<strong>caur str\u012bdu<\/strong>&#8221; ar <strong>Jums<\/strong>, daudziem sak\u0101rtojas deform\u0113t\u0101 apzi\u0146a. Un tas vien jau ir nev\u0113lams proces \u0161odienas valdo\u0161ajai \u017e\u012bd- s\u0101tanistu bandai.<\/p>\n","protected":false},"excerpt":{"rendered":"<p>V.Freimant\u0101ls. Un &#8222;labdari&#8220; n\u0101k no klaida latvie\u0161iem ! Viss ir likumsakar\u012bgi Freiment\u0101la kungs, ja beidzot iesl\u0113gsim lo\u0123iku un beigsim tic\u0113t 66.gadus ilgu\u0161iem \u017e\u012bdkrievu meliem un gandr\u012bz 100% izn\u012bcin\u0101t\u0101m zi\u0146\u0101m arh\u012bvos par Beriju un Sta\u013cinu,&#46;&#46;&#46;<\/p>\n","protected":false},"author":1,"featured_media":0,"comment_status":"open","ping_status":"open","sticky":false,"template":"","format":"standard","meta":[],"categories":[1],"tags":[],"_links":{"self":[{"href":"https:\/\/tautastribunals.eu\/index.php?rest_route=\/wp\/v2\/posts\/52000"}],"collection":[{"href":"https:\/\/tautastribunals.eu\/index.php?rest_route=\/wp\/v2\/posts"}],"about":[{"href":"https:\/\/tautastribunals.eu\/index.php?rest_route=\/wp\/v2\/types\/post"}],"author":[{"embeddable":true,"href":"https:\/\/tautastribunals.eu\/index.php?rest_route=\/wp\/v2\/users\/1"}],"replies":[{"embeddable":true,"href":"https:\/\/tautastribunals.eu\/index.php?rest_route=%2Fwp%2Fv2%2Fcomments&post=52000"}],"version-history":[{"count":16,"href":"https:\/\/tautastribunals.eu\/index.php?rest_route=\/wp\/v2\/posts\/52000\/revisions"}],"predecessor-version":[{"id":52028,"href":"https:\/\/tautastribunals.eu\/index.php?rest_route=\/wp\/v2\/posts\/52000\/revisions\/52028"}],"wp:attachment":[{"href":"https:\/\/tautastribunals.eu\/index.php?rest_route=%2Fwp%2Fv2%2Fmedia&parent=52000"}],"wp:term":[{"taxonomy":"category","embeddable":true,"href":"https:\/\/tautastribunals.eu\/index.php?rest_route=%2Fwp%2Fv2%2Fcategories&post=52000"},{"taxonomy":"post_tag","embeddable":true,"href":"https:\/\/tautastribunals.eu\/index.php?rest_route=%2Fwp%2Fv2%2Ftags&post=52000"}],"curies":[{"name":"wp","href":"https:\/\/api.w.org\/{rel}","templated":true}]}}