{"id":5199,"date":"2011-04-23T19:30:47","date_gmt":"2011-04-23T16:30:47","guid":{"rendered":"http:\/\/tautastribunals.eu\/?p=5199"},"modified":"2011-04-23T23:51:22","modified_gmt":"2011-04-23T20:51:22","slug":"ivars-ijabs-saka-kardinals-pujats-ir-mulkis","status":"publish","type":"post","link":"https:\/\/tautastribunals.eu\/?p=5199","title":{"rendered":"ivars \u012bjabs saka: &#8220;Kardin\u0101ls Puj\u0101ts ir mu\u013c\u0137is !&#8221;"},"content":{"rendered":"<p><img decoding=\"async\" loading=\"lazy\" class=\"alignleft size-full wp-image-5202\" src=\"http:\/\/tautastribunals.eu\/wp-content\/uploads\/2011\/04\/ijabs.jpg\" alt=\"ijabs\" width=\"126\" height=\"187\" \/><\/p>\n<h2><span style=\"color: #ff0000\">MIGLA SARKAN\u0100 &#8211; NOL\u0100D\u0112T\u0100<\/span><\/h2>\n<p><a href=\"http:\/\/www.kasjauns.lv\/lv\/zinas\/45862\/politologs-pujats-vairs-nespej-atbildet-par-saviem-vardiem\">http:\/\/www.kasjauns.lv\/lv\/zinas\/45862\/politologs-pujats-vairs-nespej-atbildet-par-saviem-vardiem<\/a><\/p>\n<p><span style=\"color: #008000\"><span style=\"color: #ff0000\"><strong>LU Soci\u0101lo zin\u0101t\u0146u fakult\u0101tes Politikas zin\u0101tnes studiju noda\u013cas docents <\/strong><br \/>\nE-pasta adrese: <\/span><span style=\"color: #ff0000\"><a href=\"mailto:ijabs@lanet.lv\"><span style=\"color: #800080\">ijabs@lanet.lv<\/span><\/a><br \/>\n<\/span><br \/>\n<\/span><\/p>\n<p><span style=\"color: #ff0000\"><strong>Foto:<\/strong> <em><span style=\"color: #800000\">Katra cilv\u0113ka seja un t\u0101s izteiksme atspogu\u013co\u00a0vi\u0146a <strong><span style=\"text-decoration: underline\">Gar\u012bgo pasauli<\/span><\/strong>. Tas, kur\u0161 nevar\u0113s saskat\u012bt \u0161aj\u0101 <span style=\"text-decoration: underline\"><strong>cilv\u0113k\u0101 velnu <\/strong>(\u013caunumu)<\/span>, ir <strong>Gar\u012bgi akls<\/strong>.<\/span><\/em><\/span><\/p>\n<p><span style=\"color: #ff0000\">&#8220;Vajag \u0146emt v\u0113r\u0101, ka kardin\u0101ls sasniedzis t\u0101du vecumu, kad jau ir gr\u016bti atbild\u0113t par saviem v\u0101rdiem. Bet neapvainosim vi\u0146u &#8211; m\u0113s ta\u010du neesam \u0101rsti, un mums vi\u0146am nav j\u0101nosaka diagnoze,&#8221; teica politologs.<\/span><\/p>\n<p><span style=\"color: #008000\"><span style=\"text-decoration: underline\"><strong><span style=\"color: #ff0000\">=====================================================\u00a0<\/span><\/strong><\/span><\/span><\/p>\n<h2><span style=\"color: #008000\"><img decoding=\"async\" loading=\"lazy\" class=\"alignleft size-full wp-image-5208\" src=\"http:\/\/tautastribunals.eu\/wp-content\/uploads\/2011\/04\/Puj\u0101ts-1.jpg\" alt=\"Puj\u0101ts 1\" width=\"134\" height=\"153\" \/>Jo t\u0101l\u0101k, jo trak\u0101k !<\/span><\/h2>\n<p><span style=\"color: #008000\"><strong><span style=\"color: #000000\">Foto:<\/span><\/strong> <em><span style=\"color: #3366ff\"><strong>Puj\u0101ta kungs<\/strong>, <strong>J\u016bsu<\/strong> pien\u0101kums ir ies\u016bdz\u0113t \u0161o<strong> &#8220;vella\u0123\u012bmi&#8221;<\/strong> ties\u0101. T\u0101diem <strong>Gara krop\u013ciem<\/strong>, k\u0101ds ir <strong>\u012ajabs<\/strong>, nav vieta starp cilv\u0113kiem.<\/span><\/em><\/span><\/p>\n<p><span style=\"color: #008000\">Visu \u0161o <span style=\"text-decoration: underline\">antilatvisko elementu<\/span> <strong>&#8220;\u0161\u016bm\u0113\u0161anos&#8221;<\/strong> ir izrais\u012bju\u0161i <strong>VL!-<\/strong> parakstu v\u0101k\u0161ana par izgl\u012bt\u012bbu latvie\u0161u valod\u0101, kas ir <strong>pa\u0161saprotama lieta<\/strong> vis\u0101s, <strong><em><span style=\"text-decoration: underline\">piln\u012bgi vis\u0101s<\/span><\/em><\/strong>, pasaules valst\u012bs.<\/span><\/p>\n<p><span style=\"color: #008000\">\u012ajaba teiktais p\u0101rsniedz pie\u013caut\u0101s demokr\u0101tijas robe\u017eas, protams, ar piebildi, ja<strong> 4. maija kli\u0137es Latvij\u0101<\/strong> b\u016btu <strong>DEMOKR\u0100TIJA.<\/strong><\/span><\/p>\n<p><span style=\"color: #008000\"><strong><span style=\"text-decoration: underline\">\u0160is \u0161murgulis<\/span><\/strong><em> (zin\u0101tnes docents)<\/em> sevi ir<strong> &#8220;<span style=\"text-decoration: underline\">iedal\u012bjis&#8221;<\/span><\/strong><span style=\"text-decoration: underline\"> r\u0101pu\u013cu kategorij\u0101<\/span>&#8211; <em>cil\u0113vi\u010dos, \u017edanokos, p\u013cineros, osipovos, linderma\u0146os, gi\u013cma\u0146os un d.c cukermanos.<\/em><\/span><\/p>\n<p><span style=\"color: #008000\">Bet- t\u0101 k\u0101 pie mums valda \u017e\u012bdu bo\u013c\u0161evisms ar viet\u0113jiem kangariem, tad viss<strong><span style=\"text-decoration: underline\"> ira<\/span><\/strong> okei, <strong><span style=\"text-decoration: underline\">t\u0101pat k\u0101 izra\u0113l\u0101<\/span><\/strong> !<\/span><\/p>\n<p><span style=\"color: #008000\"><strong><img decoding=\"async\" loading=\"lazy\" class=\"alignleft size-full wp-image-5211\" src=\"http:\/\/tautastribunals.eu\/wp-content\/uploads\/2011\/04\/raivis_dzintars.jpg\" alt=\"raivis_dzintars\" width=\"176\" height=\"128\" \/>\u012ajabs <\/strong>ir nekas cits, k\u0101 <strong>KGB<\/strong>istu <em>(biju\u0161o)<\/em><strong> &#8220;ietekmes a\u0123ents&#8221;.<\/strong> <\/span><\/p>\n<p><span style=\"color: #008000\"><span style=\"color: #000000\"><strong>Foto: <\/strong><span style=\"color: #3366ff\"><em><strong>Dzintar<\/strong>, k\u0101p\u0113c <strong>Tu <\/strong>nekad nevienam no \u0161\u012bs <strong>&#8220;sarkan\u0101s miglas p\u0101rst\u0101vjiem&#8221;<\/strong> neatg\u0101dini, ka demokr\u0101tisk\u0101 sabiedr\u012bb\u0101 j\u0101vad\u0101s p\u0113c <strong>Tiesiskuma principa<\/strong> ? Viss, kas \u0161odien Latvij\u0101 notiek, tiek veikts uz <strong><span style=\"text-decoration: underline\">&#8220;noziedz\u012bbas pamatiem&#8221;.<\/span><\/strong>\u00a0S\u0101c reiz run\u0101t to, ko saka <strong><span style=\"text-decoration: underline\">Tava Sirdsapzi\u0146a.<\/span><\/strong> Tu redz\u0113si, k\u0101 <strong>\u013caunie m\u016bd\u017ei<\/strong><span style=\"color: #00ccff\">(strautmanes, \u010dig\u0101nes, \u012bjabi u.d.c.)<\/span>\u00a0<span style=\"text-decoration: underline\">smilkst\u0113dami aizlaid\u012bsies vistum\u0161\u0101kajos st\u016bros.<\/span><\/em>\u00a0<\/span><\/span><\/span><\/p>\n<p><span style=\"color: #008000\">Vi\u0146a uzdevums ir visur s\u0113t neuztic\u012bbu un naidu pret visu latvisko un demokr\u0101tisko. \u0160is <strong>ru- \u0161ovenistu<\/strong> un <strong>cionistu &#8220;ietekmes a\u0123ents&#8221;<\/strong> to visu dara <strong>demokr\u0101tijas<\/strong> un<strong> cilv\u0113kties\u012bbu<\/strong> v\u0101rd\u0101. Metodes \u0161im puslatvietim ir <strong>sta\u013ciniskas<\/strong>&#8211; <span style=\"text-decoration: underline\">puspaties\u012bbas un faktu sagroz\u012b\u0161ana.<\/span> <\/span><\/p>\n<p><span style=\"color: #008000\">V\u0113l ne tik sen \u0161is nelietis<em>(\u012ajabs)<\/em> muld\u0113ja, ka <strong>VL!<\/strong> savos rekl\u0101mas izdevumos fotograf\u0113jas <strong><span style=\"text-decoration: underline\">nacistu formas t\u0113rpos<\/span><\/strong> ar autom\u0101tiem kaklos !!! Te vairs nav runa par parasto \u0161izofr\u0113niju, bet jau par <strong>&#8220;akad\u0113misko&#8221;<\/strong> <em>(speci\u0101li apm\u0101c\u012bto)<\/em> \u0161izofr\u0113niju. Cik zin\u0101ms, tad <strong>LU <\/strong>daudzi <strong>&#8220;docenti&#8221;<\/strong> ir apm\u0101c\u012bti ar \u0161o <strong>&#8220;kaiti&#8221;.<\/strong><\/span><\/p>\n<p><span style=\"color: #008000\"><span style=\"text-decoration: underline\">\u00a0P\u0113c <strong>Tiesiskuma<\/strong> atjauno\u0161anas <strong>Latvij\u0101 I. \u012ajabs<\/strong> tiks sod\u012bts par genoc\u012bda veicin\u0101\u0161anu pret latvie\u0161u tautu. <\/span><\/span><\/p>\n<p><span style=\"color: #008000\"><strong>LRTT\u00a0 <\/strong>ievieto<strong> I.\u012ajabu <\/strong>nodev\u0113ju kartot\u0113k\u0101. <strong><span style=\"color: #0000ff\">LIETAS NR &#8211; 138.<\/span><\/strong><\/span><\/p>\n<p><span style=\"color: #008000\">\u00a0<strong>Kardin\u0101la J\u0101\u0146a Puj\u0101ta<\/strong> pien\u0101kums b\u016btu \u0161o <strong>gar\u012bgo kropli<\/strong>, <span style=\"text-decoration: underline\">post- padomju surog\u0101tu,<\/span> ies\u016bdz\u0113t ties\u0101 par <strong>apzin\u0101tu person\u012bbas nomelno\u0161anu.<\/strong> Aiz rest\u0113m b\u016btu pietieko\u0161i laiks, lai\u00a0p\u0101rdom\u0101tu savu stulbumu.<\/span><\/p>\n<p><span style=\"color: #008000\">T\u0101dam nelietim, k\u0101ds ir \u0161is <strong>&#8220;izredz\u0113tais&#8221;,<\/strong> pien\u0101ktos uz muguras iztaisnot<strong> steku<\/strong> t\u0101, ka pa visiem caurumiem <strong>&#8220;zupa&#8221;<\/strong> tek&#8230; . <span style=\"text-decoration: underline\">Bet tas v\u0113l viss vi\u0146am st\u0101v priek\u0161\u0101 !<\/span><\/span><\/p>\n<p><span style=\"color: #008000\">P\u0113d\u0113j\u0101s dien\u0101s <strong>&#8220;uzbrukumi&#8221;<\/strong> latvie\u0161u valodai un <strong>VL!<\/strong> nov\u0113rojami bie\u017ei.<strong> Ru- \u0161ovenistiskie<\/strong> \u00a0<strong>KGB<\/strong>isti p\u016blas vaiga sviedros.<\/span><\/p>\n<p><span style=\"color: #008000\">Pirms da\u017e\u0101m dien\u0101m t\u0101da <strong>&#8220;akcija&#8221;<\/strong> bija <strong>LATVIJAS AV\u012aZ\u0112,<\/strong> kur <strong>Ina Druviete<\/strong> ar savu <strong><span style=\"text-decoration: underline\">gar\u012bgo<\/span><\/strong> kol\u0113\u0123i no <strong>SC Egilu Rutkovski<\/strong> ar\u012b<strong> &#8220;nor\u0113ja&#8221; Raivi Dzintaru<\/strong> par parakstu v\u0101k\u0161anu.<\/span><\/p>\n<p><span style=\"color: #008000\"><strong>\u00a0Ina Druviete<\/strong> ne vienu vien reizi ir uzst\u0101jusies pret latvie\u0161u valodu.\u00a0\u00a0<\/span><\/p>\n<p><span style=\"color: #008000\"><strong>Ina Druviete<\/strong> ir akt\u012bva pagr\u012bdes komunistu akt\u012bviste no <strong>Brigma\u0146a un Gorbunova<\/strong> brand\u017eas. <strong>Tiesiskums<\/strong> \u0161iem nelie\u0161iem ir nepie\u0146emams. <\/span><\/p>\n<p><span style=\"color: #008000\"><strong>Bet visam reiz pien\u0101k gals<\/strong>.<\/span><\/p>\n<p><span style=\"color: #008000\">Pien\u0101ks gals ar\u012b t\u0101diem nelie\u0161iem k\u0101 <strong>\u012ajabam, Druvietei<\/strong> un daudziem citiem \u0161vobrakiem&#8230; .<\/span><\/p>\n<p><span style=\"color: #008000\">\u00a0B\u016bs pavasaris, visapk\u0101rt za\u013cos, zied\u0113s un smar\u017eos, tauta gavil\u0113s, bet tu, <strong>Ina <\/strong>un <strong>Ivar<\/strong>, <span style=\"text-decoration: underline\">tiksiet vilkti uz e\u0161afota&#8230;.<\/span> .<\/span><\/p>\n<p><span style=\"color: #008000\"><strong>T\u0101ds ir katra nodev\u0113ja gals !!!<\/strong><\/span><\/p>\n<p><span style=\"color: #008000\"><strong><span style=\"text-decoration: underline\"><span style=\"color: #ff0000\">====================================================<\/span><\/span><\/strong><\/span><\/p>\n<p><span style=\"color: #008000\"><span style=\"color: #ff0000\"><strong><span style=\"text-decoration: underline\"><img decoding=\"async\" loading=\"lazy\" class=\"alignleft size-full wp-image-5234\" src=\"http:\/\/tautastribunals.eu\/wp-content\/uploads\/2011\/04\/1196063_300.jpg\" alt=\"1196063_300\" width=\"206\" height=\"222\" \/><img decoding=\"async\" loading=\"lazy\" class=\"alignleft size-full wp-image-5236\" src=\"http:\/\/tautastribunals.eu\/wp-content\/uploads\/2011\/04\/druviete.jpg\" alt=\"druviete\" width=\"216\" height=\"222\" \/><\/span>Foto: <\/strong><em>Sarkan\u0101s miglas karikat\u016bras<strong>, Ina Druviete<\/strong> un k\u0101ds SC jefi\u0146\u0161<strong> Egils Rutkovskis.<\/strong><\/em><\/span><\/span><\/p>\n<p><span style=\"color: #008000\"><span style=\"color: #ff0000\"><em>\u0160ie kangari &#8211; latvie\u0161u tautas nodev\u0113ji, pieprasa <strong>Latvijai <\/strong>dar\u012bt to, ko nedara neviena valsts pasaul\u0113 ! <\/em><\/span><\/span><\/p>\n<p><span style=\"color: #008000\"><span style=\"color: #ff0000\"><em><span style=\"text-decoration: underline\">Neviena valsts pasaul\u0113 neapmaks\u0101 savas tautas slepkavu- okupantu skolas vi\u0146u valod\u0101\u00a0!!!<\/span><\/em><\/span><\/span><\/p>\n<p><span style=\"color: #008000\"><span style=\"color: #ff0000\"><em>\u00a0<\/em><\/span><\/span><\/p>\n<p><span style=\"color: #008000\"><span style=\"color: #ff0000\"><em>Paskatoties uz \u0161\u012bm &#8220;sej\u0101m&#8221; &gt;&gt;&gt;&gt;viss k\u013c\u016bst skaidrs&gt;&gt;&gt;&gt; nu ko gan no t\u0101diem citu sagaid\u012bsi&#8230; . <a href=\"http:\/\/tautastribunals.eu\/?p=4441\"><span style=\"color: #0000ff\">http:\/\/tautastribunals.eu\/?p=4441<\/span><\/a><\/em><\/span><\/span><\/p>\n<p><span style=\"color: #008000\"><span style=\"color: #ff0000\"><em>LRTT\u00a0\u00a0 23.04.11<\/em><\/span><\/span><\/p>\n","protected":false},"excerpt":{"rendered":"<p>MIGLA SARKAN\u0100 &#8211; NOL\u0100D\u0112T\u0100 http:\/\/www.kasjauns.lv\/lv\/zinas\/45862\/politologs-pujats-vairs-nespej-atbildet-par-saviem-vardiem LU Soci\u0101lo zin\u0101t\u0146u fakult\u0101tes Politikas zin\u0101tnes studiju noda\u013cas docents E-pasta adrese: ijabs@lanet.lv Foto: Katra cilv\u0113ka seja un t\u0101s izteiksme atspogu\u013co\u00a0vi\u0146a Gar\u012bgo pasauli. Tas, kur\u0161 nevar\u0113s saskat\u012bt \u0161aj\u0101 cilv\u0113k\u0101 velnu&#46;&#46;&#46;<\/p>\n","protected":false},"author":6,"featured_media":0,"comment_status":"open","ping_status":"open","sticky":false,"template":"","format":"standard","meta":[],"categories":[1],"tags":[],"_links":{"self":[{"href":"https:\/\/tautastribunals.eu\/index.php?rest_route=\/wp\/v2\/posts\/5199"}],"collection":[{"href":"https:\/\/tautastribunals.eu\/index.php?rest_route=\/wp\/v2\/posts"}],"about":[{"href":"https:\/\/tautastribunals.eu\/index.php?rest_route=\/wp\/v2\/types\/post"}],"author":[{"embeddable":true,"href":"https:\/\/tautastribunals.eu\/index.php?rest_route=\/wp\/v2\/users\/6"}],"replies":[{"embeddable":true,"href":"https:\/\/tautastribunals.eu\/index.php?rest_route=%2Fwp%2Fv2%2Fcomments&post=5199"}],"version-history":[{"count":24,"href":"https:\/\/tautastribunals.eu\/index.php?rest_route=\/wp\/v2\/posts\/5199\/revisions"}],"predecessor-version":[{"id":5240,"href":"https:\/\/tautastribunals.eu\/index.php?rest_route=\/wp\/v2\/posts\/5199\/revisions\/5240"}],"wp:attachment":[{"href":"https:\/\/tautastribunals.eu\/index.php?rest_route=%2Fwp%2Fv2%2Fmedia&parent=5199"}],"wp:term":[{"taxonomy":"category","embeddable":true,"href":"https:\/\/tautastribunals.eu\/index.php?rest_route=%2Fwp%2Fv2%2Fcategories&post=5199"},{"taxonomy":"post_tag","embeddable":true,"href":"https:\/\/tautastribunals.eu\/index.php?rest_route=%2Fwp%2Fv2%2Ftags&post=5199"}],"curies":[{"name":"wp","href":"https:\/\/api.w.org\/{rel}","templated":true}]}}