{"id":51890,"date":"2019-07-30T05:33:39","date_gmt":"2019-07-30T02:33:39","guid":{"rendered":"https:\/\/tautastribunals.eu\/?p=51890"},"modified":"2019-07-30T05:33:39","modified_gmt":"2019-07-30T02:33:39","slug":"parmainam-but-tiesiskums-zidkomunistu-banditu-izpratne","status":"publish","type":"post","link":"https:\/\/tautastribunals.eu\/?p=51890","title":{"rendered":"&#8220;P\u0101rmai\u0146\u0101m b\u016bt&#8221;: Tiesiskums \u017e\u012bdkomunistu &#038; band\u012btu izpratn\u0113 !"},"content":{"rendered":"<p><span style=\"color: #003300;\"><img decoding=\"async\" loading=\"lazy\" class=\"alignleft wp-image-51364\" src=\"https:\/\/tautastribunals.eu\/wp-content\/uploads\/2019\/07\/www.tautastribunals.eu-12.png\" alt=\"\" width=\"640\" height=\"90\" \/><\/span><\/p>\n<p><span style=\"color: #003300;\">Tiesiskums un tautas pa\u0161noteik\u0161an\u0101s ties\u012bbas <strong>Maskav\u0101<\/strong>, \u010dekistu, <strong>\u017e\u012bdkomunistu &amp; band\u012btu<\/strong> varas izpild\u012bjum\u0101. <\/span><\/p>\n<p><span style=\"color: #003300;\">Neceriet, ka <strong>Latvij\u0101<\/strong> vi\u0146u r\u012bc\u012bba b\u016btu cit\u0101d\u0101ka, \u0146emot v\u0113r\u0101 izmain\u012btos zv\u0113restus sp\u0113ka strukt\u016br\u0101m un paklus\u0101m veidot\u0101s vien\u012bbas.<\/span><\/p>\n<div class=\"video-container\"><iframe loading=\"lazy\" width=\"500\" height=\"281\" src=\"https:\/\/www.youtube.com\/embed\/VJX8VyK6Mis?feature=oembed&#038;wmode=opaque\" frameborder=\"0\" allow=\"accelerometer; autoplay; encrypted-media; gyroscope; picture-in-picture\" allowfullscreen><\/iframe><\/div>\n<p><strong>Gorba\u010dovs <\/strong>no <strong><u>V\u0101cijas sa\u0146\u0113ma 36 miljardus v\u0101cu marku<\/u><\/strong> par karasp\u0113ka izve\u0161anu no <strong>Austrumv\u0101cijas<\/strong>. Tad <strong><u>k\u0101p\u0113c PSRS okupanti tika izvietoti Latvij\u0101<\/u><\/strong>, ja kompens\u0101ciju par atgrie\u0161anos sa\u0146\u0113ma <strong>Krievija <\/strong>un <strong>Krievija<\/strong> sol\u012bja tiem uzb\u016bv\u0113t m\u0101jas, vi\u0146u \u0123ime\u0146u izvieto\u0161anai. Vai t\u0101p\u0113c, ka <strong><u>nauda Maskav\u0101 tika izzagta<\/u><\/strong> un pie reizes t\u0101 bija izdev\u012bba nostiprin\u0101t <strong><u>jau t\u0101 milz\u012bgo 5.kolonu Latvij\u0101<\/u><\/strong>, bet <strong>V\u0101cij\u0101<\/strong> veidot sev v\u0113lamu varu.<\/p>\n<div class=\"video-container\"><iframe loading=\"lazy\" width=\"500\" height=\"281\" src=\"https:\/\/www.youtube.com\/embed\/UgmJASBN2xE?feature=oembed&#038;wmode=opaque\" frameborder=\"0\" allow=\"accelerometer; autoplay; encrypted-media; gyroscope; picture-in-picture\" allowfullscreen><\/iframe><\/div>\n<p><strong><u>Vi\u0146u lozungs:<\/u><\/strong> <strong>\u201enav izdom\u0101ta nek\u0101 lab\u0101ka par demokr\u0101tiju\u201c<\/strong> <em>(lai t\u0101 aizseg\u0101 tad ar meliem un viltu manipul\u0113tu ar taut\u0101m).<\/em><br \/>\nJebkuras varas nomai\u0146ai ir <strong><u>j\u0101b\u016bt p\u0101rejas periodam, kur\u0101 izkristaliz\u0113jas tautas griba un m\u0113r\u0137i<\/u><\/strong>. Ja vien netiek uzspiesta vai m\u0101ksl\u012bgi veidota cita politika, kur nek\u0101da tautas griba nevar realiz\u0113ties, bet tiek izveidotas <strong>klanu <\/strong>un <strong><u>divdesmit pirmo<\/u><\/strong> klubu intereses.<\/p>\n<hr \/>\n<p>Pieaugo\u0161\u0101s noziedz\u012bgo klanu iek\u0161\u0113j\u0101s c\u012b\u0146as nor\u0101da uz vi\u0146u s\u0113rijveida neveiksm\u0113m pl\u0101nos:<\/p>\n<p><iframe loading=\"lazy\" width=\"500\" height=\"281\" src=\"https:\/\/www.youtube.com\/embed\/ufdP0lkvY5U?feature=oembed&#038;wmode=opaque\" frameborder=\"0\" allow=\"accelerometer; autoplay; encrypted-media; gyroscope; picture-in-picture\" allowfullscreen><\/iframe><\/p>\n<p>Kopsavilkums krievu blogera skat\u012bjum\u0101.<\/p>\n<p><iframe loading=\"lazy\" width=\"500\" height=\"281\" src=\"https:\/\/www.youtube.com\/embed\/EAg88T3qGKE?feature=oembed&#038;wmode=opaque\" frameborder=\"0\" allow=\"accelerometer; autoplay; encrypted-media; gyroscope; picture-in-picture\" allowfullscreen><\/iframe><\/p>\n<hr \/>\n<hr \/>\n<hr \/>\n<hr \/>\n<h2><span style=\"color: #ff0000;\">LRTT:<\/span><\/h2>\n<p>Ja pie\u013caus kriev\u017e\u012bdisk\u0101s <strong>Krievijas<\/strong> draudz\u012bbu ar <strong>V\u0101ciju<\/strong>, tad <strong>Eiropa<\/strong> iesl\u012bgs viduslaiku tumson\u012bb\u0101<em>(haz\u0101r\u017e\u012bdisk\u0101 Krievija apr\u012bs V\u0101ciju, jo \u0161eit ir rad\u012btas no iece\u013cot\u0101jiem t\u016bksto\u0161iem &#8220;\u0161\u016bni\u0146as&#8221;, kuras p\u0113c pirm\u0101s komandas \u0161aus v\u0101cie\u0161iem mugur\u0101. To sac\u012bja V. Bu\u0161manis un es esmu praks\u0113 jau ar to sask\u0101ries !!!)<\/em> !<\/p>\n<p>T\u0101s b\u016bs vien\u012bgas asins upes !!!<\/p>\n<p>Kas attiecas uz <strong>Velleru,<\/strong> vi\u0146\u0161 vienm\u0113r visu saka pareizi ! B\u016bt\u012bb\u0101 jau vi\u0146\u0161 <strong>Krieviju<\/strong> nod\u0113v\u0113ja par <strong>Izra\u0113lu<\/strong>&#8230; .<\/p>\n<p><strong>Makrons, Merkele, Putins, Tramps<\/strong> un ar\u012b<strong> &#8220;m\u016bsu&#8221; levitists<\/strong>&#8230;, visi ta\u010du no vienas cilts !!!<\/p>\n<blockquote class=\"wp-embedded-content\" data-secret=\"CW5QNRm3AW\"><p><a href=\"https:\/\/tautastribunals.eu\/?p=21342\">Helsinki- 86 NOTA- Protests<\/a><\/p><\/blockquote>\n<p><iframe class=\"wp-embedded-content\" sandbox=\"allow-scripts\" security=\"restricted\" style=\"position: absolute; clip: rect(1px, 1px, 1px, 1px);\" src=\"https:\/\/tautastribunals.eu\/?p=21342&#038;embed=true#?secret=CW5QNRm3AW\" data-secret=\"CW5QNRm3AW\" width=\"500\" height=\"282\" title=\"&#8222;Helsinki- 86 NOTA- Protests&#8220; &#8212; Latvijas Republikas tautas\" frameborder=\"0\" marginwidth=\"0\" marginheight=\"0\" scrolling=\"no\"><\/iframe><\/p>\n<p>Run\u0101t\u0101js pirmsp\u0113d\u0113j\u0101 video nav t\u012brs, tas pats haz\u0101rs vien ir, kur\u0161 <strong>Krievijas<\/strong> d\u0113\u013c slepkavos uz neb\u0113du !!!<\/p>\n<p>Bez<strong> &#8220;nezin\u0101mu&#8221;<\/strong> sp\u0113ku iejauk\u0161an\u0101s nekas labs nav paredzams&#8230; !<\/p>\n<p>30.07.19<\/p>\n","protected":false},"excerpt":{"rendered":"<p>Tiesiskums un tautas pa\u0161noteik\u0161an\u0101s ties\u012bbas Maskav\u0101, \u010dekistu, \u017e\u012bdkomunistu &amp; band\u012btu varas izpild\u012bjum\u0101. Neceriet, ka Latvij\u0101 vi\u0146u r\u012bc\u012bba b\u016btu cit\u0101d\u0101ka, \u0146emot v\u0113r\u0101 izmain\u012btos zv\u0113restus sp\u0113ka strukt\u016br\u0101m un paklus\u0101m veidot\u0101s vien\u012bbas. Gorba\u010dovs no V\u0101cijas sa\u0146\u0113ma 36&#46;&#46;&#46;<\/p>\n","protected":false},"author":1,"featured_media":0,"comment_status":"open","ping_status":"open","sticky":false,"template":"","format":"standard","meta":[],"categories":[1],"tags":[],"_links":{"self":[{"href":"https:\/\/tautastribunals.eu\/index.php?rest_route=\/wp\/v2\/posts\/51890"}],"collection":[{"href":"https:\/\/tautastribunals.eu\/index.php?rest_route=\/wp\/v2\/posts"}],"about":[{"href":"https:\/\/tautastribunals.eu\/index.php?rest_route=\/wp\/v2\/types\/post"}],"author":[{"embeddable":true,"href":"https:\/\/tautastribunals.eu\/index.php?rest_route=\/wp\/v2\/users\/1"}],"replies":[{"embeddable":true,"href":"https:\/\/tautastribunals.eu\/index.php?rest_route=%2Fwp%2Fv2%2Fcomments&post=51890"}],"version-history":[{"count":10,"href":"https:\/\/tautastribunals.eu\/index.php?rest_route=\/wp\/v2\/posts\/51890\/revisions"}],"predecessor-version":[{"id":51906,"href":"https:\/\/tautastribunals.eu\/index.php?rest_route=\/wp\/v2\/posts\/51890\/revisions\/51906"}],"wp:attachment":[{"href":"https:\/\/tautastribunals.eu\/index.php?rest_route=%2Fwp%2Fv2%2Fmedia&parent=51890"}],"wp:term":[{"taxonomy":"category","embeddable":true,"href":"https:\/\/tautastribunals.eu\/index.php?rest_route=%2Fwp%2Fv2%2Fcategories&post=51890"},{"taxonomy":"post_tag","embeddable":true,"href":"https:\/\/tautastribunals.eu\/index.php?rest_route=%2Fwp%2Fv2%2Ftags&post=51890"}],"curies":[{"name":"wp","href":"https:\/\/api.w.org\/{rel}","templated":true}]}}