{"id":51883,"date":"2019-08-01T06:18:44","date_gmt":"2019-08-01T03:18:44","guid":{"rendered":"https:\/\/tautastribunals.eu\/?p=51883"},"modified":"2021-09-30T13:41:51","modified_gmt":"2021-09-30T10:41:51","slug":"un-atkal-veca-holo-dziesmagenocids-pret-latviesiem","status":"publish","type":"post","link":"https:\/\/tautastribunals.eu\/?p=51883","title":{"rendered":"Un atkal vec\u0101 holo- dziesma(genoc\u012bds pret latvie\u0161iem) !"},"content":{"rendered":"<h1><img decoding=\"async\" loading=\"lazy\" class=\"alignleft wp-image-51364\" src=\"https:\/\/tautastribunals.eu\/wp-content\/uploads\/2019\/07\/www.tautastribunals.eu-12.png\" alt=\"\" width=\"2746\" height=\"385\" \/><\/h1>\n<h1><\/h1>\n<h1><\/h1>\n<h1><\/h1>\n<h1><span style=\"color: #ff0000;\">Skaties un br\u012bnies:<\/span><\/h1>\n<p>https:\/\/www.youtube.com\/watch?time_continue=1015&amp;v=IcwxJx_WbYg <em>(nabaga Pabriks izdz\u0113sa \u0161o video, lai netiktu ties\u0101ts)<\/em><\/p>\n<p><strong>-Kari\u0146\u0161:<\/strong> otrais pasules kar\u0161 bija tra\u0123\u0113dija ebrejiem, tra\u0123\u0113dija <strong>Latvijai<\/strong><em>(latvie\u0161i k\u0101 tauta netika piemin\u0113ta)<\/em> !!! Vai saprat\u0101t \u0161\u012b viltus latvie\u0161a, <strong>zag\u013ca un laup\u012bt\u0101ja- miljon\u0101ra<\/strong><em>(jebreja) <\/em>teikto ?<\/p>\n<h2>Latvie\u0161iem, p\u0113c Kari\u0146a dom\u0101m, t\u0101 nebija tra\u0123\u0113dija !!!<\/h2>\n<p>-Un pats galvenais, ka<strong> Pabriks<\/strong> nesl\u0113pj, ka ir jebrejs !!!<\/p>\n<p>Klausies tikai, k\u0101du \u0101rpr\u0101tu \u0161is kompartijas- komjaunatnes darbonis sarun\u0101ja, pat draud\u0113ja !<\/p>\n<p>Pajaut\u0101sim \u0161im band\u012btam: <strong>&#8220;&#8221;Vec\u012bt, no k\u0101d\u0101m \u201crestit\u016bcij\u0101m\u201d tava bag\u0101t\u012bba rakst\u0101s ar se\u0161iem cipariem aiz nulles, <\/strong>un, kas tu par izredz\u0113to m\u016bsu \u201c<strong>demokr\u0101tij\u0101<\/strong>\u201d, ja dab\u016bji <strong>\u201cat\u013cauju\u201d<\/strong> savu priv\u0101tm\u0101ju iecelt dabas liegum\u0101 ?&#8221;&#8221; &#8220;&#8221;<\/p>\n<p><strong>-M\u016brniece<\/strong> ar\u012b jebrejiete !<\/p>\n<p><strong>-V\u0113jonis<\/strong> t\u0101ds pats haz\u0101rietes un zald\u0101ta p\u0113cn\u0101c\u0113js !<\/p>\n<p>Un k\u0101dus melus vecis ar \u201c<strong>p\u013cocku galv\u0101<\/strong>\u201d gvelza ?<\/p>\n<p><strong>Latvij\u0101<\/strong> esot izn\u012bcin\u0101ti <strong>70 000 jebreju<\/strong><em>(pirms gada M\u016brniece sac\u012bja, ka tikai 25 000- laikam nebija pieskait\u012bjusi H. Cukura pa\u0161roc\u012bgi noslepkavotos 30 000) <\/em>!<\/p>\n<p>Un, kuri tad bija tie nacistu l\u012bdzskr\u0113j\u0113ji, par kuriem tika run\u0101ts ?<\/p>\n<p>To neviens no \u0161iem di\u017eiem \u201c<strong>ciet\u0113jiem<\/strong>\u201d nepasac\u012bja !<\/p>\n<hr \/>\n<hr \/>\n<p><span style=\"color: #ff0000;\"><strong>Jeb kuri meli, ir atkl\u0101ta naida kurin\u0101\u0161ana, kas noved pie cilv\u0113ku upuriem !!!<\/strong><\/span><\/p>\n<h2>Un \u0161eit tika melots uz &#8220;vella parau\u0161anu&#8221; !<\/h2>\n<p>Vecais <strong>Laitmans s<\/strong>kaidri pasac\u012bj\u0101, kap\u0113c un, kas vain\u012bgs, ka pret jebrejiem notika holokausts !?<\/p>\n<p>Vi\u0146\u0161 ari pasac\u012bja, ka priek\u0161\u0101 st\u0101v v\u0113l briesm\u012bg\u0101ks !!!<\/p>\n<div class=\"video-container\"><iframe loading=\"lazy\" title=\"\u041b\u0430\u0439\u0442\u043c\u0430\u043d \u043f\u0440\u0435\u0434\u0443\u043f\u0440\u0435\u0436\u0434\u0430\u0435\u0442 \u043e \u0441\u043a\u043e\u0440\u043e\u043c \u0443\u043d\u0438\u0447\u0442\u043e\u0436\u0435\u043d\u0438\u0438 \u0435\u0432\u0440\u0435\u0435\u0432\" width=\"500\" height=\"281\" src=\"https:\/\/www.youtube.com\/embed\/d48VakxKiUs?feature=oembed&#038;wmode=opaque\" frameborder=\"0\" allow=\"accelerometer; autoplay; clipboard-write; encrypted-media; gyroscope; picture-in-picture\" allowfullscreen><\/iframe><\/div>\n<p>V\u0101cieties, j\u016bs velna izdzimumi, pie tiem, kuri veica \u0161os noziegumus, bet neslauciet t\u0101 jau knapi dz\u012bvo latvie\u0161u tautu !!!<\/p>\n<p><em>(Un rodas t\u0101di l\u012bdzskr\u0113j\u0113ji m\u016brnieces, pabriki, kari\u0146i, v\u0113jo\u0146i, jo vi\u0146i ta\u010du vi\u0146u d\u0113\u013c ir k\u013cuvu\u0161i par miljon\u0101riem)<\/em><\/p>\n<hr \/>\n<hr \/>\n<hr \/>\n<hr \/>\n<h2><span style=\"color: #ff0000;\">Un tagad es jums <strong>\u201cp\u0101rtulko\u0161u\u201d tikko izlas\u012bto<\/strong> !<\/span><\/h2>\n<p><span style=\"color: #333399;\"><strong><u><img decoding=\"async\" loading=\"lazy\" class=\"alignleft wp-image-51738\" src=\"https:\/\/tautastribunals.eu\/wp-content\/uploads\/2019\/07\/L.Granti\u0146\u0161.LRTT_.png\" alt=\"\" width=\"112\" height=\"157\" srcset=\"https:\/\/tautastribunals.eu\/wp-content\/uploads\/2019\/07\/L.Granti\u0146\u0161.LRTT_.png 573w, https:\/\/tautastribunals.eu\/wp-content\/uploads\/2019\/07\/L.Granti\u0146\u0161.LRTT_-215x300.png 215w\" sizes=\"(max-width: 112px) 100vw, 112px\" \/>-\u0160aj\u0101 video<\/u><\/strong> j\u016bs redz\u0113j\u0101t <strong><u>simt- procent\u012bgu<\/u><\/strong> noziedznieku varzu, kura p\u0113c <strong>Tiesiskuma atjauno\u0161anas<\/strong> <strong>Latvij\u0101<\/strong>, <strong><u>simt- procent\u012bgi <\/u><\/strong>tiks arest\u0113ta un nodota \u0101rk\u0101rtas <strong>TRIBUN\u0100LAM <\/strong>ties\u0101\u0161anai, par<span style=\"color: #ff0000;\">: <strong>\u0101rpr\u0101ta genoc\u012bda veik\u0161anu pret latvie\u0161u tautu.<\/strong><\/span><\/span><\/p>\n<p><span style=\"color: #333399;\"><strong>-\u0160aj\u0101 video<\/strong> redzamiem ar <strong>HOLOKAUSTA<\/strong> upuriem nav nek\u0101da sakara ! <\/span><\/p>\n<p><span style=\"color: #333399;\">Visi vi\u0146i ir to noziedznieku p\u0113cn\u0101c\u0113ji, kuri pal\u012bdz\u0113ja v\u0101cu nacistiem veikt \u0161o <strong>HOLOKAUSTU<\/strong> un <span style=\"color: #ff0000;\"><strong>\u0161odien nelikum\u012bgi dz\u012bvo uz \u0161o upuru asins r\u0113\u0137ina<\/strong>.<\/span> <\/span><\/p>\n<p><span style=\"color: #333399;\"><strong>Padomju \u017e\u012bdi bija PSRS politiskais avangards<\/strong> un <strong><u>nacistisk\u0101s V\u0101cijas sabiedrotais.<\/u><\/strong><\/span><\/p>\n<p><span style=\"color: #333399;\">Ja<u> cionistiski- bo\u013c\u0161evistisk\u0101 <strong>PSRS<\/strong> <\/u>un <u>nacistisk\u0101 <strong>V\u0101cija<\/strong><\/u> neb\u016btu sl\u0113gu\u0161as<strong> L\u012aGUMU<\/strong><em>(Molotova Ribentropa PAKTS) <\/em>par <strong><u>Eiropas sadal\u012b\u0161anu- neatkar\u012bgo valstu izn\u012bcin\u0101\u0161anu, tad<\/u><\/strong> <span style=\"color: #ff0000;\"><strong><u>NEK\u0100DS holokausts neb\u016btu noticis<\/u><\/strong> <\/span>!!!<\/span><\/p>\n<p><span style=\"color: #333399;\"><span style=\"color: #ff0000;\"><strong>Citas PATIES\u012aBAS nav !!!<\/strong><\/span> un t\u0101p\u0113c <strong><u>piln\u012bb\u0101 ir j\u0101piekr\u012bt kabalistam Laitmanam<\/u><\/strong>, ka visu nelaimju rad\u012bt\u0101ji ir pa\u0161i jebreji !<\/span><\/p>\n<p><span style=\"color: #333399;\">T\u0101p\u0113c visa \u0161aj\u0101 video skat\u0101m\u0101 noziedznieku<span style=\"color: #ff0000;\"><em>(zag\u013ci, slepkavas, laup\u012bt\u0101ji)<\/em><\/span> varza<span style=\"color: #ff0000;\"><em>(kari\u0146i, pabriki, m\u016brnieces, suharenki, beitneres &amp; co) <\/em><\/span>ir arest\u0113jama, nozagtie miljardi atsavin\u0101mi un pa\u0161i publiski pakarami !!! <\/span><\/p>\n<p><span style=\"color: #333399;\">Tik smaga nozieguma veic\u0113jiem cits sods nav piem\u0113rojams.<\/span><\/p>\n<p>01.08.19<\/p>\n","protected":false},"excerpt":{"rendered":"<p>Skaties un br\u012bnies: https:\/\/www.youtube.com\/watch?time_continue=1015&amp;v=IcwxJx_WbYg (nabaga Pabriks izdz\u0113sa \u0161o video, lai netiktu ties\u0101ts) -Kari\u0146\u0161: otrais pasules kar\u0161 bija tra\u0123\u0113dija ebrejiem, tra\u0123\u0113dija Latvijai(latvie\u0161i k\u0101 tauta netika piemin\u0113ta) !!! Vai saprat\u0101t \u0161\u012b viltus latvie\u0161a, zag\u013ca un laup\u012bt\u0101ja-&#46;&#46;&#46;<\/p>\n","protected":false},"author":1,"featured_media":0,"comment_status":"open","ping_status":"open","sticky":false,"template":"","format":"standard","meta":[],"categories":[1],"tags":[],"_links":{"self":[{"href":"https:\/\/tautastribunals.eu\/index.php?rest_route=\/wp\/v2\/posts\/51883"}],"collection":[{"href":"https:\/\/tautastribunals.eu\/index.php?rest_route=\/wp\/v2\/posts"}],"about":[{"href":"https:\/\/tautastribunals.eu\/index.php?rest_route=\/wp\/v2\/types\/post"}],"author":[{"embeddable":true,"href":"https:\/\/tautastribunals.eu\/index.php?rest_route=\/wp\/v2\/users\/1"}],"replies":[{"embeddable":true,"href":"https:\/\/tautastribunals.eu\/index.php?rest_route=%2Fwp%2Fv2%2Fcomments&post=51883"}],"version-history":[{"count":20,"href":"https:\/\/tautastribunals.eu\/index.php?rest_route=\/wp\/v2\/posts\/51883\/revisions"}],"predecessor-version":[{"id":60860,"href":"https:\/\/tautastribunals.eu\/index.php?rest_route=\/wp\/v2\/posts\/51883\/revisions\/60860"}],"wp:attachment":[{"href":"https:\/\/tautastribunals.eu\/index.php?rest_route=%2Fwp%2Fv2%2Fmedia&parent=51883"}],"wp:term":[{"taxonomy":"category","embeddable":true,"href":"https:\/\/tautastribunals.eu\/index.php?rest_route=%2Fwp%2Fv2%2Fcategories&post=51883"},{"taxonomy":"post_tag","embeddable":true,"href":"https:\/\/tautastribunals.eu\/index.php?rest_route=%2Fwp%2Fv2%2Ftags&post=51883"}],"curies":[{"name":"wp","href":"https:\/\/api.w.org\/{rel}","templated":true}]}}