{"id":51734,"date":"2019-07-21T01:24:27","date_gmt":"2019-07-20T22:24:27","guid":{"rendered":"https:\/\/tautastribunals.eu\/?p=51734"},"modified":"2019-07-21T02:02:04","modified_gmt":"2019-07-20T23:02:04","slug":"admina-atbilde-parmainam-but","status":"publish","type":"post","link":"https:\/\/tautastribunals.eu\/?p=51734","title":{"rendered":"Admina atbilde &#8220;P\u0101rmai\u0146\u0101m b\u016bt&#8221;"},"content":{"rendered":"<p><img decoding=\"async\" loading=\"lazy\" class=\"alignleft wp-image-48784\" src=\"https:\/\/tautastribunals.eu\/wp-content\/uploads\/2019\/01\/L.Granti\u0146\u0161.J.Z\u012bvertsBord\u0101nsBut\u0101nsLRTT-1.png\" alt=\"\" width=\"640\" height=\"93\" srcset=\"https:\/\/tautastribunals.eu\/wp-content\/uploads\/2019\/01\/L.Granti\u0146\u0161.J.Z\u012bvertsBord\u0101nsBut\u0101nsLRTT-1.png 1073w, https:\/\/tautastribunals.eu\/wp-content\/uploads\/2019\/01\/L.Granti\u0146\u0161.J.Z\u012bvertsBord\u0101nsBut\u0101nsLRTT-1-300x44.png 300w, https:\/\/tautastribunals.eu\/wp-content\/uploads\/2019\/01\/L.Granti\u0146\u0161.J.Z\u012bvertsBord\u0101nsBut\u0101nsLRTT-1-768x112.png 768w, https:\/\/tautastribunals.eu\/wp-content\/uploads\/2019\/01\/L.Granti\u0146\u0161.J.Z\u012bvertsBord\u0101nsBut\u0101nsLRTT-1-800x116.png 800w\" sizes=\"(max-width: 640px) 100vw, 640px\" \/><\/p>\n<h3>&#8220;P\u0101rmai\u0146\u0101m b\u016bt&#8221;<\/h3>\n<p>M\u016bsu tautas sp\u0113ks ir m\u016bsu salied\u0113t\u012bb\u0101, lai pa\u0161organiz\u0113tos un atbr\u012bvotos no d\u0113l\u0113m, ut\u012bm un paraz\u012btiem aps\u0113st\u0101, m\u0101tes<strong> Latvijas<\/strong> \u0137erme\u0146a.<\/p>\n<p>To mums nep\u0101rtraukti atg\u0101dina <strong>Freimant\u0101ls<\/strong> un tie\u0161i to nevienai tautai uz plan\u0113tas nepie\u013cauj cilv\u0113ces ienaidnieki un vi\u0146u apmaks\u0101tie roklai\u017eas.<\/p>\n<p><iframe loading=\"lazy\" width=\"500\" height=\"375\" src=\"https:\/\/www.youtube.com\/embed\/jSdhKQpdlpc?feature=oembed&#038;wmode=opaque\" frameborder=\"0\" allow=\"accelerometer; autoplay; encrypted-media; gyroscope; picture-in-picture\" allowfullscreen><\/iframe><\/p>\n<p>Noteikti noskatieties pievienoto video.<\/p>\n<hr \/>\n<hr \/>\n<hr \/>\n<hr \/>\n<h2>Admins(L. Granti\u0146\u0161)<\/h2>\n<p>T\u0101 lieta jau nav tik primit\u012bva k\u0101 runa \u0161is krievu disidents: <strong>&#8220;Nu, davai, apvienosimies !&#8221;<\/strong><\/p>\n<p>T\u0101 ir <strong>Gar\u012bg\u0101 lieta<\/strong>, tas ir<strong> s\u0101tanisms<\/strong>, <strong><u>kas tiek no gar\u012bg\u0101s dimensijas st\u016br\u0113ts<\/u><\/strong> !<\/p>\n<p>M\u0113s pa\u0161laik nevaram apvienoties, jo:<\/p>\n<h2><strong>&#8220;P\u0113d\u0113j\u0101 laik\u0101 vi\u0146am<\/strong><em>(S\u0101tanam) <\/em><strong>taps dota liela vara !&#8221;<\/strong><\/h2>\n<p>M\u016bsu uzdevums \u0161aj\u0101 s\u0101tanisma laikmet\u0101 ir <strong>&#8220;notur\u0113ties virs \u016bdens&#8221;, <\/strong>saglab\u0101t savu nacion\u0101lo apzi\u0146u, un, tad ar\u012b m\u0113s izdz\u012bvosim, bet p\u0101r\u0113jo paveiks:<\/p>\n<h2><strong>&#8220;C\u0113lo\u0146u un seku LIKUMS !&#8221;<\/strong><\/h2>\n<h2><strong>&#8220;Es n\u0101k\u0161u k\u0101 zaglis nakti&#8221;, Vi\u0146\u0161 sac\u012bja !<\/strong><\/h2>\n<p><em>(Es neesmu nek\u0101ds reli\u0123iozais fan\u0101ti\u0137is, bet ir Lietas, kuras m\u0113s nevaram ignor\u0113t)<\/em><\/p>\n<p>Ta\u010du redzam s\u0101tanistu p\u016bles: mums samazina m\u016bzikas novirziena skolas, kas ir m\u016bsu <strong>Dziesmusv\u0113tku KALVE<\/strong> ! Ar <strong>VL! <\/strong>sv\u0113t\u012bbu<strong> LATVISKUMS <\/strong>tiek nomain\u012bts uz <strong>NACION\u0100LO <\/strong>! Tiek likvid\u0113ts tas, kas uztur latvisko <strong>Dz\u012bvesdzi\u0146u<\/strong>(<em>nejaukt ar \u017e\u012bdisko <strong>dz\u012bves zi\u0146u<\/strong><\/em>).<\/p>\n<p>Tiek nomain\u012bts:<\/p>\n<p><strong>LATVISKUMS uz NACION\u0100LO<\/strong> un <strong>DZ\u012aVESDZI\u0145A uz DZ\u012aVES ZI\u0145U<\/strong>.<\/p>\n<p><strong>Dz\u012bves zi\u0146a<\/strong> var b\u016bt ar\u012b <strong><u>kolhozu un bo\u013c\u0161eviku apj\u016bsmo\u0161ana<\/u><\/strong>, bet <strong>Dz\u012bvesdzi\u0146a<\/strong> ir \u0123en\u0113tiskais latviet\u012bbas izpausmes veids, kas veidojies gadu t\u016bksto\u0161os un m\u016bs at\u0161\u0137ir no citiem.<\/p>\n<p>Pat <strong><u>s\u0101tan\u0123\u012bmis \u0136\u012blis<\/u><\/strong> pret to uzst\u0101j\u0101s:<\/p>\n<blockquote class=\"wp-embedded-content\" data-secret=\"rNKTgOYXJe\"><p><a href=\"https:\/\/tautastribunals.eu\/?p=44780\">&#8222;Baltu g\u0113ns satur rasisma paz\u012bmes&#8220;, uzskata R. \u0136\u012blis<\/a><\/p><\/blockquote>\n<p><iframe class=\"wp-embedded-content\" sandbox=\"allow-scripts\" security=\"restricted\" style=\"position: absolute; clip: rect(1px, 1px, 1px, 1px);\" src=\"https:\/\/tautastribunals.eu\/?p=44780&#038;embed=true#?secret=rNKTgOYXJe\" data-secret=\"rNKTgOYXJe\" width=\"500\" height=\"282\" title=\"&#8222;&#8222;Baltu g\u0113ns satur rasisma paz\u012bmes&#8220;, uzskata R. \u0136\u012blis&#8220; &#8212; Latvijas Republikas tautas\" frameborder=\"0\" marginwidth=\"0\" marginheight=\"0\" scrolling=\"no\"><\/iframe><\/p>\n<p><span style=\"color: #800080;\"><strong>\u00a0<\/strong><a style=\"color: #800080;\" href=\"http:\/\/www.tautatribunals.eu\">www.tautatribunals.eu<\/a> <\/span>\u00a0tie\u0161i to ar\u012b cen\u0161as dar\u012bt- <strong>st\u0101sta Paties\u012bbu<\/strong> !<\/p>\n<p>Es grib\u0113ju<strong> &#8220;apvienoties&#8221; <\/strong>pirms \u010detriem gadiem ierodoties <strong>Latvij\u0101<\/strong>, lai mani arest\u0113 un <strong>VL!<\/strong> b\u016btu iemesls mani aizst\u0101v\u0113t, t\u0101 vairojot savus piekrit\u0113jus, bet izr\u0101d\u012bj\u0101s, ka tie\u0161i vi\u0146i bija vieni no galvenajiem manis likvid\u0101cijas organiz\u0113t\u0101jiem.<\/p>\n<hr \/>\n<hr \/>\n<p><span style=\"color: #0000ff;\"><em><img decoding=\"async\" loading=\"lazy\" class=\"alignleft wp-image-51738\" src=\"https:\/\/tautastribunals.eu\/wp-content\/uploads\/2019\/07\/L.Granti\u0146\u0161.LRTT_.png\" alt=\"\" width=\"111\" height=\"155\" srcset=\"https:\/\/tautastribunals.eu\/wp-content\/uploads\/2019\/07\/L.Granti\u0146\u0161.LRTT_.png 573w, https:\/\/tautastribunals.eu\/wp-content\/uploads\/2019\/07\/L.Granti\u0146\u0161.LRTT_-215x300.png 215w\" sizes=\"(max-width: 111px) 100vw, 111px\" \/>2015.gada j\u016bnij\u0101 t\u012bmek\u013ca vietn\u0113 ievietotaj\u0101 pazi\u0146ojum\u0101 Granti\u0146\u0161 rakst\u012bja, ka esot ieradies sav\u0101 t\u0113vzem\u0113, neskatoties uz draudiem, kuri n\u0101k no valdo\u0161\u0101s kli\u0137es. <\/em><\/span><\/p>\n<p><span style=\"color: #0000ff;\"><em>&#8220;T\u0101 cen\u0161as mani izdab\u016bt no manas pagaidu m\u012btnes zemes, lai ties\u0101tu mani par Atmodas laika noziegumiem. 4.maija kli\u0137ei ta\u010du, t\u0101pat k\u0101 Putinam, \u013coti s\u0101p PSRS sabrukums. Arest\u0113jiet un ties\u0101jiet mani! V\u0113lu pan\u0101kumus jums, no\u017e\u0113lojamie tautas nodev\u0113ji! Nepalaidiet gar\u0101m \u0161o izdev\u012bbu! Ja neizdar\u012bsiet to ar mani, tad es to izdar\u012b\u0161u ar jums. Es j\u016bs aizvilk\u0161u uz kar\u0101tav\u0101m p\u0113c visiem likumiem ar ANO mand\u0101tu kabat\u0101! Un ne tikai vienus, bet kop\u0101 ar vis\u0101m \u0123imen\u0113m, kuras l\u012bdz ar jums ir riju\u0161as un rij tautai nozagto!&#8221; rakst\u012bjis Granti\u0146\u0161.&#8212;&#8212;&#8212;&#8211; Las\u012bt visu<strong><span style=\"color: #800080;\"><a style=\"color: #800080;\" href=\"https:\/\/www.tvnet.lv\/6572057\/grantina-neierasanas-del-tiesa-vina-kriminallietas-skatisanu-atliek-lidz-novembrim\"> \u0161eit<\/a><\/span><\/strong><br \/>\n<\/em><\/span><\/p>\n<hr \/>\n<hr \/>\n<p><strong>Raivis Dzintars<\/strong>\u00a0 sav\u0101 <strong>i- vietn\u0113<\/strong> pat nepiemin\u0113ja manu arestu, bet <strong>Par\u0101dnieks<\/strong> uz k\u0101du foto redzams kop\u0101 ar <strong>V\u012btoli\u0146u<\/strong>, <strong>Riharda Bunkas<\/strong>\u00a0 bandas locekli, kur\u0161 ir manas <strong>LIETAS \u201cfabrikants\u201d\u2026<\/strong> .<\/p>\n<h2><span style=\"color: #800080;\"><a style=\"color: #800080;\" href=\"https:\/\/tautastribunals.eu\/?p=39910\">Par to rakst\u012bja <strong>Astr\u012bda Bab\u0101ne<\/strong> sav\u0101s liec\u012bb\u0101s<em>(las\u012bt)<\/em> !<\/a><\/span><\/h2>\n<p><img decoding=\"async\" loading=\"lazy\" class=\"alignleft wp-image-51745\" src=\"https:\/\/tautastribunals.eu\/wp-content\/uploads\/2019\/07\/I.-Par\u0101dnieks-un-R.-Bunka1-768x576.jpg\" alt=\"\" width=\"398\" height=\"299\" srcset=\"https:\/\/tautastribunals.eu\/wp-content\/uploads\/2019\/07\/I.-Par\u0101dnieks-un-R.-Bunka1-768x576.jpg 768w, https:\/\/tautastribunals.eu\/wp-content\/uploads\/2019\/07\/I.-Par\u0101dnieks-un-R.-Bunka1-768x576-300x225.jpg 300w\" sizes=\"(max-width: 398px) 100vw, 398px\" \/>Pirms- <strong>Atmodas <\/strong>laik\u0101 mana cen\u0161an\u0101s apvienot veica br\u012bnumus<em>(kad nodibin\u0101ju H-86 un visa pasaule cent\u0101s mani gl\u0101bt), <\/em>bet \u0161oreiz tas nenotika ?!!!<\/p>\n<p>Neviens mani neaizst\u0101v\u0113ja !<\/p>\n<p>Un es ar\u012b par to neesmu dusm\u012bgs&#8230; .<\/p>\n<p>Labums tom\u0113r no visa t\u0101\u00a0 bija pietieko\u0161i liels.<\/p>\n<p>Valdo\u0161\u0101 kli\u0137e tautai par\u0101d\u012bja savas bailes, bet tauta p\u0101rliecin\u0101j\u0101s par varas \u0101rk\u0101rt\u012bgo brutalit\u0101ti&#8230;. .<\/p>\n<p>Un pien\u0101ks diena, kad tauta <strong>\u201cuzspr\u0101gs dusm\u0101s\u201d<\/strong> un atriebs visu !!!<\/p>\n<p>Ja es to neb\u016btu dar\u012bjis, vai tad tauta b\u016btu sapratusi valdo\u0161\u0101s bandas ne\u017e\u0113l\u012bbu.<\/p>\n<p>Piebild\u012b\u0161u: visu to biju pl\u0101nojis, pat uzrakst\u012bjis, kas ar mani vi\u0146iem j\u0101dara<em>(tas vis bija las\u0101ms ar\u012b pres\u0113),<\/em> bet to, ka, tas notiks ar t\u0101du brutalit\u0101ti, nebiju r\u0113\u0137in\u0101jies.<\/p>\n<p>Tagad es ar\u012b vairs neesmu viens tiem, kur\u0161 m\u0113t\u0101sies apk\u0101rt ar \u201c<strong>piedo\u0161an\u0101m<\/strong>&#8220;, bet pie \u0101rk\u0101rtas situ\u0101cijas p\u013cau\u0161u t\u0101dus <strong><em>me\u017evietus &amp; \u00a0borovkovus &amp; co<\/em><\/strong>\u2026. k\u0101 &#8220;<strong>purva gr\u012bsli<\/strong>&#8220;\u2026 .<\/p>\n<p>Redziet, \u201c<strong>P\u0101rmai\u0146\u0101m b\u016bt<\/strong>\u201d, katrai situ\u0101cijai ir j\u0101nobriest un vi\u0146a ar\u012b nobried\u012bs un m\u0113s savu <strong>\u201cmazd\u0101rzi\u0146u\u201d,<\/strong> kura v\u0101rds ir <strong>Latvija,<\/strong> izrav\u0113sim no \u0161\u012bm s\u0101taniskaj\u0101m nez\u0101l\u0113m uz m\u016b\u017eu m\u016b\u017eiem.<\/p>\n<p>Piebild\u012b\u0161u, ka viena no liel\u0101kaj\u0101m<strong> nez\u0101l\u0113m<\/strong> ir <strong>NA\/VL!,<\/strong> kura ne ar ko neat\u0161\u0137iras no <strong>Saska\u0146as.<\/strong><\/p>\n<p>21,07.19.<\/p>\n<hr \/>\n<hr \/>\n<hr \/>\n<hr \/>\n<h2>L\u016bk, vi\u0146i, haz\u0101r\u017e\u012bdu de\u0123ener\u0101ti, k\u0101di ar\u012b \u0161odien Latvij\u0101 piln\u012bgi p\u0101r\u0146\u0113mu\u0161i varu:<\/h2>\n<p><iframe loading=\"lazy\" width=\"500\" height=\"281\" src=\"https:\/\/www.youtube.com\/embed\/ZeXNE9eRgFs?feature=oembed&#038;wmode=opaque\" frameborder=\"0\" allow=\"accelerometer; autoplay; encrypted-media; gyroscope; picture-in-picture\" allowfullscreen><\/iframe><\/p>\n","protected":false},"excerpt":{"rendered":"<p>&#8220;P\u0101rmai\u0146\u0101m b\u016bt&#8221; M\u016bsu tautas sp\u0113ks ir m\u016bsu salied\u0113t\u012bb\u0101, lai pa\u0161organiz\u0113tos un atbr\u012bvotos no d\u0113l\u0113m, ut\u012bm un paraz\u012btiem aps\u0113st\u0101, m\u0101tes Latvijas \u0137erme\u0146a. To mums nep\u0101rtraukti atg\u0101dina Freimant\u0101ls un tie\u0161i to nevienai tautai uz plan\u0113tas nepie\u013cauj&#46;&#46;&#46;<\/p>\n","protected":false},"author":1,"featured_media":0,"comment_status":"open","ping_status":"open","sticky":false,"template":"","format":"standard","meta":[],"categories":[1],"tags":[],"_links":{"self":[{"href":"https:\/\/tautastribunals.eu\/index.php?rest_route=\/wp\/v2\/posts\/51734"}],"collection":[{"href":"https:\/\/tautastribunals.eu\/index.php?rest_route=\/wp\/v2\/posts"}],"about":[{"href":"https:\/\/tautastribunals.eu\/index.php?rest_route=\/wp\/v2\/types\/post"}],"author":[{"embeddable":true,"href":"https:\/\/tautastribunals.eu\/index.php?rest_route=\/wp\/v2\/users\/1"}],"replies":[{"embeddable":true,"href":"https:\/\/tautastribunals.eu\/index.php?rest_route=%2Fwp%2Fv2%2Fcomments&post=51734"}],"version-history":[{"count":24,"href":"https:\/\/tautastribunals.eu\/index.php?rest_route=\/wp\/v2\/posts\/51734\/revisions"}],"predecessor-version":[{"id":51760,"href":"https:\/\/tautastribunals.eu\/index.php?rest_route=\/wp\/v2\/posts\/51734\/revisions\/51760"}],"wp:attachment":[{"href":"https:\/\/tautastribunals.eu\/index.php?rest_route=%2Fwp%2Fv2%2Fmedia&parent=51734"}],"wp:term":[{"taxonomy":"category","embeddable":true,"href":"https:\/\/tautastribunals.eu\/index.php?rest_route=%2Fwp%2Fv2%2Fcategories&post=51734"},{"taxonomy":"post_tag","embeddable":true,"href":"https:\/\/tautastribunals.eu\/index.php?rest_route=%2Fwp%2Fv2%2Ftags&post=51734"}],"curies":[{"name":"wp","href":"https:\/\/api.w.org\/{rel}","templated":true}]}}