{"id":50937,"date":"2019-06-20T16:34:01","date_gmt":"2019-06-20T13:34:01","guid":{"rendered":"https:\/\/tautastribunals.eu\/?p=50937"},"modified":"2019-06-20T18:19:00","modified_gmt":"2019-06-20T15:19:00","slug":"kartejais-skalzidu-arprats-40-000-000","status":"publish","type":"post","link":"https:\/\/tautastribunals.eu\/?p=50937","title":{"rendered":"K\u0101rt\u0113jais \u0161k\u0101\u013c\u017e\u012bdu \u0101rpr\u0101ts: 40 000 000 !"},"content":{"rendered":"<p><img decoding=\"async\" loading=\"lazy\" class=\"alignleft wp-image-49606\" src=\"https:\/\/tautastribunals.eu\/wp-content\/uploads\/2019\/03\/LRTT.Granti\u0146\u0161-Z\u012bverts\u0100bolti\u0146a.png\" alt=\"\" width=\"639\" height=\"74\" srcset=\"https:\/\/tautastribunals.eu\/wp-content\/uploads\/2019\/03\/LRTT.Granti\u0146\u0161-Z\u012bverts\u0100bolti\u0146a.png 760w, https:\/\/tautastribunals.eu\/wp-content\/uploads\/2019\/03\/LRTT.Granti\u0146\u0161-Z\u012bverts\u0100bolti\u0146a-300x35.png 300w\" sizes=\"(max-width: 639px) 100vw, 639px\" \/><\/p>\n<h3><img decoding=\"async\" loading=\"lazy\" class=\"alignleft wp-image-51042\" src=\"https:\/\/tautastribunals.eu\/wp-content\/uploads\/2019\/06\/Pau\u013cuts.Rubesa.Granti\u0146\u0161.LRTT_-1.png\" alt=\"\" width=\"637\" height=\"482\" srcset=\"https:\/\/tautastribunals.eu\/wp-content\/uploads\/2019\/06\/Pau\u013cuts.Rubesa.Granti\u0146\u0161.LRTT_-1.png 449w, https:\/\/tautastribunals.eu\/wp-content\/uploads\/2019\/06\/Pau\u013cuts.Rubesa.Granti\u0146\u0161.LRTT_-1-300x227.png 300w\" sizes=\"(max-width: 637px) 100vw, 637px\" \/>\u0160ak\u0101\u013c\u017e\u012bdu banda pati <strong>\u201caplauz\u0101s\u201d<\/strong> ar saviem 40 miljoniem !<\/h3>\n<p><a href=\"https:\/\/www.delfi.lv\/news\/national\/politics\/atsauc-priekslikumu-par-40-miljonu-eiro-kompensaciju-ebreju-kopienai.d?id=51208909&amp;fbclid=IwAR1fyR9mI-GP_LKmzlKLD542mYBzPzK-X-wvT9zZ_tP29VFHqjuc7btmYwI\"><span style=\"color: #800080;\">https:\/\/www.delfi.lv\/news\/national\/politics\/atsauc-priekslikumu-par-40-miljonu-eiro-kompensaciju-ebreju-kopienai.d?id=51208909&amp;fbclid=IwAR1fyR9mI-GP_LKmzlKLD542mYBzPzK-X-wvT9zZ_tP29VFHqjuc7btmYwI<\/span><\/a><\/p>\n<p><span style=\"color: #000080;\"><em>\u201cPartiju apvien\u012bba &#8220;Att\u012bst\u012bbai\/Par!&#8221; (AP) atsaukusi pa\u0161as rosin\u0101to likumprojektu par restit\u016bciju Latvijas ebreju kopienai saist\u012bb\u0101 ar holokausta un komunistisk\u0101 totalit\u0101r\u0101 re\u017e\u012bma laik\u0101 nelikum\u012bgi atsavin\u0101to nekustamo \u012bpa\u0161umu, kas paredz\u0113ja izmaks\u0101t kompens\u0101ciju 40 miljonu eiro apm\u0113r\u0101.\u201d<\/em><\/span><\/p>\n<p>Vai ir v\u0113l pret\u012bg\u0101ki un n\u012bstam\u0101ki krop\u013ci<em>(s\u0101tanist),<\/em> k\u0101 \u0161ie \u201c<strong>holokaust<\/strong><em>isti <\/em><strong>\u201c, <\/strong>viltus latvie\u0161i ?<\/p>\n<p>T\u0101 ir smirdo\u0161a <strong>Latvijas <\/strong>okupantu varza: <strong>slepkavas, varm\u0101kas un asinsdz\u0113r\u0113ji- cilv\u0113k\u0113d\u0101ji.<\/strong><\/p>\n<p><span style=\"color: #000080;\"><em>\u201cSagatavotaj\u0101 dokument\u0101 pausts, ka kopum\u0101 zaud\u0113jumi, kas radu\u0161ies, nelikum\u012bgi atsavinot nekustamo \u012bpa\u0161umu ebreju kopienai, ir ap 47,8 miljoniem eiro. Tie apr\u0113\u0137in\u0101ti, balstoties uz likumprojekta pielikum\u0101 min\u0113to nekustamo \u012bpa\u0161umu kadastr\u0101lo v\u0113rt\u012bbu 2018.gada 31.decembr\u012b. \u0145emot v\u0113r\u0101 valsts bud\u017eeta iesp\u0113jas un p\u0113c Latvijas ebreju draud\u017eu un kopienu padomes ieteikuma, labas gribas atl\u012bdzin\u0101juma apjoms tika rosin\u0101ts 40 miljoni eiro.\u201d<\/em><\/span><\/p>\n<hr \/>\n<hr \/>\n<hr \/>\n<hr \/>\n<hr \/>\n<hr \/>\n<p>Run\u0101, ka visu \u0161o k\u0101rt\u0113jo \u017e\u012bdu \u0101rpr\u0101ta jezgu ir <strong>\u201ciedarbin\u0101jis\u201d<\/strong> \u00a0tie\u0161i<strong> E. Levits<\/strong>, bet visa <strong>\u201cleviti\u0101da\u201d<\/strong><em>(Latvijas \u017e\u012bdsala\u0161\u0146as- Levita piel\u016bdz\u0113ji) <\/em>to noliedz !<\/p>\n<p>P\u0113c dot\u0101 video noskat\u012b\u0161an\u0101s, tikai absol\u016bts politiskais idiots vai gru\u017ekastu inspektors<em>(bomzis), <\/em>var notic\u0113t t\u0101dam apgalvojumam:<span style=\"color: #800080;\"> <a style=\"color: #800080;\" href=\"https:\/\/xtv.lv\/rigatv24\/video\/nPBGaDmX78o-rosinajums_ebrejiem_kompenset_ipasumus_levita_pirksts?autostart=1\"><strong>Rosin\u0101jums \u00a0ebrejiem kompens\u0113t \u012bpa\u0161umus. Levita pirksts ?<\/strong><\/a><\/span><\/p>\n<p><a href=\"https:\/\/xtv.lv\/rigatv24\/video\/nPBGaDmX78o-rosinajums_ebrejiem_kompenset_ipasumus_levita_pirksts?autostart=1\"><img decoding=\"async\" loading=\"lazy\" class=\"alignleft wp-image-51031\" src=\"https:\/\/tautastribunals.eu\/wp-content\/uploads\/2019\/06\/Dzintars.Levits.Freimant\u0101ls.Granti\u0146\u0161.LRTT_.png\" alt=\"\" width=\"642\" height=\"194\" srcset=\"https:\/\/tautastribunals.eu\/wp-content\/uploads\/2019\/06\/Dzintars.Levits.Freimant\u0101ls.Granti\u0146\u0161.LRTT_.png 1338w, https:\/\/tautastribunals.eu\/wp-content\/uploads\/2019\/06\/Dzintars.Levits.Freimant\u0101ls.Granti\u0146\u0161.LRTT_-300x91.png 300w, https:\/\/tautastribunals.eu\/wp-content\/uploads\/2019\/06\/Dzintars.Levits.Freimant\u0101ls.Granti\u0146\u0161.LRTT_-768x232.png 768w, https:\/\/tautastribunals.eu\/wp-content\/uploads\/2019\/06\/Dzintars.Levits.Freimant\u0101ls.Granti\u0146\u0161.LRTT_-800x242.png 800w\" sizes=\"(max-width: 642px) 100vw, 642px\" \/><\/a><\/p>\n<p>Pirmk\u0101rt: \u0161aj\u0101 video m\u0113s redzam cik aprobe\u017eots, truls un neveikls ir \u0161\u012bs \u201c<strong>Padomju disidenta\u201d- po\u013citruka Jonasa Levita d\u0113ls <\/strong>!<\/p>\n<p>Ja m\u0113s skat\u0101mies no jurista un prezidenta poz\u012bcijas, tad saskaramies ar piln\u012bgu idiotismu.<\/p>\n<p>Nu j\u0101, bet vai tad \u017e\u012bds ir k\u0101dreiz bijis gudrs ?<\/p>\n<p>Vi\u0146\u0161 vienm\u0113r ir bijis vilt\u012bgs, mel\u012bgs un paraz\u012btisks.<\/p>\n<p>Tas ir aprakst\u012bts jau gadu t\u016bksto\u0161u garajos v\u0113stures pergamentos ! Un<strong> \u201cn\u0101cijas t\u0113vs\u201d <\/strong>jau nav iz\u0146\u0113mums.<\/p>\n<p>Tai viet\u0101, lai pasac\u012btu, ka:<\/p>\n<p><strong>-Latvijai <\/strong>un latvie\u0161iem nav nekas kop\u012bgs ar holokaustu, jo neviens latvietis nevienu \u017e\u012bdu nav no\u0161\u0101vis !<\/p>\n<p>-Period\u0101, kad tika veikts t\u0101 saucamais Holokausts, <strong><u>Latvijas valsts neeksist\u0113ja<\/u><\/strong><em>(Tad, par ko mums latvie\u0161iem ir j\u0101maks\u0101 \u0161iem Padomju \u017e\u012bdiem, kuri veica \u201cholokaustu\u201d tie\u0161i pret mums ?)<\/em> !<\/p>\n<p>-Un, b\u016btu \u017e\u012bdiem atg\u0101din\u0101jis, ka <strong>HOLOKAUSTS<\/strong> noz\u012bm\u0113<em> \u201cuguns upuris\u201d <\/em>un <strong><span style=\"color: #ff0000;\">upur\u0113t var tikai sav\u0113jie<\/span><\/strong>\u2026<strong><em>(Holokausts<\/em><\/strong> <em><a href=\"https:\/\/lv.wikipedia.org\/wiki\/Grie%C4%B7u_valoda\">grie\u0137u<\/a><\/em><em>: <\/em><em>\u1f41\u03bb\u03cc\u03ba\u03b1\u03c5\u03c3\u03c4\u03bf\u03c2<\/em><em>, hol\u00f3kaustos \u2014 vissadedzin\u0101m\u0101kais upuris).<\/em><\/p>\n<p>-Ka tie\u0161i \u0161ie ebreji ir vainojami<strong><u> Latvijas valstiskuma izn\u012bcin\u0101\u0161an\u0101 <\/u><\/strong>un tot\u0101l\u0101 <strong><u>Latvijas izzag\u0161an\u0101- brut\u0101l\u0101 genoc\u012bd\u0101 pret latvie\u0161u etnosu !<\/u><\/strong><\/p>\n<p>T\u0101 b\u016btu sac\u012bjis latvietis <strong>L. Granti\u0146\u0161, <\/strong>ja vi\u0146\u0161 b\u016btu <strong>Latvijas prezidents<\/strong> !<\/p>\n<p>Bet \u017e\u012bds <strong>Levits,<\/strong> izpl\u0101t\u012bj\u0101s ar rok\u0101m un sarun\u0101ja zemiskas, bet rikt\u012bga \u017e\u012bda cien\u012bgas lietas: <strong><em>vi\u0146\u0161 jau nu neko\u2026, tas j\u0101lemj vald\u012bbai\u2026 un ja m\u0113s gribot labas partnerattiec\u012bbas ar ASV\u2026. !<\/em><\/strong><\/p>\n<p>Tas, latviet, jau vairs nav nek\u0101ds zemteksts, bet jau draudus izsako\u0161s aicin\u0101jums- <strong>nekav\u0113joties samaks\u0101t attiec\u012bgo summu<\/strong> !<\/p>\n<p>Tas ir pa\u0161a \u017e\u012bda <strong>Levita<\/strong><em>(n\u0101cijas t\u0113va),<\/em> nevis <strong><u>ASV vald\u012bbas, VIEDOLKIS !<\/u><\/strong><\/p>\n<hr \/>\n<h3><span style=\"color: #000000;\">Par \u0161o \u017e\u012bdu noziedz\u012bgo pieprs\u012bjumu ir labi izsac\u012bjusies k\u0101da Fanija Golda !<\/span><\/h3>\n<p><img decoding=\"async\" loading=\"lazy\" class=\"alignleft wp-image-50955\" src=\"https:\/\/tautastribunals.eu\/wp-content\/uploads\/2019\/06\/Pabriks.Granti\u0146\u0161.Levits.LRTT_.png\" alt=\"\" width=\"408\" height=\"387\" srcset=\"https:\/\/tautastribunals.eu\/wp-content\/uploads\/2019\/06\/Pabriks.Granti\u0146\u0161.Levits.LRTT_.png 696w, https:\/\/tautastribunals.eu\/wp-content\/uploads\/2019\/06\/Pabriks.Granti\u0146\u0161.Levits.LRTT_-300x284.png 300w\" sizes=\"(max-width: 408px) 100vw, 408px\" \/><\/p>\n<div class=\"inf\">\n<p><strong>Foto:<\/strong> <span style=\"color: #ff0000;\"><em>L\u016bk, vi\u0146i, \u017e\u012bdsala\u0161\u0146as: Gita un Artis&#8230;<br \/>\n<\/em><\/span><\/p>\n<h3>Fanija Golda<\/h3>\n<p><small>17.06.2019. 12:56<\/small><\/p>\n<\/div>\n<p>Protams, ka Otr\u0101 pasaules kara radit\u0101 netaisn\u012bba pret ebreju kopien\u0101m b\u016btu j\u0101nol\u012bdzina \u010detrdesmit pras\u012btu miljonu euro apm\u0113r\u0101 no LV bud\u017eeta, ja t\u0101da pras\u012bba paties\u012bb\u0101 b\u016btu c\u0113lusies un kompens\u0101ciju pamats pret t\u0101 saucamo &#8220;atjaunoto 1918. gada Latviju&#8221; b\u016btu pier\u0101d\u012bts! Tikai nav saprotams viens, k\u0101p\u0113c pras\u012bt\u0101s kompens\u0101cijas bez pier\u0101d\u012b\u0161anas b\u016btu j\u0101maks\u0101 uz LV nodok\u013cu maks\u0101t\u0101ja r\u0113\u0137ina, ja pati LV \u0161odien \u0161os zaud\u0113jumus, par ko tiek pras\u012btas kompens\u0101cijas, nek\u0101di nav rad\u012bjusi!<\/p>\n<p>Piln\u012bgi nek\u0101das LV tiesiski nesaisto\u0161aas deklar\u0101ciijas nevar b\u016bt par pamatu \u0161\u0101du kompens\u0101ciju izmaks\u0101m. Un nav svar\u012bgi, vai deklar\u0101cijas nosaukums ir &#8220;Teraz\u012bnas deklar\u0101cija&#8221;, vai nosaukums ir cits!<\/p>\n<p><span style=\"color: #000000;\"><strong>\u0160\u0101du pras\u012bto kompens\u0101ciju var\u0113tu izmaks\u0101t tikai t\u0101d\u0101 gad\u012bjum\u0101, ja Krievija b\u016btu p\u0113c 1991. gada Latvijai samaks\u0101jusi t\u0101s kompens\u0101cijas, kas faktiski m\u0113r\u0101mas miljardos euro, ko PSRS okup\u0101cija nodar\u012bja Latvijai p\u0113c 1940. gada.<\/strong><\/span><\/p>\n<p><span style=\"color: #000000;\"><strong>Redziet, c\u0113lo\u0146sakar\u012bb\u0101s tas izskat\u0101s t\u0101 &#8211; Latvija p\u0113c 1991. gada nav nek\u0101das kompens\u0101cijas no Krievijas sa\u0146\u0113musi, caur ko var\u0113tu atl\u012bdzin\u0101t zaud\u0113jumus ar\u012b ebreju kopien\u0101m, l\u012bdz ar to nav absol\u016bti nek\u0101da tiesiska pamata pras\u012bt un LV nodok\u013cu maks\u0101t\u0101jiem maks\u0101t kompens\u0101cijas ebreju kopien\u0101m, kas t\u0101m Latvij\u0101 c\u0113lu\u0161\u0101s PSRS okup\u0101cijas rezult\u0101t\u0101.<\/strong><\/span><\/p>\n<p>Ja 13. Saeima tom\u0113r nolemj segt \u0161\u0101das te bez re\u0101la tiesiska pamata piepras\u012btas &#8220;kompens\u0101cijas&#8221; ar politisku iz\u0161\u0137ir\u0161anos, kas faktiski, k\u0101 zin\u0101ms, Latvijai un ebreju kopien\u0101m Latvij\u0101 c\u0113lu\u0161\u0101s PSRS okup\u0101cijas rezult\u0101t\u0101, 13. Saeimas deput\u0101ti bez iz\u0146\u0113muma katrs ir un b\u016bs person\u012bgi atbild\u012bgs par savu balsojumu pret visu Latvijas tautu un sabiedr\u012bbu kopum\u0101, ja atbalst\u012bs \u0161o likumprojektu par kompens\u0101cij\u0101m ebreju kopien\u0101m. Tas ir tad, ja tom\u0113r \u0161\u0101da 13. Saeimas balsojuma rezult\u0101t\u0101 iest\u0101sies t\u0101das sekas, ja ebreju kopien\u0101m tiek samaks\u0101tas no LV bud\u017eeta ebreju piepras\u012bt\u0101s &#8220;kompens\u0101cijas&#8221;.<\/p>\n<p><a href=\"https:\/\/nra.lv\/latvija\/40319-grutups-ebreju-kompensaciju-prasitaji-nekad-vairs-nenaciet.htm?fbclid=IwAR2ax_UcXGmONOAQhm3Hdphn3J1IJZ4yaxSRQwwX0knl5k-HBFokFoOUF8o\">https:\/\/nra.lv\/latvija\/40319-grutups-ebreju-kompensaciju-prasitaji-nekad-vairs-nenaciet.htm?fbclid=IwAR2ax_UcXGmONOAQhm3Hdphn3J1IJZ4yaxSRQwwX0knl5k-HBFokFoOUF8o<\/a><\/p>\n<hr \/>\n<p><a href=\"https:\/\/nra.lv\/latvija\/283656-saeima-noraida-priekslikumu-par-40-miljonu-eiro-kompensaciju-ebreju-kopienai-papildinats.htm?fbclid=IwAR0GxRX7SveCMb2PmRvVlzY_US9zEYeY8dUbd0PUjaiUs45dEYfGWzgrsyU\">https:\/\/nra.lv\/latvija\/283656-saeima-noraida-priekslikumu-par-40-miljonu-eiro-kompensaciju-ebreju-kopienai-papildinats.htm?fbclid=IwAR0GxRX7SveCMb2PmRvVlzY_US9zEYeY8dUbd0PUjaiUs45dEYfGWzgrsyU<\/a><\/p>\n<p>20.06.19<\/p>\n","protected":false},"excerpt":{"rendered":"<p>\u0160ak\u0101\u013c\u017e\u012bdu banda pati \u201caplauz\u0101s\u201d ar saviem 40 miljoniem ! https:\/\/www.delfi.lv\/news\/national\/politics\/atsauc-priekslikumu-par-40-miljonu-eiro-kompensaciju-ebreju-kopienai.d?id=51208909&amp;fbclid=IwAR1fyR9mI-GP_LKmzlKLD542mYBzPzK-X-wvT9zZ_tP29VFHqjuc7btmYwI \u201cPartiju apvien\u012bba &#8220;Att\u012bst\u012bbai\/Par!&#8221; (AP) atsaukusi pa\u0161as rosin\u0101to likumprojektu par restit\u016bciju Latvijas ebreju kopienai saist\u012bb\u0101 ar holokausta un komunistisk\u0101 totalit\u0101r\u0101 re\u017e\u012bma laik\u0101 nelikum\u012bgi atsavin\u0101to nekustamo&#46;&#46;&#46;<\/p>\n","protected":false},"author":1,"featured_media":0,"comment_status":"open","ping_status":"open","sticky":false,"template":"","format":"standard","meta":[],"categories":[1],"tags":[],"_links":{"self":[{"href":"https:\/\/tautastribunals.eu\/index.php?rest_route=\/wp\/v2\/posts\/50937"}],"collection":[{"href":"https:\/\/tautastribunals.eu\/index.php?rest_route=\/wp\/v2\/posts"}],"about":[{"href":"https:\/\/tautastribunals.eu\/index.php?rest_route=\/wp\/v2\/types\/post"}],"author":[{"embeddable":true,"href":"https:\/\/tautastribunals.eu\/index.php?rest_route=\/wp\/v2\/users\/1"}],"replies":[{"embeddable":true,"href":"https:\/\/tautastribunals.eu\/index.php?rest_route=%2Fwp%2Fv2%2Fcomments&post=50937"}],"version-history":[{"count":21,"href":"https:\/\/tautastribunals.eu\/index.php?rest_route=\/wp\/v2\/posts\/50937\/revisions"}],"predecessor-version":[{"id":51044,"href":"https:\/\/tautastribunals.eu\/index.php?rest_route=\/wp\/v2\/posts\/50937\/revisions\/51044"}],"wp:attachment":[{"href":"https:\/\/tautastribunals.eu\/index.php?rest_route=%2Fwp%2Fv2%2Fmedia&parent=50937"}],"wp:term":[{"taxonomy":"category","embeddable":true,"href":"https:\/\/tautastribunals.eu\/index.php?rest_route=%2Fwp%2Fv2%2Fcategories&post=50937"},{"taxonomy":"post_tag","embeddable":true,"href":"https:\/\/tautastribunals.eu\/index.php?rest_route=%2Fwp%2Fv2%2Ftags&post=50937"}],"curies":[{"name":"wp","href":"https:\/\/api.w.org\/{rel}","templated":true}]}}