{"id":50659,"date":"2019-05-29T23:51:54","date_gmt":"2019-05-29T20:51:54","guid":{"rendered":"https:\/\/tautastribunals.eu\/?p=50659"},"modified":"2019-05-29T23:51:54","modified_gmt":"2019-05-29T20:51:54","slug":"ivars-zarins-liekulibas-prettiesiskais-fars","status":"publish","type":"post","link":"https:\/\/tautastribunals.eu\/?p=50659","title":{"rendered":"Ivars Zari\u0146\u0161. Liekul\u012bbas prettiesiskais fars"},"content":{"rendered":"<p><strong><img decoding=\"async\" loading=\"lazy\" class=\"alignleft wp-image-49005\" src=\"https:\/\/tautastribunals.eu\/wp-content\/uploads\/2019\/02\/LRTT-L.-Granti\u0146\u0161-Helsinki-86-R\u012bga-LatvijaBorovkovs-Me\u017eviets-DP..png\" alt=\"\" width=\"624\" height=\"137\" srcset=\"https:\/\/tautastribunals.eu\/wp-content\/uploads\/2019\/02\/LRTT-L.-Granti\u0146\u0161-Helsinki-86-R\u012bga-LatvijaBorovkovs-Me\u017eviets-DP..png 820w, https:\/\/tautastribunals.eu\/wp-content\/uploads\/2019\/02\/LRTT-L.-Granti\u0146\u0161-Helsinki-86-R\u012bga-LatvijaBorovkovs-Me\u017eviets-DP.-300x66.png 300w, https:\/\/tautastribunals.eu\/wp-content\/uploads\/2019\/02\/LRTT-L.-Granti\u0146\u0161-Helsinki-86-R\u012bga-LatvijaBorovkovs-Me\u017eviets-DP.-768x169.png 768w, https:\/\/tautastribunals.eu\/wp-content\/uploads\/2019\/02\/LRTT-L.-Granti\u0146\u0161-Helsinki-86-R\u012bga-LatvijaBorovkovs-Me\u017eviets-DP.-800x176.png 800w\" sizes=\"(max-width: 624px) 100vw, 624px\" \/>Saeim\u0101<\/strong> viss k\u0101 <strong>LPSR Augst\u0101kaj\u0101 Padom\u0113<\/strong>, viss iepriek\u0161 norun\u0101ts, uzpirkts un apsol\u012bts !<\/p>\n<p><strong>Saeima:<\/strong> sarkano slepkavu- \u017e\u012bd&#8217;komunistu midzenis !<\/p>\n<p><strong>Ivars Zari\u0146\u0161<\/strong> sac\u012bj\u0101 <strong>PATIES\u012aBU<\/strong>.<\/p>\n<p>Vi\u0146\u0161 \u0161aj\u0101 fars\u0101 nepiedal\u012bsies&#8230; .<\/p>\n<p>Vi\u0146\u0161 savu sol\u012bjumu pild\u012bja, nepiedal\u012bj\u0101s \u0161aj\u0101 noziegum\u0101 !<\/p>\n<p>Tas bija brut\u0101ls noziegums pret tautu un valsti, kuru veica<strong> &#8220;koal\u012bcija&#8221;<\/strong><em>(noziedznieku bars)<\/em> !<\/p>\n<h2><span style=\"color: #ff0000;\">Tas nepaliks nesod\u012bts !!!<\/span><\/h2>\n<p><img decoding=\"async\" loading=\"lazy\" class=\"alignleft wp-image-49310\" src=\"https:\/\/tautastribunals.eu\/wp-content\/uploads\/2019\/02\/komunisms.LRTT_.-Granti\u0146\u0161.Latvija.png\" alt=\"\" width=\"628\" height=\"100\" srcset=\"https:\/\/tautastribunals.eu\/wp-content\/uploads\/2019\/02\/komunisms.LRTT_.-Granti\u0146\u0161.Latvija.png 916w, https:\/\/tautastribunals.eu\/wp-content\/uploads\/2019\/02\/komunisms.LRTT_.-Granti\u0146\u0161.Latvija-300x48.png 300w, https:\/\/tautastribunals.eu\/wp-content\/uploads\/2019\/02\/komunisms.LRTT_.-Granti\u0146\u0161.Latvija-768x122.png 768w, https:\/\/tautastribunals.eu\/wp-content\/uploads\/2019\/02\/komunisms.LRTT_.-Granti\u0146\u0161.Latvija-800x128.png 800w\" sizes=\"(max-width: 628px) 100vw, 628px\" \/><\/p>\n<div id=\"fb-root\"><\/div>\n<p><script async=\"1\" defer=\"1\" crossorigin=\"anonymous\" src=\"https:\/\/connect.facebook.net\/de_DE\/sdk.js#xfbml=1&amp;version=v3.3\"><\/script><\/p>\n<div class=\"fb-video\" data-href=\"https:\/\/www.facebook.com\/latvia.goodbye\/videos\/1278970485611696\/UzpfSTEwMDAwMTQwODcxMTY4NzoyMzE2MjA2MDE4NDM2MzMz\/\" data-width=\"500\">\n<blockquote cite=\"https:\/\/www.facebook.com\/latvia.goodbye\/videos\/1278970485611696\/\" class=\"fb-xfbml-parse-ignore\"><p><a href=\"https:\/\/www.facebook.com\/latvia.goodbye\/videos\/1278970485611696\/\">\u0412 \u041b\u0430\u0442\u0432\u0438\u0438 \u0432\u044b\u0431\u0440\u0430\u043b\u0438 \u0435\u0432\u0440\u0435\u044f \u043f\u0440\u0435\u0437\u0438\u0434\u0435\u043d\u0442\u043e\u043c<\/a><\/p>\n<p>\ud83d\ude02#\u043b\u0430\u0442\u0432\u0438\u044f #\u0432\u044b\u0431\u043e\u0440\u044b #\u043f\u0440\u0435\u0437\u0438\u0434\u0435\u043d\u0442<\/p>\n<p>Gepostet von <a href=\"https:\/\/www.facebook.com\/latvia.goodbye\/\">Latvia: Ship of Fools<\/a> am Mittwoch, 29. Mai 2019<\/p><\/blockquote>\n<\/div>\n<p>Paties\u012bb\u0101 nek\u0101das Valsts prezidenta v\u0113l\u0113\u0161anas \u0161odien nenotiek \u2013 prezidents ir izv\u0113l\u0113ts jau sen un tas ir <strong>Saeimas<\/strong> k\u0101rt\u012bbas ru\u013c\u013ca p\u0101rk\u0101pums, no <strong>Saeimas <\/strong>trib\u012bnes nor\u0101d\u012bja <strong>Saeimas<\/strong> deput\u0101ts <strong>Ivars Zari\u0146\u0161<\/strong> (S).<\/p>\n<p><em><img decoding=\"async\" loading=\"lazy\" class=\"alignleft wp-image-50662\" src=\"https:\/\/tautastribunals.eu\/wp-content\/uploads\/2019\/05\/Ivars-Zari\u0146\u0161.L.Granti\u0146\u0161.LRTT_.png\" alt=\"\" width=\"124\" height=\"174\" srcset=\"https:\/\/tautastribunals.eu\/wp-content\/uploads\/2019\/05\/Ivars-Zari\u0146\u0161.L.Granti\u0146\u0161.LRTT_.png 416w, https:\/\/tautastribunals.eu\/wp-content\/uploads\/2019\/05\/Ivars-Zari\u0146\u0161.L.Granti\u0146\u0161.LRTT_-214x300.png 214w\" sizes=\"(max-width: 124px) 100vw, 124px\" \/>\u201c\u0160odien, redzot \u0161o liekul\u012bbas un arogances \u0161ovu, nevil\u0161us pr\u0101t\u0101 n\u0101k Marka Tvena teiciens par to, ka, ja v\u0113l\u0113\u0161an\u0101m b\u016btu k\u0101da noz\u012bme, vi\u0146i ne\u013cautu mums to dar\u012bt. Sabiedr\u012bbai notieko\u0161ais tiek pasniegts k\u0101 Valsts prezidenta v\u0113l\u0113\u0161anas. Paties\u012bb\u0101 jau nek\u0101das v\u0113l\u0113\u0161anas \u0161odien nenotiek. Prezidents ir izv\u0113l\u0113ts jau sen. Un \u0161odien tiek izsmelts m\u0113\u0123in\u0101jums prettiesisk\u0101 veid\u0101 le\u0123itimiz\u0113t \u0161o koal\u012bcijas dar\u012bjumu par vienu no augst\u0101kaj\u0101m valsts amatperson\u0101m, p\u0101rk\u0101pjot Satversmi, p\u0101rk\u0101pjot Saeimas k\u0101rt\u012bbas rulli. Es saprotu, ka \u0161\u0101di apgalvojumi prasa pier\u0101d\u012bjumus, un man tie ir,\u201d<\/em> <strong>nor\u0101d\u012bja Zari\u0146\u0161.<\/strong><\/p>\n<p>Zari\u0146\u0161 atg\u0101din\u0101ja, ka prezidijs neapstiprin\u0101ja pras\u012bbu prezidenta v\u0113l\u0113\u0161anas r\u012bkot 5. j\u016bnij\u0101, jo tad<strong> \u201ckoal\u012bcijas dar\u012bjums var\u0113tu neizdoties, jo k\u0101ds jau s\u0113d\u0113tu cietum\u0101\u201d.<\/strong><\/p>\n<p><em>\u201cVarat iecelt, k\u0101 j\u016bs gribat, varat atcelt, k\u0101 j\u016bs gribat. Nek\u0101di tiesiskuma principi nav j\u0101iev\u0113ro. (..) Jums tiesiskums visp\u0101r ner\u016bp,\u201d<\/em> par koal\u012bciju izteic\u0101s politi\u0137is.<\/p>\n<p>Vi\u0146\u0161 aicin\u0101ja valdo\u0161o koal\u012bciju apst\u0101din\u0101t <strong>\u201cliekul\u012bbas prettiesisko farsu\u201d: <\/strong><em>\u201cJa j\u016bs to neizdar\u012bsiet, es pazi\u0146oju, ka es \u0161aj\u0101 fars\u0101 nepiedal\u012b\u0161os,\u201d<\/em> <strong>uzsv\u0113ra Zari\u0146\u0161.<\/strong><\/p>\n<p><img decoding=\"async\" loading=\"lazy\" class=\"alignleft wp-image-50667\" src=\"https:\/\/tautastribunals.eu\/wp-content\/uploads\/2019\/05\/Ivars-Zari\u0146\u0161L.Granti\u0146\u0161.LRTT_.png\" alt=\"\" width=\"623\" height=\"648\" srcset=\"https:\/\/tautastribunals.eu\/wp-content\/uploads\/2019\/05\/Ivars-Zari\u0146\u0161L.Granti\u0146\u0161.LRTT_.png 1096w, https:\/\/tautastribunals.eu\/wp-content\/uploads\/2019\/05\/Ivars-Zari\u0146\u0161L.Granti\u0146\u0161.LRTT_-288x300.png 288w, https:\/\/tautastribunals.eu\/wp-content\/uploads\/2019\/05\/Ivars-Zari\u0146\u0161L.Granti\u0146\u0161.LRTT_-768x799.png 768w, https:\/\/tautastribunals.eu\/wp-content\/uploads\/2019\/05\/Ivars-Zari\u0146\u0161L.Granti\u0146\u0161.LRTT_-769x800.png 769w\" sizes=\"(max-width: 623px) 100vw, 623px\" \/><\/p>\n<p><img decoding=\"async\" loading=\"lazy\" class=\"alignleft wp-image-50671\" src=\"https:\/\/tautastribunals.eu\/wp-content\/uploads\/2019\/05\/Anita-Mui\u017eniece.Ivars-Zari\u0146\u0161.L.Granti\u0146\u0161.LRTT_.png\" alt=\"\" width=\"626\" height=\"508\" srcset=\"https:\/\/tautastribunals.eu\/wp-content\/uploads\/2019\/05\/Anita-Mui\u017eniece.Ivars-Zari\u0146\u0161.L.Granti\u0146\u0161.LRTT_.png 695w, https:\/\/tautastribunals.eu\/wp-content\/uploads\/2019\/05\/Anita-Mui\u017eniece.Ivars-Zari\u0146\u0161.L.Granti\u0146\u0161.LRTT_-300x243.png 300w\" sizes=\"(max-width: 626px) 100vw, 626px\" \/><\/p>\n<p>29.05.19\u00a0\u00a0\u00a0\u00a0\u00a0\u00a0\u00a0\u00a0\u00a0\u00a0\u00a0\u00a0\u00a0\u00a0\u00a0\u00a0\u00a0\u00a0\u00a0\u00a0\u00a0\u00a0\u00a0\u00a0\u00a0\u00a0 LRTT<\/p>\n","protected":false},"excerpt":{"rendered":"<p>Saeim\u0101 viss k\u0101 LPSR Augst\u0101kaj\u0101 Padom\u0113, viss iepriek\u0161 norun\u0101ts, uzpirkts un apsol\u012bts ! Saeima: sarkano slepkavu- \u017e\u012bd&#8217;komunistu midzenis ! Ivars Zari\u0146\u0161 sac\u012bj\u0101 PATIES\u012aBU. Vi\u0146\u0161 \u0161aj\u0101 fars\u0101 nepiedal\u012bsies&#8230; . Vi\u0146\u0161 savu sol\u012bjumu pild\u012bja, nepiedal\u012bj\u0101s \u0161aj\u0101&#46;&#46;&#46;<\/p>\n","protected":false},"author":1,"featured_media":0,"comment_status":"open","ping_status":"open","sticky":false,"template":"","format":"standard","meta":[],"categories":[1],"tags":[],"_links":{"self":[{"href":"https:\/\/tautastribunals.eu\/index.php?rest_route=\/wp\/v2\/posts\/50659"}],"collection":[{"href":"https:\/\/tautastribunals.eu\/index.php?rest_route=\/wp\/v2\/posts"}],"about":[{"href":"https:\/\/tautastribunals.eu\/index.php?rest_route=\/wp\/v2\/types\/post"}],"author":[{"embeddable":true,"href":"https:\/\/tautastribunals.eu\/index.php?rest_route=\/wp\/v2\/users\/1"}],"replies":[{"embeddable":true,"href":"https:\/\/tautastribunals.eu\/index.php?rest_route=%2Fwp%2Fv2%2Fcomments&post=50659"}],"version-history":[{"count":9,"href":"https:\/\/tautastribunals.eu\/index.php?rest_route=\/wp\/v2\/posts\/50659\/revisions"}],"predecessor-version":[{"id":50672,"href":"https:\/\/tautastribunals.eu\/index.php?rest_route=\/wp\/v2\/posts\/50659\/revisions\/50672"}],"wp:attachment":[{"href":"https:\/\/tautastribunals.eu\/index.php?rest_route=%2Fwp%2Fv2%2Fmedia&parent=50659"}],"wp:term":[{"taxonomy":"category","embeddable":true,"href":"https:\/\/tautastribunals.eu\/index.php?rest_route=%2Fwp%2Fv2%2Fcategories&post=50659"},{"taxonomy":"post_tag","embeddable":true,"href":"https:\/\/tautastribunals.eu\/index.php?rest_route=%2Fwp%2Fv2%2Ftags&post=50659"}],"curies":[{"name":"wp","href":"https:\/\/api.w.org\/{rel}","templated":true}]}}