{"id":50485,"date":"2019-05-22T20:34:46","date_gmt":"2019-05-22T17:34:46","guid":{"rendered":"https:\/\/tautastribunals.eu\/?p=50485"},"modified":"2022-09-10T14:08:02","modified_gmt":"2022-09-10T11:08:02","slug":"lrtt-lato-lapsas-levitiska-izpausme","status":"publish","type":"post","link":"https:\/\/tautastribunals.eu\/?p=50485","title":{"rendered":"LRTT. Lato Lapsas levitisk\u0101 izpausme !"},"content":{"rendered":"<p><img decoding=\"async\" loading=\"lazy\" class=\"alignleft wp-image-49181\" src=\"https:\/\/tautastribunals.eu\/wp-content\/uploads\/2019\/02\/www.tautastribunals.eu-1411.png\" alt=\"\" width=\"2012\" height=\"283\" srcset=\"https:\/\/tautastribunals.eu\/wp-content\/uploads\/2019\/02\/www.tautastribunals.eu-1411.png 950w, https:\/\/tautastribunals.eu\/wp-content\/uploads\/2019\/02\/www.tautastribunals.eu-1411-300x42.png 300w, https:\/\/tautastribunals.eu\/wp-content\/uploads\/2019\/02\/www.tautastribunals.eu-1411-768x108.png 768w, https:\/\/tautastribunals.eu\/wp-content\/uploads\/2019\/02\/www.tautastribunals.eu-1411-800x112.png 800w\" sizes=\"(max-width: 2012px) 100vw, 2012px\" \/><img decoding=\"async\" loading=\"lazy\" class=\"alignleft wp-image-50561\" src=\"https:\/\/tautastribunals.eu\/wp-content\/uploads\/2019\/05\/Lato-Lapsa.L.Granti\u0146\u0161P.Spro\u0123is.LRTT_-768x184-1.png\" alt=\"\" width=\"2027\" height=\"486\" srcset=\"https:\/\/tautastribunals.eu\/wp-content\/uploads\/2019\/05\/Lato-Lapsa.L.Granti\u0146\u0161P.Spro\u0123is.LRTT_-768x184-1.png 768w, https:\/\/tautastribunals.eu\/wp-content\/uploads\/2019\/05\/Lato-Lapsa.L.Granti\u0146\u0161P.Spro\u0123is.LRTT_-768x184-1-300x72.png 300w\" sizes=\"(max-width: 2027px) 100vw, 2027px\" \/><\/p>\n<h2>Raksta izvilkumi:<\/h2>\n<p>\u201cVai lai atg\u0101din\u0101tu, ka Egilam Levitam nav pat ma\u0123istra gr\u0101da ties\u012bbu zin\u0101tn\u0113 un vi\u0146\u0161 nevar\u0113tu b\u016bt, piem\u0113ram, Satversmes tiesas tiesnesis, jo likums to prasa? Vai, lai atg\u0101din\u0101tu, ka Egils Levits nekad Latvij\u0101 nav nok\u0101rtojis advok\u0101ta eks\u0101menu un nekad nav bijis advok\u0101ts? Vai, lai atg\u0101din\u0101tu, ka V\u0101cij\u0101 Egils Levits ar savu \u201cizcilo\u201d izgl\u012bt\u012bbu ir bijis vienk\u0101r\u0161i tulks no krievu uz v\u0101cu valodu? P\u0113c nepeln\u012btajiem uzbrukumiem Levitam par to, k\u0101 t\u0113vs Jonass, kas it k\u0101 esot bijis padomju komis\u0101rs ebreju uz\u0146\u0113mumu nacionaliz\u0101cij\u0101 1940. gad\u0101 \u012bstenojot PSRS okup\u0101ciju, esot uzdots par pretpadomju disidentu, vesels un sapr\u0101t\u012bgs cilv\u0113ks b\u016btu izvair\u012bjies pie\u0146emt \u0161\u0101du \u201egoda doktoru\u201d, bet te laikam alkat\u012bba dara savu\u2026\u201d<\/p>\n<p>\u201cAre\u010dekanu! Goda doktora gr\u0101du ta\u010du ir sa\u0146\u0113mu\u0161as vis\u0101das augsti cien\u012bjamas personas \u2013 s\u0101kot no nu jau pavisam moderni seksu\u0101l\u0101 Zviedrijas \u0137\u0113ni\u0146a Gustava V, beidzot ar izcilo ung\u0101ru izp\u0113tes zin\u0101tnieci Hel\u0113nu \u010cau\u0161esku, pat Latvijas goda gr\u0101du \u2013\u00a0<strong><u>vis\u0101di Nebraskas piensaimnieki<\/u><\/strong> un stre\u013c\u0137u p\u0113cte\u010di Putina miljardieri. Sac\u012bts &#8211; dar\u012bts! Norm\u0101li goda doktora gr\u0101dus gan dot br\u012bdi pirms Nobela pr\u0113mijas sa\u0146em\u0161anas.\u201d<\/p>\n<h2><a href=\"https:\/\/pietiek.com\/raksti\/titulbleziem__ordeni_ar_enkurkedi_poda_doktori\"><img decoding=\"async\" loading=\"lazy\" class=\"alignleft wp-image-50562\" src=\"https:\/\/tautastribunals.eu\/wp-content\/uploads\/2019\/05\/L.Granti\u0146\u0161.L.Lapsa_.A.Pried\u012btis.LRTT_.png\" alt=\"\" width=\"1592\" height=\"280\" srcset=\"https:\/\/tautastribunals.eu\/wp-content\/uploads\/2019\/05\/L.Granti\u0146\u0161.L.Lapsa_.A.Pried\u012btis.LRTT_.png 523w, https:\/\/tautastribunals.eu\/wp-content\/uploads\/2019\/05\/L.Granti\u0146\u0161.L.Lapsa_.A.Pried\u012btis.LRTT_-300x53.png 300w\" sizes=\"(max-width: 1592px) 100vw, 1592px\" \/><\/a><span style=\"color: #ff0000;\">&#8221; vis\u0101di Nebraskas piensaimnieki un stre\u013c\u0137u p\u0113cte\u010di Putina miljardieri&#8230;&#8221;<\/span><\/h2>\n<p>K\u0101dam \u0101rpr\u0101ta naidam ir j\u0101b\u016bt uz <strong>visu latvisko <\/strong>un <strong>Latviju<\/strong>, lai bez vajadz\u012bbas \u0161os v\u0101rdus<strong> \u201ciep\u012btu\u201d <\/strong>k\u0101d\u0101 tekst\u0101 !<\/p>\n<h2>Dom\u0101ts ta\u010du K\u0101rlis Ulmanis !!!<\/h2>\n<p><strong>K\u0100RLIS ULMANIS<\/strong> un <strong>LATVIE\u0160U STR\u0112LNIEKI<\/strong> ir <strong><u>20. gadsimta Latvijas lepnums<\/u><\/strong> ! Tie\u0161i t\u0101p\u0113c kriev-\u017e\u012bdiem<em>(cionistu- s\u0101tanistu izdzimumi) \u00a0<\/em>tas ir k\u0101 \u0113rk\u0161\u0137is vi\u0146u pl\u0113s\u012bgaj\u0101s r\u012bkl\u0113s, jo vi\u0146iem pa\u0161iem nekas t\u0101ds nav un nekad neb\u016bs.<\/p>\n<p>\u0160is <strong>&#8220;je\u013cenas blavatskas&#8221;<\/strong> raksts ir vis\u012bst\u0101k\u0101 las\u012bt\u0101ja zemapzi\u0146as zomb\u0113\u0161ana.<\/p>\n<p>\u017dem \u0161\u012b pseidon\u012bma <strong>&#8220;sl\u0113pjas&#8221;<\/strong> pats <strong>L. Lapsa.<\/strong> Stils- v\u0101rdu salikums par to run\u0101&#8230; .<\/p>\n<p>Pirms da\u017e\u0101m ned\u0113\u013c\u0101m \u0161aj\u0101 vietn\u0113 bija <span style=\"color: #800080;\"><a style=\"color: #800080;\" href=\"https:\/\/tautastribunals.eu\/?p=50456\"><strong>M. Barkovska<\/strong><\/a><\/span><em>(otto ozola)<\/em> cinistu pas\u016bt\u012btais raksts.<\/p>\n<p>T\u0101di zemapzi\u0146u ietekm\u0113jo\u0161i raksti pret latvie\u0161u tautu ir las\u0101mi katru dienu.<\/p>\n<p>Ja l\u012bdz \u0161im v\u0113l neesat izlas\u012bju\u0161i \u0161eit nor\u0101d\u012bto rakstu, tad atveriet un izlasiet, bet lasiet un piedom\u0101jiet, ko autors <strong>KATR\u0100 TEIKUM\u0100 <\/strong>ir v\u0113l\u0113jies pateikt ?<\/p>\n<p>Ja apsv\u0113rsiet katru teikumu, j\u016bs ieraudz\u012bsiet un ieiesiet pavisam cit\u0101 <strong>IZPRATNES M\u0112ROG\u0100,<\/strong> ieraudz\u012bsiet autora \u012bsto b\u016bt\u012bbu !!! J\u016bs ieraudz\u012bsiet pret\u012bgu astr\u0101l\u0101s pasaules viepli\u2026., jo <strong>Cilv\u0113ks <\/strong>t\u0101du melu un paties\u012bbas \u017e\u013curgu nav sp\u0113j\u012bgs uzrakst\u012bt, vi\u0146am to neat\u013cauj <strong>Sirdsapzi\u0146a<\/strong>.<\/p>\n<p>Par <strong>Levitu<\/strong>, protams, pateikts viss pareizi ! T\u0101tad, las\u012bt\u0101js pie\u0146em par pareizu ar\u012b p\u0101r\u0113jo tekstu<em>(par K. Ulmani un str\u0113lniekiem),<\/em> kas \u012bsten\u012bb\u0101 bija tas <strong>PRIM\u0100RAIS<\/strong>, jo par <strong>Levitu<\/strong> jau m\u0113s p\u0113d\u0113j\u0101 laik\u0101 esam sa\u0146\u0113mu\u0161i pietieko\u0161i inform\u0101ciju, lai saprast, kas vi\u0146\u0161 ir un k\u0101di vi\u0146a m\u0113r\u0137i !!!<\/p>\n<hr \/>\n<hr \/>\n<h1><span style=\"color: #ff0000;\">Nobeiguma kopsavilkums:<\/span><\/h1>\n<p><span style=\"color: #666699;\"><img decoding=\"async\" loading=\"lazy\" class=\"alignleft wp-image-48150\" src=\"https:\/\/tautastribunals.eu\/wp-content\/uploads\/2018\/12\/Arturs-Pried\u012btis.L.Granti\u0146\u0161.LRTT_.png\" alt=\"\" width=\"355\" height=\"233\" srcset=\"https:\/\/tautastribunals.eu\/wp-content\/uploads\/2018\/12\/Arturs-Pried\u012btis.L.Granti\u0146\u0161.LRTT_.png 799w, https:\/\/tautastribunals.eu\/wp-content\/uploads\/2018\/12\/Arturs-Pried\u012btis.L.Granti\u0146\u0161.LRTT_-300x197.png 300w, https:\/\/tautastribunals.eu\/wp-content\/uploads\/2018\/12\/Arturs-Pried\u012btis.L.Granti\u0146\u0161.LRTT_-768x505.png 768w\" sizes=\"(max-width: 355px) 100vw, 355px\" \/>Ja piedom\u0101j\u0101t pie katra teikuma, ko rakst\u012bjis autors un, kaut cik zin\u0101t <strong><u>Latvijas okup\u0101cijas v\u0113sturi<\/u><\/strong>, tad jums atkl\u0101sies baisa aina !<\/span><\/p>\n<p><span style=\"color: #666699;\"> Nekas jau netiek rakst\u012bts un dar\u012bts bez konkr\u0113ta m\u0113r\u0137a !!! Latvie\u0161u tautai tiek pot\u0113ts un pot\u0113ts:<\/span><\/p>\n<p><span style=\"color: #666699;\">-Cik nenoz\u012bm\u012bgs un pat noziedz\u012bgs savos darbos ir bijis <strong>K\u0101rlis Ulmanis <\/strong>! <\/span><\/p>\n<p><span style=\"color: #666699;\"><strong>-Latvijas Br\u012bvvalsts <\/strong>esot bijusi politisks <strong>\u201cp\u0101rpratums\u201d<\/strong> ! <\/span><\/p>\n<p><span style=\"color: #666699;\">-Latvie\u0161u sarkanie str\u0113lnieki: <strong><u>slepkavas un noziedznieki<\/u><\/strong>\u2026 !<\/span><\/p>\n<h2><span style=\"color: #ff0000;\">UZMAN\u012aBU !!!<\/span><\/h2>\n<p><span style=\"color: #666699;\">L\u016bk, non\u0101c\u0101m galapunkt\u0101, kas <strong>bo\u013c\u0161evik- sarkan- \u017e\u012bdiem<\/strong> ir \u013coti s\u0101p\u012bgs punkts un, kur\u0161 tiks reiz izskat\u012bts, kad uz <strong>kar\u0101tav\u0101m vilks cionistu sala\u0161\u0146as,<\/strong> ar <strong>E. Levitu<\/strong> priek\u0161gal\u0101. <\/span><\/p>\n<p><span style=\"color: #666699;\">1941. gad\u0101, t\u016bl\u012bt p\u0113c <strong>V\u0101cijas<\/strong> uzbrukuma, Pie<strong>Maskav\u0101<\/strong> tika no\u0161auts <strong>K\u0101rlis Ulmanis <\/strong>un <strong>Latvijas armijas \u0123ener\u0101\u013ci<\/strong>. <\/span><\/p>\n<p><span style=\"color: #666699;\"><img decoding=\"async\" loading=\"lazy\" class=\"alignleft wp-image-48164\" src=\"https:\/\/tautastribunals.eu\/wp-content\/uploads\/2018\/12\/A.Pried\u012btis.L.Granti\u0146\u0161.LRTT_.Ziemelis.png\" alt=\"\" width=\"457\" height=\"268\" srcset=\"https:\/\/tautastribunals.eu\/wp-content\/uploads\/2018\/12\/A.Pried\u012btis.L.Granti\u0146\u0161.LRTT_.Ziemelis.png 907w, https:\/\/tautastribunals.eu\/wp-content\/uploads\/2018\/12\/A.Pried\u012btis.L.Granti\u0146\u0161.LRTT_.Ziemelis-300x176.png 300w, https:\/\/tautastribunals.eu\/wp-content\/uploads\/2018\/12\/A.Pried\u012btis.L.Granti\u0146\u0161.LRTT_.Ziemelis-768x450.png 768w, https:\/\/tautastribunals.eu\/wp-content\/uploads\/2018\/12\/A.Pried\u012btis.L.Granti\u0146\u0161.LRTT_.Ziemelis-800x469.png 800w\" sizes=\"(max-width: 457px) 100vw, 457px\" \/>Tagad saprati, k\u0101p\u0113c zemiski un izsmejo\u0161i tiek run\u0101ts par <strong>\u201cNebraskas piensaimnieku\u201d<\/strong> un \u201c<strong>stre\u013c\u0137u p\u0113cte\u010diem\u201d<\/strong> ? <strong>Latvie\u0161u armijas \u0123ener\u0101\u013ci<\/strong> ta\u010du n\u0101k no <strong>\u201cstre\u013c\u0137iem\u201d\u2026.<\/strong> .<\/span><\/p>\n<p><span style=\"color: #666699;\">T\u0101p\u0113c, latviet, neuztraucies, ja \u201c<strong>m\u016bsu Egila\u201d<\/strong> <strong>f\u0101ters &amp; Co<\/strong> <em>(latvju disidents<\/em>) \u201c<strong>pielika pie sienas<\/strong>\u201d \u0161o &#8220;<strong>mazv\u0113rt\u012bgo kontingentu&#8221;,<\/strong> ar <strong>Nebraskas piensaimnieku <\/strong>priek\u0161gal\u0101 !<\/span><\/p>\n<p><span style=\"color: #666699;\"> <strong>Daugavpils \u017e\u012bd-latvietis A. Pried\u012btis<\/strong> tikai to vien \u017evadz <strong>L. Lapsas<\/strong> port\u0101l\u0101: <span style=\"color: #ff0000;\"><strong>cik latvie\u0161i mazv\u0113t\u012bgi<\/strong> <\/span>!!!<\/span><\/p>\n<hr \/>\n<hr \/>\n<p><span style=\"color: #666699;\"><strong>Lato Lapsa<\/strong> ar saviem sadarbo\u0146iem,-<strong> Jur\u0123i Liepnieku <\/strong>un <strong>Arturu Pried\u012bti<\/strong>, ir m\u016bsu tautas slepkavas, jo kalpo cionistiem !!!<\/span><\/p>\n<h2><span style=\"color: #ff0000;\">Bet, gan jau par visu tiks <strong>&#8220;izrakst\u012bts r\u0113\u0137ins<\/strong>&#8220;&#8230; !<\/span><\/h2>\n<p><span style=\"color: #666699;\">22.05.19<\/span><\/p>\n<hr \/>\n<hr \/>\n<hr \/>\n<hr \/>\n<h1 class=\"tit22\">\u0418\u0437\u0440\u0430\u0438\u043b\u044c \u2013 \u043c\u0438\u0440\u043e\u0432\u043e\u0439 \u0446\u0435\u043d\u0442\u0440 \u043f\u043e \u0442\u043e\u0440\u0433\u043e\u0432\u043b\u0435 \u0447\u0435\u043b\u043e\u0432\u0435\u0447\u0435\u0441\u043a\u0438\u043c\u0438 \u043e\u0440\u0433\u0430\u043d\u0430\u043c\u0438 !!!<\/h1>\n<p><iframe loading=\"lazy\" width=\"500\" height=\"281\" src=\"https:\/\/www.youtube.com\/embed\/1W5cy3nAhDk?feature=oembed&#038;wmode=opaque\" frameborder=\"0\" allow=\"accelerometer; autoplay; encrypted-media; gyroscope; picture-in-picture\" allowfullscreen><\/iframe><\/p>\n<hr \/>\n<h2><span style=\"color: #ff0000;\">4. maija sl\u0113pt\u0101s zi\u0146as:<\/span><\/h2>\n<p>https:\/\/www.youtube.com\/watch?v=9zapbhWrxYM<\/p>\n","protected":false},"excerpt":{"rendered":"<p>Raksta izvilkumi: \u201cVai lai atg\u0101din\u0101tu, ka Egilam Levitam nav pat ma\u0123istra gr\u0101da ties\u012bbu zin\u0101tn\u0113 un vi\u0146\u0161 nevar\u0113tu b\u016bt, piem\u0113ram, Satversmes tiesas tiesnesis, jo likums to prasa? Vai, lai atg\u0101din\u0101tu, ka Egils Levits nekad Latvij\u0101&#46;&#46;&#46;<\/p>\n","protected":false},"author":1,"featured_media":0,"comment_status":"open","ping_status":"open","sticky":false,"template":"","format":"standard","meta":[],"categories":[1],"tags":[],"_links":{"self":[{"href":"https:\/\/tautastribunals.eu\/index.php?rest_route=\/wp\/v2\/posts\/50485"}],"collection":[{"href":"https:\/\/tautastribunals.eu\/index.php?rest_route=\/wp\/v2\/posts"}],"about":[{"href":"https:\/\/tautastribunals.eu\/index.php?rest_route=\/wp\/v2\/types\/post"}],"author":[{"embeddable":true,"href":"https:\/\/tautastribunals.eu\/index.php?rest_route=\/wp\/v2\/users\/1"}],"replies":[{"embeddable":true,"href":"https:\/\/tautastribunals.eu\/index.php?rest_route=%2Fwp%2Fv2%2Fcomments&post=50485"}],"version-history":[{"count":19,"href":"https:\/\/tautastribunals.eu\/index.php?rest_route=\/wp\/v2\/posts\/50485\/revisions"}],"predecessor-version":[{"id":62898,"href":"https:\/\/tautastribunals.eu\/index.php?rest_route=\/wp\/v2\/posts\/50485\/revisions\/62898"}],"wp:attachment":[{"href":"https:\/\/tautastribunals.eu\/index.php?rest_route=%2Fwp%2Fv2%2Fmedia&parent=50485"}],"wp:term":[{"taxonomy":"category","embeddable":true,"href":"https:\/\/tautastribunals.eu\/index.php?rest_route=%2Fwp%2Fv2%2Fcategories&post=50485"},{"taxonomy":"post_tag","embeddable":true,"href":"https:\/\/tautastribunals.eu\/index.php?rest_route=%2Fwp%2Fv2%2Ftags&post=50485"}],"curies":[{"name":"wp","href":"https:\/\/api.w.org\/{rel}","templated":true}]}}