{"id":50318,"date":"2019-05-11T23:35:43","date_gmt":"2019-05-11T20:35:43","guid":{"rendered":"https:\/\/tautastribunals.eu\/?p=50318"},"modified":"2019-05-11T23:35:43","modified_gmt":"2019-05-11T20:35:43","slug":"vienkarsi-trako-maja-vini-noteikti-ieies-vesture","status":"publish","type":"post","link":"https:\/\/tautastribunals.eu\/?p=50318","title":{"rendered":"Vienk\u0101r\u0161i trako m\u0101ja  ! Vi\u0146i noteikti ieies v\u0113stur\u0113 !"},"content":{"rendered":"<h1><img decoding=\"async\" loading=\"lazy\" class=\"alignleft wp-image-48764\" src=\"https:\/\/tautastribunals.eu\/wp-content\/uploads\/2019\/01\/LRTT-L.-Granti\u0146\u0161-Helsinki-86-R\u012bga-LatvijaBorovkovs-Me\u017eviets-DP..png\" alt=\"\" width=\"642\" height=\"141\" srcset=\"https:\/\/tautastribunals.eu\/wp-content\/uploads\/2019\/01\/LRTT-L.-Granti\u0146\u0161-Helsinki-86-R\u012bga-LatvijaBorovkovs-Me\u017eviets-DP..png 820w, https:\/\/tautastribunals.eu\/wp-content\/uploads\/2019\/01\/LRTT-L.-Granti\u0146\u0161-Helsinki-86-R\u012bga-LatvijaBorovkovs-Me\u017eviets-DP.-300x66.png 300w, https:\/\/tautastribunals.eu\/wp-content\/uploads\/2019\/01\/LRTT-L.-Granti\u0146\u0161-Helsinki-86-R\u012bga-LatvijaBorovkovs-Me\u017eviets-DP.-768x169.png 768w, https:\/\/tautastribunals.eu\/wp-content\/uploads\/2019\/01\/LRTT-L.-Granti\u0146\u0161-Helsinki-86-R\u012bga-LatvijaBorovkovs-Me\u017eviets-DP.-800x176.png 800w\" sizes=\"(max-width: 642px) 100vw, 642px\" \/><span style=\"color: #ff0000;\">Par apsmieklu k\u013cuvu\u0161ie !!!<\/span><\/h1>\n<hr \/>\n<hr \/>\n<hr \/>\n<p>&#8220;Vi\u0146\u0161 k\u0101 cilv\u0113ks un reiz\u0113 profesion\u0101lis jau \u0161odien bauda pla\u0161u tautas cie\u0146u un atpaz\u012bstam\u012bbu. <img decoding=\"async\" loading=\"lazy\" class=\"alignleft wp-image-50324\" src=\"https:\/\/tautastribunals.eu\/wp-content\/uploads\/2019\/05\/Aldis-Austers.Granti\u0146\u0161.LRTT_.png\" alt=\"\" width=\"91\" height=\"128\" srcset=\"https:\/\/tautastribunals.eu\/wp-content\/uploads\/2019\/05\/Aldis-Austers.Granti\u0146\u0161.LRTT_.png 506w, https:\/\/tautastribunals.eu\/wp-content\/uploads\/2019\/05\/Aldis-Austers.Granti\u0146\u0161.LRTT_-212x300.png 212w\" sizes=\"(max-width: 91px) 100vw, 91px\" \/><\/p>\n<p>M\u0113s uzskat\u0101m, ka Levita kungs b\u016btu izcils Valsts prezidents, kur\u0161 sp\u0113tu p\u0101rst\u0101v\u0113t un aizst\u0101v\u0113t Satversm\u0113 ierakst\u012bt\u0101s Latvijas valsts pamatv\u0113rt\u012bbas &#8211; latviskumu, eiropeiskumu, demokr\u0101tiskumu un tiesiskumu.<\/p>\n<p>Ar sav\u0101m dom\u0101m un darbiem vi\u0146\u0161 ir p\u0101rliecino\u0161i par\u0101d\u012bjis, k\u0101 \u0161\u012bs \u010detras v\u0113rt\u012bbas darbojas un ka t\u0101s m\u016bsu valst\u012b nevar past\u0101v\u0113t viena bez otras.<\/p>\n<p>Ja Levits piekristu kandid\u0113t, vi\u0146\u0161 b\u016btu redzam\u0101kais un cilv\u0113kiem saprotam\u0101kais pretendents uz Valsts prezidenta amatu,&#8221;<strong><span style=\"color: #ff0000;\"> sac\u012bja Austers<\/span><\/strong><\/p>\n<hr \/>\n<hr \/>\n<hr \/>\n<hr \/>\n<p><img decoding=\"async\" loading=\"lazy\" class=\"alignleft wp-image-50333\" src=\"https:\/\/tautastribunals.eu\/wp-content\/uploads\/2019\/05\/M\u0101ra-Z\u0101l\u012bte.Granti\u0146\u0161.LRTT_.png\" alt=\"\" width=\"94\" height=\"135\" srcset=\"https:\/\/tautastribunals.eu\/wp-content\/uploads\/2019\/05\/M\u0101ra-Z\u0101l\u012bte.Granti\u0146\u0161.LRTT_.png 295w, https:\/\/tautastribunals.eu\/wp-content\/uploads\/2019\/05\/M\u0101ra-Z\u0101l\u012bte.Granti\u0146\u0161.LRTT_-210x300.png 210w\" sizes=\"(max-width: 94px) 100vw, 94px\" \/>&#8220;Sp\u012bdums, kas \u0161ai zvaigznei piem\u012bt, ce\u013cas no dzi\u013cas inteli\u0123ences, no izcilas izpratnes par Latvijas vietu un lomu Eiropas un pasaules kontekst\u0101. No sp\u0113jas, un tas ir tik svar\u012bgi, br\u012bvi komunic\u0113t \u010detr\u0101s sve\u0161valod\u0101s &#8211; ang\u013cu, v\u0101cu, fran\u010du un krievu.<\/p>\n<p>Latvijai ir \u013coti nepiecie\u0161ama zvaigzne, kas apsp\u012bd m\u016bsu valsts tum\u0161os beztiesiskos kaktus, un to Levits sp\u0113s, b\u016bdams augsti kvalific\u0113ts jurists.<\/p>\n<p>Tie\u0161i Levits lika juridiskos pamatus Latvijas valsts atjauno\u0161anai, un visus \u0161os gadus vi\u0146\u0161 ir bijis cie\u0161\u0101 sasaist\u0113 ar Latviju.<\/p>\n<p>Mana p\u0101rliec\u012bba ir, ka vi\u0146\u0161 sp\u0113tu visus putnus, kam no\u0161\u013cuku\u0161i kn\u0101bji, ar savu lielo tic\u012bbu Latvijas valstij un latvie\u0161u n\u0101cijai atkal celt sp\u0101rnos,&#8221; <strong><span style=\"color: #ff0000;\">pauda Z\u0101l\u012bte<\/span><\/strong><\/p>\n<hr \/>\n<hr \/>\n<hr \/>\n<hr \/>\n<p><img decoding=\"async\" loading=\"lazy\" class=\"alignleft wp-image-50336\" src=\"https:\/\/tautastribunals.eu\/wp-content\/uploads\/2019\/05\/J\u0101nis-Bord\u0101ns.Granti\u0146\u0161.LRTT_.png\" alt=\"\" width=\"97\" height=\"131\" srcset=\"https:\/\/tautastribunals.eu\/wp-content\/uploads\/2019\/05\/J\u0101nis-Bord\u0101ns.Granti\u0146\u0161.LRTT_.png 348w, https:\/\/tautastribunals.eu\/wp-content\/uploads\/2019\/05\/J\u0101nis-Bord\u0101ns.Granti\u0146\u0161.LRTT_-222x300.png 222w\" sizes=\"(max-width: 97px) 100vw, 97px\" \/>&#8220;Demokr\u0101tija un tiesiskums ir v\u0113rt\u012bbas, uz kur\u0101m katra valsts ir tikai ce\u013c\u0101, bet nekad nevar \u0161o apv\u0101rsni sasniegt piln\u012bb\u0101.<\/p>\n<p>Ar\u012b Latvija ir nemit\u012bg\u0101 ce\u013c\u0101 uz aizvien piln\u012bg\u0101ku valsti. Lai ar\u012b ko teiktu pesimisti un tie, kas m\u016bsu valsti grib noniecin\u0101t, mums ir daudz pier\u0101d\u012bjumu tam, ka Latvija ir izdevusies valsts. Un par to, k\u0101 veidoj\u0101s notikumi un k\u0101 rais\u012bj\u0101s idejas, lai Latvija var\u0113tu k\u013c\u016bt par t\u0101du valsti, k\u0101da t\u0101 ir \u0161odien, m\u0113s var\u0113sim izlas\u012bt \u0161aj\u0101 gr\u0101mat\u0101. Ta\u010du \u0161aj\u0101 gr\u0101mat\u0101 neb\u016bt nav apkopts viss, ko Egils Levits ir sp\u0113jis dot Latvijas ties\u012bbu sist\u0113mai un ar\u012b Eiropas ties\u012bbu izpratnes padzi\u013cin\u0101\u0161anai un papla\u0161in\u0101\u0161anai.<\/p>\n<p>Paldies gr\u0101matas autoram, par to, ka ar saviem rakstiem, run\u0101m un darbiem nu jau vair\u0101k\u0101m juristu paaudz\u0113m nek\u013c\u016bd\u012bgi nor\u0101d\u012bjis ce\u013cu demokr\u0101tiskas, tiesiskas un Eiropeiskas valsts virzien\u0101,&#8221; <strong><span style=\"color: #ff0000;\">t\u0101 tieslietu ministrs J\u0101nis Bord\u0101ns<\/span><\/strong><\/p>\n<hr \/>\n<hr \/>\n<hr \/>\n<hr \/>\n<p><img decoding=\"async\" loading=\"lazy\" class=\"alignleft wp-image-50337\" src=\"https:\/\/tautastribunals.eu\/wp-content\/uploads\/2019\/05\/D.Beitnere.Granti\u0146\u0161.LRTT_.png\" alt=\"\" width=\"98\" height=\"134\" srcset=\"https:\/\/tautastribunals.eu\/wp-content\/uploads\/2019\/05\/D.Beitnere.Granti\u0146\u0161.LRTT_.png 414w, https:\/\/tautastribunals.eu\/wp-content\/uploads\/2019\/05\/D.Beitnere.Granti\u0146\u0161.LRTT_-219x300.png 219w\" sizes=\"(max-width: 98px) 100vw, 98px\" \/>Par p\u0101rliecino\u0161u Jaun\u0101s konservat\u012bv\u0101s partijas atbalstu E. Levitam liecin\u0101ja gan tieslietu ministra J\u0101\u0146a Bord\u0101na, gan vi\u0146a partijas kol\u0113\u0123es, Saeimas priek\u0161s\u0113d\u0113t\u0101jas biedres Dagm\u0101ras Beitneres-Le Gallas uzruna.<\/p>\n<p>J. Bord\u0101ns, piem\u0113ram, slav\u0113ja E. Levita ieguld\u012bjumu Eiropas un pasaules ties\u012bbu zin\u0101tn\u0113, <strong>bet katarse jurista slavin\u0101\u0161an\u0101 tika sasniegta<\/strong><span style=\"color: #ff0000;\"><strong> D. Beitneres-Le Gallas<\/strong><\/span> uzrun\u0101, kur\u0101 politi\u0137e E. Levitu nod\u0113v\u0113ja par Latvijas \u00ab<span style=\"color: #ff0000;\"><strong>\u0161odienas n\u0101cijas t\u0113vu<\/strong><\/span>\u00bb.<\/p>\n<hr \/>\n<hr \/>\n<hr \/>\n<hr \/>\n<p>Un izgaisa \u0161ie patriota<em>(<strong>J\u0101\u0146a Bord\u0101na)<\/strong> <\/em>v\u0101rdi k\u0101 ievu sm\u0101r\u017ea pie m\u0113slu klo\u0101kas<em>:<span class=\"_1nb_ fwn fcg\" data-ft=\"{&quot;tn&quot;:&quot;C&quot;}\"><span class=\"fwb\" data-ft=\"{&quot;tn&quot;:&quot;k&quot;}\">&#8220;<a id=\"js_tjh\" href=\"https:\/\/www.facebook.com\/konservativie\/?__tn__=kCH-R&amp;eid=ARC1OIMXQQq0NRFPwlUPsfa3CWsbK9G5tmN-u6XwgiCEwkYMtot389ApLL6MFaxnoBmxbywuwEVaDlJP&amp;hc_ref=ARTcdqIXbUgbGzQIquQhAVSxw-tOqxfFHIOT8QxYx1KbfzmD14VxhQoxdmihtZ0RQJo&amp;fref=nf&amp;__xts__%5B0%5D=68.ARDdBLuqC3fVXAy0EQoIKI-y33CyGyh2MKp1S-qT7JXAyJJDjJ5rsdpVw6Rez0QYi16KsGVHqtUgPJr5OIOve7zDvmgSfiCWAx2hxgO9HI2PO9EinLvr1gv6qu-lyjU9gVXLMWadaxYnNx02bdliHfw4hiN6trksWr7c7ZTrv7dze5CrFKzqiZOJerOB4U77YlPGRbWINmuJu-euVFFK0F1GmbgbnjswWOpB3vSiGDvg5F1evL1dHhRvzW-1H43nDFbM0PWUX0y6xSRGCuWYtc6WhcRoeZpR7dujWwuWP4zbNRHT0CBOhj0y4DBArP44_-9j_MRiq5oJTnjJJ0ayZMkA0I7kga4-teeUaTuJmoiNr1-FtJxhZqzLIiA6-SJIeLE\" data-hovercard=\"\/ajax\/hovercard\/page.php?id=595950207185585&amp;extragetparams=%7B%22__tn__%22%3A%22%2CdkCH-R-R%22%2C%22eid%22%3A%22ARC1OIMXQQq0NRFPwlUPsfa3CWsbK9G5tmN-u6XwgiCEwkYMtot389ApLL6MFaxnoBmxbywuwEVaDlJP%22%2C%22hc_ref%22%3A%22ARTcdqIXbUgbGzQIquQhAVSxw-tOqxfFHIOT8QxYx1KbfzmD14VxhQoxdmihtZ0RQJo%22%2C%22fref%22%3A%22nf%22%7D\" data-hovercard-prefer-more-content-show=\"1\" data-hovercard-referer=\"ARTcdqIXbUgbGzQIquQhAVSxw-tOqxfFHIOT8QxYx1KbfzmD14VxhQoxdmihtZ0RQJo\" aria-describedby=\"u_tx_1\" aria-owns=\"\">Jaun\u0101 konservat\u012bv\u0101 partija<\/a><\/span><\/span><span id=\"u_jsonp_73_2n\" class=\"uiLikePageButton _47we\"><\/span><\/em><\/p>\n<div class=\"_171_\">\n<div id=\"fbfeed__sub__header__id_1013720188741916:5:0\" class=\"_5pcp _5lel _2jyu _232_\" data-testid=\"fb-test-id_feed-subtitle\"><em><span class=\"y_t_f3t2x9f\"><span class=\"fsm fwn fcg\"><a class=\"async_saving _400z _2-40 _5pcq\" href=\"https:\/\/www.facebook.com\/konservativie\/videos\/1013720188741916\/?__xts__%5B0%5D=68.ARDdBLuqC3fVXAy0EQoIKI-y33CyGyh2MKp1S-qT7JXAyJJDjJ5rsdpVw6Rez0QYi16KsGVHqtUgPJr5OIOve7zDvmgSfiCWAx2hxgO9HI2PO9EinLvr1gv6qu-lyjU9gVXLMWadaxYnNx02bdliHfw4hiN6trksWr7c7ZTrv7dze5CrFKzqiZOJerOB4U77YlPGRbWINmuJu-euVFFK0F1GmbgbnjswWOpB3vSiGDvg5F1evL1dHhRvzW-1H43nDFbM0PWUX0y6xSRGCuWYtc6WhcRoeZpR7dujWwuWP4zbNRHT0CBOhj0y4DBArP44_-9j_MRiq5oJTnjJJ0ayZMkA0I7kga4-teeUaTuJmoiNr1-FtJxhZqzLIiA6-SJIeLE&amp;__tn__=H-R\" target=\"\" rel=\"async\" aria-label=\"Video: Latvij\u0101 valda &quot;Tot\u0101l\u0101 korupcija&quot;.,, ilgums: 5 min\u016btes, 49 sekundes\" data-video-channel-id=\"387437888106301:1013720188741916\" data-channel-caller=\"channel_view_from_newsfeed\" data-onclick=\"[{&quot;mod&quot;:&quot;TahoeController&quot;,&quot;meth&quot;:&quot;openFromVideoLinkHelper&quot;,&quot;a&quot;:[{&quot;__elem&quot;:1},&quot;newsfeed&quot;,&quot;unknown&quot;,null,1]}]\"><span id=\"u_jsonp_73_2k\" class=\"b_t_f3t2mx3 m_t_f3t2mxv\">2016. gada 3. j\u016bnijs<\/span><\/a><\/span><\/span><span class=\"_6spk\" role=\"presentation\" aria-hidden=\"true\"> \u00b7 <\/span><span style=\"color: #800080;\">Latvij\u0101 valda &#8220;Tot\u0101l\u0101 korupcija&#8221;. Reformas nel\u012bdz\u0113s. Mums j\u0101rada taisn\u012bga valsts, kas aizsarg\u0101 savus pilso\u0146us, ties\u0101 zag\u013cus, atbalsta uz\u0146\u0113m\u0113jus un r\u016bp\u0113jas par pension\u0101riem. M\u016bsu durvis ir atv\u0113rtas, n\u0101c komand\u0101, kop\u0101 m\u0113s to paveiksim! J\u0101nis Bord\u0101ns &#8220;<\/span><\/em><\/div>\n<\/div>\n<table border=\"0\" cellspacing=\"0\" cellpadding=\"0\">\n<tbody>\n<tr>\n<td class=\"doc-left\" valign=\"top\">\n<div class=\"doc-body\">\n<div class=\"neko-body\">\n<p><strong>Latvijas Republikas Ministru kabineta l\u0113mums Nr.37<\/strong><\/p>\n<p>R\u012bg\u0101 1994.gada 29.apr\u012bl\u012b (pr. nr. 23)<\/p>\n<div>\n<h3><img decoding=\"async\" loading=\"lazy\" class=\"alignleft wp-image-50230\" src=\"https:\/\/tautastribunals.eu\/wp-content\/uploads\/2019\/05\/Levits.Iesalnieks.Dzintars.Granti\u0146\u0161.LRTT_.png\" alt=\"\" width=\"142\" height=\"218\" srcset=\"https:\/\/tautastribunals.eu\/wp-content\/uploads\/2019\/05\/Levits.Iesalnieks.Dzintars.Granti\u0146\u0161.LRTT_.png 274w, https:\/\/tautastribunals.eu\/wp-content\/uploads\/2019\/05\/Levits.Iesalnieks.Dzintars.Granti\u0146\u0161.LRTT_-196x300.png 196w\" sizes=\"(max-width: 142px) 100vw, 142px\" \/>Par nol\u012bgumiem ar Krievijas Feder\u0101ciju<\/h3>\n<\/div>\n<p>1. Akcept\u0113t l\u012bgumu &#8220;Par Krievijas Feder\u0101cijas Bru\u0146oto sp\u0113ku piln\u012bgas izve\u0161anas no Latvijas Republikas teritorijas nosac\u012bjumiem, termi\u0146iem un k\u0101rt\u012bbu un to tiesisko st\u0101vokli izve\u0161anas laik\u0101&#8221;, vieno\u0161an\u0101s &#8220;Par Skrundas radiolok\u0101cijas stacijas tiesisko statusu t\u0101s pagaidu funkcion\u0113\u0161anas un demont\u0101\u017eas laik\u0101&#8221;, &#8220;Par Latvijas Republikas teritorij\u0101 uz laiku izvietoto Krievijas Feder\u0101cijas Bru\u0146oto sp\u0113ku un Krievijas Feder\u0101cijas Robe\u017eapsardz\u012bbas karasp\u0113ka milit\u0101rpersonu un vi\u0146u \u0123imenes locek\u013cu soci\u0101lo aizsardz\u012bbu l\u012bdz to piln\u012bgai izve\u0161anai&#8221; un &#8220;Par Latvijas Republikas teritorij\u0101 dz\u012bvojo\u0161o Krievijas Feder\u0101cijas milit\u0101ro pension\u0101ru un vi\u0146u \u0123imenes locek\u013cu soci\u0101lo aizsardz\u012bbu&#8221;.<\/p>\n<p>2. Akcept\u0113t Protokola pie Latvijas Republikas Vald\u012bbas un Krievijas Feder\u0101cijas Vald\u012bbas vieno\u0161an\u0101s par Latvijas Republikas teritorij\u0101 dz\u012bvojo\u0161o Krievijas Feder\u0101cijas milit\u0101ro pension\u0101ru un vi\u0146u \u0123imenes locek\u013cu soci\u0101lo aizsardz\u012bbu projektu.<\/p>\n<p>Ministru prezidents V.Birkavs<\/p>\n<p>\u0100rlietu ministra pien\u0101kumu izpild\u012bt\u0101js, tieslietu ministrs, Ministru prezidenta biedrs E.Levits<\/p>\n<p><img decoding=\"async\" loading=\"lazy\" class=\"alignleft wp-image-49565\" src=\"https:\/\/tautastribunals.eu\/wp-content\/uploads\/2019\/03\/Egils-Levits.Saeima.Latvija.L.Granti\u0146\u0161.LRTT_.-Godmanis.-\u0100bolti\u0146a..png\" alt=\"\" width=\"610\" height=\"860\" srcset=\"https:\/\/tautastribunals.eu\/wp-content\/uploads\/2019\/03\/Egils-Levits.Saeima.Latvija.L.Granti\u0146\u0161.LRTT_.-Godmanis.-\u0100bolti\u0146a..png 891w, https:\/\/tautastribunals.eu\/wp-content\/uploads\/2019\/03\/Egils-Levits.Saeima.Latvija.L.Granti\u0146\u0161.LRTT_.-Godmanis.-\u0100bolti\u0146a.-213x300.png 213w, https:\/\/tautastribunals.eu\/wp-content\/uploads\/2019\/03\/Egils-Levits.Saeima.Latvija.L.Granti\u0146\u0161.LRTT_.-Godmanis.-\u0100bolti\u0146a.-768x1083.png 768w, https:\/\/tautastribunals.eu\/wp-content\/uploads\/2019\/03\/Egils-Levits.Saeima.Latvija.L.Granti\u0146\u0161.LRTT_.-Godmanis.-\u0100bolti\u0146a.-568x800.png 568w\" sizes=\"(max-width: 610px) 100vw, 610px\" \/><\/p>\n<\/div>\n<\/div>\n<\/td>\n<td id=\"td-blank\" width=\"30\"><\/td>\n<\/tr>\n<\/tbody>\n<\/table>\n<hr \/>\n<hr \/>\n<hr \/>\n<hr \/>\n<h2><span style=\"color: #ff0000;\">4. maija kli\u0137es sl\u0113pt\u0101s zi\u0146as<\/span><\/h2>\n<p>Haz\u0101ru mafijas glob\u0101lais noriets, bet <strong>Latvij\u0101 vi\u0146i cen\u0161as visu p\u0101r\u0146emt<\/strong> !<\/p>\n<p>Nu neizdosies vi\u0146iem un beigs vi\u0146i savu eksistenci kar\u0101tav\u0101s&#8230; .<\/p>\n<p><iframe loading=\"lazy\" width=\"500\" height=\"375\" src=\"https:\/\/www.youtube.com\/embed\/videoseries?list=PLsiVG_bhUcYytuAoZyCtLCz2-cBPDWehh\" frameborder=\"0\" allow=\"accelerometer; autoplay; encrypted-media; gyroscope; picture-in-picture\" allowfullscreen><\/iframe><\/p>\n<p>11.05.19<\/p>\n<p>&nbsp;<\/p>\n","protected":false},"excerpt":{"rendered":"<p>Par apsmieklu k\u013cuvu\u0161ie !!! &#8220;Vi\u0146\u0161 k\u0101 cilv\u0113ks un reiz\u0113 profesion\u0101lis jau \u0161odien bauda pla\u0161u tautas cie\u0146u un atpaz\u012bstam\u012bbu. M\u0113s uzskat\u0101m, ka Levita kungs b\u016btu izcils Valsts prezidents, kur\u0161 sp\u0113tu p\u0101rst\u0101v\u0113t un aizst\u0101v\u0113t Satversm\u0113 ierakst\u012bt\u0101s&#46;&#46;&#46;<\/p>\n","protected":false},"author":1,"featured_media":0,"comment_status":"open","ping_status":"open","sticky":false,"template":"","format":"standard","meta":[],"categories":[1],"tags":[],"_links":{"self":[{"href":"https:\/\/tautastribunals.eu\/index.php?rest_route=\/wp\/v2\/posts\/50318"}],"collection":[{"href":"https:\/\/tautastribunals.eu\/index.php?rest_route=\/wp\/v2\/posts"}],"about":[{"href":"https:\/\/tautastribunals.eu\/index.php?rest_route=\/wp\/v2\/types\/post"}],"author":[{"embeddable":true,"href":"https:\/\/tautastribunals.eu\/index.php?rest_route=\/wp\/v2\/users\/1"}],"replies":[{"embeddable":true,"href":"https:\/\/tautastribunals.eu\/index.php?rest_route=%2Fwp%2Fv2%2Fcomments&post=50318"}],"version-history":[{"count":34,"href":"https:\/\/tautastribunals.eu\/index.php?rest_route=\/wp\/v2\/posts\/50318\/revisions"}],"predecessor-version":[{"id":50414,"href":"https:\/\/tautastribunals.eu\/index.php?rest_route=\/wp\/v2\/posts\/50318\/revisions\/50414"}],"wp:attachment":[{"href":"https:\/\/tautastribunals.eu\/index.php?rest_route=%2Fwp%2Fv2%2Fmedia&parent=50318"}],"wp:term":[{"taxonomy":"category","embeddable":true,"href":"https:\/\/tautastribunals.eu\/index.php?rest_route=%2Fwp%2Fv2%2Fcategories&post=50318"},{"taxonomy":"post_tag","embeddable":true,"href":"https:\/\/tautastribunals.eu\/index.php?rest_route=%2Fwp%2Fv2%2Ftags&post=50318"}],"curies":[{"name":"wp","href":"https:\/\/api.w.org\/{rel}","templated":true}]}}