{"id":50276,"date":"2019-05-09T19:30:50","date_gmt":"2019-05-09T16:30:50","guid":{"rendered":"https:\/\/tautastribunals.eu\/?p=50276"},"modified":"2019-05-09T23:05:53","modified_gmt":"2019-05-09T20:05:53","slug":"interneta-zinas-preambula-un-zidi","status":"publish","type":"post","link":"https:\/\/tautastribunals.eu\/?p=50276","title":{"rendered":"Interneta zi\u0146as. Preambula un \u017e\u012bdi !"},"content":{"rendered":"<p><strong><img decoding=\"async\" loading=\"lazy\" class=\"alignleft wp-image-49897\" src=\"https:\/\/tautastribunals.eu\/wp-content\/uploads\/2019\/04\/Za\u013c\u0161-tautastribunals.eu_.png\" alt=\"\" width=\"628\" height=\"88\" srcset=\"https:\/\/tautastribunals.eu\/wp-content\/uploads\/2019\/04\/Za\u013c\u0161-tautastribunals.eu_.png 950w, https:\/\/tautastribunals.eu\/wp-content\/uploads\/2019\/04\/Za\u013c\u0161-tautastribunals.eu_-300x42.png 300w, https:\/\/tautastribunals.eu\/wp-content\/uploads\/2019\/04\/Za\u013c\u0161-tautastribunals.eu_-768x108.png 768w, https:\/\/tautastribunals.eu\/wp-content\/uploads\/2019\/04\/Za\u013c\u0161-tautastribunals.eu_-800x112.png 800w\" sizes=\"(max-width: 628px) 100vw, 628px\" \/><img decoding=\"async\" loading=\"lazy\" class=\"alignleft wp-image-50246\" src=\"https:\/\/tautastribunals.eu\/wp-content\/uploads\/2019\/05\/I.Par\u0101dnieks.R.Dzintars.J.Dombrava.L.Granti\u0146\u0161.LRTT_.png\" alt=\"\" width=\"628\" height=\"237\" srcset=\"https:\/\/tautastribunals.eu\/wp-content\/uploads\/2019\/05\/I.Par\u0101dnieks.R.Dzintars.J.Dombrava.L.Granti\u0146\u0161.LRTT_.png 891w, https:\/\/tautastribunals.eu\/wp-content\/uploads\/2019\/05\/I.Par\u0101dnieks.R.Dzintars.J.Dombrava.L.Granti\u0146\u0161.LRTT_-300x113.png 300w, https:\/\/tautastribunals.eu\/wp-content\/uploads\/2019\/05\/I.Par\u0101dnieks.R.Dzintars.J.Dombrava.L.Granti\u0146\u0161.LRTT_-768x290.png 768w, https:\/\/tautastribunals.eu\/wp-content\/uploads\/2019\/05\/I.Par\u0101dnieks.R.Dzintars.J.Dombrava.L.Granti\u0146\u0161.LRTT_-800x302.png 800w\" sizes=\"(max-width: 628px) 100vw, 628px\" \/> <span style=\"color: #ff0000;\">LRTT:<\/span> NA <\/strong>spruksti\u0146\u0161 <strong>Iesalnieks<\/strong> cen\u0161as visiem <strong><img decoding=\"async\" loading=\"lazy\" class=\"alignleft wp-image-50289\" src=\"https:\/\/tautastribunals.eu\/wp-content\/uploads\/2019\/05\/J\u0101nis-Iesalnieks-Raivis-Dzintars-In\u0101ra-M\u016brniece-LRTT.1.png\" alt=\"\" width=\"268\" height=\"312\" srcset=\"https:\/\/tautastribunals.eu\/wp-content\/uploads\/2019\/05\/J\u0101nis-Iesalnieks-Raivis-Dzintars-In\u0101ra-M\u016brniece-LRTT.1.png 348w, https:\/\/tautastribunals.eu\/wp-content\/uploads\/2019\/05\/J\u0101nis-Iesalnieks-Raivis-Dzintars-In\u0101ra-M\u016brniece-LRTT.1-258x300.png 258w\" sizes=\"(max-width: 268px) 100vw, 268px\" \/><\/strong>ieskaidrot, ka <strong>NACION\u0100LS<\/strong> noz\u012bm\u0113jot to pa\u0161u, ko <strong>LATVISKS <\/strong>!<\/p>\n<h3>Tad rodas t\u0101ds <strong>\u201cidiotisks\u201d <\/strong>jaut\u0101jums:<\/h3>\n<h3><strong>Ja tas ir tas pats, tad k\u0101p\u0113c bija j\u0101maina,- k\u0101p\u0113c bija vajadz\u012bga \u0161\u012b rok\u0101de ?<\/strong><\/h3>\n<hr \/>\n<hr \/>\n<hr \/>\n<hr \/>\n<h2><span style=\"color: #ff0000;\">Internet\u0101 cilv\u0113ki gan dom\u0101 sav\u0101d\u0101k !<br \/>\n<\/span><\/h2>\n<h3>K\u0101ds koment\u0101rs no interneta:<\/h3>\n<p>Nacionalit\u0101te ir taut\u012bba &#8211; latvietis, krievs, \u017e\u012bds utt.<\/p>\n<p>Ir divi j\u0113dzieni &#8211; valstsn\u0101cija un n\u0101cijvalsts.<\/p>\n<p>N\u0101cijvalsts atbilst nacionalit\u0101tes priorit\u0101tes principam &#8211; <strong>Latvija latvie\u0161u kult\u016brai<\/strong> utt.<\/p>\n<p>Valstsn\u0101cijas princips ir, kad visas valst\u012b eso\u0161\u0101s taut\u012bbas apvieno zem viena j\u0113dziena &#8211; valstsn\u0101cija, k\u0101 to ar preambulu izdar\u012bja <strong>E. Levits<\/strong>.<\/p>\n<p><strong>E. Levitam<\/strong> preambul\u0101 k\u0101 priorit\u0101ti izvirzot valstsn\u0101cijas j\u0113dzienu, <strong><u>tiek devalv\u0113ts n\u0101cijvalsts j\u0113dziens, izsl\u0113dzot no priorit\u0101tes latvie\u0161u kult\u016bras identifik\u0101ciju ar Latvijas valsts galvenaj\u0101m paz\u012bm\u0113m<\/u><\/strong>.<\/p>\n<p><strong>E. Levitam<\/strong> ar <strong>Satversmes tiesas<\/strong> atbalstu preambul\u0101 k\u0101 galveno izvirzot valstsn\u0101cijas noz\u012bmi p\u0101r n\u0101cijvalsts noz\u012bmi, <strong><u>ir likvid\u0113tas visas latvisk\u0101s kult\u016bras priorit\u0101tes<\/u><\/strong>. Turpat minot, ka latvie\u0161u valoda ir valstsvaloda, ar to nekas netiek nostiprin\u0101ts, jo<strong> Saeimas <\/strong>balsojums \u0161o valstsvalodas statusu var izmain\u012bt jebkur\u0101 laik\u0101, <strong><u>skatoties, k\u0101ds ir Saeimas sast\u0101vs<\/u><\/strong>.<\/p>\n<p><strong>E. Levits<\/strong> ar valstsn\u0101cijas j\u0113dziena nostiprin\u0101\u0161anu <strong><u>preambul\u0101 ir nostiprin\u0101jis cionisma tendences<\/u><\/strong>, kur\u0101s latvie\u0161u tauta piel\u012bdzin\u0101ta dz\u012bvniekiem bez savas kult\u016bras, <u>visu sabiedr\u012bbu orient\u0113jot uz pat\u0113r\u0113t\u0101jsabiedr\u012bbas v\u0113rt\u012bb\u0101m.<\/u><\/p>\n<p>Tiesiskai pa\u013c\u0101v\u012bbai velt\u012bto konferenci <strong>E. Levits <\/strong>ies\u0101ka saviem v\u0101rdiem : <strong>&#8220;Visi cilv\u0113ki ir dz\u012bvnieki, bet cilv\u0113ks no dz\u012bvnieka at\u0161\u0137iras ar savu ties\u012bbu apzin\u0101\u0161anos un izpratni&#8221;. <\/strong><\/p>\n<p>Ne\u013causim \u017e\u012bdu cionistiem izn\u012bcin\u0101t latvie\u0161u tautas ties\u012bbas uz savu kult\u016bru.<\/p>\n<h2>Preambulas teksts ir j\u0101maina, bet E. Levits no Latvijas j\u0101deport\u0113 vai j\u0101patriec.<\/h2>\n<p>05.05.19<\/p>\n<hr \/>\n<hr \/>\n<hr \/>\n<hr \/>\n<h2>LRTT<\/h2>\n<h2><span style=\"color: #ff0000;\">Vai tad vi\u0146i visi nav idioti ?<\/span><\/h2>\n<p><img decoding=\"async\" loading=\"lazy\" class=\"alignleft  wp-image-50406\" src=\"https:\/\/tautastribunals.eu\/wp-content\/uploads\/2019\/05\/Bui\u0137is.Granti\u0146\u0161.LRTT_-1.png\" alt=\"\" width=\"626\" height=\"300\" srcset=\"https:\/\/tautastribunals.eu\/wp-content\/uploads\/2019\/05\/Bui\u0137is.Granti\u0146\u0161.LRTT_-1.png 711w, https:\/\/tautastribunals.eu\/wp-content\/uploads\/2019\/05\/Bui\u0137is.Granti\u0146\u0161.LRTT_-1-300x144.png 300w\" sizes=\"(max-width: 626px) 100vw, 626px\" \/><\/p>\n<blockquote class=\"wp-embedded-content\" data-secret=\"23wXga8dyt\"><p><a href=\"https:\/\/tautastribunals.eu\/?p=35983\">Te\u0101tris Saeim\u0101 ! K\u0101 A.Kaimi\u0146\u0161 mazg\u0101(atmazg\u0101) Brigmani<\/a><\/p><\/blockquote>\n<p><iframe class=\"wp-embedded-content\" sandbox=\"allow-scripts\" security=\"restricted\" style=\"position: absolute; clip: rect(1px, 1px, 1px, 1px);\" src=\"https:\/\/tautastribunals.eu\/?p=35983&#038;embed=true#?secret=23wXga8dyt\" data-secret=\"23wXga8dyt\" width=\"500\" height=\"282\" title=\"&#8222;Te\u0101tris Saeim\u0101 ! K\u0101 A.Kaimi\u0146\u0161 mazg\u0101(atmazg\u0101) Brigmani&#8220; &#8212; Latvijas Republikas tautas\" frameborder=\"0\" marginwidth=\"0\" marginheight=\"0\" scrolling=\"no\"><\/iframe><\/p>\n<h2><span style=\"color: #ff0000;\">Levits un vi\u0146a noziegumi:<\/span><\/h2>\n<p>Visi tie, kuri balsos par \u0161o \u017e\u012bdu<em>(E. Levitu)<\/em> k\u0101 Latvijas prezidentu, tiks sd\u012bti par nodev\u012bbu- genoc\u012bdu pret latvie\u0161u tautu !<\/p>\n<p>Tikai zemcilv\u0113ki,- tie, kuri pa\u0161i noziegu\u0161ies pret tautu un valsti, var atbalst\u012bt \u0161o noziedznieku !<\/p>\n<div class=\"video-container\"><iframe loading=\"lazy\" width=\"500\" height=\"281\" src=\"https:\/\/www.youtube.com\/embed\/TyvSN8Lt-Co?feature=oembed&#038;wmode=opaque\" frameborder=\"0\" allow=\"accelerometer; autoplay; encrypted-media; gyroscope; picture-in-picture\" allowfullscreen><\/iframe><\/div>\n","protected":false},"excerpt":{"rendered":"<p>LRTT: NA spruksti\u0146\u0161 Iesalnieks cen\u0161as visiem ieskaidrot, ka NACION\u0100LS noz\u012bm\u0113jot to pa\u0161u, ko LATVISKS ! Tad rodas t\u0101ds \u201cidiotisks\u201d jaut\u0101jums: Ja tas ir tas pats, tad k\u0101p\u0113c bija j\u0101maina,- k\u0101p\u0113c bija vajadz\u012bga \u0161\u012b rok\u0101de&#46;&#46;&#46;<\/p>\n","protected":false},"author":1,"featured_media":0,"comment_status":"open","ping_status":"open","sticky":false,"template":"","format":"standard","meta":[],"categories":[1],"tags":[],"_links":{"self":[{"href":"https:\/\/tautastribunals.eu\/index.php?rest_route=\/wp\/v2\/posts\/50276"}],"collection":[{"href":"https:\/\/tautastribunals.eu\/index.php?rest_route=\/wp\/v2\/posts"}],"about":[{"href":"https:\/\/tautastribunals.eu\/index.php?rest_route=\/wp\/v2\/types\/post"}],"author":[{"embeddable":true,"href":"https:\/\/tautastribunals.eu\/index.php?rest_route=\/wp\/v2\/users\/1"}],"replies":[{"embeddable":true,"href":"https:\/\/tautastribunals.eu\/index.php?rest_route=%2Fwp%2Fv2%2Fcomments&post=50276"}],"version-history":[{"count":23,"href":"https:\/\/tautastribunals.eu\/index.php?rest_route=\/wp\/v2\/posts\/50276\/revisions"}],"predecessor-version":[{"id":50407,"href":"https:\/\/tautastribunals.eu\/index.php?rest_route=\/wp\/v2\/posts\/50276\/revisions\/50407"}],"wp:attachment":[{"href":"https:\/\/tautastribunals.eu\/index.php?rest_route=%2Fwp%2Fv2%2Fmedia&parent=50276"}],"wp:term":[{"taxonomy":"category","embeddable":true,"href":"https:\/\/tautastribunals.eu\/index.php?rest_route=%2Fwp%2Fv2%2Fcategories&post=50276"},{"taxonomy":"post_tag","embeddable":true,"href":"https:\/\/tautastribunals.eu\/index.php?rest_route=%2Fwp%2Fv2%2Ftags&post=50276"}],"curies":[{"name":"wp","href":"https:\/\/api.w.org\/{rel}","templated":true}]}}