{"id":50249,"date":"2019-05-02T07:14:48","date_gmt":"2019-05-02T04:14:48","guid":{"rendered":"https:\/\/tautastribunals.eu\/?p=50249"},"modified":"2019-05-03T19:07:33","modified_gmt":"2019-05-03T16:07:33","slug":"parmainas-katram-savas-skaitli-bus-lieli","status":"publish","type":"post","link":"https:\/\/tautastribunals.eu\/?p=50249","title":{"rendered":"&#8220;P\u0101rmai\u0146as katram savas&#8221;. Skait\u013ci b\u016bs lieli !"},"content":{"rendered":"<p><a href=\"https:\/\/tautastribunals.eu\/?p=50141#comment-62883\"><span style=\"color: #800080;\"><img decoding=\"async\" loading=\"lazy\" class=\"alignleft wp-image-46878\" src=\"https:\/\/tautastribunals.eu\/wp-content\/uploads\/2018\/10\/Za\u013c\u0161-tautastribunals.eu4_-1.png\" alt=\"\" width=\"636\" height=\"89\" srcset=\"https:\/\/tautastribunals.eu\/wp-content\/uploads\/2018\/10\/Za\u013c\u0161-tautastribunals.eu4_-1.png 950w, https:\/\/tautastribunals.eu\/wp-content\/uploads\/2018\/10\/Za\u013c\u0161-tautastribunals.eu4_-1-300x42.png 300w, https:\/\/tautastribunals.eu\/wp-content\/uploads\/2018\/10\/Za\u013c\u0161-tautastribunals.eu4_-1-768x108.png 768w, https:\/\/tautastribunals.eu\/wp-content\/uploads\/2018\/10\/Za\u013c\u0161-tautastribunals.eu4_-1-800x112.png 800w\" sizes=\"(max-width: 636px) 100vw, 636px\" \/>Tam &lt;&lt; ha ha ha<em>(atver)<\/em><\/span><\/a><br \/>\nvisu laiku cer\u0113ja, ka okupanti balsos par<br \/>\nviet\u0113jiem alkat\u012bgajiem ekspluat\u0101toriem !!!<br \/>\n:)))<\/p>\n<h1><a href=\"http:\/\/www.la.lv\/neizlemiba\">http:\/\/www.la.lv\/neizlemiba<\/a><\/h1>\n<hr \/>\n<hr \/>\n<hr \/>\n<hr \/>\n<p>Tie pa\u0161i ar\u012b cer\u0113ja, ka latvie\u0161i balsos par okupantiem, <strong>4.maija jaunvalsts pilso\u0146iem<\/strong> un visas tautas sajauksies, t\u0101pat k\u0101 tas notika okup\u0101cijas laik\u0101 ar pa\u0161labuma mekl\u0113t\u0101jiem \u2013 komunistiem, bet nek\u0101. Tautai kopum\u0101 tom\u0113r v\u0113rt\u012bbu skala daudz augst\u0101ka k\u0101 glumajiem l\u012bd\u0113jiem, kuri pa\u0161i iest\u0101j\u0101s komunistu partij\u0101. Pat at\u0161\u0137ir\u012bb\u0101 no stuka\u010diem, kur katram savs st\u0101sts, <strong><u>tom\u0113r daudziem tas nebija br\u012bvpr\u0101t\u012bgi<\/u><\/strong>. Tos tagad da\u013cu izb\u0113ra \u0137id\u0101\u0161anai, bet komunisti un \u010dekisti netrauc\u0113ti rull\u0113 <em>(jau n\u0101kam\u0101 paaudze izl\u012bdusi, balti un p\u016bkaini).<\/em><\/p>\n<p>Taj\u0101 rakst\u0101 <strong>Valdis Krasti\u0146\u0161<\/strong> piemin k\u0101 pak\u013c\u0101v\u0101mies rietumnieku dogmatiskajiem uzskatiem par br\u012bvo tirgu. Tikai \u0161eit j\u0101pielabo, nevis vienk\u0101r\u0161i rietumnieku, <strong><u>bet visiem mums zin\u0101mu organiz\u0101ciju izplat\u012btiem meliem un puspaties\u012bb\u0101m<\/u><\/strong>, kas ar m\u0113diju pal\u012bdz\u012bbu tika padar\u012btas par dogm\u0101m, pat sen pirms neatkar\u012bbas pasludin\u0101\u0161anas.<br \/>\nUn ne tikai <strong><u>dogmas par br\u012bvo tirgu vai Eiropas v\u0113rt\u012bb\u0101m<\/u><\/strong>, bet par bezgala daudz\u0101m liet\u0101m un notikumiem, kas stabili iesak\u0146oju\u0161ies praktiski visu postpadomju cilv\u0113ku apzi\u0146\u0101 l\u012bdz pat \u0161odienai.<br \/>\nJau iepriek\u0161 rakst\u012bju, ka p\u0113d\u0113jais laiks atbr\u012bvoties no dogmatiskiem uzskatiem, bet n\u0113, m\u0113s turpin\u0101m strikti pietur\u0113ties pie iekalt\u0101m dogm\u0101m un t\u0101 viet\u0101 lai analiz\u0113tu notikumus ar skaidru pr\u0101tu un m\u0113\u0123in\u0101tu kop\u012bgi atsij\u0101t graudus no s\u0113nal\u0101m, apsprie\u017eam k\u0101 tas izskat\u012bsies, kad nabadzi\u0146us okupantus izliks no dz\u012bvok\u013ciem un ak vai, \u017eurn\u0101listi to film\u0113\u0161ot. Nu nevajag kandid\u0101tam t\u0101 satraukties, neb\u016bs vi\u0146i j\u0101izliek, vi\u0146i pa\u0161i aizbrauks atpaka\u013c neskat\u012bdamies, kop\u0101 ar sav\u0101m izm\u012bc\u012btaj\u0101m palaistuv\u0113m.<br \/>\n<strong>Man vien neliek miera t\u0101ds jaut\u0101jums, k\u0101 visi \u0161ie nelie\u0161i nod\u0113v\u0113s to cilv\u0113ku, kur\u0161 atjaunos tiesiskumu un rad\u012bs apst\u0101k\u013cus latvie\u0161u tautas izdz\u012bvo\u0161anai k\u0101 ar\u012b likumus noziedznieku sod\u012b\u0161anai ?<\/strong><\/p>\n<p>Vai tikai man \u0161\u0137iet, ka nedr\u012bkst apst\u0101ties pie desmit vai simts \u013caundaru sod\u012b\u0161anas, kuri izpost\u012bju\u0161i visu <strong>Latviju <\/strong>un milz\u012bgam daudzumam god\u012bgu cilv\u0113ku izkrop\u013coju\u0161i likte\u0146us. Skaitam b\u016btu j\u0101b\u016bt daudz liel\u0101kam, t\u0101tad tikpat rei\u017eu pieaugs pretest\u012bba pret p\u0101rmai\u0146\u0101m, t\u0101 ieg\u016bstot jau masu pas\u0101kuma apm\u0113rus, bet tas savuk\u0101rt dogm\u0101s iekalts k\u0101 kaut kas \u013coti nelabs un to nek\u0101d\u0101 gad\u012bjum\u0101 nedr\u012bkst realiz\u0113t k\u0101ds, viens cilv\u0113ks <em>(tas moment\u0101 tiks nosaukts par diktatoru). <\/em>Bet tikl\u012bdz \u0161aj\u0101 jaut\u0101jum\u0101 iedarbin\u0101m demokr\u0101tiju, t\u0101 viss iz\u010dib un vain\u012bgo nav, okupantu nav, kolonistu nav, bet komunisti dar\u012bju\u0161i visu ko jaud\u0101ju\u0161i, latvie\u0161u tautas lab\u0101 !!?<\/p>\n<p>\u010ciks, atbrauc\u0101m, galapunkts.<\/p>\n<p>Jebkur\u0161, kur\u0161 \u0137ersies kl\u0101t \u0161ai noziedz\u012bgajai varzai, tiks nod\u0113v\u0113ts par diktatoru, pat neskatoties uz to, ka ir v\u0113l\u0113ts un nav apvelt\u012bts ar visaptvero\u0161\u0101m pilnvar\u0101m.<br \/>\nStarp citu, 90gadu s\u0101kum\u0101 jau izskan\u0113ja doma, ka bez starpposma ar t\u0101 saucamo &#8220;<strong>diktatoru<\/strong>&#8220;, demokr\u0101tiska valsts pat teor\u0113tiski nav iesp\u0113jama. Un ar\u012b v\u0113l tas, ko katrs saprotam ar v\u0101rdu demokr\u0101tija, vai t\u0101 beidzas ar demokr\u0101tiski v\u0113l\u0113tu varu un t\u0101l\u0101k viss pak\u0101rtots zin\u0101mai hierarhijai un k\u0101rt\u012bbai l\u012bdz n\u0101kamaj\u0101m v\u0113l\u0113\u0161an\u0101m, vai tom\u0113r demokr\u0101tija iespraucas piln\u012bgi vis\u0101s dz\u012bves sf\u0113r\u0101s un izveidojas \u0101rpr\u0101ta haoss, k\u0101du to redzam visus \u0161os gadus.<\/p>\n<p>Par tik fundament\u0101li svar\u012bg\u0101m liet\u0101m, pa\u0161pasludin\u0101tais kandid\u0101ts noklus\u0113, t\u0101pat k\u0101 izvair\u0101s no dekoloniz\u0101cijas jaut\u0101juma, kas man\u0101s ac\u012bs to padara par apa\u013cu nulli, kompromisu mekl\u0113t\u0101ju kur kompromisi visp\u0101r nav iedom\u0101jami.<br \/>\nV\u0113l uzskatu, ka t\u0101da virkne ar jaut\u0101jumiem, kuros kompromisi nav iesp\u0113jami, b\u016btu j\u0101pieprasa katram kandid\u0101tam un ne tikai uz prezidenta kr\u0113slu, bet katram deput\u0101ta kandid\u0101tam, kurus tas p\u0101rk\u0101pjot, autom\u0101tiski tiek atst\u0101din\u0101ts, j\u0101 tie\u0161i t\u0101, autom\u0101tiski zaud\u0113 mand\u0101tu. Cit\u0101di pie varas non\u0101ku\u0161ie, <u>naski groza <strong>Satversmi <\/strong>un likumus p\u0113c sava pr\u0101ta vai<\/u> k\u0101da sponsora pas\u016bt\u012bjuma, slaidi uzsp\u013caujot saviem v\u0113l\u0113t\u0101jiem, pie reizes nodro\u0161inot sev imunit\u0101ti.<br \/>\nNu ja, te non\u0101kam pie aplam\u0101 v\u0113l\u0113\u0161anu likuma un vis\u0101m p\u0101r\u0113j\u0101m anom\u0101lij\u0101m, kas gadu desmitiem c\u012bt\u012bgi iestr\u0101d\u0101tas likumos un bez jel k\u0101das atbild\u012bbas. Vai \u0161\u012b nav vis\u012bst\u0101k\u0101 diktat\u016bra \u2013 lielas naudas un bag\u0101to lobiju diktat\u016bra, kur v\u0113l\u0113t\u0101jiem vien ier\u0101d\u012bta bezties\u012bgu skat\u012bt\u0101ju loma.<\/p>\n<p><img decoding=\"async\" loading=\"lazy\" class=\"alignleft wp-image-49483\" src=\"https:\/\/tautastribunals.eu\/wp-content\/uploads\/2019\/03\/MIGLA-SARKAN\u0100-NOL\u0100D\u0112T\u0100REINIKS\u0100BOLTI\u0145A3.png\" alt=\"\" width=\"634\" height=\"54\" srcset=\"https:\/\/tautastribunals.eu\/wp-content\/uploads\/2019\/03\/MIGLA-SARKAN\u0100-NOL\u0100D\u0112T\u0100REINIKS\u0100BOLTI\u0145A3.png 986w, https:\/\/tautastribunals.eu\/wp-content\/uploads\/2019\/03\/MIGLA-SARKAN\u0100-NOL\u0100D\u0112T\u0100REINIKS\u0100BOLTI\u0145A3-300x26.png 300w, https:\/\/tautastribunals.eu\/wp-content\/uploads\/2019\/03\/MIGLA-SARKAN\u0100-NOL\u0100D\u0112T\u0100REINIKS\u0100BOLTI\u0145A3-768x65.png 768w, https:\/\/tautastribunals.eu\/wp-content\/uploads\/2019\/03\/MIGLA-SARKAN\u0100-NOL\u0100D\u0112T\u0100REINIKS\u0100BOLTI\u0145A3-800x68.png 800w\" sizes=\"(max-width: 634px) 100vw, 634px\" \/><\/p>\n<h1><span style=\"color: #ff0000;\"><img decoding=\"async\" loading=\"lazy\" class=\"alignleft wp-image-50260\" src=\"https:\/\/tautastribunals.eu\/wp-content\/uploads\/2019\/05\/10.-Borovkovs-Maiz\u012btisKozlovskis-Bunka-Blumbergs.-Granti\u0146\u0161.LRTT_.png\" alt=\"\" width=\"633\" height=\"176\" srcset=\"https:\/\/tautastribunals.eu\/wp-content\/uploads\/2019\/05\/10.-Borovkovs-Maiz\u012btisKozlovskis-Bunka-Blumbergs.-Granti\u0146\u0161.LRTT_.png 935w, https:\/\/tautastribunals.eu\/wp-content\/uploads\/2019\/05\/10.-Borovkovs-Maiz\u012btisKozlovskis-Bunka-Blumbergs.-Granti\u0146\u0161.LRTT_-300x83.png 300w, https:\/\/tautastribunals.eu\/wp-content\/uploads\/2019\/05\/10.-Borovkovs-Maiz\u012btisKozlovskis-Bunka-Blumbergs.-Granti\u0146\u0161.LRTT_-768x214.png 768w, https:\/\/tautastribunals.eu\/wp-content\/uploads\/2019\/05\/10.-Borovkovs-Maiz\u012btisKozlovskis-Bunka-Blumbergs.-Granti\u0146\u0161.LRTT_-800x222.png 800w\" sizes=\"(max-width: 633px) 100vw, 633px\" \/>LRTT papildin\u0101jums:<\/span><\/h1>\n<hr \/>\n<hr \/>\n<hr \/>\n<hr \/>\n<h2>Ties\u0101jamo skaitlis var\u0113tu b\u016bt ap 30 000 !<\/h2>\n<p>Tie ir komunisti un vi\u0146u p\u0113cn\u0101c\u0113ji- fiziskie un gar\u012bgie.<\/p>\n<p>P\u0113cn\u0101c\u0113ji ne par mata tiesu nav lab\u0101ki par saviem t\u0113viem- sarkanajiem s\u0101tanistiem. Vi\u0146i visi sevi uzskata par p\u0101r\u0101kiem- par <strong>IZREDZ\u0112TIEM<\/strong>. Visi \u0161ie s\u0101taniskie atkritumi nevar\u0113s tikt ties\u0101ti iev\u0113rojot <strong>TIESISKUMU<\/strong>, jo vi\u0146i pa\u0161i \u0161o <strong>tiesiskumu<\/strong> ir piln\u012bgi izn\u012bcin\u0101ju\u0161i.<\/p>\n<p>Pien\u0101ks diena, kad vi\u0146i tiks <strong>\u201cmed\u012bti\u201d<\/strong> k\u0101 ar \u013caunu s\u0113rgu aplipu\u0161i me\u017ea zv\u0113ri !<\/p>\n<p>Nek\u0101da \u017e\u0113last\u012bba ne pret vienu no vi\u0146iem netiks izr\u0101d\u012bta. Ja k\u0101ds cent\u012bsies \u0161os izdzimte\u0146us aizst\u0101v\u0113t, tad pats k\u013c\u016bs par med\u012bjamo !!! Vi\u0146i labi saprot, kas vi\u0146us sagaida&#8230; . \u0160eit m\u0113s labi saskat\u0101m \u0161\u012bs bailes:<\/p>\n<h1><a href=\"https:\/\/www.la.lv\/linarda-grantina-lieta-tiesa-virzas-leni\">https:\/\/www.la.lv\/linarda-grantina-lieta-tiesa-virzas-leni<\/a><\/h1>\n<p>Es<em>(Linards Granti\u0146\u0161)<\/em> noteikti piedal\u012b\u0161os \u0161aj\u0101s med\u012bb\u0101s&#8230; !<\/p>\n<p>T\u0101diem <strong>borovkoviem, bunk\u0101m &amp; co<\/strong> es bez sirdsapzi\u0146as p\u0101rmetumiem<strong> &#8220;uzd\u0101vin\u0101\u0161u&#8221;<\/strong> katram pa vienai Kala\u0161\u0146ikova aptverei vi\u0146u rij\u012bgajiem ku\u0146\u0123iem !<\/p>\n<h2>Borovkov, ES VISU ATCEROS !<\/h2>\n<p>02.05.19\u00a0\u00a0\u00a0\u00a0\u00a0\u00a0\u00a0\u00a0\u00a0\u00a0\u00a0\u00a0\u00a0\u00a0\u00a0\u00a0 L. Granti\u0146\u0161<\/p>\n","protected":false},"excerpt":{"rendered":"<p>Tam &lt;&lt; ha ha ha(atver) visu laiku cer\u0113ja, ka okupanti balsos par viet\u0113jiem alkat\u012bgajiem ekspluat\u0101toriem !!! :))) http:\/\/www.la.lv\/neizlemiba Tie pa\u0161i ar\u012b cer\u0113ja, ka latvie\u0161i balsos par okupantiem, 4.maija jaunvalsts pilso\u0146iem un visas tautas sajauksies,&#46;&#46;&#46;<\/p>\n","protected":false},"author":1,"featured_media":0,"comment_status":"open","ping_status":"open","sticky":false,"template":"","format":"standard","meta":[],"categories":[1],"tags":[],"_links":{"self":[{"href":"https:\/\/tautastribunals.eu\/index.php?rest_route=\/wp\/v2\/posts\/50249"}],"collection":[{"href":"https:\/\/tautastribunals.eu\/index.php?rest_route=\/wp\/v2\/posts"}],"about":[{"href":"https:\/\/tautastribunals.eu\/index.php?rest_route=\/wp\/v2\/types\/post"}],"author":[{"embeddable":true,"href":"https:\/\/tautastribunals.eu\/index.php?rest_route=\/wp\/v2\/users\/1"}],"replies":[{"embeddable":true,"href":"https:\/\/tautastribunals.eu\/index.php?rest_route=%2Fwp%2Fv2%2Fcomments&post=50249"}],"version-history":[{"count":15,"href":"https:\/\/tautastribunals.eu\/index.php?rest_route=\/wp\/v2\/posts\/50249\/revisions"}],"predecessor-version":[{"id":50296,"href":"https:\/\/tautastribunals.eu\/index.php?rest_route=\/wp\/v2\/posts\/50249\/revisions\/50296"}],"wp:attachment":[{"href":"https:\/\/tautastribunals.eu\/index.php?rest_route=%2Fwp%2Fv2%2Fmedia&parent=50249"}],"wp:term":[{"taxonomy":"category","embeddable":true,"href":"https:\/\/tautastribunals.eu\/index.php?rest_route=%2Fwp%2Fv2%2Fcategories&post=50249"},{"taxonomy":"post_tag","embeddable":true,"href":"https:\/\/tautastribunals.eu\/index.php?rest_route=%2Fwp%2Fv2%2Ftags&post=50249"}],"curies":[{"name":"wp","href":"https:\/\/api.w.org\/{rel}","templated":true}]}}