{"id":50161,"date":"2019-04-30T10:34:53","date_gmt":"2019-04-30T07:34:53","guid":{"rendered":"https:\/\/tautastribunals.eu\/?p=50161"},"modified":"2021-01-01T14:22:07","modified_gmt":"2021-01-01T12:22:07","slug":"satversmes-tiesa-ne-kolaboracionistu-noziedznieku-varza","status":"publish","type":"post","link":"https:\/\/tautastribunals.eu\/?p=50161","title":{"rendered":"Satversmes Tiesa ? N\u0113, kolaboracionistu- noziedznieku varza !"},"content":{"rendered":"<p><strong><span style=\"color: #800080;\"><a style=\"color: #800080;\" href=\"http:\/\/www.satv.tiesa.gov.lv\/web\/viewer.html?file=\/wp-content\/uploads\/2018\/07\/2018-12-01_Spriedums.pdf#search=2018-12-01\"><img decoding=\"async\" loading=\"lazy\" class=\"alignleft wp-image-49545\" src=\"https:\/\/tautastribunals.eu\/wp-content\/uploads\/2019\/03\/Linards-Granti\u0146\u0161.M\u0101ris-B\u0113rzi\u0146\u0161.-Gobzems.Kaimi\u0146\u0161.LRTT_.png\" alt=\"\" width=\"1494\" height=\"353\" srcset=\"https:\/\/tautastribunals.eu\/wp-content\/uploads\/2019\/03\/Linards-Granti\u0146\u0161.M\u0101ris-B\u0113rzi\u0146\u0161.-Gobzems.Kaimi\u0146\u0161.LRTT_.png 626w, https:\/\/tautastribunals.eu\/wp-content\/uploads\/2019\/03\/Linards-Granti\u0146\u0161.M\u0101ris-B\u0113rzi\u0146\u0161.-Gobzems.Kaimi\u0146\u0161.LRTT_-300x71.png 300w\" sizes=\"(max-width: 1494px) 100vw, 1494px\" \/>Satversmes tiesa otrdien, 23. apr\u012bl\u012b, par atbilsto\u0161\u0101m valsts konstit\u016bcijai\u00a0atzina Izgl\u012bt\u012bbas likuma normas<\/a><\/span><\/strong><span style=\"color: #800080;\"><a style=\"color: #800080;\" href=\"http:\/\/www.satv.tiesa.gov.lv\/web\/viewer.html?file=\/wp-content\/uploads\/2018\/07\/2018-12-01_Spriedums.pdf#search=2018-12-01\"><em>(atv\u0113rt)<\/em><\/a><\/span>, kas paredz p\u0101reju uz m\u0101c\u012bb\u0101m vidusskol\u0101 tikai latvie\u0161u valod\u0101.<\/p>\n<p>Satversmes tiesas priek\u0161s\u0113d\u0113t\u0101ja<strong> Ineta Ziemele<\/strong> preses konfertenc\u0113 \u017eurn\u0101listiem nor\u0101d\u012bja, ka spriedums bijis iev\u0113rojams ar\u012b ar to, ka tiesne\u0161iem bija nepiecie\u0161ams paraudz\u012bties uz <strong>Latvijas<\/strong> sabiedr\u012bbu pla\u0161\u0101k.<\/p>\n<p><span style=\"color: #0000ff;\"><em>&#8220;Viena no [Latvijas] pamatv\u0113rt\u012bb\u0101m ir valsts valoda. Ir pietiekami daudz vilkmju, kas nesekm\u0113 vienoto diskursu. Ir tendences katram dz\u012bvot sav\u0101 st\u016br\u012bt\u012b. M\u0113s saskat\u012bj\u0101m to, ka izgl\u012bt\u012bbas likuma groz\u012bjumi ir v\u0113l viens solis, lai veicin\u0101tu to, ka ikvienam pilsonim un iedz\u012bvot\u0101jam tiek nodro\u0161in\u0101ts t\u0101ds valodas zin\u0101\u0161anu un sp\u0113ju l\u012bmenis, lai var\u0113tu ieg\u016bt gan inform\u0101ciju, gan ar\u012b iesaist\u012bties demogr\u0101fiskaj\u0101 diskurs\u0101,&#8221;<\/em> teica Ziemele.<\/span><\/p>\n<p><img decoding=\"async\" loading=\"lazy\" class=\"alignleft wp-image-50163\" src=\"https:\/\/tautastribunals.eu\/wp-content\/uploads\/2019\/04\/Satversme-I.Ziemele.Osipova.Lavi\u0146\u0161.L.Granti\u0146\u0161.LRTT_-1.png\" alt=\"\" width=\"636\" height=\"578\" srcset=\"https:\/\/tautastribunals.eu\/wp-content\/uploads\/2019\/04\/Satversme-I.Ziemele.Osipova.Lavi\u0146\u0161.L.Granti\u0146\u0161.LRTT_-1.png 653w, https:\/\/tautastribunals.eu\/wp-content\/uploads\/2019\/04\/Satversme-I.Ziemele.Osipova.Lavi\u0146\u0161.L.Granti\u0146\u0161.LRTT_-1-300x272.png 300w\" sizes=\"(max-width: 636px) 100vw, 636px\" \/><\/p>\n<p>FOTO: <span style=\"color: #ff0000;\"><em>T\u0101 nu &#8220;sagad\u012bjies&#8221;, ka neviens no \u0161iem m\u0113sliem nav etnisks latvietis, bet gad\u0101s jau vis\u0101di br\u012bnumi !<\/em><\/span><\/p>\n<p><strong>Latviet, vai tu saproti \u0161\u012b teikuma<\/strong>:<span style=\"color: #0000ff;\"> <em>\u201eSatversmes tiesas priek\u0161s\u0113d\u0113t\u0101ja<strong> Ineta Ziemele<\/strong> preses konfertenc\u0113 \u017eurn\u0101listiem nor\u0101d\u012bja, ka spriedums bijis iev\u0113rojams ar\u012b ar to, ka tiesne\u0161iem bija nepiecie\u0161ams paraudz\u012bties uz <strong>Latvijas<\/strong> sabiedr\u012bbu pla\u0161\u0101k\u201c<\/em> <\/span><strong>\u00a0j\u0113gu<\/strong> ?<\/p>\n<p>Par k\u0101du nepiecie\u0161am\u012bbu raudz\u012bties uz<strong> Latvijas <\/strong>sabiedr\u012bbu pla\u0161\u0101k, \u0161\u012b <strong><u>cionistu marionete I. Ziemele,<\/u><\/strong> run\u0101 ?<\/p>\n<p>Ko izsaka \u0161\u012bs piln\u012bgi idiotiskais v\u0101rdu salikums ?<\/p>\n<p>Tas nor\u0101da, ka t\u0101 teic\u0113jam pa\u0161am nav ne maz\u0101k\u0101s j\u0113gas par pasac\u012bto !<\/p>\n<hr \/>\n<hr \/>\n<hr \/>\n<hr \/>\n<p>Bet ar\u012b ne tas v\u0113l ir tas idiotisma kalngals, bet gan tas, ka <u>veselus 30 gadus p\u0113c<strong> Atmodas VISS ATBILDA SATVERSMEI<\/strong><em>(m\u0101c\u012bbas okupant- tautas valod\u0101),<\/em> bet p\u0113k\u0161\u0146i vairs neatbilst <\/u>!!!<\/p>\n<hr \/>\n<hr \/>\n<hr \/>\n<hr \/>\n<p>Tas nor\u0101da uz to, ka <strong>kriev\u017e\u012bdu cionistu bandai<\/strong> vairs <span style=\"color: #800080;\"><a style=\"color: #800080;\" href=\"https:\/\/www.youtube.com\/watch?v=F5tivuYd8KM&amp;list=PLsiVG_bhUcYytuAoZyCtLCz2-cBPDWehh\"><strong>\u201cneiet viss no rokas<\/strong><em>(atv\u0113rt)<\/em><strong>\u201d<\/strong> <\/a><\/span>! Viet\u0113jie kolaboranti j\u016bt, ka <span style=\"color: #800080;\"><a style=\"color: #800080;\" href=\"https:\/\/www.youtube.com\/watch?v=d48VakxKiUs\"><strong><u>cilpa s\u0101k savilties ap vi\u0146u j\u016bdasa sprandiem<\/u><\/strong><em><u>(atv\u0113rt)<\/u><\/em><\/a><\/span> !<\/p>\n<p>Un tas ir tiesa, \u017e\u012bd-s\u0101tanistus s\u0101k \u017emiegt vis\u0101s pasaules mal\u0101s.<\/p>\n<p>Tas noz\u012bm\u0113 ar\u012b to, ka <strong><u>4. maija kli\u0137es SATVERSMES TIESA<\/u><\/strong>, kura ir pild\u012bjusi cionistu pav\u0113les, tiks sod\u012bta visas tautas priek\u0161\u0101 ar <strong>ASM<\/strong> !!! J\u0101, latviet, vi\u0146i tiks pak\u0101rti,- visi <strong>ST <\/strong>tiesne\u0161i ir <u>veiku\u0161i latvie\u0161u tautas nodev\u012bbu un Latvijas valsts teritori\u0101l\u0101s vienot\u012bbas grau\u0161anu, Abrenes atdo\u0161anu okup\u0113t\u0101jvalstij<\/u> !<\/p>\n<p>Atg\u0101din\u0101\u0161u, ka tiesnese <strong>Krist\u012bne Kr\u016bma <\/strong>bija vien\u012bg\u0101, kura nor\u0101d\u012bja uz \u0161o p\u0101rk\u0101pumu un t\u0101p\u0113c ar\u012b tika noslepkavota, lai nes\u0101ktu celt trauksmi. Pie reizes tas ar\u012b bija bieds p\u0101r\u0113jiem\u2026 !<a href=\"https:\/\/tautastribunals.eu\/?p=32968\">\u00a0<\/a><\/p>\n<blockquote class=\"wp-embedded-content\" data-secret=\"3WwuqX4iV7\"><p><a href=\"https:\/\/tautastribunals.eu\/?p=32968\">T\u0101di cilv\u0113ki neaiziet, vi\u0146us &#8220;aizved&#8221; !<\/a><\/p><\/blockquote>\n<p><iframe class=\"wp-embedded-content\" sandbox=\"allow-scripts\" security=\"restricted\" style=\"position: absolute; clip: rect(1px, 1px, 1px, 1px);\" title=\"&#8220;T\u0101di cilv\u0113ki neaiziet, vi\u0146us &#8220;aizved&#8221; !&#8221; &#8212; \" src=\"https:\/\/tautastribunals.eu\/?p=32968&#038;embed=true#?secret=3WwuqX4iV7\" data-secret=\"3WwuqX4iV7\" width=\"500\" height=\"282\" frameborder=\"0\" marginwidth=\"0\" marginheight=\"0\" scrolling=\"no\"><\/iframe><\/p>\n<p><strong><img decoding=\"async\" loading=\"lazy\" class=\"alignleft wp-image-50174\" src=\"https:\/\/tautastribunals.eu\/wp-content\/uploads\/2019\/04\/Satversmes-tiesa.Krist\u012bne-Kr\u016bma.L.Granti\u0146\u0161.LRTT_.jpg\" alt=\"\" width=\"207\" height=\"290\" \/>K. Kr\u016bmas sac\u012btais:<\/strong> <span style=\"color: #0000ff;\">\u201d<em>Neatkar\u012bbas deklar\u0101cijas 9.punkt\u0101 ietvert\u0101 atsauce uz 1920.gada miera l\u012bgumu nav ierobe\u017eota tikai ar to, ka Krievija atz\u012bst Latvijas neatkar\u012bbu. Kr\u016bma nor\u0101da, ka sa\u0161aurin\u0101ta \u0161\u012b punkta interpret\u0101cija neatbilst Latvijas konsekventai praksei nacion\u0101laj\u0101s ties\u012bb\u0101s, kur uzsv\u0113rta 1920.gada miera l\u012bguma sp\u0113k\u0101 esam\u012bba piln\u012bb\u0101.\u201d<\/em><\/span><\/p>\n<p><a href=\"https:\/\/www.tvnet.lv\/5027446\/tiesnese-kruma-nepiekrit-virknei-st-secinajumu-un-argumentu-robezliguma-lieta\"><span style=\"color: #800080;\">https:\/\/www.tvnet.lv\/5027446\/tiesnese-kruma-nepiekrit-virknei-st-secinajumu-un-argumentu-robezliguma-lieta<\/span><\/a><\/p>\n<p>J\u0101, j\u016bs nep\u0101rklaus\u012bj\u0101ties, <strong>Krist\u012bne Kr\u016bma<\/strong> tika noslepkavota !<\/p>\n<hr \/>\n<hr \/>\n<hr \/>\n<hr \/>\n<p><strong>Un v\u0113l, ieklausieties tikai:<\/strong> kriev\u017e\u012bdu okupantu- kolonistu banda tiek uzskat\u012bta par <strong>MAZ\u0100KUMTAUT\u012aBU<\/strong> !!!<\/p>\n<div class=\"video-container\"><iframe loading=\"lazy\" title=\"P\u0101reja uz m\u0101c\u012bb\u0101m valsts valod\u0101 atbilst Satversmei\" width=\"500\" height=\"281\" src=\"https:\/\/www.youtube.com\/embed\/avIlaZD4ig8?feature=oembed&#038;wmode=opaque\" frameborder=\"0\" allow=\"accelerometer; autoplay; clipboard-write; encrypted-media; gyroscope; picture-in-picture\" allowfullscreen><\/iframe><\/div>\n<p>\u0160ie smirdo\u0161ie <strong>Ci\u0101nas m\u0113sli<\/strong> sevi d\u0113v\u0113 ne tikai par tiesne\u0161iem, bet pat par <strong>SATVERSMES TIESAS<\/strong> tiesne\u0161iem !<\/p>\n<h3>Var jau m\u0113rka\u0137im uzvilkt tiesne\u0161a mantiju, bet vi\u0146\u0161 ir un paliks tikai m\u0113rka\u0137is.<\/h3>\n<p>Tas pats attiecas uz \u0161iem izdzimumiem\u2026 !<\/p>\n<h2>N\u0101vi kolaboracionistiem,- tautas nodev\u0113jiem !!!<\/h2>\n<p>Po\u013citruka <strong>Jonasa<\/strong> spermas produkts<strong> Egils<\/strong> n\u0101k bungas r\u012bbin\u0101dams un neb\u016bs br\u012bnums, ka vi\u0146am tiks pierakst\u012bts \u0161is <strong>\u201clabais darbs\u201d<\/strong> !<\/p>\n<p>\u0160eit par <strong>\u0161\u012bm smirdo\u0161aj\u0101m nodev\u012bbas kreat\u016br\u0101m\/ viep\u013ciem<\/strong> vair\u0101k:<\/p>\n<blockquote class=\"wp-embedded-content\" data-secret=\"SpxjqSkgsZ\"><p><a href=\"https:\/\/tautastribunals.eu\/?p=33948\">I. Ronis. Augsti god\u0101tie Satversmes tiesas tiesne\u0161i !<\/a><\/p><\/blockquote>\n<p><iframe class=\"wp-embedded-content\" sandbox=\"allow-scripts\" security=\"restricted\" style=\"position: absolute; clip: rect(1px, 1px, 1px, 1px);\" title=\"&#8220;I. Ronis. Augsti god\u0101tie Satversmes tiesas tiesne\u0161i !&#8221; &#8212; \" src=\"https:\/\/tautastribunals.eu\/?p=33948&#038;embed=true#?secret=SpxjqSkgsZ\" data-secret=\"SpxjqSkgsZ\" width=\"500\" height=\"282\" frameborder=\"0\" marginwidth=\"0\" marginheight=\"0\" scrolling=\"no\"><\/iframe><\/p>\n<p><img decoding=\"async\" loading=\"lazy\" class=\"alignleft wp-image-50167\" src=\"https:\/\/tautastribunals.eu\/wp-content\/uploads\/2019\/04\/De\u0123ener\u0101ti.-Sanita-Osipova-Aldis-Lavi\u0146\u0161-Uldis-\u0136inis-LRTT.-Granti\u0146\u01612.jpg\" alt=\"\" width=\"1456\" height=\"956\" srcset=\"https:\/\/tautastribunals.eu\/wp-content\/uploads\/2019\/04\/De\u0123ener\u0101ti.-Sanita-Osipova-Aldis-Lavi\u0146\u0161-Uldis-\u0136inis-LRTT.-Granti\u0146\u01612.jpg 800w, https:\/\/tautastribunals.eu\/wp-content\/uploads\/2019\/04\/De\u0123ener\u0101ti.-Sanita-Osipova-Aldis-Lavi\u0146\u0161-Uldis-\u0136inis-LRTT.-Granti\u0146\u01612-300x197.jpg 300w, https:\/\/tautastribunals.eu\/wp-content\/uploads\/2019\/04\/De\u0123ener\u0101ti.-Sanita-Osipova-Aldis-Lavi\u0146\u0161-Uldis-\u0136inis-LRTT.-Granti\u0146\u01612-768x504.jpg 768w\" sizes=\"(max-width: 1456px) 100vw, 1456px\" \/><\/p>\n<blockquote class=\"wp-embedded-content\" data-secret=\"FjBbJxMgvP\"><p><a href=\"https:\/\/tautastribunals.eu\/?p=30025\">L. Granti\u0146\u0161. \u201cTev neb\u016bs Paties\u012bbu zaimot !\u201d (1.turp.)<\/a><\/p><\/blockquote>\n<p><iframe class=\"wp-embedded-content\" sandbox=\"allow-scripts\" security=\"restricted\" style=\"position: absolute; clip: rect(1px, 1px, 1px, 1px);\" title=\"&#8220;L. Granti\u0146\u0161. \u201cTev neb\u016bs Paties\u012bbu zaimot !\u201d (1.turp.)&#8221; &#8212; \" src=\"https:\/\/tautastribunals.eu\/?p=30025&#038;embed=true#?secret=FjBbJxMgvP\" data-secret=\"FjBbJxMgvP\" width=\"500\" height=\"282\" frameborder=\"0\" marginwidth=\"0\" marginheight=\"0\" scrolling=\"no\"><\/iframe><\/p>\n<p>30.04.19<\/p>\n","protected":false},"excerpt":{"rendered":"<p>Satversmes tiesa otrdien, 23. apr\u012bl\u012b, par atbilsto\u0161\u0101m valsts konstit\u016bcijai\u00a0atzina Izgl\u012bt\u012bbas likuma normas(atv\u0113rt), kas paredz p\u0101reju uz m\u0101c\u012bb\u0101m vidusskol\u0101 tikai latvie\u0161u valod\u0101. Satversmes tiesas priek\u0161s\u0113d\u0113t\u0101ja Ineta Ziemele preses konfertenc\u0113 \u017eurn\u0101listiem nor\u0101d\u012bja, ka spriedums bijis iev\u0113rojams&#46;&#46;&#46;<\/p>\n","protected":false},"author":1,"featured_media":0,"comment_status":"open","ping_status":"open","sticky":false,"template":"","format":"standard","meta":[],"categories":[1],"tags":[],"_links":{"self":[{"href":"https:\/\/tautastribunals.eu\/index.php?rest_route=\/wp\/v2\/posts\/50161"}],"collection":[{"href":"https:\/\/tautastribunals.eu\/index.php?rest_route=\/wp\/v2\/posts"}],"about":[{"href":"https:\/\/tautastribunals.eu\/index.php?rest_route=\/wp\/v2\/types\/post"}],"author":[{"embeddable":true,"href":"https:\/\/tautastribunals.eu\/index.php?rest_route=\/wp\/v2\/users\/1"}],"replies":[{"embeddable":true,"href":"https:\/\/tautastribunals.eu\/index.php?rest_route=%2Fwp%2Fv2%2Fcomments&post=50161"}],"version-history":[{"count":18,"href":"https:\/\/tautastribunals.eu\/index.php?rest_route=\/wp\/v2\/posts\/50161\/revisions"}],"predecessor-version":[{"id":59107,"href":"https:\/\/tautastribunals.eu\/index.php?rest_route=\/wp\/v2\/posts\/50161\/revisions\/59107"}],"wp:attachment":[{"href":"https:\/\/tautastribunals.eu\/index.php?rest_route=%2Fwp%2Fv2%2Fmedia&parent=50161"}],"wp:term":[{"taxonomy":"category","embeddable":true,"href":"https:\/\/tautastribunals.eu\/index.php?rest_route=%2Fwp%2Fv2%2Fcategories&post=50161"},{"taxonomy":"post_tag","embeddable":true,"href":"https:\/\/tautastribunals.eu\/index.php?rest_route=%2Fwp%2Fv2%2Ftags&post=50161"}],"curies":[{"name":"wp","href":"https:\/\/api.w.org\/{rel}","templated":true}]}}