{"id":50141,"date":"2019-04-28T10:50:03","date_gmt":"2019-04-28T07:50:03","guid":{"rendered":"https:\/\/tautastribunals.eu\/?p=50141"},"modified":"2019-04-28T10:50:03","modified_gmt":"2019-04-28T07:50:03","slug":"v-freimantals-tieslietu-ministrs-uzsplauj-likumiem","status":"publish","type":"post","link":"https:\/\/tautastribunals.eu\/?p=50141","title":{"rendered":"V. Freimant\u0101ls. Tieslietu ministrs uzsp\u013cauj likumiem"},"content":{"rendered":"<p><span style=\"color: #003300;\"><img decoding=\"async\" loading=\"lazy\" class=\"alignleft wp-image-47937\" src=\"https:\/\/tautastribunals.eu\/wp-content\/uploads\/2018\/12\/Valdis-Freimant\u0101lsL.Granti\u0146\u0161.LRTT3_-1.png\" alt=\"\" width=\"402\" height=\"114\" srcset=\"https:\/\/tautastribunals.eu\/wp-content\/uploads\/2018\/12\/Valdis-Freimant\u0101lsL.Granti\u0146\u0161.LRTT3_-1.png 744w, https:\/\/tautastribunals.eu\/wp-content\/uploads\/2018\/12\/Valdis-Freimant\u0101lsL.Granti\u0146\u0161.LRTT3_-1-300x85.png 300w\" sizes=\"(max-width: 402px) 100vw, 402px\" \/>Noziedznieki <strong>Latvij\u0101<\/strong> k\u013cuvu\u0161i par<strong><u> valstsv\u012briem <\/u><\/strong>un <strong><u>valstssiev\u0101m<\/u><\/strong> !<\/span><\/p>\n<p><span style=\"color: #003300;\">Par to ir j\u0101run\u0101 !<\/span><\/p>\n<p><span style=\"color: #003300;\">Un j\u0101run\u0101 starptautiski !<\/span><\/p>\n<p><span style=\"color: #003300;\">Band\u012btu var\u017eu d\u012b\u0137\u012b <strong>\u2013 Latvij\u0101<\/strong>, viss ir a\u010dg\u0101rni !<\/span><\/p>\n<h2><span style=\"color: #003300;\">Tieslietu ministrs uzsp\u013cauj likumiem un tiesiskumam !<\/span><\/h2>\n<p><span style=\"color: #003300;\">Labkl\u0101j\u012bbas ministrs pak\u013cauj gal\u0113jam izmisumam desmitiem t\u016bksto\u0161u latvie\u0161u \u0123imenes ! <em>(atbalstot netaisn\u012bgu nodok\u013cu un sodu maks\u0101jumu piepras\u012b\u0161anu no \u0123imen\u0113m, lai novestu pa\u0161n\u0101v\u012bbu atvaros savus upurus).<\/em><\/span><\/p>\n<p><span style=\"color: #003300;\"><strong><u>Iek\u0161lietu ministrs ignor\u0113<\/u><\/strong> un atbalsta valsts amatpersonu <strong>\u201c APZIN\u0100TU KAITNIEC\u012aBU\u201c <\/strong>un past\u0101v\u012bgu \u2013 <strong><u>pret latvie\u0161u \u0123imen\u0113m v\u0113rstu genoc\u012bdu<\/u><\/strong>.<\/span><\/p>\n<h2><span style=\"color: #003300;\">Prokurat\u016bra piln\u012bgi pak\u013cauta politi\u0137u visvaren\u012bbai un nesod\u0101m\u012bbai !<\/span><\/h2>\n<p><span style=\"color: #003300;\">Tiesu sist\u0113ma <strong>Latvij\u0101 <\/strong>novesta l\u012bdz <strong><u>99% atkar\u012bbai no politi\u0137u dzel\u017eain\u0101s, despotisk\u0101s un korump\u0113t\u0101s virsvad\u012bbas, taisot pas\u016bt\u012bjuma spriedumus<\/u><\/strong> !<\/span><\/p>\n<h2><span style=\"color: #003300;\"><strong><img decoding=\"async\" loading=\"lazy\" class=\"alignleft wp-image-49545\" src=\"https:\/\/tautastribunals.eu\/wp-content\/uploads\/2019\/03\/Linards-Granti\u0146\u0161.M\u0101ris-B\u0113rzi\u0146\u0161.-Gobzems.Kaimi\u0146\u0161.LRTT_.png\" alt=\"\" width=\"630\" height=\"149\" srcset=\"https:\/\/tautastribunals.eu\/wp-content\/uploads\/2019\/03\/Linards-Granti\u0146\u0161.M\u0101ris-B\u0113rzi\u0146\u0161.-Gobzems.Kaimi\u0146\u0161.LRTT_.png 626w, https:\/\/tautastribunals.eu\/wp-content\/uploads\/2019\/03\/Linards-Granti\u0146\u0161.M\u0101ris-B\u0113rzi\u0146\u0161.-Gobzems.Kaimi\u0146\u0161.LRTT_-300x71.png 300w\" sizes=\"(max-width: 630px) 100vw, 630px\" \/>Valsts ekonomikas apzin\u0101ta v\u0101jin\u0101\u0161ana, ra\u017eo\u0161anas un r\u016bpniec\u012bbas apzin\u0101ta likvid\u0101cija. <\/strong><\/span><\/h2>\n<p><span style=\"color: #003300;\"><strong>Demogr\u0101fisk\u0101s katastrofas apzin\u0101ta eskal\u0101cija un valsts likvid\u0101cijas priek\u0161noteikumu m\u0113r\u0137tiec\u012bga rad\u012b\u0161ana.<\/strong><\/span><\/p>\n<p><span style=\"color: #003300;\">Pretlatviskas politikas \u012bsteno\u0161ana un satversmes apzin\u0101ta izkrop\u013co\u0161ana.<\/span><\/p>\n<p><span style=\"color: #003300;\"><strong>Cilv\u0113kties\u012bbu aizst\u0101v\u012bbas grupas<\/strong> <strong>Helsinki 86<\/strong> m\u0113r\u0137tiec\u012bga apkaro\u0161ana no t\u0101s rad\u012b\u0161anas br\u012b\u017ea l\u012bdz \u0161odienai !<\/span><\/p>\n<p><span style=\"color: #003300;\"><strong>Latvijas <\/strong>kult\u016bras pamata \u2013 <strong>R\u012bgas Latvie\u0161u Biedr\u012bbas apzin\u0101ta IZN\u012aCIN\u0100\u0160ANA 1993. gada 18. febru\u0101ra nakt\u012b<\/strong> ir bezprecedenta komunistu un <strong>KGB TERORA AKTS<\/strong>, neatkar\u012bbu atguvu\u0161aj\u0101<strong> Latvij\u0101<\/strong>.<\/span><\/p>\n<p><span style=\"color: #003300;\"><strong>Helsinki 86<\/strong> grie\u017eas pie visas pasaules cilv\u0113kties\u012bbu aizst\u0101v\u012bbas sabiedriskaj\u0101m organiz\u0101cij\u0101m \u2013 rad\u012bt vienotu pasaules cilv\u0113kties\u012bbu sabiedrisko aizst\u0101v\u012bbas centru ! <em>(Lai koordin\u0113tu un stiprin\u0101tu \u0123ime\u0146u ties\u012bbu visp\u0101r\u0113j\u0101 deklar\u0101cij\u0101 ietverto hum\u0101no b\u016bt\u012bbu).<\/em><\/span><\/p>\n<p><span style=\"color: #003300;\">L\u016bk, visp\u0101r\u0113j\u0101 <strong>\u201e\u0122ime\u0146u Ties\u012bbu Deklar\u0101cija\u201c<\/strong> !<\/span><\/p>\n<p><span style=\"color: #003300;\">Katrai \u0123imenei ir neat\u0146emamas ties\u012bbas augt un att\u012bst\u012bties nediskrimin\u0113ti sav\u0101 kult\u016brvid\u0113.<\/span><\/p>\n<p><span style=\"color: #003300;\"><strong>Helsinki 86 <\/strong>pieprasa <strong>Latvijas, Eiropas Savien\u012bbas<\/strong> un <strong>ANO <\/strong>nekav\u0113jo\u0161u <strong><u>Visp\u0101r\u0113j\u0101s \u0122ime\u0146u Ties\u012bbu Deklar\u0101cijas starptautisku ratifik\u0101ciju !<\/u><\/strong><\/span><\/p>\n<p><span style=\"color: #003300;\"><strong>Helsinki 86<\/strong> pieprasa nekav\u0113jo\u0161i p\u0101rtraukt vaj\u0101t un apkarot, daudz cietu\u0161o cilv\u0113kties\u012bbu aizst\u0101v\u012bbas, le\u0123end\u0101ro latvie\u0161u organiz\u0101ciju !<\/span><\/p>\n<hr \/>\n<hr \/>\n<hr \/>\n<hr \/>\n<h2>L. Granti\u0146\u0161:<\/h2>\n<p>Protams,\u00a0 <strong>Freimant\u0101la kungs<\/strong>, ka par to ir j\u0101run\u0101.<\/p>\n<p>M\u0113s ar\u012b to dar\u0101m un <u>t\u0101p\u0113c jau ar\u012b ir \u0161is aptraku\u0161ais \u017e\u012bdcionistu naids pret akt\u012bv\u0101s <strong>Atmodas aizs\u0101c\u0113ju<\/strong> un \u0161o <strong>i- vietni<\/strong>.<\/u><\/p>\n<p>\u0160odien pie varas eso\u0161ie nav latvie\u0161u etnosa p\u0101rst\u0101vji, bet gan <strong><u>s\u0101tanisk\u0101s sektas<\/u><\/strong><em>(j\u016bdaisma) <\/em>p\u0101rst\u0101vji.<\/p>\n<p>\u0160eit ir aprakst\u012bts, k\u0101 \u0161ie<strong> &#8220;latvie\u0161i&#8221;<\/strong> uzrad\u0101s:<\/p>\n<blockquote class=\"wp-embedded-content\" data-secret=\"Ab9DSjlg1U\"><p><a href=\"https:\/\/tautastribunals.eu\/?p=40866\">Kas pagl\u0101bs &#8222;ebrejus&#8220;, kad pasaule uzzin\u0101s&#8230;<\/a><\/p><\/blockquote>\n<p><iframe class=\"wp-embedded-content\" sandbox=\"allow-scripts\" security=\"restricted\" style=\"position: absolute; clip: rect(1px, 1px, 1px, 1px);\" src=\"https:\/\/tautastribunals.eu\/?p=40866&#038;embed=true#?secret=Ab9DSjlg1U\" data-secret=\"Ab9DSjlg1U\" width=\"500\" height=\"282\" title=\"&#8222;Kas pagl\u0101bs &#8222;ebrejus&#8220;, kad pasaule uzzin\u0101s&#8230;&#8220; &#8212; Latvijas Republikas tautas\" frameborder=\"0\" marginwidth=\"0\" marginheight=\"0\" scrolling=\"no\"><\/iframe><\/p>\n<h2>Visi \u0161ie <strong>\u201ckari\u0146i\u201d<\/strong> un <strong>\u201cleviti\u201d<\/strong> ir vis\u012bst\u0101kie <strong>S\u0101tana piel\u016bdz\u0113ji<\/strong>.<\/h2>\n<p>Vai tad pasaules v\u0113stur\u0113 kaut kas t\u0101ds ir bijis, <strong><u>ka tautai, kura iev\u0113l deput\u0101tus, izn\u0101k c\u012bn\u012bties pret vi\u0146iem, bet pa\u0161i deput\u0101ti cen\u0161as izn\u012bcin\u0101t savus v\u0113l\u0113t\u0101jus<\/u><\/strong> ?<\/p>\n<h2>Tas ir \u017e\u012bds\u0101tanisms !<\/h2>\n<p><img decoding=\"async\" loading=\"lazy\" class=\"alignleft wp-image-47988\" src=\"https:\/\/tautastribunals.eu\/wp-content\/uploads\/2018\/12\/Anatolijs-Gorbunovs.-Aivars-Borovkovs.Linards-Granti\u00e4n\u00e4s.LRTT_-1-2.png\" alt=\"\" width=\"294\" height=\"221\" srcset=\"https:\/\/tautastribunals.eu\/wp-content\/uploads\/2018\/12\/Anatolijs-Gorbunovs.-Aivars-Borovkovs.Linards-Granti\u00e4n\u00e4s.LRTT_-1-2.png 501w, https:\/\/tautastribunals.eu\/wp-content\/uploads\/2018\/12\/Anatolijs-Gorbunovs.-Aivars-Borovkovs.Linards-Granti\u00e4n\u00e4s.LRTT_-1-2-300x225.png 300w\" sizes=\"(max-width: 294px) 100vw, 294px\" \/><\/p>\n<p><strong>FOTO.<\/strong><span style=\"color: #ff0000;\"> <em>L\u016bk, stuka\u010du sist\u0113mas rad\u012bt\u0101ji, ar kuru arestiem un vi\u0146u pak\u0101r\u0161anu b\u016btu j\u0101s\u0101k, bet tas nenotiek ! Abi \u0161ie \u017e\u012bd- lopi ir miljon\u0101ri un turpina savu darbu, it k\u0101 nekas neb\u016btu noticis !<\/em><\/span><\/p>\n<p>Paskat\u2019, k\u0101das tik mahin\u0101cijas tiek veiktas ar un ap <strong>\u201c\u010dekas maisem\u201d<\/strong> ?! Vecais \u017e\u012bds <strong>K. Kangeris &#8220;rull\u0113&#8221;<\/strong> !<\/p>\n<p>To saturs tiek v\u0113t\u012bts un p\u0101rk\u0101rtots t\u0101, lai tautai sajauktu pr\u0101tus.<\/p>\n<p>Tiek <strong>\u201cizmesti\u201d<\/strong> da\u017ei stuka\u010di, bet s\u0101tanisk\u0101s sist\u0113mas rad\u012bt\u0101ji, kuri \u0161os stuka\u010dus verv\u0113ja, un, <strong><u>kuri b\u016btu j\u0101pakar<\/u><\/strong>, \u0161odien <strong><u>atrodas valsts p\u0101rvaldes pa\u0161\u0101 aug\u0161\u0101 un likvid\u0113 m\u016bsu Br\u012bvvalsti<\/u><\/strong>.<\/p>\n<hr \/>\n<hr \/>\n<hr \/>\n<hr \/>\n<p>\u017d\u012bds\u0101tanistiem glob\u0101l\u0101 m\u0113rog\u0101 draud piln\u012bga izn\u012bcin\u0101\u0161ana un t\u0101p\u0113c vi\u0146i ar p\u0113d\u0113jiem sp\u0113kiem cen\u0161as saglab\u0101t varu !!!<\/p>\n<h2>Par to run\u0101 <strong>Fulfords<\/strong> !<\/h2>\n<p>M\u016bsu uzdevums ir notur\u0113ties un nezaud\u0113t savu neatkar\u012bbas statusu l\u012bdz br\u012bdim, kad visi \u0161ie <strong>levitu &amp; kari\u0146u<\/strong> saimnieki tiks starptautisk\u0101 ar\u0113n\u0101 fiziski likvid\u0113ti !!!<\/p>\n<p>Tad ar\u012b <strong><u>tie, kuri \u0161odien Saeim\u0101 balso par \u0161iem s\u0101taniskajiem izdzimumiem,<\/u><\/strong> tiks <strong>Latvij\u0101 \u201cuzvilkti latern\u0101s\u201d <\/strong>!<\/p>\n<hr \/>\n<hr \/>\n<hr \/>\n<hr \/>\n<h2><img decoding=\"async\" loading=\"lazy\" class=\"alignleft wp-image-50148\" src=\"https:\/\/tautastribunals.eu\/wp-content\/uploads\/2019\/04\/VVF.Belako\u0146s.Granti\u0146\u0161.LRTT_.jpg\" alt=\"\" width=\"393\" height=\"259\" srcset=\"https:\/\/tautastribunals.eu\/wp-content\/uploads\/2019\/04\/VVF.Belako\u0146s.Granti\u0146\u0161.LRTT_.jpg 380w, https:\/\/tautastribunals.eu\/wp-content\/uploads\/2019\/04\/VVF.Belako\u0146s.Granti\u0146\u0161.LRTT_-300x197.jpg 300w\" sizes=\"(max-width: 393px) 100vw, 393px\" \/>\u0160eit kas no interneta:<\/h2>\n<p><span style=\"color: #0000ff;\"><strong>&#8220;T\u0101s ir \u0161ausmu s\u0101kums ! <\/strong><\/span><span style=\"color: #0000ff;\"><span style=\"color: #ff0000;\"><em>(ASV prezidents Franklins ir teicis- , ja ciemat\u0101 ir apmetu\u0161as 2 ebreju \u0123imenes, tad ciemats drausm\u012bgi n\u012bku\u013co.)<\/em><\/span><\/span><br \/>\n<span style=\"color: #0000ff;\"><strong>Latvij\u0101 Krup\u0146ikovs <\/strong>pie <strong>Latvijas<\/strong> sv\u0113tuma <strong>Gaizi\u0146a<\/strong> tuvum\u0101 par l\u0113tu naudu nopirka ap 5000 ha zemes un apjozis ar stiep\u013cu \u017eogu, turpat<strong> Belako\u0146s<\/strong> nopircis zemei, turpat<strong> Latvijas Balz\u0101ma <\/strong>\u012bpa\u0161nieks nopircis zemi no izput\u0113ju\u0161\u0101 <strong>Lido<\/strong> \u012bpa\u0161nieka zemi. <\/span><\/p>\n<p><span style=\"color: #0000ff;\"><strong>KIBUCI GATAVS UN JAU DARBOJ\u0100S<\/strong> !&#8221;<\/span><\/p>\n<hr \/>\n<hr \/>\n<hr \/>\n<hr \/>\n<p>Jaut\u0101jums: kuri ir tie, kas \u013cauj \u0161iem \u017e\u012bds\u0101tanistiem, latvie\u0161u tautas slepkav\u0101m un Latvijas valsts izzadz\u0113jiem, t\u0101das lietas veikt ?<\/p>\n<p><strong>\u0160eit \u012bsten\u012bba par Freibergu,- latvie\u0161u tautas bendi:<\/strong><\/p>\n<blockquote class=\"wp-embedded-content\" data-secret=\"KNNxtaV7QV\"><p><a href=\"https:\/\/tautastribunals.eu\/?p=46181\">Latvie\u0161u tautas bende V.V.Freiberga(Kalergi balva)<\/a><\/p><\/blockquote>\n<p><iframe class=\"wp-embedded-content\" sandbox=\"allow-scripts\" security=\"restricted\" style=\"position: absolute; clip: rect(1px, 1px, 1px, 1px);\" src=\"https:\/\/tautastribunals.eu\/?p=46181&#038;embed=true#?secret=KNNxtaV7QV\" data-secret=\"KNNxtaV7QV\" width=\"500\" height=\"282\" title=\"&#8222;Latvie\u0161u tautas bende V.V.Freiberga(Kalergi balva)&#8220; &#8212; Latvijas Republikas tautas\" frameborder=\"0\" marginwidth=\"0\" marginheight=\"0\" scrolling=\"no\"><\/iframe><\/p>\n<hr \/>\n<hr \/>\n<hr \/>\n<hr \/>\n<h3><span style=\"color: #ff0000;\">Fulfords.<\/span><\/h3>\n<h2>Zi\u0146as, kuras Latvij\u0101 tiek noklus\u0113tas:<\/h2>\n<p><iframe loading=\"lazy\" width=\"500\" height=\"375\" src=\"https:\/\/www.youtube.com\/embed\/videoseries?list=PLsiVG_bhUcYytuAoZyCtLCz2-cBPDWehh\" frameborder=\"0\" allow=\"accelerometer; autoplay; encrypted-media; gyroscope; picture-in-picture\" allowfullscreen><\/iframe><\/p>\n<p>28.04.19<\/p>\n","protected":false},"excerpt":{"rendered":"<p>Noziedznieki Latvij\u0101 k\u013cuvu\u0161i par valstsv\u012briem un valstssiev\u0101m ! Par to ir j\u0101run\u0101 ! Un j\u0101run\u0101 starptautiski ! Band\u012btu var\u017eu d\u012b\u0137\u012b \u2013 Latvij\u0101, viss ir a\u010dg\u0101rni ! Tieslietu ministrs uzsp\u013cauj likumiem un tiesiskumam ! Labkl\u0101j\u012bbas&#46;&#46;&#46;<\/p>\n","protected":false},"author":1,"featured_media":0,"comment_status":"open","ping_status":"open","sticky":false,"template":"","format":"standard","meta":[],"categories":[1],"tags":[],"_links":{"self":[{"href":"https:\/\/tautastribunals.eu\/index.php?rest_route=\/wp\/v2\/posts\/50141"}],"collection":[{"href":"https:\/\/tautastribunals.eu\/index.php?rest_route=\/wp\/v2\/posts"}],"about":[{"href":"https:\/\/tautastribunals.eu\/index.php?rest_route=\/wp\/v2\/types\/post"}],"author":[{"embeddable":true,"href":"https:\/\/tautastribunals.eu\/index.php?rest_route=\/wp\/v2\/users\/1"}],"replies":[{"embeddable":true,"href":"https:\/\/tautastribunals.eu\/index.php?rest_route=%2Fwp%2Fv2%2Fcomments&post=50141"}],"version-history":[{"count":23,"href":"https:\/\/tautastribunals.eu\/index.php?rest_route=\/wp\/v2\/posts\/50141\/revisions"}],"predecessor-version":[{"id":50190,"href":"https:\/\/tautastribunals.eu\/index.php?rest_route=\/wp\/v2\/posts\/50141\/revisions\/50190"}],"wp:attachment":[{"href":"https:\/\/tautastribunals.eu\/index.php?rest_route=%2Fwp%2Fv2%2Fmedia&parent=50141"}],"wp:term":[{"taxonomy":"category","embeddable":true,"href":"https:\/\/tautastribunals.eu\/index.php?rest_route=%2Fwp%2Fv2%2Fcategories&post=50141"},{"taxonomy":"post_tag","embeddable":true,"href":"https:\/\/tautastribunals.eu\/index.php?rest_route=%2Fwp%2Fv2%2Ftags&post=50141"}],"curies":[{"name":"wp","href":"https:\/\/api.w.org\/{rel}","templated":true}]}}