{"id":50029,"date":"2019-04-21T09:58:51","date_gmt":"2019-04-21T06:58:51","guid":{"rendered":"https:\/\/tautastribunals.eu\/?p=50029"},"modified":"2019-04-21T09:58:51","modified_gmt":"2019-04-21T06:58:51","slug":"l-grantina-karteja-tiesa-un-cianas-kalpi","status":"publish","type":"post","link":"https:\/\/tautastribunals.eu\/?p=50029","title":{"rendered":"L. Granti\u0146a k\u0101rt\u0113j\u0101 tiesa un Ci\u0101nas kalpi !"},"content":{"rendered":"<h2><strong><a href=\"https:\/\/jauns.lv\/raksts\/zinas\/327770-naidpilnais-publicists-linards-grantins-neatnak-uz-savu-tiesu-kura-bija-jaizskan-vina-diagnozei\"><span style=\"color: #800080;\"><img decoding=\"async\" loading=\"lazy\" class=\"alignleft wp-image-49081\" src=\"https:\/\/tautastribunals.eu\/wp-content\/uploads\/2019\/02\/MIGLA-SARKAN\u0100-NOL\u0100D\u0112T\u0100REINIKS\u0100BOLTI\u0145A3.png\" alt=\"\" width=\"645\" height=\"55\" srcset=\"https:\/\/tautastribunals.eu\/wp-content\/uploads\/2019\/02\/MIGLA-SARKAN\u0100-NOL\u0100D\u0112T\u0100REINIKS\u0100BOLTI\u0145A3.png 986w, https:\/\/tautastribunals.eu\/wp-content\/uploads\/2019\/02\/MIGLA-SARKAN\u0100-NOL\u0100D\u0112T\u0100REINIKS\u0100BOLTI\u0145A3-300x26.png 300w, https:\/\/tautastribunals.eu\/wp-content\/uploads\/2019\/02\/MIGLA-SARKAN\u0100-NOL\u0100D\u0112T\u0100REINIKS\u0100BOLTI\u0145A3-768x65.png 768w, https:\/\/tautastribunals.eu\/wp-content\/uploads\/2019\/02\/MIGLA-SARKAN\u0100-NOL\u0100D\u0112T\u0100REINIKS\u0100BOLTI\u0145A3-800x68.png 800w\" sizes=\"(max-width: 645px) 100vw, 645px\" \/><img decoding=\"async\" loading=\"lazy\" class=\"alignleft wp-image-50036\" src=\"https:\/\/tautastribunals.eu\/wp-content\/uploads\/2019\/04\/Bark\u0101ns-Smildzi\u0146\u0161.Granti\u0146\u0161.B\u0113rzi\u0146\u0161.LRTT_-1.png\" alt=\"\" width=\"645\" height=\"251\" srcset=\"https:\/\/tautastribunals.eu\/wp-content\/uploads\/2019\/04\/Bark\u0101ns-Smildzi\u0146\u0161.Granti\u0146\u0161.B\u0113rzi\u0146\u0161.LRTT_-1.png 966w, https:\/\/tautastribunals.eu\/wp-content\/uploads\/2019\/04\/Bark\u0101ns-Smildzi\u0146\u0161.Granti\u0146\u0161.B\u0113rzi\u0146\u0161.LRTT_-1-300x117.png 300w, https:\/\/tautastribunals.eu\/wp-content\/uploads\/2019\/04\/Bark\u0101ns-Smildzi\u0146\u0161.Granti\u0146\u0161.B\u0113rzi\u0146\u0161.LRTT_-1-768x299.png 768w, https:\/\/tautastribunals.eu\/wp-content\/uploads\/2019\/04\/Bark\u0101ns-Smildzi\u0146\u0161.Granti\u0146\u0161.B\u0113rzi\u0146\u0161.LRTT_-1-800x311.png 800w\" sizes=\"(max-width: 645px) 100vw, 645px\" \/>Naidpilnais publicists Linards Granti\u0146\u0161 neatn\u0101k uz savu tiesu, kur\u0101 bija j\u0101izskan vi\u0146a diagnozei<em>(atvert)<\/em><\/span> <\/a><\/strong><\/h2>\n<hr \/>\n<hr \/>\n<hr \/>\n<hr \/>\n<h2>\u0160ie<strong> Ci\u0101nas Gudro &#8220;skolnieki&#8221;<\/strong> jau ir pabiju\u0161i \u0161aj\u0101 i- vietn\u0113:<\/h2>\n<blockquote class=\"wp-embedded-content\" data-secret=\"QImfA4G9dv\"><p><a href=\"https:\/\/tautastribunals.eu\/?p=47040\">LRTT. Kasjauns.lv ir noziedznieku &#8222;instruments&#8220; !<\/a><\/p><\/blockquote>\n<p><iframe class=\"wp-embedded-content\" sandbox=\"allow-scripts\" security=\"restricted\" style=\"position: absolute; clip: rect(1px, 1px, 1px, 1px);\" src=\"https:\/\/tautastribunals.eu\/?p=47040&#038;embed=true#?secret=QImfA4G9dv\" data-secret=\"QImfA4G9dv\" width=\"500\" height=\"282\" title=\"&#8222;LRTT. Kasjauns.lv ir noziedznieku &#8222;instruments&#8220; !&#8220; &#8212; Latvijas Republikas tautas\" frameborder=\"0\" marginwidth=\"0\" marginheight=\"0\" scrolling=\"no\"><\/iframe><\/p>\n<p>T\u0101 k\u0101 naids pret <strong>L. Granti\u0146u,<\/strong> run\u0101jot parast\u0101 sadz\u012bves valod\u0101, ir neaprakst\u0101ms.<\/p>\n<p>Izlasot \u0161o v\u012bru sacer\u0113to virsrakstu vien jau zos\u0101da uzmetas. Un, tas interesant\u0101kais: ties\u0101 bija <strong>\u201cj\u0101izskan\u201d Granti\u0146a DIAGNOZEI<\/strong> ?<\/p>\n<p>K\u0101p\u0113c vi\u0146a neizskan\u0113ja ?<\/p>\n<p>K\u0101p\u0113c uz tiesu neataicin\u0101ja <strong>Be\u0146u<\/strong><em>(Beni Latkovski), <\/em>kur\u0161 b\u016btu izskandin\u0101jis pareizo diagnozi<em>(video 16. min.),<\/em> vai to pa\u0161u <strong>Lato Lapsu<\/strong>, kur\u0161 <strong>VARA BAILES 2<\/strong> ir nep\u0101rprotami <strong><u>\u201cdefin\u0113jis\u201d 4. maija bandas VIEDOKLI<\/u><\/strong>, kas attiecas uz <strong>Granti\u0146a \u201cDIAGNOZI\u201d ?<\/strong><\/p>\n<div class=\"video-container\"><iframe loading=\"lazy\" width=\"500\" height=\"281\" src=\"https:\/\/www.youtube.com\/embed\/1ANwTQijFpA?feature=oembed&#038;wmode=opaque\" frameborder=\"0\" allow=\"accelerometer; autoplay; encrypted-media; gyroscope; picture-in-picture\" allowfullscreen><\/iframe><\/div>\n<p>Jaut\u0101jums: vai latvie\u0161u tautai ar\u012b ir t\u0101ds naids pret <strong>HELSINKI- 86<\/strong> dibin\u0101t\u0101ju k\u0101 \u0161iem <strong>Ci\u0101nas <\/strong>izdzimumiem ? Koment\u0101ros pieliktie plusi r\u0101da tie\u0161i pret\u0113jo, ka <strong>\u201cDIAGNOZE\u201d<\/strong> ir \u0161\u012b raksta autoriem<em>(skat\u012bt raksta beig\u0101s)<\/em>.<\/p>\n<p><strong>TVNET<\/strong> dar\u012bja &#8220;<strong>gudr\u0101k<\/strong>&#8220;, tie ne\u013c\u0101va \u0161o inform\u0101ciju koment\u0113t\u2026 .<\/p>\n<p>K\u0101ds koment\u0101r\u0101 raksta, ka tas var\u0113tu b\u016bt tupais <strong>Bark\u0101ns <\/strong>! Tas t\u0101 ar\u012b var\u0113tu b\u016bt, bet tikai p\u0113c <strong>Kristapa Smildzi\u0146a<\/strong> ieteikuma.<\/p>\n<p>Kas \u0161os divus <strong>\u201cekspertus\u201d <\/strong>sagaida p\u0113c <strong><u>Tiesiskuma atjauno\u0161anas Latvij\u0101<\/u><\/strong>, dom\u0101ju, ka nav j\u0101min. Tas pats, kas visus tautas nodev\u0113jus un slepkavas !<\/p>\n<p>Vi\u0146i nav peln\u012bju\u0161i atrasties starp cilv\u0113kiem.<\/p>\n<p>Vi\u0146i tikai da\u013c\u0113ji izskat\u0101s mums l\u012bdz\u012bgi, bet cilv\u0113ki vi\u0146i nav.<\/p>\n<p>Un, atmaksas diena nav vairs aiz kalniem !!!<\/p>\n<p>Ieklausies <strong>B. Fulford\u0101,<\/strong> ko vi\u0146\u0161 saka par \u0161iem <strong>Ci\u0101nas \u201cm\u0113ra baci\u013ciem\u201d: <\/strong><\/p>\n<p><iframe loading=\"lazy\" width=\"500\" height=\"375\" src=\"https:\/\/www.youtube.com\/embed\/videoseries?list=PLsiVG_bhUcYytuAoZyCtLCz2-cBPDWehh\" frameborder=\"0\" allow=\"accelerometer; autoplay; encrypted-media; gyroscope; picture-in-picture\" allowfullscreen><\/iframe><\/p>\n<hr \/>\n<hr \/>\n<hr \/>\n<hr \/>\n<p><strong>angel<\/strong><\/p>\n<p>Vakar 10:28<\/p>\n<p>Granti\u0146\u0161 ir vecis uz Goda ! M\u016bsu pasaul\u0113 ir t\u0101 ,ka vaj\u0101 par Paties\u012bbu , bet par nodev\u012bbu dod orde\u0146us.<\/p>\n<p>11\u00a0\u00a0\u00a0 -2<\/p>\n<p><strong>Rezum\u0113jums<\/strong><\/p>\n<p>Vakar 09:07<\/p>\n<p>Varb\u016bt s\u0101kt ar prim\u0101ro- ar \u0161\u012b fakta anal\u012bzi, s\u0101kt ar valsts p\u0101rvaldi. Vajag veidot valst\u012b t\u0101du k\u0101rt\u012bbu, lai cilv\u0113kiem neb\u016btu v\u0113l\u0113\u0161an\u0101s lam\u0101t vald\u012bbu. Ja b\u016btu k\u0101rt\u012bba, b\u016btu izskausta korupcija, \u013caudis b\u016btu pusl\u012bdz p\u0101rtiku\u0161i, amatpersonas b\u016btu krist\u0101lskaidras- diez vai Granti\u0146a kungs rakst\u012btu naid\u012bgus koment\u0101rus.<\/p>\n<p>19\u00a0\u00a0\u00a0\u00a0 -2<\/p>\n<p><strong>Nu ja<\/strong><\/p>\n<p>Vakar 08:31<\/p>\n<p>Visp\u0101r\u0113ju melu laikmet\u0101 run\u0101t paties\u012bbu ir ekstr\u0113misms.<\/p>\n<p>23\u00a0\u00a0\u00a0 -0<\/p>\n<p><strong>tikai jaut\u0101jiens &#8212;<\/strong><\/p>\n<p>Vakar 08:28<\/p>\n<p>Kur ir publiski pieejams &#8221;prezidenta&#8221; V\u0113ji\u0146a vesel\u012bbasapraksts ? Vi\u0161 i pie pilla pr\u0101ta ? Cik bie\u017ei izraujas no komas , jo rodas iespaids , ka \u0161amam piln\u012bgi vienaldz\u012bgs viss valst\u012b notieko\u0161ais &#8230;&#8230; cik ilgi tas \u0101rpr\u0101c turpin\u0101sies ? Kas tas par &#8221;v\u0113l\u0113\u0161anu&#8221; farsu , ja \u010da\u013ci pie konjaka gl\u0101z\u0113m taisa \u0123\u0113las un sarun\u0101 , kuru liel\u0101ko kret\u012bnu par prezi ieliks ? Tad jau ieliktenis b\u016bs priek\u0161nieks tikai tiem 51 nodev\u0113jam , ne Valstij ? Kad tiks pild\u012bts Satversm\u0113 rakst\u012btais , ka vara pieder Tautai ? 4.maija Izmirtuv\u0113 viss k\u0101rt\u012bb\u0101 &#8212; vai ne ???<\/p>\n<p>20\u00a0\u00a0\u00a0\u00a0 -2<\/p>\n<p><strong>Ex Prezis &#8212; kuku\u013c\u0146\u0113m\u0113js<\/strong><\/p>\n<p>Vakar 08:19<\/p>\n<p>Br\u012bv\u012bbu Latvijas politieslodz\u012btajiem !<\/p>\n<p>12\u00a0\u00a0\u00a0 -0<\/p>\n<p><strong>Granti\u0146u par Prezidentu !<\/strong><\/p>\n<p>Vakar 07:43<\/p>\n<p>Piln\u012bb\u0101 atbalstu Br\u012bv\u012bbas c\u012bn\u012bt\u0101ju vi\u0146a c\u012b\u0146\u0101 pret nol\u0101d\u0113to 4.maija kli\u0137i !<\/p>\n<p>17\u00a0\u00a0\u00a0 -5<\/p>\n<p><strong>Serf<\/strong><\/p>\n<p>Vakar 01:09<\/p>\n<p>J\u016bs varat maks\u0101t par 40% maz\u0101k par elektroener\u0123iju, nek\u0101d\u0101 veid\u0101 maldinot vai p\u0101rk\u0101pjot likumu! Es iesaku visiem izlas\u012bt \u0161o rakstu &#8211; utka.su\/saveenergy Es to esmu izmantojis kop\u0161 decembra, un r\u0113\u0137ins patie\u0161\u0101m ir k\u013cuvis maz\u0101ks!\u0438<\/p>\n<p>1\u00a0\u00a0\u00a0 -8<\/p>\n<p><strong>he<\/strong><\/p>\n<p>Vakar 00:18<\/p>\n<p>1986.G ATGRIEZOS NO PADOMJU ARMIJAS UN NEMAZ NEBIJA TIK SLIKTI,j\u016bs tur \u0101ksti!Jebkur\u0101 gad\u012bjum\u0101 nek\u0101 tagad 2009.Nav ko kaukt ar\u012b tad kr\u0101p\u0101s kungi un tagad v\u0113l vair\u0101k jo vi\u0146u ir vair\u0101k kam ir ko dal\u012bt.<\/p>\n<p>7\u00a0\u00a0\u00a0 -8<\/p>\n<p><strong>Chaims Abramovi\u010ds<\/strong><\/p>\n<ol start=\"17\">\n<li>apr\u012bl\u012b 23:19<\/li>\n<\/ol>\n<p>Granti\u0146\u0161 sadarboj\u0101s ar \u010deku, telev\u012bzij\u0101 smuki uzst\u0101j\u0101s .<\/p>\n<p>4\u00a0\u00a0\u00a0 -22<\/p>\n<p><strong>Ja kas<\/strong><\/p>\n<ol start=\"17\">\n<li>apr\u012bl\u012b 23:12<\/li>\n<\/ol>\n<p>Granti\u0146\u0161 ir br\u012bv\u012bbas c\u012bn\u012bt\u0101js un Helsinku grupas Latvij\u0101 dibin\u0101t\u0101js, nevis kaut k\u0101ds &#8220;naidpilns publicists&#8221;, k\u0101 j\u016bs krop\u013ci, \u0161eit to m\u0113\u0123inat pasniegt!<\/p>\n<p>41\u00a0\u00a0\u00a0 -4<\/p>\n<p><strong>vair\u0101k k\u0101 skaidrs<\/strong><\/p>\n<ol start=\"17\">\n<li>apr\u012bl\u012b 23:08<\/li>\n<\/ol>\n<p>Kur\u0161 \u0161o \u0137engu rakstu rakst\u012bjis, gan jau tupais Bark\u0101ns, kur\u0161 v\u0113l cits.<\/p>\n<p>25\u00a0\u00a0\u00a0 -2<\/p>\n<p><strong>Nav Svar\u012bgi<\/strong><\/p>\n<ol start=\"17\">\n<li>apr\u012bl\u012b 20:18<\/li>\n<\/ol>\n<p>Pievienojiet mani vi\u0146a pulci\u0146am. Es ar\u012b esmu naidpilna pret okupantiem.<\/p>\n<p>38\u00a0\u00a0\u00a0 -11<\/p>\n<p>21.04.19<\/p>\n<hr \/>\n<hr \/>\n<hr \/>\n<hr \/>\n<h2>P.S.<\/h2>\n<h2>Vienk\u0101r\u0161i p\u0101rdom\u0101m<\/h2>\n<p>Ko tu dari, kad tu jau kaut ko dari ?<\/p>\n<p>Vai tad, kad esi aiz\u0146emts fiziski, vari v\u0113l at\u013cauties dar\u012bt ko Gar\u012bgu, papildin\u0101ties ar viedu cilv\u0113ku atzi\u0146\u0101m ?<\/p>\n<p>Es viem\u0113r to daru&#8230; . Dari ar\u012b tu to, lai nepaliktu l\u012bdz\u012bgs Gedroicam.\u00a0 Ne jau bez iemesla es vi\u0146a koment\u0101rus apstiprinu,- lai tu saprastu, k\u0101da at\u0161\u0137ir\u012bba starp cilv\u0113ku un pret\u012bgu izdzimteni !<\/p>\n<p>K\u0101p\u0113c gan tev uzpo\u0161ot istabu vai mazg\u0101jot traukus neizmantot laiku racion\u0101l\u0101k ?<\/p>\n<div class=\"video-container\"><iframe loading=\"lazy\" width=\"500\" height=\"281\" src=\"https:\/\/www.youtube.com\/embed\/pYFQKDIGjRA?feature=oembed&#038;wmode=opaque\" frameborder=\"0\" allow=\"accelerometer; autoplay; encrypted-media; gyroscope; picture-in-picture\" allowfullscreen><\/iframe><\/div>\n","protected":false},"excerpt":{"rendered":"<p>Naidpilnais publicists Linards Granti\u0146\u0161 neatn\u0101k uz savu tiesu, kur\u0101 bija j\u0101izskan vi\u0146a diagnozei(atvert) \u0160ie Ci\u0101nas Gudro &#8220;skolnieki&#8221; jau ir pabiju\u0161i \u0161aj\u0101 i- vietn\u0113: LRTT. Kasjauns.lv ir noziedznieku &#8222;instruments&#8220; ! T\u0101 k\u0101 naids pret L.&#46;&#46;&#46;<\/p>\n","protected":false},"author":1,"featured_media":0,"comment_status":"open","ping_status":"open","sticky":false,"template":"","format":"standard","meta":[],"categories":[1],"tags":[],"_links":{"self":[{"href":"https:\/\/tautastribunals.eu\/index.php?rest_route=\/wp\/v2\/posts\/50029"}],"collection":[{"href":"https:\/\/tautastribunals.eu\/index.php?rest_route=\/wp\/v2\/posts"}],"about":[{"href":"https:\/\/tautastribunals.eu\/index.php?rest_route=\/wp\/v2\/types\/post"}],"author":[{"embeddable":true,"href":"https:\/\/tautastribunals.eu\/index.php?rest_route=\/wp\/v2\/users\/1"}],"replies":[{"embeddable":true,"href":"https:\/\/tautastribunals.eu\/index.php?rest_route=%2Fwp%2Fv2%2Fcomments&post=50029"}],"version-history":[{"count":20,"href":"https:\/\/tautastribunals.eu\/index.php?rest_route=\/wp\/v2\/posts\/50029\/revisions"}],"predecessor-version":[{"id":50077,"href":"https:\/\/tautastribunals.eu\/index.php?rest_route=\/wp\/v2\/posts\/50029\/revisions\/50077"}],"wp:attachment":[{"href":"https:\/\/tautastribunals.eu\/index.php?rest_route=%2Fwp%2Fv2%2Fmedia&parent=50029"}],"wp:term":[{"taxonomy":"category","embeddable":true,"href":"https:\/\/tautastribunals.eu\/index.php?rest_route=%2Fwp%2Fv2%2Fcategories&post=50029"},{"taxonomy":"post_tag","embeddable":true,"href":"https:\/\/tautastribunals.eu\/index.php?rest_route=%2Fwp%2Fv2%2Ftags&post=50029"}],"curies":[{"name":"wp","href":"https:\/\/api.w.org\/{rel}","templated":true}]}}