{"id":4966,"date":"2011-04-09T23:20:11","date_gmt":"2011-04-09T20:20:11","guid":{"rendered":"http:\/\/tautastribunals.eu\/?p=4966"},"modified":"2011-04-09T23:45:23","modified_gmt":"2011-04-09T20:45:23","slug":"kadreiz-biju-stukac-bet-tagad-ietekmes-agents","status":"publish","type":"post","link":"https:\/\/tautastribunals.eu\/?p=4966","title":{"rendered":"K\u0101dreiz biju &#8220;stuka\u010d&#8221;, bet tagad &#8220;ietekmes a\u0123ents&#8221;"},"content":{"rendered":"<div>\n<div>\n<h1><span style=\"color: #008000\"><strong><img decoding=\"async\" loading=\"lazy\" class=\"alignleft size-full wp-image-4969\" src=\"http:\/\/tautastribunals.eu\/wp-content\/uploads\/2011\/04\/H-86-2.jpg\" alt=\"H-86-2\" width=\"92\" height=\"88\" \/>LRTT koment\u0101rs<\/strong><\/span><\/h1>\n<p><span style=\"color: #008000\">Laiks iet, cilv\u0113ki main\u0101s, ar\u012b nosaukumi main\u0101s. K\u0101dreiz ok\u0161\u0137erus d\u0113v\u0113ja par<strong> STUKA\u010cIEM<\/strong>, bet \u0161odien \u0161is nicino\u0161ais nosaukums ir aizst\u0101ts ar daudz &#8220;cilden\u0101kiem&#8221; v\u0101rdiem<strong> &#8211; IETEKMES A\u0122ENTI.<\/strong> Nosaukums main\u012bts, bet b\u016bt\u012bba palikusi t\u0101 pati- izzin\u0101t, zi\u0146ot un jaukt galvu maz\u0101k politiskajiem pilso\u0146iem&#8230; . <\/span><\/p>\n<p><span style=\"color: #008000\"><strong><span style=\"text-decoration: underline\">\u0160odien apskat\u012bsim da\u017eus no \u0161\u012bs pusfabrik\u0101tu \u0161lakas.<\/span><\/strong><\/span><\/p>\n<p><span style=\"color: #008000\"><img decoding=\"async\" loading=\"lazy\" class=\"alignleft size-full wp-image-4970\" src=\"http:\/\/tautastribunals.eu\/wp-content\/uploads\/2011\/04\/Apsiitis_Kalvis_1608511.jpg\" alt=\"Apsiitis_Kalvis_160851\" width=\"90\" height=\"90\" \/><\/span><\/p>\n<p><span style=\"color: #ff0000\"><strong>Foto:<\/strong> Kl\u012bst un kl\u012bst \u0160\u012a <strong>&#8220;migla sarkan\u0101&#8221;<\/strong> p\u0101r<strong> Latvijas \u0101r\u0113m,<\/strong> nu jau septi\u0146us gadu desmitus&#8230; .<\/span><\/p>\n<p><span style=\"color: #ff0000\">&#8220;Ietekmes a\u0123ents&#8221;, kur\u0161 katram latvietim j\u0101zina !<\/span><\/p>\n<p><span style=\"color: #008000\">Viens no t\u0101diem ir<strong> LU<\/strong> matem\u0101tikas un inform\u0101tikas pasniedz\u0113js<strong> Kalvis Aps\u012btis.<\/strong> V\u012bram, kur\u0161 str\u0101d\u0101<strong> &#8220;t\u0101du darbu&#8221;,<\/strong> nu nevajadz\u0113tu s\u0113d\u0113t tik daudz pie datora un rakst\u012bt neskait\u0101mus <strong>&#8220;palagus&#8221;<\/strong> uz vientie\u0161u jaut\u0101jumiem. Bet, k\u0101 redzams, tas \u0161im <strong>&#8220;z\u0113nam&#8221;<\/strong> ir j\u0101dara attiec\u012bg\u0101s iest\u0101des uzdevum\u0101. <span style=\"text-decoration: underline\">To ar\u012b \u0161is<strong> &#8220;ietekmes a\u0123ents&#8221;<\/strong> dara ar baudu.<\/span> \u0160is superakt\u012bvais c\u012bn\u012bt\u0101js uzdro\u0161in\u0101s pat <strong>Aivaru Sluci<\/strong> nosaukt par pl\u0101t\u012bzeri. Protams, ka p\u0113c <strong>&#8220;maskavas nama&#8221;<\/strong> rekomend\u0101cijas&#8230; .<\/span><\/p>\n<p><span style=\"color: #008000\"><span style=\"text-decoration: underline\">Naidu un nesapra\u0161anos \u0161is<strong> LU<\/strong> pasniedz\u0113js\u00a0 kultiv\u0113 zem patriotisma <strong>&#8220;\u0161irmja&#8221;.<\/strong><\/span> <\/span><\/p>\n<p><span style=\"color: #008000\">It k\u0101 jau daudz\u0101s viet\u0101s a\u0123ents Aps\u012btis run\u0101 \u00a0lo\u0123iski un pat patriotiski. Iepaz\u012bsimies ar vienu no vi\u0146a koment\u0101riem sakar\u0101 ar 16 martu. <span style=\"text-decoration: underline\">Lasiet uzman\u012bgi un j\u016bs redz\u0113siet, k\u0101 izlien \u0161\u012b kangara, piedodiet,<strong> &#8220;ietekmes a\u0123enta&#8221;<\/strong> <strong>&#8220;\u0101\u017ea k\u0101ja&#8221;<\/strong> no pl\u012bsu\u0161\u0101 z\u0101baka.<\/span> L\u016bk, koment\u0101rs:\u00a0\u00a0\u00a0\u00a0<\/span><em><span style=\"color: #993366\">Par \u0161\u012b gada 16.martu bija visnota\u013c labs iespaids &#8211; bija jauka diena, daudz piemi\u0146as pas\u0101kuma dal\u012bbnieku, aizkustino\u0161s dievkalpojums un v\u012bru kora dzied\u0101jumi Doma bazn\u012bc\u0101. Bet da\u013cai m\u016bsu l\u012bdzpilso\u0146u Latvijas tautas upuri, kas radu\u0161ies okup\u0101cijas re\u017e\u012bmu noziegumu un pretlikum\u012bg\u0101s mobiliz\u0101cijas d\u0113\u013c, neko neizsaka &#8211; vi\u0146i pat karav\u012bru piemi\u0146u novelk l\u012bdz savam &#8220;l\u012bmenim&#8221;. Un tie nav tikai &#8220;antifa\u0161isti&#8221; &#8211; diem\u017e\u0113l, ir ar\u012b Uldis Freimanis un da\u017ei citi cilv\u0113ki, kuri sp\u0113l\u0113 Krievijas propagandai vajadz\u012bgo &#8220;fa\u0161istu&#8221; lomu. (Sk. foto no agr\u0101ku gadu 16.marta pas\u0101kuma &#8211; <\/span><a href=\"http:\/\/tautastribunals.eu\/?p=1193\" target=\"_blank\"><span style=\"color: #993366\">tautastribunals.eu\/?p&#8230;<\/span><\/a><span style=\"color: #993366\"> ). Jo \u0101tr\u0101k \u0161\u0101di cilv\u0113ki tiks atpaz\u012bti, jo \u0101tr\u0101k atjaunosies k\u0101rt\u012bba. Attiec\u012bg\u0101s prasmes policijai lieti noder\u0113s ar\u012b, teiksim, p\u0101r\u0101k iekarsu\u0161u sporta l\u012bdzjut\u0113ju nomierin\u0101\u0161anai.<\/span><\/em><\/p>\n<p><em><span style=\"color: #993366\">Es gaidu to br\u012bdi, kad uz 16.marta piemi\u0146as pas\u0101kumu var\u0113\u0161u dro\u0161i vest l\u012bdzi ar\u012b savus skolas vecuma b\u0113rnus, neraiz\u0113joties, ka vi\u0146iem v\u0113sturisk\u0101s piemi\u0146as p\u0101rdz\u012bvojuma viet\u0101 b\u016bs j\u0101v\u0113ro k\u0101 pavisam lieli un pieaugu\u0161i onku\u013ci un tantes nodarbojas ar s\u012bko hulig\u0101nismu.<\/span><\/em><\/p>\n<p>\u00a0<\/p>\n<p><span style=\"color: #008000\"><strong><span style=\"text-decoration: underline\">Skatieties tikai, kas tiek run\u0101ts par Freimani:<\/span><\/strong><\/span><em><span style=\"color: #993366\"> Jo \u0101tr\u0101k \u0161\u0101di cilv\u0113ki tiks atpaz\u012bti, jo \u0101tr\u0101k atjaunosies k\u0101rt\u012bba. <\/span><\/em><\/p>\n<p><span style=\"color: #008000\"><span style=\"text-decoration: underline\">It <strong>k\u0101 Freimanis<\/strong> no k\u0101da sl\u0113ptos, un it k\u0101<strong> Freimanis<\/strong> grautu k\u0101rt\u012bbu !!!<\/span><em> <\/em><\/span><\/p>\n<p><span style=\"color: #008000\"><strong>Te nu ir j\u0101saka uz \u0161o latvie\u0161u tautas atkritumu, piedodiet, ietekmes a\u0123entu:<\/strong> <em>m\u0101te tevi aukl\u0113jot, ne vienm\u0113r ir no\u0137\u0113rusi metot gais\u0101.<\/em><\/span><\/p>\n<p><span style=\"color: #008000\"><strong><span style=\"text-decoration: underline\">Un ko \u0161is klauns saka par 16. marta atz\u012bm\u0113\u0161anu:<\/span><\/strong><\/span><em><span style=\"color: #008000\"> <\/span><span style=\"color: #993366\">Es gaidu to br\u012bdi, kad uz 16.marta piemi\u0146as pas\u0101kumu var\u0113\u0161u dro\u0161i vest l\u012bdzi ar\u012b savus skolas vecuma b\u0113rnus, neraiz\u0113joties, ka vi\u0146iem v\u0113sturisk\u0101s piemi\u0146as p\u0101rdz\u012bvojuma viet\u0101 b\u016bs j\u0101v\u0113ro k\u0101 pavisam lieli un pieaugu\u0161i onku\u013ci un tantes nodarbojas ar s\u012bko hulig\u0101nismu.<\/span><\/em><\/p>\n<p><span style=\"color: #339966\"><strong>Nekas cits neatliek, k\u0101 teikt<em>:<\/em><\/strong><em> &#8220;Nelieti, aizver savu smirdo\u0161u nodev\u0113ja muti, jo no t\u0101s n\u0101k tikai v\u0113mek\u013ci un p\u0101r\u0113jie atkritumi&#8230;&#8221;.<\/em> Vai ir bijusi reize, kad k\u0101ds le\u0123ion\u0101rs un vi\u0146u piekrit\u0113ji, ir \u0101l\u0113ju\u0161ies un nodarboju\u0161ies ar tevis piesaukto &#8220;s\u012bko hulig\u0101nismu ?!&#8221;.<\/span><\/p>\n<p><span style=\"color: #339966\"><strong>Atk\u0101rtosim tevis pa\u0161a teikto:<\/strong><em> <span style=\"color: #ff0000\">&#8220;Jo \u0101tr\u0101k \u0161\u0101di cilv\u0113ki(t\u0101di k\u0101 tu Aps\u012bt)\u00a0tiks atpaz\u012bti, jo \u0101tr\u0101k atjaunosies k\u0101rt\u012bba.&#8221;<\/span><\/em><\/span><\/p>\n<p><strong><em><span style=\"color: #339966\">\u00a0<\/span><\/em><span style=\"color: #339966\">Reiz tauta t\u0101dus k\u016bd\u012bt\u0101jus un apmelot\u0101jus izvilks gaism\u0101 un spried\u012bs tiem pien\u0101ko\u0161o sodu !<\/span><\/strong><\/p>\n<p><span style=\"color: #339966\"><em>\u00a0<\/em><em>Turpin\u0101jums sekos&#8230; .<\/em><\/span><\/p>\n<p><span style=\"color: #339966\"><em><span style=\"color: #000000\">09.04.11<\/span><\/em><\/span><\/div>\n<\/div>\n","protected":false},"excerpt":{"rendered":"<p>LRTT koment\u0101rs Laiks iet, cilv\u0113ki main\u0101s, ar\u012b nosaukumi main\u0101s. K\u0101dreiz ok\u0161\u0137erus d\u0113v\u0113ja par STUKA\u010cIEM, bet \u0161odien \u0161is nicino\u0161ais nosaukums ir aizst\u0101ts ar daudz &#8220;cilden\u0101kiem&#8221; v\u0101rdiem &#8211; IETEKMES A\u0122ENTI. Nosaukums main\u012bts, bet b\u016bt\u012bba palikusi t\u0101&#46;&#46;&#46;<\/p>\n","protected":false},"author":6,"featured_media":0,"comment_status":"open","ping_status":"open","sticky":false,"template":"","format":"standard","meta":[],"categories":[1],"tags":[],"_links":{"self":[{"href":"https:\/\/tautastribunals.eu\/index.php?rest_route=\/wp\/v2\/posts\/4966"}],"collection":[{"href":"https:\/\/tautastribunals.eu\/index.php?rest_route=\/wp\/v2\/posts"}],"about":[{"href":"https:\/\/tautastribunals.eu\/index.php?rest_route=\/wp\/v2\/types\/post"}],"author":[{"embeddable":true,"href":"https:\/\/tautastribunals.eu\/index.php?rest_route=\/wp\/v2\/users\/6"}],"replies":[{"embeddable":true,"href":"https:\/\/tautastribunals.eu\/index.php?rest_route=%2Fwp%2Fv2%2Fcomments&post=4966"}],"version-history":[{"count":6,"href":"https:\/\/tautastribunals.eu\/index.php?rest_route=\/wp\/v2\/posts\/4966\/revisions"}],"predecessor-version":[{"id":4974,"href":"https:\/\/tautastribunals.eu\/index.php?rest_route=\/wp\/v2\/posts\/4966\/revisions\/4974"}],"wp:attachment":[{"href":"https:\/\/tautastribunals.eu\/index.php?rest_route=%2Fwp%2Fv2%2Fmedia&parent=4966"}],"wp:term":[{"taxonomy":"category","embeddable":true,"href":"https:\/\/tautastribunals.eu\/index.php?rest_route=%2Fwp%2Fv2%2Fcategories&post=4966"},{"taxonomy":"post_tag","embeddable":true,"href":"https:\/\/tautastribunals.eu\/index.php?rest_route=%2Fwp%2Fv2%2Ftags&post=4966"}],"curies":[{"name":"wp","href":"https:\/\/api.w.org\/{rel}","templated":true}]}}