{"id":49309,"date":"2019-02-28T19:38:22","date_gmt":"2019-02-28T17:38:22","guid":{"rendered":"https:\/\/tautastribunals.eu\/?p=49309"},"modified":"2023-01-04T13:18:39","modified_gmt":"2023-01-04T11:18:39","slug":"daina-ivana-objektivais-secinajms","status":"publish","type":"post","link":"https:\/\/tautastribunals.eu\/?p=49309","title":{"rendered":"Dai\u0146a \u012avana &#8220;objekt\u012bvais&#8221; secin\u0101jums !"},"content":{"rendered":"<p><img decoding=\"async\" loading=\"lazy\" class=\"alignleft wp-image-48784\" src=\"https:\/\/tautastribunals.eu\/wp-content\/uploads\/2019\/01\/L.Granti\u0146\u0161.J.Z\u012bvertsBord\u0101nsBut\u0101nsLRTT-1.png\" alt=\"\" width=\"2009\" height=\"292\" srcset=\"https:\/\/tautastribunals.eu\/wp-content\/uploads\/2019\/01\/L.Granti\u0146\u0161.J.Z\u012bvertsBord\u0101nsBut\u0101nsLRTT-1.png 1073w, https:\/\/tautastribunals.eu\/wp-content\/uploads\/2019\/01\/L.Granti\u0146\u0161.J.Z\u012bvertsBord\u0101nsBut\u0101nsLRTT-1-300x44.png 300w, https:\/\/tautastribunals.eu\/wp-content\/uploads\/2019\/01\/L.Granti\u0146\u0161.J.Z\u012bvertsBord\u0101nsBut\u0101nsLRTT-1-768x112.png 768w, https:\/\/tautastribunals.eu\/wp-content\/uploads\/2019\/01\/L.Granti\u0146\u0161.J.Z\u012bvertsBord\u0101nsBut\u0101nsLRTT-1-800x116.png 800w\" sizes=\"(max-width: 2009px) 100vw, 2009px\" \/><\/p>\n<h3><span style=\"color: #ff0000;\"><em>&#8220;Tas, ko m\u0113s esam sasniegu\u0161i pa \u0161iem gadiem, ir \u013coti daudz !&#8221;<\/em>, saka alkoholi\u0137is Dainis.<\/span><\/h3>\n<p><span style=\"color: #003300;\">Ja uzskat\u0101m<strong> Latvijas<\/strong> k\u0101 valsts piln\u012bgu izn\u012bcin\u0101\u0161anu, tad \u0161is komunistiskais preteklis ir visu pareizi pasac\u012bjis ! <\/span><\/p>\n<h2><span style=\"color: #003300;\">Vi\u0146i ir sasniegu\u0161i \u013coti daudz !<\/span><\/h2>\n<p>Vai tad p\u0113c pa\u0161iem pietic\u012bg\u0101kajiem<strong> Tiesiskuma Principiem<\/strong> t\u0101di nav j\u0101nosit ? Un skat&#8217;, k\u0101 vi\u0146i, \u0161ie cilv\u0113ces de\u0123ener\u0101ti<em>(kalnmeieri, bunks, tre\u013ci, godma\u0146i me\u017evieti..)<\/em> baid\u0101s no \u0161\u012bs i- vietnes un t\u0101s \u012bpa\u0161nieka:<\/p>\n<h2 class=\"entry-title\"><a href=\"https:\/\/juristiem.wordpress.com\/2019\/02\/04\/lja-parstavju-tiksanas-ar-generalprokuroru\/\" rel=\"bookmark\"><span style=\"color: #000000;\"><span style=\"color: #800080;\">LJA p\u0101rst\u0101vju tik\u0161an\u0101s ar \u0123ener\u0101lprokuroru<\/span><\/span><\/a><\/h2>\n<div class=\"entry-meta\"><span class=\"meta-prep meta-prep-author\">Posted on<\/span> <a title=\"09:42\" href=\"https:\/\/juristiem.wordpress.com\/2019\/02\/04\/lja-parstavju-tiksanas-ar-generalprokuroru\/\" rel=\"bookmark\"><span class=\"entry-date\">February 4, 2019<\/span><\/a> <span class=\"by-author\"><span class=\"sep\">by<\/span> <span class=\"author vcard\"><a class=\"url fn n\" title=\"View all posts by LJA\" href=\"https:\/\/juristiem.wordpress.com\/author\/juristiem\/\" rel=\"author\">LJA<\/a><\/span> <\/span><\/div>\n<div class=\"entry-content\">\n<p><a class=\"single-image-gallery\" href=\"https:\/\/juristiem.wordpress.com\/2019\/02\/04\/lja-parstavju-tiksanas-ar-generalprokuroru\/_dsc1158\/\" rel=\"attachment wp-att-2577\"><img decoding=\"async\" loading=\"lazy\" class=\"alignleft wp-image-2577\" src=\"https:\/\/juristiem.files.wordpress.com\/2019\/02\/dsc1158.jpg?w=100&amp;h=150\" sizes=\"(max-width: 100px) 100vw, 100px\" srcset=\"https:\/\/juristiem.files.wordpress.com\/2019\/02\/dsc1158.jpg?w=100&amp;h=150 100w, https:\/\/juristiem.files.wordpress.com\/2019\/02\/dsc1158.jpg?w=200&amp;h=300 200w\" alt=\"\" width=\"138\" height=\"206\" data-attachment-id=\"2577\" data-permalink=\"https:\/\/juristiem.wordpress.com\/2019\/02\/04\/lja-parstavju-tiksanas-ar-generalprokuroru\/_dsc1158\/\" data-orig-file=\"https:\/\/juristiem.files.wordpress.com\/2019\/02\/dsc1158.jpg\" data-orig-size=\"801,1200\" data-comments-opened=\"1\" data-image-meta=\"{&quot;aperture&quot;:&quot;0&quot;,&quot;credit&quot;:&quot;&quot;,&quot;camera&quot;:&quot;&quot;,&quot;caption&quot;:&quot;&quot;,&quot;created_timestamp&quot;:&quot;0&quot;,&quot;copyright&quot;:&quot;&quot;,&quot;focal_length&quot;:&quot;0&quot;,&quot;iso&quot;:&quot;0&quot;,&quot;shutter_speed&quot;:&quot;0&quot;,&quot;title&quot;:&quot;&quot;,&quot;orientation&quot;:&quot;0&quot;}\" data-image-title=\"_DSC1158\" data-image-description=\"\" data-medium-file=\"https:\/\/juristiem.files.wordpress.com\/2019\/02\/dsc1158.jpg?w=200\" data-large-file=\"https:\/\/juristiem.files.wordpress.com\/2019\/02\/dsc1158.jpg?w=640\" \/><\/a>29.janv\u0101r\u012b notika LJA p\u0101rst\u0101vju tik\u0161an\u0101s ar LR Prokurat\u016bras \u0123ener\u0101lprokuroru<strong><span style=\"color: #ff0000;\"> \u0112riku Kalnmeieru<\/span><\/strong>. P\u0101rrun\u0101ta darb\u012bba starpaugstskolu profesoru padom\u0113. <strong><span style=\"color: #ff0000;\">\u0112.Tre\u013cs<\/span> <\/strong>un <strong><span style=\"color: #ff0000;\">R.Bunka<\/span> <\/strong>izkl\u0101st\u012bja viedokli par par prokuroru dal\u012bbu VAS r\u012bkotaj\u0101s m\u0101c\u012bb\u0101s.<\/p>\n<p>\u0122ener\u0101lprokurors pauda no\u017e\u0113lu, ka jaun\u0101s vald\u012bbas deklar\u0101cij\u0101 vairs nav ietverts LJA rosin\u0101tais punkts par studiju programmas izveidi operat\u012bvo darbinieku un izmekl\u0113t\u0101ju apm\u0101c\u012bbai.<strong><span style=\"color: #ff0000;\"> V.Krams<\/span><\/strong> sniedza inform\u0101ciju par atsevi\u0161\u0137iem krimin\u0101lprocesu\u0101l\u0101s darb\u012bbas jaut\u0101jumiem.<\/p>\n<p><strong><span style=\"color: #ff0000;\">\u0112.Tre\u013cs<\/span><\/strong> sniedza viedokli par<strong><span style=\"color: #008000;\"> Linarda Granti\u0146a<\/span><\/strong> darb\u012bb\u0101m, ar kur\u0101m<span style=\"color: #008000;\"><strong> Granti\u0146\u0161<\/strong><\/span> aicina nosist \u0123ener\u0101lprokuroru un vair\u0101kus LJA biedrus, uz ko \u0123ener\u0113alprokurors pauda cer\u012bbu par dr\u012bzu krimin\u0101lprocesu\u0101lo rezult\u0101tu <strong><span style=\"color: #008000;\">L.Granti\u0146a<\/span><\/strong> liet\u0101.<\/p>\n<p><span style=\"color: #ff0000;\"><strong>R.Bunka<\/strong> <\/span>sniedza p\u0101rskatu par LJA darb\u012bbas rezult\u0101tiem p\u0113c Saeimas Zolit\u016bdes komisijas. Nobeigum\u0101 \u0123ener\u0101lprokurors pauda ieinteres\u0113t\u012bbu iepaz\u012bties ar LJA biedru p\u0113t\u012bjumiem ties\u012bbu zin\u0101tn\u0113<\/p>\n<h2>Nu neatrad\u012bsiet j\u016bs nevienu latvieti varas strukt\u016br\u0101s !<\/h2>\n<p><img decoding=\"async\" loading=\"lazy\" class=\"alignleft wp-image-47754\" src=\"https:\/\/tautastribunals.eu\/wp-content\/uploads\/2018\/12\/BorovkovsGodmanisUlmanisGranti\u0146\u0161.LRTT_.png\" alt=\"\" width=\"1727\" height=\"729\" srcset=\"https:\/\/tautastribunals.eu\/wp-content\/uploads\/2018\/12\/BorovkovsGodmanisUlmanisGranti\u0146\u0161.LRTT_.png 1476w, https:\/\/tautastribunals.eu\/wp-content\/uploads\/2018\/12\/BorovkovsGodmanisUlmanisGranti\u0146\u0161.LRTT_-300x127.png 300w, https:\/\/tautastribunals.eu\/wp-content\/uploads\/2018\/12\/BorovkovsGodmanisUlmanisGranti\u0146\u0161.LRTT_-768x325.png 768w, https:\/\/tautastribunals.eu\/wp-content\/uploads\/2018\/12\/BorovkovsGodmanisUlmanisGranti\u0146\u0161.LRTT_-800x338.png 800w\" sizes=\"(max-width: 1727px) 100vw, 1727px\" \/><\/p>\n<h2>Visi haz\u0101r- de\u0123ener\u0101ti, t\u0101pat k\u0101 Krievij\u0101:<\/h2>\n<p>https:\/\/www.facebook.com\/100001909877243\/videos\/2329155840491389\/<\/p>\n<\/div>\n<p><img decoding=\"async\" loading=\"lazy\" class=\"alignleft wp-image-49310\" src=\"https:\/\/tautastribunals.eu\/wp-content\/uploads\/2019\/02\/komunisms.LRTT_.-Granti\u0146\u0161.Latvija.png\" alt=\"\" width=\"1930\" height=\"308\" srcset=\"https:\/\/tautastribunals.eu\/wp-content\/uploads\/2019\/02\/komunisms.LRTT_.-Granti\u0146\u0161.Latvija.png 916w, https:\/\/tautastribunals.eu\/wp-content\/uploads\/2019\/02\/komunisms.LRTT_.-Granti\u0146\u0161.Latvija-300x48.png 300w, https:\/\/tautastribunals.eu\/wp-content\/uploads\/2019\/02\/komunisms.LRTT_.-Granti\u0146\u0161.Latvija-768x122.png 768w, https:\/\/tautastribunals.eu\/wp-content\/uploads\/2019\/02\/komunisms.LRTT_.-Granti\u0146\u0161.Latvija-800x128.png 800w\" sizes=\"(max-width: 1930px) 100vw, 1930px\" \/>Un k\u0101da nelaime: <em><span style=\"color: #ff0000;\"><strong>&#8220;\u0122ener\u0101lprokurors pauda no\u017e\u0113lu, ka jaun\u0101s vald\u012bbas deklar\u0101cij\u0101 vairs nav ietverts LJA rosin\u0101tais punkts par studiju programmas izveidi operat\u012bvo darbinieku un izmekl\u0113t\u0101ju apm\u0101c\u012bbai.&#8221;<\/strong> <\/span><\/em>Jaun\u0101 vald\u012bba paraid\u012bjusi slepkavas<strong> R. Bunkas &#8220;studiju programmu&#8221;<\/strong> uz turieni, kur <strong>&#8220;\u0137eizars k\u0101j\u0101m iet&#8221;<\/strong> ! Un vi\u0146i, latviet, \u0161ie m\u0113sli saprot, ka tas viss beigsies ar rest\u0113m un <strong>ASM<\/strong>, jo visas slepkav\u012bbas un tiesu procesu viltojumi n\u0101ks gaism\u0101 ! N\u0101ks gaism\u0101 visas<strong> Taut-frotisk\u0101s cionistu bandas<\/strong> noziedz\u012bbas pret <strong>latvie\u0161u tautu<\/strong> un <strong>Latvijas valsti<\/strong>.<\/p>\n<p>T\u0101p\u0113c jau ar\u012b pa\u0161a <strong>D. \u012avana PAZI\u0145OJUMS<\/strong> pazudis no interneta pla\u0161umiem.<\/p>\n<p>Lab\u0101ku <strong>LIEC\u012aBU<\/strong> par vi\u0146u noziegumiem vairs neatrast !!!<\/p>\n<p>28.02.19\u00a0\u00a0\u00a0\u00a0\u00a0\u00a0\u00a0\u00a0\u00a0\u00a0\u00a0\u00a0\u00a0\u00a0\u00a0\u00a0\u00a0\u00a0\u00a0\u00a0\u00a0\u00a0\u00a0\u00a0\u00a0\u00a0\u00a0\u00a0\u00a0\u00a0\u00a0\u00a0 L. Granti\u0146\u0161<\/p>\n<h2><strong>Astr\u012bdas Bab\u0101nes<\/strong> liec\u012bb\u0101s <strong>Bunkas slepkavu banda<\/strong> ir izgaismota:<\/h2>\n<blockquote class=\"wp-embedded-content\" data-secret=\"tfnMxHDtzv\"><p><a href=\"https:\/\/tautastribunals.eu\/?p=39910\">Astr\u012bdas Bab\u0101nes kundzes liec\u012bbas H- 86<\/a><\/p><\/blockquote>\n<p><iframe class=\"wp-embedded-content\" sandbox=\"allow-scripts\" security=\"restricted\" style=\"position: absolute; clip: rect(1px, 1px, 1px, 1px);\" title=\"&#8220;Astr\u012bdas Bab\u0101nes kundzes liec\u012bbas H- 86&#8221; &#8212; \" src=\"https:\/\/tautastribunals.eu\/?p=39910&#038;embed=true#?secret=tfnMxHDtzv\" data-secret=\"tfnMxHDtzv\" width=\"500\" height=\"282\" frameborder=\"0\" marginwidth=\"0\" marginheight=\"0\" scrolling=\"no\"><\/iframe><\/p>\n<p><img decoding=\"async\" loading=\"lazy\" class=\"alignleft wp-image-49317\" src=\"https:\/\/tautastribunals.eu\/wp-content\/uploads\/2019\/02\/Dainis-\u012avans.Peters-M.Z\u0101l\u012bte.L.Granti\u0146\u0161.LRTT_.png\" alt=\"\" width=\"2024\" height=\"3718\" srcset=\"https:\/\/tautastribunals.eu\/wp-content\/uploads\/2019\/02\/Dainis-\u012avans.Peters-M.Z\u0101l\u012bte.L.Granti\u0146\u0161.LRTT_.png 648w, https:\/\/tautastribunals.eu\/wp-content\/uploads\/2019\/02\/Dainis-\u012avans.Peters-M.Z\u0101l\u012bte.L.Granti\u0146\u0161.LRTT_-163x300.png 163w, https:\/\/tautastribunals.eu\/wp-content\/uploads\/2019\/02\/Dainis-\u012avans.Peters-M.Z\u0101l\u012bte.L.Granti\u0146\u0161.LRTT_-436x800.png 436w\" sizes=\"(max-width: 2024px) 100vw, 2024px\" \/><\/p>\n<p><img decoding=\"async\" loading=\"lazy\" class=\"alignleft wp-image-49318\" src=\"https:\/\/tautastribunals.eu\/wp-content\/uploads\/2019\/02\/Petersgodmanis-din\u0113vi\u010ds-\u0161kapars\u0113lertera\u017eukskalniete-1.jpg\" alt=\"\" width=\"1575\" height=\"1199\" srcset=\"https:\/\/tautastribunals.eu\/wp-content\/uploads\/2019\/02\/Petersgodmanis-din\u0113vi\u010ds-\u0161kapars\u0113lertera\u017eukskalniete-1.jpg 689w, https:\/\/tautastribunals.eu\/wp-content\/uploads\/2019\/02\/Petersgodmanis-din\u0113vi\u010ds-\u0161kapars\u0113lertera\u017eukskalniete-1-300x228.jpg 300w\" sizes=\"(max-width: 1575px) 100vw, 1575px\" \/><\/p>\n","protected":false},"excerpt":{"rendered":"<p>&#8220;Tas, ko m\u0113s esam sasniegu\u0161i pa \u0161iem gadiem, ir \u013coti daudz !&#8221;, saka alkoholi\u0137is Dainis. Ja uzskat\u0101m Latvijas k\u0101 valsts piln\u012bgu izn\u012bcin\u0101\u0161anu, tad \u0161is komunistiskais preteklis ir visu pareizi pasac\u012bjis ! Vi\u0146i ir sasniegu\u0161i&#46;&#46;&#46;<\/p>\n","protected":false},"author":1,"featured_media":0,"comment_status":"open","ping_status":"open","sticky":false,"template":"","format":"standard","meta":[],"categories":[1],"tags":[],"_links":{"self":[{"href":"https:\/\/tautastribunals.eu\/index.php?rest_route=\/wp\/v2\/posts\/49309"}],"collection":[{"href":"https:\/\/tautastribunals.eu\/index.php?rest_route=\/wp\/v2\/posts"}],"about":[{"href":"https:\/\/tautastribunals.eu\/index.php?rest_route=\/wp\/v2\/types\/post"}],"author":[{"embeddable":true,"href":"https:\/\/tautastribunals.eu\/index.php?rest_route=\/wp\/v2\/users\/1"}],"replies":[{"embeddable":true,"href":"https:\/\/tautastribunals.eu\/index.php?rest_route=%2Fwp%2Fv2%2Fcomments&post=49309"}],"version-history":[{"count":23,"href":"https:\/\/tautastribunals.eu\/index.php?rest_route=\/wp\/v2\/posts\/49309\/revisions"}],"predecessor-version":[{"id":63476,"href":"https:\/\/tautastribunals.eu\/index.php?rest_route=\/wp\/v2\/posts\/49309\/revisions\/63476"}],"wp:attachment":[{"href":"https:\/\/tautastribunals.eu\/index.php?rest_route=%2Fwp%2Fv2%2Fmedia&parent=49309"}],"wp:term":[{"taxonomy":"category","embeddable":true,"href":"https:\/\/tautastribunals.eu\/index.php?rest_route=%2Fwp%2Fv2%2Fcategories&post=49309"},{"taxonomy":"post_tag","embeddable":true,"href":"https:\/\/tautastribunals.eu\/index.php?rest_route=%2Fwp%2Fv2%2Ftags&post=49309"}],"curies":[{"name":"wp","href":"https:\/\/api.w.org\/{rel}","templated":true}]}}