{"id":49289,"date":"2019-02-25T17:02:21","date_gmt":"2019-02-25T15:02:21","guid":{"rendered":"https:\/\/tautastribunals.eu\/?p=49289"},"modified":"2019-02-26T06:20:57","modified_gmt":"2019-02-26T04:20:57","slug":"v-freimantals-ir-sacies-komunistu-varas-beigu-posms","status":"publish","type":"post","link":"https:\/\/tautastribunals.eu\/?p=49289","title":{"rendered":"V. Freimant\u0101ls. Ir s\u0101cies komunistu varas beigu posms"},"content":{"rendered":"<h2><span style=\"color: #003300;\"><img decoding=\"async\" loading=\"lazy\" class=\"alignleft wp-image-47937\" src=\"https:\/\/tautastribunals.eu\/wp-content\/uploads\/2018\/12\/Valdis-Freimant\u0101lsL.Granti\u0146\u0161.LRTT3_-1.png\" alt=\"\" width=\"387\" height=\"110\" srcset=\"https:\/\/tautastribunals.eu\/wp-content\/uploads\/2018\/12\/Valdis-Freimant\u0101lsL.Granti\u0146\u0161.LRTT3_-1.png 744w, https:\/\/tautastribunals.eu\/wp-content\/uploads\/2018\/12\/Valdis-Freimant\u0101lsL.Granti\u0146\u0161.LRTT3_-1-300x85.png 300w\" sizes=\"(max-width: 387px) 100vw, 387px\" \/>Atbilde \u201e\u012aSTEN\u012aB\u0100\u201c<\/span><\/h2>\n<p><span style=\"color: #003300;\">J\u0101, t\u0101da ir m\u016bsu, latvie\u0161u, \u0161odienas situ\u0101cija <strong><u>4. maija valst\u012b,<\/u><\/strong> kuru p\u0101rvalda pretlatviskie, naud\u012bgie un organiz\u0113tie sp\u0113ki !<\/span><\/p>\n<p><span style=\"color: #003300;\">Un tas tikai t\u0101d\u0113\u013c, ka<u> <strong>26 gadus jau Latvijas patriotiem <\/strong>nav dro\u0161as vietas kur tikties, pulc\u0113ties, diskut\u0113t !<\/u><\/span><\/p>\n<p><span style=\"color: #003300;\">K\u0101 var rasties aizst\u0101v\u012bbas darbs, ja likvid\u0113ta iesp\u0113ja tikties ?<\/span><\/p>\n<h2><span style=\"color: #003300;\"><strong><u>Ja ir sadrag\u0101ta skatuve<\/u><\/strong> \u2013 uzvedums nenotiks !<\/span><\/h2>\n<h2><span style=\"color: #003300;\"><strong><u>Ja ir izdurtas acis<\/u><\/strong> \u2013 redz\u0113t nevar !<\/span><\/h2>\n<h2><span style=\"color: #003300;\"><strong><u>Ja ir izrauta sirds<\/u><\/strong> \u2013 dz\u012bvot nevar !<\/span><\/h2>\n<p><span style=\"color: #003300;\"><strong><u>Komunistu provokatori saka<\/u><\/strong> \u2013 tiekaties, run\u0101jiet, lemiet, dariet kaut ko !<\/span><br \/>\n<span style=\"color: #003300;\"><em>(Bet tie ir provokatori un nepareiz\u0101 ce\u013ca r\u0101d\u012bt\u0101ji, jo vi\u0146i nesaka : \u201eR\u012bgas Latvie\u0161u Biedr\u012bb\u0101 ir latvie\u0161u tautas sv\u0113t\u0101k\u0101 vieta \u2013 M\u0101mu\u013ca!\u201c)<\/em><\/span><\/p>\n<p><span style=\"color: #003300;\">K\u0101d\u0113\u013c vi\u0146iem bija iesp\u0113jams v\u0113rsties pret <strong>Linardu Granti\u0146u<\/strong> ?<em> (Arest\u0113t, tur\u0113t cietum\u0101, sp\u012bdzin\u0101t?)<\/em><\/span><\/p>\n<p><span style=\"color: #003300;\">Tikai d\u0113\u013c t\u0101, ka <strong>R\u012bgas Latvie\u0161u Biedr\u012bbas<\/strong> \u0113ka <strong>\u201eM\u0100MU\u013bA\u201c<\/strong> nav latvie\u0161u tautas r\u012bc\u012bb\u0101 un t\u0101s likum\u012bgie stat\u016bti aizliegti !<\/span><\/p>\n<div class=\"video-container\"><iframe loading=\"lazy\" width=\"500\" height=\"281\" src=\"https:\/\/www.youtube.com\/embed\/Tk2m-C5Dc6Y?feature=oembed&#038;wmode=opaque\" frameborder=\"0\" allow=\"accelerometer; autoplay; encrypted-media; gyroscope; picture-in-picture\" allowfullscreen><\/iframe><\/div>\n<p><span style=\"color: #003300;\">Tagad <strong>Ain\u0101rs Kadi\u0161s<\/strong> badoj\u0101s ministru kabineta priek\u0161\u0101 uz ielas \u2013 un <strong>Mer\u0137e\u013ca iel\u0101 13<\/strong> latvie\u0161i nesapulc\u0113j\u0101s lemt par \u0161o <strong>KLIEDZO\u0160O netaisn\u012bbu<\/strong> !<\/span><\/p>\n<p><span style=\"color: #003300;\">Tr\u012bs greznas, siltas un m\u0101j\u012bgas <strong>Z\u0100LES <\/strong>st\u0101v tuk\u0161as, kam\u0113r cilv\u0113ki ap <strong>Ain\u0101ru Kadi\u0161u<\/strong> st\u0101v sal\u0101 un v\u0113j\u0101.<\/span><\/p>\n<p><span style=\"color: #003300;\">Viss komunistu un \u010dekistu sp\u0113ks un vara ir tikai taj\u0101 apst\u0101kl\u012b, ka vi\u0146i tautai at\u0146\u0113musi <strong>M\u0100MU\u013bU<\/strong> <em>(Vietu, kur tikties, diskut\u0113t, lemt un protest\u0113t).<\/em><\/span><\/p>\n<p><span style=\"color: #003300;\">Ceru, ka <strong>Tautas Varas Frontes<\/strong> vad\u012bt\u0101js <strong>Valent\u012bns Jerom\u0113jevs<\/strong> to dr\u012bzum\u0101 saprat\u012bs !<\/span><\/p>\n<p><span style=\"color: #003300;\">Ceru, ka dzelzs <strong>Ain\u0101rs <\/strong>to saprat\u012bs !<\/span><\/p>\n<p><span style=\"color: #003300;\">Dzelzs stipr\u012bba pier\u0101d\u0101s sasitoties \u2013 satriecoties ar maz\u0101k iztur\u012bgu masu.<\/span><\/p>\n<p><span style=\"color: #003300;\">Ar <strong>Ain\u0101ra Kadi\u0161a<\/strong> badastreiku ir ies\u0101cies<strong> NOSL\u0112DZO\u0160AIS <\/strong>komunistu un \u010dekistu nekontrol\u0113jam\u0101s, <strong><u>TOTALIT\u0100R\u0100S varas periods Latvij\u0101<\/u><\/strong> !<\/span><\/p>\n<p><span style=\"color: #003300;\"><strong>Latvijas <\/strong>masu inform\u0101cijas l\u012bdzek\u013cu klus\u0113\u0161ana par <strong>Ain\u0101ra Kadi\u0161a <\/strong>badastreiku ir pier\u0101d\u012bjums varas <strong>GENOC\u012aDAM<\/strong> pret savu tautu !<\/span><\/p>\n<p><span style=\"color: #003300;\">Tagad ir par\u0101d\u012bjusies sprauga kur ielikt lauzni un atv\u0113rt <strong>AIZSL\u0112GTAS <\/strong>paties\u012bbas durvis<strong> Latvij\u0101<\/strong> ! <em>(Paldies par to m\u016bsu DZELZS Ain\u0101ram!) <\/em><\/span><\/p>\n<p><span style=\"color: #003300;\"><strong>Helsinki 86<\/strong> kategoriski pieprasa komunistu un \u010dekistu starptautisku tiesu &#8211;<strong>Nirnberga 2 <\/strong>!<\/span><\/p>\n<p><span style=\"color: #003300;\">Katrs apzin\u012bgs pilsonis pieliks savu roku pretlatvisk\u0101s<strong><u> paraz\u012btu varas no\u0146em\u0161anai no daudz cietu\u0161\u0101s Latvijas, m\u016bsu dzimtenes<\/u><\/strong> !<\/span><\/p>\n<p><span style=\"color: #003300;\">Skumji, ka <strong>Ditta Rietuma<\/strong> nav<strong> Latvij\u0101 <\/strong>un nefilm\u0113 notieko\u0161o<strong> \u0100RPR\u0100TU<\/strong> !<\/span><\/p>\n<p><span style=\"color: #003300;\">Pateic\u012bba <strong>Latvijas<\/strong> <strong>Daudzb\u0113rnu \u0122ime\u0146u Biedr\u012bbas<\/strong> priek\u0161niekam <strong>Imantam Kei\u0161am<\/strong> par <strong>Ain\u0101ra Kadi\u0161a<\/strong> badastreika atbalst\u012b\u0161anu !<\/span><\/p>\n<p><span style=\"color: #003300;\">Paldies visiem, kuru atbalsts <strong>Ain\u0101ram<\/strong> pal\u012bdz zem komunistu un \u010dekistu k\u0101pur\u0137\u0113d\u0113m !<\/span><\/p>\n<p>25.02.19<\/p>\n<hr \/>\n<hr \/>\n<hr \/>\n<hr \/>\n<h2><strong>L. Granti\u0146a piebilde:<\/strong><\/h2>\n<p><strong><img decoding=\"async\" loading=\"lazy\" class=\"alignleft wp-image-46412\" src=\"https:\/\/tautastribunals.eu\/wp-content\/uploads\/2018\/09\/Latvie\u0161u-tauta-T\u0101lbergsRubenis-Pl\u0101te-M\u0101rtu\u017ea-Granti\u0146\u0161LRTT.jpg\" alt=\"\" width=\"203\" height=\"305\" srcset=\"https:\/\/tautastribunals.eu\/wp-content\/uploads\/2018\/09\/Latvie\u0161u-tauta-T\u0101lbergsRubenis-Pl\u0101te-M\u0101rtu\u017ea-Granti\u0146\u0161LRTT.jpg 331w, https:\/\/tautastribunals.eu\/wp-content\/uploads\/2018\/09\/Latvie\u0161u-tauta-T\u0101lbergsRubenis-Pl\u0101te-M\u0101rtu\u017ea-Granti\u0146\u0161LRTT-200x300.jpg 200w\" sizes=\"(max-width: 203px) 100vw, 203px\" \/>Freimant\u0101la kungs<\/strong>, vis\u0101 \u0161aj\u0101 pas\u0101kum\u0101 ir kaut kas sapuvis.<strong> Kadi\u0161s<\/strong> nav tas, par ko vi\u0146\u0161 sevi uzdod !<\/p>\n<h2>Aiz vi\u0146a <strong>\u201ck\u0101ds\u201d st\u0101v<\/strong> !<\/h2>\n<p>Ja <strong>J\u016bs<\/strong> b\u016btu tur ieradies ar savu telti, p\u0113c stundas par<strong> Jums<\/strong> jau viss b\u016btu aizmirsts. Pats galvenais vis\u0101 \u0161aj\u0101 te\u0101tri ir tas, ko vi\u0146\u0161 pazi\u0146oja ! Un, pazi\u0146oja vi\u0146\u0161 tie\u0161i to, ko v\u0113las m\u016bsu tautas ienaidnieki !<\/p>\n<p>To, ka <strong><u>v\u0113l\u0113\u0161an\u0101s nav j\u0113gas piedal\u012bties<\/u><\/strong> un, ka <strong><u>Latvijas b\u0113r\u0113s vi\u0146\u0161 neraud\u0101s<\/u><\/strong> !!!<\/p>\n<p><strong>To jau tikai ienaidnieks v\u0113las,<\/strong> lai latvie\u0161i s\u0113d\u0113tu m\u0101j\u0101s, bet kriev\u017e\u012bdi 100%t\u012bgi nov\u0113l\u0113tu !!!<\/p>\n<p>Teikt:<strong> Latvijas b\u0113r\u0113s neraud\u0101\u0161u, <\/strong>var tikai izdzimtenis vai ienaidnieks ! Krievi t\u016bl\u012bt ar\u012b pazi\u0146oja <strong><u>pa visu Eiropu \u0161o fr\u0101zi<\/u><\/strong> !!!<\/p>\n<p>Vai <strong>J\u016bs,<\/strong> <strong>Freimant\u0101la kungs,<\/strong> kaut ko t\u0101du var\u0113tu pasac\u012bt ?<\/p>\n<h2>N\u0113, nekad !<\/h2>\n<h2>Es ar\u012b n\u0113 !<\/h2>\n<div class=\"video-container\"><iframe loading=\"lazy\" width=\"500\" height=\"375\" src=\"https:\/\/www.youtube.com\/embed\/vIZCsiLvS-Q?feature=oembed&#038;wmode=opaque\" frameborder=\"0\" allow=\"accelerometer; autoplay; encrypted-media; gyroscope; picture-in-picture\" allowfullscreen><\/iframe><\/div>\n<p>Ja <strong>Latvijai <\/strong>b\u016bs b\u0113res, <strong>es, Valdi, raud\u0101\u0161u un nomir\u0161u,<\/strong> jo viss <strong>Sv\u0113tais sen\u010du mantojums priek\u0161 manis b\u016bs zudis un ienaidnieks \u0137\u0113z\u012bs uz manu sen\u010du p\u012b\u0161\u013ciem, un n\u012bd\u0113s manus p\u0113cn\u0101c\u0113jus !<\/strong><\/p>\n<p><strong><img decoding=\"async\" loading=\"lazy\" class=\"alignleft wp-image-49354\" src=\"https:\/\/tautastribunals.eu\/wp-content\/uploads\/2019\/02\/Latvija.-Akur\u0101tere.jpg\" alt=\"\" width=\"625\" height=\"101\" srcset=\"https:\/\/tautastribunals.eu\/wp-content\/uploads\/2019\/02\/Latvija.-Akur\u0101tere.jpg 557w, https:\/\/tautastribunals.eu\/wp-content\/uploads\/2019\/02\/Latvija.-Akur\u0101tere-300x48.jpg 300w\" sizes=\"(max-width: 625px) 100vw, 625px\" \/>Latvija<\/strong>, tas ir kaut kas <strong>SAKR\u0100LS,<\/strong> <strong>Gar\u012bgs<\/strong> un <strong>Sv\u0113ts<\/strong> priek\u0161 katra <strong>LATVIE\u0160A<\/strong> ! Kad es izrun\u0101ju \u0161o v\u0101rdu, tad man\u0101 apzi\u0146\u0101 vienlaic\u012bgi uzplaiksn\u012b t\u016bksto\u0161iem v\u0113sturisku skatu ar m\u016bsu sen\u010du cie\u0161an\u0101m- b\u0113d\u0101m un priekiem, ar neskait\u0101m\u0101m J\u0101\u0146ugun\u012bm uz t\u016bksto\u0161iem pakalnu\u2026 !!!<\/p>\n<p>\u0160is <strong>Kadia\u0161s<\/strong> man atg\u0101dina at\u0146irgu\u0161os \u0137irmi<em>(protams p\u0113c vi\u0146a nodev\u012bgajiem pazi\u0146ojumiem), <\/em>par kuru rakst\u012bs <strong>KOSMOZOFIJ\u0100<\/strong> ! V\u0113l jo vair\u0101k, p\u0113c vi\u0146a stafeti p\u0101r\u0146\u0113ma provokators, <strong>A.<\/strong> <strong>Borovkova<\/strong> draugs<strong> R. K\u013cimovi\u010ds,<\/strong> kur\u0161 ar <strong>Borovkovu<\/strong> izprovoc\u0113ja <strong>\u201cnabas\u201d<\/strong> sl\u0113g\u0161anu ! Viss, kas tur notika un notiek v\u0113l tagad, ir kontrol\u0113tais \u017e\u012bdu <strong>\u201cdemokr\u0101tijas te\u0101tris\u201d,<\/strong> t\u0101pat k\u0101 toreiz ar <strong>R\u016btenbergu<\/strong> un <strong>\u201cslotas k\u0101tu\u201d<\/strong> !<\/p>\n<p>Brut\u0101li vainot vis\u0101<strong> Latviju<\/strong>, ir 100% absurds !<\/p>\n<p>J\u0101vaino ir <strong>Latvijas<\/strong> izvarot\u0101ji, <strong>bet ne Latviju, kas ir \u0161o izvarot\u0101ju upuri<\/strong>s !<\/p>\n<p>Neiet v\u0113l\u0113t, ir nodev\u012bbas<strong> &#8220;sakne&#8221;<\/strong>.<\/p>\n<p><strong>Izv\u0113le ir vienm\u0113r !<\/strong><\/p>\n<p>Lab\u0101ka, slikt\u0101ka vai v\u0113l slikt\u0101ka, tas jau ir cits jaut\u0101jums.<\/p>\n<p>M\u016bsu \u0161\u012bs zemes c\u012b\u0146a nav tikai fiziska, <strong>Freimant\u0101la kungs<\/strong>, bet ar\u012b<strong> Gar\u012bga.<\/strong> Ja m\u0113s ar lab\u0101m dom\u0101m un cer\u012bbu v\u0113lam par k\u0101du politisku sp\u0113ku, tad \u0161\u012b ener\u0123ija ar\u012b <strong>Gar\u012bgaj\u0101 pasaul\u0113<\/strong> koncentr\u0113jas un pien\u0101k br\u012bdis, kad t\u0101 ar n\u0101v\u0113jo\u0161u sp\u0113ku n\u0101k atpaka\u013c un izn\u012bcina \u013cauno.<\/p>\n<p>Visi tie, kuri dom\u0101 sav\u0101d\u0101k, ir vai nu m\u016bsu ienadnieki, vai gar\u012bgi atpaliku\u0161i, ja neteiktu vair\u0101k&#8230; .<\/p>\n<p>Nev\u0113l\u0113t\u0101js savu gar\u012bgo pozit\u012bvo ener\u0123iju iemet atkritumos, par ko priec\u0101jas u\u0161akovi &amp; co&#8230; .<\/p>\n<p><strong>Freimant\u0101la kungs<\/strong>, nu nekad es necien\u012b\u0161u cilv\u0113ku, kur\u0161 sac\u012bjis:<a href=\"https:\/\/sputniknewslv.com\/video\/20190219\/10990130\/Latvija-kadisa-badastreiks-riga-protesta-akcija.html\"><strong> \u201cLatvijas b\u0113r\u0113s neraud\u0101\u0161u !\u201d<\/strong><\/a><\/p>\n<p>Bet tas, <strong>Freimant\u0101la kungs,<\/strong> ka ir s\u0101cies komunistu beigu posms, ir pareizi teikts !<\/p>\n<p><strong>Dievs, sv\u0113ti Latviju <\/strong><strong>!<\/strong><\/p>\n","protected":false},"excerpt":{"rendered":"<p>Atbilde \u201e\u012aSTEN\u012aB\u0100\u201c J\u0101, t\u0101da ir m\u016bsu, latvie\u0161u, \u0161odienas situ\u0101cija 4. maija valst\u012b, kuru p\u0101rvalda pretlatviskie, naud\u012bgie un organiz\u0113tie sp\u0113ki ! Un tas tikai t\u0101d\u0113\u013c, ka 26 gadus jau Latvijas patriotiem nav dro\u0161as vietas kur&#46;&#46;&#46;<\/p>\n","protected":false},"author":1,"featured_media":0,"comment_status":"open","ping_status":"open","sticky":false,"template":"","format":"standard","meta":[],"categories":[1],"tags":[],"_links":{"self":[{"href":"https:\/\/tautastribunals.eu\/index.php?rest_route=\/wp\/v2\/posts\/49289"}],"collection":[{"href":"https:\/\/tautastribunals.eu\/index.php?rest_route=\/wp\/v2\/posts"}],"about":[{"href":"https:\/\/tautastribunals.eu\/index.php?rest_route=\/wp\/v2\/types\/post"}],"author":[{"embeddable":true,"href":"https:\/\/tautastribunals.eu\/index.php?rest_route=\/wp\/v2\/users\/1"}],"replies":[{"embeddable":true,"href":"https:\/\/tautastribunals.eu\/index.php?rest_route=%2Fwp%2Fv2%2Fcomments&post=49289"}],"version-history":[{"count":12,"href":"https:\/\/tautastribunals.eu\/index.php?rest_route=\/wp\/v2\/posts\/49289\/revisions"}],"predecessor-version":[{"id":49359,"href":"https:\/\/tautastribunals.eu\/index.php?rest_route=\/wp\/v2\/posts\/49289\/revisions\/49359"}],"wp:attachment":[{"href":"https:\/\/tautastribunals.eu\/index.php?rest_route=%2Fwp%2Fv2%2Fmedia&parent=49289"}],"wp:term":[{"taxonomy":"category","embeddable":true,"href":"https:\/\/tautastribunals.eu\/index.php?rest_route=%2Fwp%2Fv2%2Fcategories&post=49289"},{"taxonomy":"post_tag","embeddable":true,"href":"https:\/\/tautastribunals.eu\/index.php?rest_route=%2Fwp%2Fv2%2Ftags&post=49289"}],"curies":[{"name":"wp","href":"https:\/\/api.w.org\/{rel}","templated":true}]}}