{"id":48777,"date":"2019-02-05T09:43:27","date_gmt":"2019-02-05T07:43:27","guid":{"rendered":"https:\/\/tautastribunals.eu\/?p=48777"},"modified":"2019-02-05T09:51:06","modified_gmt":"2019-02-05T07:51:06","slug":"m-vulfsons-un-vina-mazdels","status":"publish","type":"post","link":"https:\/\/tautastribunals.eu\/?p=48777","title":{"rendered":"M. Vulfsons un vi\u0146a mazd\u0113ls&#8230;"},"content":{"rendered":"<p><span style=\"color: #003300;\"><strong><img decoding=\"async\" loading=\"lazy\" class=\"alignleft wp-image-48992\" src=\"https:\/\/tautastribunals.eu\/wp-content\/uploads\/2019\/02\/Za\u013c\u0161-tautastribunals.eu_.png\" alt=\"\" width=\"665\" height=\"93\" srcset=\"https:\/\/tautastribunals.eu\/wp-content\/uploads\/2019\/02\/Za\u013c\u0161-tautastribunals.eu_.png 950w, https:\/\/tautastribunals.eu\/wp-content\/uploads\/2019\/02\/Za\u013c\u0161-tautastribunals.eu_-300x42.png 300w, https:\/\/tautastribunals.eu\/wp-content\/uploads\/2019\/02\/Za\u013c\u0161-tautastribunals.eu_-768x108.png 768w, https:\/\/tautastribunals.eu\/wp-content\/uploads\/2019\/02\/Za\u013c\u0161-tautastribunals.eu_-800x112.png 800w\" sizes=\"(max-width: 665px) 100vw, 665px\" \/>DELFI &#8220;\u0123ener\u0101ldirektors&#8221;<\/strong><em>(galvenais redaktors)<\/em><strong>,<\/strong> <strong>Mavrika Vulfsona<\/strong> mazd\u0113ls<strong> Ingus B\u0113rzi\u0146\u0161<\/strong> uzskata, ka <strong><a style=\"color: #003300;\" href=\"http:\/\/www.tautastribunals.eu\">www.tautastribunals.eu<\/a> <\/strong>\u00a0esot kaut k\u0101da <strong>hipersaite <\/strong>un t\u0101p\u0113c t\u0101du vi\u0146\u0101 p\u0101rvald\u012btaj\u0101 pasaul\u0113 nedr\u012bkst<span style=\"color: #800000;\"> <strong><u>tikt pat piemin\u0113ta<\/u><\/strong> <\/span>!<\/span><\/p>\n<p><span style=\"color: #003300;\"><strong>&#8220;Koment\u0101rs satur nepie\u013caujamas hipersaites,&#8221;<\/strong> t\u0101ds <strong>&#8220;pazi\u0146ojums&#8221;<\/strong> izlec <strong>DELFI, <\/strong>ja gribi nor\u0101d\u012bt uz inform\u0101ciju <strong>i- vietn\u0113:<\/strong><a style=\"color: #003300;\" href=\"https:\/\/tautastribunals.eu\/?p=48762\"> tautastribunals.eu<\/a> !<\/span><\/p>\n<p><span style=\"color: #003300;\">To, ka t\u0101ds <strong>DELFI<\/strong> ir uz pasaules radies pateicoties <strong>L. Granti\u0146am &amp; CO<\/strong> darb\u012bbai, ar\u012b nedr\u012bkst<span style=\"color: #800000;\"> <strong><u>tikt pat piemin\u0113ts<\/u><\/strong><\/span> !<\/span><\/p>\n<p><span style=\"color: #003300;\">T\u0101da, l\u016bk, ir \u017e\u012bdisk\u0101- <strong>4. maija kli\u0137es <\/strong>demokr\u0101tija ! <\/span><\/p>\n<p><span style=\"color: #003300;\">Un, k\u0101da sagad\u012b\u0161an\u0101s, ka \u0161\u012bs <strong>&#8216;mazd\u0113ls&#8217;<\/strong> ir <strong>DELFI<\/strong> galvenais redaktors ! <\/span><\/p>\n<p><span style=\"color: #003300;\">Taisni k\u0101 pasak\u0101, kosmiska sagad\u012b\u0161an\u0101s ! <\/span><\/p>\n<p><span style=\"color: #003300;\">Izr\u0101d\u0101s, ka \u0161\u012b kosmisk\u0101 sagad\u012b\u0161an\u0101s ir lip\u012bga, jo <strong><u>visos Latvijas m\u0113dijos redaktori ir no \u0161\u012bs pa\u0161as \u0161lakas<\/u><\/strong> ! <\/span><\/p>\n<hr \/>\n<hr \/>\n<hr \/>\n<hr \/>\n<p><span style=\"color: #003300;\">Labi, liksim mieru<strong> \u201cmavrik\u0101\u0146iem\u201d <\/strong>un parun\u0101sim par pa\u0161u ciltst\u0113vu<strong> Mavriku<\/strong>.<\/span><\/p>\n<p><span style=\"color: #003300;\"><img decoding=\"async\" loading=\"lazy\" class=\"alignleft wp-image-48994\" src=\"https:\/\/tautastribunals.eu\/wp-content\/uploads\/2019\/02\/Vulfsons-Mavriks.png\" alt=\"\" width=\"305\" height=\"204\" srcset=\"https:\/\/tautastribunals.eu\/wp-content\/uploads\/2019\/02\/Vulfsons-Mavriks.png 532w, https:\/\/tautastribunals.eu\/wp-content\/uploads\/2019\/02\/Vulfsons-Mavriks-300x201.png 300w\" sizes=\"(max-width: 305px) 100vw, 305px\" \/>Mums, visiem tiem, kuri interes\u0113jas par politiku ir zin\u0101ms, ka <strong>Mavriks Vulfsons<\/strong> ir piedal\u012bjies latvie\u0161u virsnieku slepkavo\u0161an\u0101 <strong>Liten\u0113<\/strong>. M\u0113s visi ar\u012b zin\u0101m, ka <strong>Mavriks <\/strong>bija <strong><u>Padomju Latvijas spices ideologs,<\/u><\/strong> t\u0101tad, politisk\u0101s <strong>\u201cgaisotnes regulators\u201d <\/strong>!<\/span><\/p>\n<p><span style=\"color: #003300;\">Tad k\u0101 ir izskaidrojams tas, ka vi\u0146\u0161<strong><u> 1983. g. tika saverv\u0113ts par \u010dekas a\u0123entu <\/u><\/strong>? Nu tad jau t\u0101 piem\u0113ra p\u0113c var\u0113tu sac\u012bt: <strong><u>1937. g. biedrs Sta\u013cins tika no \u010dekas(NKVD) saverv\u0113ts k\u013cut par a\u0123entu<\/u><\/strong> !!!<\/span><\/p>\n<p><span style=\"color: #003300;\">Tas ta\u010du ir viennoz\u012bm\u012bgs absurds !!!<\/span><\/p>\n<p><span style=\"color: #003300;\">K\u0101da vajadz\u012bba \u010dekas maisu v\u0113t\u012bt\u0101jiem bija pazi\u0146ot \u0161o idiotismu ?<\/span><\/p>\n<p><span style=\"color: #003300;\">K\u0101p\u0113c ir atkl\u0101t\u012bbai pasviests miru\u0161ais<strong> Vulfsons, <\/strong>bet <strong>Peters, Z\u0101l\u012bte, Hanbergs &amp; Co<\/strong> patur\u0113ti <strong>\u201cmaisos\u201d<\/strong> vai pareiz\u0101k b\u016btu sac\u012bts- <strong>no maisiem izvilkti ?<\/strong><\/span><\/p>\n<h2><span style=\"color: #003300;\">K\u0101ds \u0161im absurdismam ir m\u0113r\u0137is, nav saprotams, bet gan jau izgaismosies&#8230;. .<\/span><\/h2>\n<p><span style=\"color: #003300;\">30 gadus \u0161ie maisi tika v\u0113t\u012bti, laboti un pielaboti t\u0101, k\u0101 tas ir <strong>izdev\u012bgi latvie\u0161u tautas slepkav\u0101m- cionistu, komunistu bandai<\/strong> !<\/span><\/p>\n<p><span style=\"color: #003300;\">Ir smiekl\u012bgi klaus\u012bties t\u0101du <strong>K. Kangeru<\/strong> un <strong>L. Muci\u0146u<\/strong> atkl\u0101sm\u0113s, ka viss esot vislab\u0101kaj\u0101 k\u0101rt\u012bb\u0101 !<\/span><\/p>\n<p><span style=\"color: #003300;\">K\u0101p\u0113c <strong>\u201cizmestas\u201d<\/strong> tika politieslodz\u012bto <strong>Jura Zieme\u013ca, Inta C\u0101l\u012b\u0161a<\/strong> un <strong>Ivara \u017dukovska<\/strong> <strong>KARTES,<\/strong> bet <strong>Gun\u0101ra Astras<\/strong> un <strong>J\u0101\u0146a Ro\u017ekalna<\/strong> noraktas ? K\u0101p\u0113c <strong>Gun\u0101rs Astra<\/strong> mani iedom\u0101j\u0101s satikt tikai tad, kad es jau atrados vilcien\u0101 ce\u013c\u0101 uz <strong>Maskavu <\/strong>un t\u0101l\u0101k uz \u0101rzem\u0113m\u2026 ? Un \u0161aj\u0101s div\u0101s min\u016bt\u0113s at\u013c\u0101v\u0101s uz mani kliegt<em>(\u0161\u012b klieg\u0161ana bija tik intens\u012bva, ka var\u0113ja pat sekot roku palai\u0161ana)<\/em>: k\u0101p\u0113c es neesot nodevis<strong> H- 86<\/strong> <strong>Jurim Ziemelim<\/strong>, bet <strong>Jurim Vidi\u0146am<\/strong> ?!<\/span><\/p>\n<p>Vai tad tas nenor\u0101da, kas bija <strong>Gun\u0101rs Astra<\/strong> ?<\/p>\n<p>Vai tad k\u0101dam v\u0113l ir \u0161aubas, kas ir <strong>J\u0101nis Ro\u017ekalns<\/strong> ?<\/p>\n<p>P\u0113c k\u0101 pav\u0113les vi\u0146\u0161 kartograf\u0113ja manu dz\u012bvesvietu ?<\/p>\n<p>Viss \u0161eit sac\u012btais reiz n\u0101ks atkl\u0101t\u012bb\u0101 un tas b\u016bs \u0161oks visai tautai !<\/p>\n<p>05.02.19\u00a0\u00a0\u00a0\u00a0\u00a0\u00a0\u00a0\u00a0\u00a0\u00a0\u00a0\u00a0\u00a0\u00a0\u00a0\u00a0\u00a0\u00a0\u00a0\u00a0\u00a0\u00a0\u00a0\u00a0\u00a0\u00a0\u00a0\u00a0\u00a0\u00a0\u00a0\u00a0\u00a0 L. Granti\u0146\u0161<\/p>\n","protected":false},"excerpt":{"rendered":"<p>DELFI &#8220;\u0123ener\u0101ldirektors&#8221;(galvenais redaktors), Mavrika Vulfsona mazd\u0113ls Ingus B\u0113rzi\u0146\u0161 uzskata, ka www.tautastribunals.eu \u00a0esot kaut k\u0101da hipersaite un t\u0101p\u0113c t\u0101du vi\u0146\u0101 p\u0101rvald\u012btaj\u0101 pasaul\u0113 nedr\u012bkst tikt pat piemin\u0113ta ! &#8220;Koment\u0101rs satur nepie\u013caujamas hipersaites,&#8221; t\u0101ds &#8220;pazi\u0146ojums&#8221; izlec DELFI,&#46;&#46;&#46;<\/p>\n","protected":false},"author":1,"featured_media":0,"comment_status":"open","ping_status":"open","sticky":false,"template":"","format":"standard","meta":[],"categories":[1],"tags":[],"_links":{"self":[{"href":"https:\/\/tautastribunals.eu\/index.php?rest_route=\/wp\/v2\/posts\/48777"}],"collection":[{"href":"https:\/\/tautastribunals.eu\/index.php?rest_route=\/wp\/v2\/posts"}],"about":[{"href":"https:\/\/tautastribunals.eu\/index.php?rest_route=\/wp\/v2\/types\/post"}],"author":[{"embeddable":true,"href":"https:\/\/tautastribunals.eu\/index.php?rest_route=\/wp\/v2\/users\/1"}],"replies":[{"embeddable":true,"href":"https:\/\/tautastribunals.eu\/index.php?rest_route=%2Fwp%2Fv2%2Fcomments&post=48777"}],"version-history":[{"count":14,"href":"https:\/\/tautastribunals.eu\/index.php?rest_route=\/wp\/v2\/posts\/48777\/revisions"}],"predecessor-version":[{"id":49051,"href":"https:\/\/tautastribunals.eu\/index.php?rest_route=\/wp\/v2\/posts\/48777\/revisions\/49051"}],"wp:attachment":[{"href":"https:\/\/tautastribunals.eu\/index.php?rest_route=%2Fwp%2Fv2%2Fmedia&parent=48777"}],"wp:term":[{"taxonomy":"category","embeddable":true,"href":"https:\/\/tautastribunals.eu\/index.php?rest_route=%2Fwp%2Fv2%2Fcategories&post=48777"},{"taxonomy":"post_tag","embeddable":true,"href":"https:\/\/tautastribunals.eu\/index.php?rest_route=%2Fwp%2Fv2%2Ftags&post=48777"}],"curies":[{"name":"wp","href":"https:\/\/api.w.org\/{rel}","templated":true}]}}